{"id":112,"date":"2017-06-27T08:53:05","date_gmt":"2017-06-27T11:53:05","guid":{"rendered":"https:\/\/sfhera.com.br\/blog\/?p=112"},"modified":"2017-06-27T17:25:25","modified_gmt":"2017-06-27T20:25:25","slug":"apps-sem-inteligencia-vao-sumir-diz-cientista-da-microsoft","status":"publish","type":"post","link":"https:\/\/sfhera.com.br\/blog\/apps-sem-inteligencia-vao-sumir-diz-cientista-da-microsoft\/","title":{"rendered":"Apps sem intelig\u00eancia v\u00e3o sumir, diz cientista da Microsoft"},"content":{"rendered":"<h3 class=\"article-subtitle\">No Brasil, cientista chefe da Microsoft Research fala sobre a poderosa combina\u00e7\u00e3o entre nuvem e intelig\u00eancia artificial.<\/h3>\n<p>S\u00e3o Paulo \u2013 Rico Malvar \u00e9 um dos brasileiros de maior destaque dentro da <strong>Microsoft<\/strong>. Malvar \u00e9 cientista chefe na Microsoft Research e \u00e9 gestor do MSR NExT Enable, grupo de pesquisa para criar tecnologias que empoderem pessoas com defici\u00eancias.<\/p>\n<p>Malvar est\u00e1 de passagem pelo Brasil para falar no 7\u00ba Congresso Brasileiro de Inova\u00e7\u00e3o da Ind\u00fastria, realizado pela Confedera\u00e7\u00e3o Nacional da Ind\u00fastria (CNI) e Servi\u00e7o Brasileiro de Apoio \u00e0s Micro e Pequenas empresas (Sebrae).<\/p>\n<p>A palestra de Malvar, que acontece nesta ter\u00e7a-feira (27), \u00e9 sobre a <strong>nuvem<\/strong> inteligente. EXAME.com conversou com o cientista sobre inova\u00e7\u00f5es na tecnologia. Veja os melhores momentos da conversa a seguir.<\/p>\n<p><strong>EXAME.com \u2013 Pensando na sua palestra, como intelig\u00eancia artificial e nuvem combinadas v\u00e3o mudar o mundo?<\/strong><\/p>\n<p>Rico Malvar \u2013 O termo artificial at\u00e9 assusta um pouquinho. No fundo \u00e9 o computador ajudando, a m\u00e1quina ajudando. A nuvem nos traz grande poder computacional e espa\u00e7o para armazenamento. Ent\u00e3o na hora que voc\u00ea combina isso com a evolu\u00e7\u00e3o dos algoritmos que fazem <strong>intelig\u00eancia artificial<\/strong>, voc\u00ea alcan\u00e7a coisas novas.<\/p>\n<p>O que percebemos \u00e9 que, \u00e0 medida que se traz a IA, voc\u00ea d\u00e1 mais valor \u00e0s pessoas. O ideal \u00e9 que o computador entenda voc\u00ea e n\u00e3o que voc\u00ea tenha que aprender. \u00c0s vezes nos perguntamos como realizar alguma atividade no computador, mas \u00e9 ele que deveria se virar.<\/p>\n<p>Minha assistente \u00e0s vezes est\u00e1 fazendo coisas no Excel e come\u00e7a a conversar com o computador. Eu digo a ela, \u201cprometo que um dia, quando voc\u00ea come\u00e7ar a conversar com ele, o Excel vai responder e conversar com voc\u00ea\u201d. E \u00e9 por a\u00ed que estamos indo mesmo. O Office pegou muito da IA da Cortana [assistente pessoal da Microsoft]. Voc\u00ea pode chegar e falar o que quer fazer e o Office vai confirmar com voc\u00ea e realizar a tarefa. N\u00e3o ser\u00e1 preciso ir at\u00e9 o menu ou buscar ajuda. A vantagem da IA \u00e9 trazer esse cen\u00e1rio onde voc\u00ea vai permitir que a pessoa seja mais produtiva, possa fazer mais.<\/p>\n<p><strong>O que j\u00e1 temos de exemplos nesse sentido?<\/strong><\/p>\n<p>Quando voc\u00ea est\u00e1 fazendo uma apresenta\u00e7\u00e3o em PowerPoint \u00e9 comum ter efeitos visuais. Mas imagine se a pessoa que tiver contato com essa apresenta\u00e7\u00e3o tiver defici\u00eancia visual, seja at\u00e9 cega. Ela vai chegar at\u00e9 um determinado ponto e o sistema dir\u00e1 que ali est\u00e1 uma imagem. Essa informa\u00e7\u00e3o se perde. Temos, por ora em add-on, mas ser\u00e1 parte do PowerPoint, uma solu\u00e7\u00e3o que olha a imagem e sugere uma descri\u00e7\u00e3o. O usu\u00e1rio s\u00f3 precisa confirmar. Agora voc\u00ea tem documento mais acess\u00edvel.<\/p>\n<p>A intelig\u00eancia artificial vai auxiliar em tarefas dif\u00edceis. O conceito geral \u00e9 pegar e fazer as pessoas e organiza\u00e7\u00f5es mais produtivas. Uma empresa nova, com gente jovem, pode fazer o que, anos atr\u00e1s, seria poss\u00edvel somente para uma grande empresa. Essas oportunidades de ampliar o valor e a capacidade das pessoas motiva a gente bastante. Isso passou a ser um tema central.<\/p>\n<p>Se voc\u00ea olhar anos para a frente, <strong>apps<\/strong> e ferramentas de computa\u00e7\u00e3o que n\u00e3o forem inteligentes, n\u00e3o ter\u00e3o espa\u00e7o. As pessoas passar\u00e3o a esperar esse tipo de capacidade. Um aplicativo muito est\u00e1tico, que s\u00f3 trabalha de uma maneira e n\u00e3o \u00e9 capaz de conversar com voc\u00ea e entender o que voc\u00ea quer fazer, vai embora. \u00c9 um caminho sem volta.<\/p>\n<p><strong>Seria poss\u00edvel pensar aplicativos sem interface gr\u00e1fica?<\/strong><\/p>\n<p>Exatamente. Voc\u00ea pode conversar com uma assistente virtual sem uma parte visual, tudo acontece de forma invis\u00edvel. O que importa \u00e9 que a outra parte entendeu tudo que precisava. Se entender muito bem, talvez n\u00e3o se precise de interface gr\u00e1fica. Voc\u00ea pode estar andando e falar \u201cCortana, tem um restaurante chin\u00eas por aqui, certo?\u201d Ela pode responder que sim e se oferecer para falar o novo card\u00e1pio. Essa conversa todinha pode ser feita sem uma tela.<\/p>\n<p>Enquanto isso voc\u00ea est\u00e1 olhando procurando pelo restaurante e a Cortana falando com voc\u00ea por um fone de ouvido. O ponto b\u00e1sico \u00e9 entender a sua inten\u00e7\u00e3o, a sua linguagem natural. Ainda tem muito o que ser feito. Antigamente a gente controlava o computador, descobria o que podia ser feito para fazer a coisa certa. Agora, a computa\u00e7\u00e3o vai descobrir o que voc\u00ea quer e vai fazer a coisa certa para voc\u00ea.<\/p>\n<p><strong>O senhor diria que come\u00e7amos a nossa rela\u00e7\u00e3o com computadores da forma errada, com a gente tendo que entender?<\/strong><\/p>\n<p>Eu concordo com isso. Eu s\u00f3 mudaria uma palavra, eu n\u00e3o diria errada. Come\u00e7amos a nossa rela\u00e7\u00e3o dentro do que era poss\u00edvel. Agora, realmente est\u00e1 virando. \u00c9 mais a capacidade de o computador entender voc\u00ea. O Kinect permite que se controle um jogo s\u00f3 com movimentos e voz.<\/p>\n<p>Uma coisa que n\u00f3s percebemos \u00e9 que quando voc\u00ea tem que pegar bot\u00f5es e apertar, seja um teclado ou controle, existe um aspecto psicol\u00f3gico que se voc\u00ea apertar o bot\u00e3o errado e alguma coisa errada acontecer \u00e9 a pessoa quem n\u00e3o sabe usar a m\u00e1quina. Por outro lado, se eu n\u00e3o tiver bot\u00e3o para apertar e eu fizer meus gestos, falar e a m\u00e1quina n\u00e3o entender, ent\u00e3o a m\u00e1quina \u00e9 burra. Isso \u00e9 superimportante. Isso muda a rela\u00e7\u00e3o. \u00c0 medida que voc\u00ea d\u00e1 essas interfaces. Cada vez mais, ser\u00e1 preciso aprender menos a usar a tecnologia.<\/p>\n<p><strong>E que impactos a pessoa n\u00e3o ter mais que aprender traz \u00e0 nossa rela\u00e7\u00e3o com as m\u00e1quinas?<\/strong><\/p>\n<p>\u00c0s vezes voc\u00ea ajuda pessoas de forma in\u00e9dita. Imagina que voc\u00ea \u00e9 uma pessoa que trabalha em um servi\u00e7o de limpeza. Voc\u00ea est\u00e1 no meio de um trabalho e pede para desmarcar o do dia seguinte. Voc\u00ea pode dizer, \u201cEi, Cortana,\u201d e falar o que quiser. A pessoa perde o medo. Se n\u00e3o der certo, \u00e9 s\u00f3 falar de novo. Voc\u00ea abre a porta da tecnologia para pessoas que talvez n\u00e3o esperassem usar a tecnologia. S\u00e3o barreiras caindo.<\/p>\n<p><strong>E como nossa rela\u00e7\u00e3o com o trabalho muda? Podemos nos dedicar mais \u00e0s quest\u00f5es importantes?<\/strong><\/p>\n<p>O ser humano tem capacidade de correlacionar coisas que nunca viu. J\u00e1 a m\u00e1quina \u00e9 boa de correlacionar coisas que j\u00e1 viu. A IA tem a capacidade de ver isso numa escala gigantesca. Se eu vi todas as fotos na internet, posso ajudar a encontrar rela\u00e7\u00f5es, informa\u00e7\u00f5es. Mas como uma pessoa veria todas as fotos da internet? Esse \u00e9 um trabalho para a m\u00e1quina. Mas se uma foto tem uma carga emotiva, isso pode n\u00e3o ser visto pela IA, mas por pessoas.<\/p>\n<p>Outro aspecto \u00e9 que gastamos tempo com atividades mec\u00e2nicas em todas as profiss\u00f5es. Essas atividades ser\u00e3o feitas automaticamente. A sua cabe\u00e7a ficar\u00e1 no que voc\u00ea sabe fazer melhor. Todos ficar\u00e3o mais produtivos. Parte da IA \u00e9 ampliar voc\u00ea, trazer informa\u00e7\u00f5es que trar\u00e3o coisas novas e tamb\u00e9m vai ajudar a resolver coisas mec\u00e2nicas de forma mais r\u00e1pida. \u00c9 um futuro de mais colabora\u00e7\u00e3o.<\/p>\n<p style=\"text-align: right;\"><em>Fonte: Exame.com<\/em><\/p>\n","protected":false},"excerpt":{"rendered":"<p>No Brasil, cientista chefe da Microsoft Research fala sobre a poderosa combina\u00e7\u00e3o entre nuvem e intelig\u00eancia artificial. S\u00e3o Paulo \u2013 Rico Malvar&hellip;<\/p>\n","protected":false},"author":1,"featured_media":113,"comment_status":"closed","ping_status":"open","sticky":false,"template":"","format":"standard","meta":{"footnotes":""},"categories":[1,3,5],"tags":[17,24,42,43],"class_list":["post-112","post","type-post","status-publish","format-standard","has-post-thumbnail","hentry","category-novidades","category-empreendorismo","category-tecnologia","tag-nuvem","tag-app","tag-inteligencia-artificial","tag-rico-malvar"],"yoast_head":"<!-- This site is optimized with the Yoast SEO plugin v27.5 - https:\/\/yoast.com\/product\/yoast-seo-wordpress\/ -->\n<title>Apps sem intelig\u00eancia v\u00e3o sumir, diz cientista da Microsoft - Sfhera Software<\/title>\n<meta name=\"robots\" content=\"index, follow, max-snippet:-1, max-image-preview:large, max-video-preview:-1\" \/>\n<link rel=\"canonical\" href=\"https:\/\/sfhera.com.br\/blog\/apps-sem-inteligencia-vao-sumir-diz-cientista-da-microsoft\/\" \/>\n<meta property=\"og:locale\" content=\"pt_BR\" \/>\n<meta property=\"og:type\" content=\"article\" \/>\n<meta property=\"og:title\" content=\"Apps sem intelig\u00eancia v\u00e3o sumir, diz cientista da Microsoft - Sfhera Software\" \/>\n<meta property=\"og:description\" content=\"No Brasil, cientista chefe da Microsoft Research fala sobre a poderosa combina\u00e7\u00e3o entre nuvem e intelig\u00eancia artificial. S\u00e3o Paulo \u2013 Rico Malvar&hellip;\" \/>\n<meta property=\"og:url\" content=\"https:\/\/sfhera.com.br\/blog\/apps-sem-inteligencia-vao-sumir-diz-cientista-da-microsoft\/\" \/>\n<meta property=\"og:site_name\" content=\"Sfhera Software\" \/>\n<meta property=\"article:publisher\" content=\"https:\/\/www.facebook.com\/sfhera\" \/>\n<meta property=\"article:published_time\" content=\"2017-06-27T11:53:05+00:00\" \/>\n<meta property=\"article:modified_time\" content=\"2017-06-27T20:25:25+00:00\" \/>\n<meta property=\"og:image\" content=\"https:\/\/sfhera.com.br\/blog\/wp-content\/uploads\/2017\/06\/rico-malvar.jpg\" \/>\n\t<meta property=\"og:image:width\" content=\"680\" \/>\n\t<meta property=\"og:image:height\" content=\"453\" \/>\n\t<meta property=\"og:image:type\" content=\"image\/jpeg\" \/>\n<meta name=\"author\" content=\"Sfhera Software\" \/>\n<meta name=\"twitter:card\" content=\"summary_large_image\" \/>\n<meta name=\"twitter:creator\" content=\"@sfhera\" \/>\n<meta name=\"twitter:site\" content=\"@sfhera\" \/>\n<meta name=\"twitter:label1\" content=\"Escrito por\" \/>\n\t<meta name=\"twitter:data1\" content=\"Sfhera Software\" \/>\n\t<meta name=\"twitter:label2\" content=\"Est. tempo de leitura\" \/>\n\t<meta name=\"twitter:data2\" content=\"6 minutos\" \/>\n<script type=\"application\/ld+json\" class=\"yoast-schema-graph\">{\"@context\":\"https:\\\/\\\/schema.org\",\"@graph\":[{\"@type\":\"Article\",\"@id\":\"https:\\\/\\\/sfhera.com.br\\\/blog\\\/apps-sem-inteligencia-vao-sumir-diz-cientista-da-microsoft\\\/#article\",\"isPartOf\":{\"@id\":\"https:\\\/\\\/sfhera.com.br\\\/blog\\\/apps-sem-inteligencia-vao-sumir-diz-cientista-da-microsoft\\\/\"},\"author\":{\"name\":\"Sfhera Software\",\"@id\":\"https:\\\/\\\/sfhera.com.br\\\/blog\\\/#\\\/schema\\\/person\\\/0a21d0c7b6b15bda9d9c072dde915f2a\"},\"headline\":\"Apps sem intelig\u00eancia v\u00e3o sumir, diz cientista da Microsoft\",\"datePublished\":\"2017-06-27T11:53:05+00:00\",\"dateModified\":\"2017-06-27T20:25:25+00:00\",\"mainEntityOfPage\":{\"@id\":\"https:\\\/\\\/sfhera.com.br\\\/blog\\\/apps-sem-inteligencia-vao-sumir-diz-cientista-da-microsoft\\\/\"},\"wordCount\":1211,\"publisher\":{\"@id\":\"https:\\\/\\\/sfhera.com.br\\\/blog\\\/#organization\"},\"image\":{\"@id\":\"https:\\\/\\\/sfhera.com.br\\\/blog\\\/apps-sem-inteligencia-vao-sumir-diz-cientista-da-microsoft\\\/#primaryimage\"},\"thumbnailUrl\":\"https:\\\/\\\/sfhera.com.br\\\/blog\\\/wp-content\\\/uploads\\\/2017\\\/06\\\/rico-malvar.jpg\",\"keywords\":[\"nuvem\",\"app\",\"intelig\u00eancia artificial\",\"Rico Malvar\"],\"articleSection\":[\"Novidades\",\"Empreendedorismo\",\"Tecnologia\"],\"inLanguage\":\"pt-BR\"},{\"@type\":\"WebPage\",\"@id\":\"https:\\\/\\\/sfhera.com.br\\\/blog\\\/apps-sem-inteligencia-vao-sumir-diz-cientista-da-microsoft\\\/\",\"url\":\"https:\\\/\\\/sfhera.com.br\\\/blog\\\/apps-sem-inteligencia-vao-sumir-diz-cientista-da-microsoft\\\/\",\"name\":\"Apps sem intelig\u00eancia v\u00e3o sumir, diz cientista da Microsoft - Sfhera Software\",\"isPartOf\":{\"@id\":\"https:\\\/\\\/sfhera.com.br\\\/blog\\\/#website\"},\"primaryImageOfPage\":{\"@id\":\"https:\\\/\\\/sfhera.com.br\\\/blog\\\/apps-sem-inteligencia-vao-sumir-diz-cientista-da-microsoft\\\/#primaryimage\"},\"image\":{\"@id\":\"https:\\\/\\\/sfhera.com.br\\\/blog\\\/apps-sem-inteligencia-vao-sumir-diz-cientista-da-microsoft\\\/#primaryimage\"},\"thumbnailUrl\":\"https:\\\/\\\/sfhera.com.br\\\/blog\\\/wp-content\\\/uploads\\\/2017\\\/06\\\/rico-malvar.jpg\",\"datePublished\":\"2017-06-27T11:53:05+00:00\",\"dateModified\":\"2017-06-27T20:25:25+00:00\",\"breadcrumb\":{\"@id\":\"https:\\\/\\\/sfhera.com.br\\\/blog\\\/apps-sem-inteligencia-vao-sumir-diz-cientista-da-microsoft\\\/#breadcrumb\"},\"inLanguage\":\"pt-BR\",\"potentialAction\":[{\"@type\":\"ReadAction\",\"target\":[\"https:\\\/\\\/sfhera.com.br\\\/blog\\\/apps-sem-inteligencia-vao-sumir-diz-cientista-da-microsoft\\\/\"]}]},{\"@type\":\"ImageObject\",\"inLanguage\":\"pt-BR\",\"@id\":\"https:\\\/\\\/sfhera.com.br\\\/blog\\\/apps-sem-inteligencia-vao-sumir-diz-cientista-da-microsoft\\\/#primaryimage\",\"url\":\"https:\\\/\\\/sfhera.com.br\\\/blog\\\/wp-content\\\/uploads\\\/2017\\\/06\\\/rico-malvar.jpg\",\"contentUrl\":\"https:\\\/\\\/sfhera.com.br\\\/blog\\\/wp-content\\\/uploads\\\/2017\\\/06\\\/rico-malvar.jpg\",\"width\":680,\"height\":453,\"caption\":\"nuvem\"},{\"@type\":\"BreadcrumbList\",\"@id\":\"https:\\\/\\\/sfhera.com.br\\\/blog\\\/apps-sem-inteligencia-vao-sumir-diz-cientista-da-microsoft\\\/#breadcrumb\",\"itemListElement\":[{\"@type\":\"ListItem\",\"position\":1,\"name\":\"In\u00edcio\",\"item\":\"https:\\\/\\\/sfhera.com.br\\\/blog\\\/\"},{\"@type\":\"ListItem\",\"position\":2,\"name\":\"Apps sem intelig\u00eancia v\u00e3o sumir, diz cientista da Microsoft\"}]},{\"@type\":\"WebSite\",\"@id\":\"https:\\\/\\\/sfhera.com.br\\\/blog\\\/#website\",\"url\":\"https:\\\/\\\/sfhera.com.br\\\/blog\\\/\",\"name\":\"Sfhera Software\",\"description\":\"Aplicativos de Gest\u00e3o para o Varejo\",\"publisher\":{\"@id\":\"https:\\\/\\\/sfhera.com.br\\\/blog\\\/#organization\"},\"potentialAction\":[{\"@type\":\"SearchAction\",\"target\":{\"@type\":\"EntryPoint\",\"urlTemplate\":\"https:\\\/\\\/sfhera.com.br\\\/blog\\\/?s={search_term_string}\"},\"query-input\":{\"@type\":\"PropertyValueSpecification\",\"valueRequired\":true,\"valueName\":\"search_term_string\"}}],\"inLanguage\":\"pt-BR\"},{\"@type\":\"Organization\",\"@id\":\"https:\\\/\\\/sfhera.com.br\\\/blog\\\/#organization\",\"name\":\"Sfhera Software\",\"url\":\"https:\\\/\\\/sfhera.com.br\\\/blog\\\/\",\"logo\":{\"@type\":\"ImageObject\",\"inLanguage\":\"pt-BR\",\"@id\":\"https:\\\/\\\/sfhera.com.br\\\/blog\\\/#\\\/schema\\\/logo\\\/image\\\/\",\"url\":\"https:\\\/\\\/www.sfhera.com.br\\\/blog\\\/wp-content\\\/uploads\\\/2017\\\/06\\\/logo.png\",\"contentUrl\":\"https:\\\/\\\/www.sfhera.com.br\\\/blog\\\/wp-content\\\/uploads\\\/2017\\\/06\\\/logo.png\",\"width\":200,\"height\":65,\"caption\":\"Sfhera Software\"},\"image\":{\"@id\":\"https:\\\/\\\/sfhera.com.br\\\/blog\\\/#\\\/schema\\\/logo\\\/image\\\/\"},\"sameAs\":[\"https:\\\/\\\/www.facebook.com\\\/sfhera\",\"https:\\\/\\\/x.com\\\/sfhera\",\"https:\\\/\\\/br.linkedin.com\\\/company\\\/sfhera-software\"]},{\"@type\":\"Person\",\"@id\":\"https:\\\/\\\/sfhera.com.br\\\/blog\\\/#\\\/schema\\\/person\\\/0a21d0c7b6b15bda9d9c072dde915f2a\",\"name\":\"Sfhera Software\",\"image\":{\"@type\":\"ImageObject\",\"inLanguage\":\"pt-BR\",\"@id\":\"https:\\\/\\\/secure.gravatar.com\\\/avatar\\\/b1d1b13f14dd2dc5b3fb21e60579548fa4f79040171567f49ae19080fb354524?s=96&d=mm&r=g\",\"url\":\"https:\\\/\\\/secure.gravatar.com\\\/avatar\\\/b1d1b13f14dd2dc5b3fb21e60579548fa4f79040171567f49ae19080fb354524?s=96&d=mm&r=g\",\"contentUrl\":\"https:\\\/\\\/secure.gravatar.com\\\/avatar\\\/b1d1b13f14dd2dc5b3fb21e60579548fa4f79040171567f49ae19080fb354524?s=96&d=mm&r=g\",\"caption\":\"Sfhera Software\"},\"url\":\"https:\\\/\\\/sfhera.com.br\\\/blog\\\/author\\\/admin\\\/\"}]}<\/script>\n<!-- \/ Yoast SEO plugin. -->","yoast_head_json":{"title":"Apps sem intelig\u00eancia v\u00e3o sumir, diz cientista da Microsoft - Sfhera Software","robots":{"index":"index","follow":"follow","max-snippet":"max-snippet:-1","max-image-preview":"max-image-preview:large","max-video-preview":"max-video-preview:-1"},"canonical":"https:\/\/sfhera.com.br\/blog\/apps-sem-inteligencia-vao-sumir-diz-cientista-da-microsoft\/","og_locale":"pt_BR","og_type":"article","og_title":"Apps sem intelig\u00eancia v\u00e3o sumir, diz cientista da Microsoft - Sfhera Software","og_description":"No Brasil, cientista chefe da Microsoft Research fala sobre a poderosa combina\u00e7\u00e3o entre nuvem e intelig\u00eancia artificial. S\u00e3o Paulo \u2013 Rico Malvar&hellip;","og_url":"https:\/\/sfhera.com.br\/blog\/apps-sem-inteligencia-vao-sumir-diz-cientista-da-microsoft\/","og_site_name":"Sfhera Software","article_publisher":"https:\/\/www.facebook.com\/sfhera","article_published_time":"2017-06-27T11:53:05+00:00","article_modified_time":"2017-06-27T20:25:25+00:00","og_image":[{"width":680,"height":453,"url":"https:\/\/sfhera.com.br\/blog\/wp-content\/uploads\/2017\/06\/rico-malvar.jpg","type":"image\/jpeg"}],"author":"Sfhera Software","twitter_card":"summary_large_image","twitter_creator":"@sfhera","twitter_site":"@sfhera","twitter_misc":{"Escrito por":"Sfhera Software","Est. tempo de leitura":"6 minutos"},"schema":{"@context":"https:\/\/schema.org","@graph":[{"@type":"Article","@id":"https:\/\/sfhera.com.br\/blog\/apps-sem-inteligencia-vao-sumir-diz-cientista-da-microsoft\/#article","isPartOf":{"@id":"https:\/\/sfhera.com.br\/blog\/apps-sem-inteligencia-vao-sumir-diz-cientista-da-microsoft\/"},"author":{"name":"Sfhera Software","@id":"https:\/\/sfhera.com.br\/blog\/#\/schema\/person\/0a21d0c7b6b15bda9d9c072dde915f2a"},"headline":"Apps sem intelig\u00eancia v\u00e3o sumir, diz cientista da Microsoft","datePublished":"2017-06-27T11:53:05+00:00","dateModified":"2017-06-27T20:25:25+00:00","mainEntityOfPage":{"@id":"https:\/\/sfhera.com.br\/blog\/apps-sem-inteligencia-vao-sumir-diz-cientista-da-microsoft\/"},"wordCount":1211,"publisher":{"@id":"https:\/\/sfhera.com.br\/blog\/#organization"},"image":{"@id":"https:\/\/sfhera.com.br\/blog\/apps-sem-inteligencia-vao-sumir-diz-cientista-da-microsoft\/#primaryimage"},"thumbnailUrl":"https:\/\/sfhera.com.br\/blog\/wp-content\/uploads\/2017\/06\/rico-malvar.jpg","keywords":["nuvem","app","intelig\u00eancia artificial","Rico Malvar"],"articleSection":["Novidades","Empreendedorismo","Tecnologia"],"inLanguage":"pt-BR"},{"@type":"WebPage","@id":"https:\/\/sfhera.com.br\/blog\/apps-sem-inteligencia-vao-sumir-diz-cientista-da-microsoft\/","url":"https:\/\/sfhera.com.br\/blog\/apps-sem-inteligencia-vao-sumir-diz-cientista-da-microsoft\/","name":"Apps sem intelig\u00eancia v\u00e3o sumir, diz cientista da Microsoft - Sfhera Software","isPartOf":{"@id":"https:\/\/sfhera.com.br\/blog\/#website"},"primaryImageOfPage":{"@id":"https:\/\/sfhera.com.br\/blog\/apps-sem-inteligencia-vao-sumir-diz-cientista-da-microsoft\/#primaryimage"},"image":{"@id":"https:\/\/sfhera.com.br\/blog\/apps-sem-inteligencia-vao-sumir-diz-cientista-da-microsoft\/#primaryimage"},"thumbnailUrl":"https:\/\/sfhera.com.br\/blog\/wp-content\/uploads\/2017\/06\/rico-malvar.jpg","datePublished":"2017-06-27T11:53:05+00:00","dateModified":"2017-06-27T20:25:25+00:00","breadcrumb":{"@id":"https:\/\/sfhera.com.br\/blog\/apps-sem-inteligencia-vao-sumir-diz-cientista-da-microsoft\/#breadcrumb"},"inLanguage":"pt-BR","potentialAction":[{"@type":"ReadAction","target":["https:\/\/sfhera.com.br\/blog\/apps-sem-inteligencia-vao-sumir-diz-cientista-da-microsoft\/"]}]},{"@type":"ImageObject","inLanguage":"pt-BR","@id":"https:\/\/sfhera.com.br\/blog\/apps-sem-inteligencia-vao-sumir-diz-cientista-da-microsoft\/#primaryimage","url":"https:\/\/sfhera.com.br\/blog\/wp-content\/uploads\/2017\/06\/rico-malvar.jpg","contentUrl":"https:\/\/sfhera.com.br\/blog\/wp-content\/uploads\/2017\/06\/rico-malvar.jpg","width":680,"height":453,"caption":"nuvem"},{"@type":"BreadcrumbList","@id":"https:\/\/sfhera.com.br\/blog\/apps-sem-inteligencia-vao-sumir-diz-cientista-da-microsoft\/#breadcrumb","itemListElement":[{"@type":"ListItem","position":1,"name":"In\u00edcio","item":"https:\/\/sfhera.com.br\/blog\/"},{"@type":"ListItem","position":2,"name":"Apps sem intelig\u00eancia v\u00e3o sumir, diz cientista da Microsoft"}]},{"@type":"WebSite","@id":"https:\/\/sfhera.com.br\/blog\/#website","url":"https:\/\/sfhera.com.br\/blog\/","name":"Sfhera Software","description":"Aplicativos de Gest\u00e3o para o Varejo","publisher":{"@id":"https:\/\/sfhera.com.br\/blog\/#organization"},"potentialAction":[{"@type":"SearchAction","target":{"@type":"EntryPoint","urlTemplate":"https:\/\/sfhera.com.br\/blog\/?s={search_term_string}"},"query-input":{"@type":"PropertyValueSpecification","valueRequired":true,"valueName":"search_term_string"}}],"inLanguage":"pt-BR"},{"@type":"Organization","@id":"https:\/\/sfhera.com.br\/blog\/#organization","name":"Sfhera Software","url":"https:\/\/sfhera.com.br\/blog\/","logo":{"@type":"ImageObject","inLanguage":"pt-BR","@id":"https:\/\/sfhera.com.br\/blog\/#\/schema\/logo\/image\/","url":"https:\/\/www.sfhera.com.br\/blog\/wp-content\/uploads\/2017\/06\/logo.png","contentUrl":"https:\/\/www.sfhera.com.br\/blog\/wp-content\/uploads\/2017\/06\/logo.png","width":200,"height":65,"caption":"Sfhera Software"},"image":{"@id":"https:\/\/sfhera.com.br\/blog\/#\/schema\/logo\/image\/"},"sameAs":["https:\/\/www.facebook.com\/sfhera","https:\/\/x.com\/sfhera","https:\/\/br.linkedin.com\/company\/sfhera-software"]},{"@type":"Person","@id":"https:\/\/sfhera.com.br\/blog\/#\/schema\/person\/0a21d0c7b6b15bda9d9c072dde915f2a","name":"Sfhera Software","image":{"@type":"ImageObject","inLanguage":"pt-BR","@id":"https:\/\/secure.gravatar.com\/avatar\/b1d1b13f14dd2dc5b3fb21e60579548fa4f79040171567f49ae19080fb354524?s=96&d=mm&r=g","url":"https:\/\/secure.gravatar.com\/avatar\/b1d1b13f14dd2dc5b3fb21e60579548fa4f79040171567f49ae19080fb354524?s=96&d=mm&r=g","contentUrl":"https:\/\/secure.gravatar.com\/avatar\/b1d1b13f14dd2dc5b3fb21e60579548fa4f79040171567f49ae19080fb354524?s=96&d=mm&r=g","caption":"Sfhera Software"},"url":"https:\/\/sfhera.com.br\/blog\/author\/admin\/"}]}},"_links":{"self":[{"href":"https:\/\/sfhera.com.br\/blog\/wp-json\/wp\/v2\/posts\/112","targetHints":{"allow":["GET"]}}],"collection":[{"href":"https:\/\/sfhera.com.br\/blog\/wp-json\/wp\/v2\/posts"}],"about":[{"href":"https:\/\/sfhera.com.br\/blog\/wp-json\/wp\/v2\/types\/post"}],"author":[{"embeddable":true,"href":"https:\/\/sfhera.com.br\/blog\/wp-json\/wp\/v2\/users\/1"}],"replies":[{"embeddable":true,"href":"https:\/\/sfhera.com.br\/blog\/wp-json\/wp\/v2\/comments?post=112"}],"version-history":[{"count":1,"href":"https:\/\/sfhera.com.br\/blog\/wp-json\/wp\/v2\/posts\/112\/revisions"}],"predecessor-version":[{"id":114,"href":"https:\/\/sfhera.com.br\/blog\/wp-json\/wp\/v2\/posts\/112\/revisions\/114"}],"wp:featuredmedia":[{"embeddable":true,"href":"https:\/\/sfhera.com.br\/blog\/wp-json\/wp\/v2\/media\/113"}],"wp:attachment":[{"href":"https:\/\/sfhera.com.br\/blog\/wp-json\/wp\/v2\/media?parent=112"}],"wp:term":[{"taxonomy":"category","embeddable":true,"href":"https:\/\/sfhera.com.br\/blog\/wp-json\/wp\/v2\/categories?post=112"},{"taxonomy":"post_tag","embeddable":true,"href":"https:\/\/sfhera.com.br\/blog\/wp-json\/wp\/v2\/tags?post=112"}],"curies":[{"name":"wp","href":"https:\/\/api.w.org\/{rel}","templated":true}]}}