{"id":1323,"date":"2020-11-03T10:02:51","date_gmt":"2020-11-03T13:02:51","guid":{"rendered":"https:\/\/sfhera.com.br\/blog\/?p=1323"},"modified":"2021-04-14T14:30:21","modified_gmt":"2021-04-14T17:30:21","slug":"relatorios-gerenciais-da-importancia-a-aplicacao-no-varejo","status":"publish","type":"post","link":"https:\/\/sfhera.com.br\/blog\/relatorios-gerenciais-da-importancia-a-aplicacao-no-varejo\/","title":{"rendered":"Relat\u00f3rios gerenciais: da import\u00e2ncia \u00e0 aplica\u00e7\u00e3o no varejo"},"content":{"rendered":"\n<p>Na gest\u00e3o de empresas \u00e9 essencial ter em mente que as decis\u00f5es devem ser planejadas e baseadas em dados reais para trazer resultados efetivos. N\u00e3o \u00e9 no achismo que os neg\u00f3cios crescem e prosperam.<\/p>\n\n\n\n<p><strong>Relat\u00f3rios gerenciais<\/strong>\u00a0s\u00e3o os documentos mais importantes para os administradores que buscam conhecer a realidade da empresa e compreender quais a\u00e7\u00f5es e medidas devem ser tomadas, al\u00e9m de definir metas que indicam se os objetivos est\u00e3o a caminho de serem atingidos.<\/p>\n\n\n\n<h2 class=\"wp-block-heading\">Relat\u00f3rios gerenciais s\u00e3o essenciais<\/h2>\n\n\n\n<p>Aquele que administra \u00e9 respons\u00e1vel por acompanhar n\u00fameros, gr\u00e1ficos, dados e quaisquer informa\u00e7\u00f5es que deem detalhes sobre a&nbsp;<strong>situa\u00e7\u00e3o atual do neg\u00f3cio<\/strong>. Relat\u00f3rios gerenciais s\u00e3o os documentos que compilam esses dados de acordo com aquilo que se quer observar.<\/p>\n\n\n\n<p>No entanto, eles s\u00e3o muito mais que isso. S\u00e3o ferramentas que permitem \u00e0 lideran\u00e7a extrair&nbsp;<em>insights<\/em>&nbsp;valiosos sobre os pr\u00f3ximos passos a serem dados. Quando n\u00e3o utilizados de maneira correta, podem causar uma s\u00e9rie de consequ\u00eancias negativas ao neg\u00f3cio, como:<\/p>\n\n\n\n<ul class=\"wp-block-list\"><li>Descontrole financeiro;<\/li><li>A\u00e7\u00f5es err\u00f4neas de marketing;<\/li><li>Mal planejamento estrat\u00e9gico;<\/li><li>Aloca\u00e7\u00e3o incorreta de recursos, entre outros.<\/li><\/ul>\n\n\n\n<p>Com uma implementa\u00e7\u00e3o correta e direcionada, eles promovem um conhecimento empresarial de suma import\u00e2ncia em curto, m\u00e9dio e longo prazo da marca.<\/p>\n\n\n\n<p>N\u00e3o basta criar uma bela planilha com dados hist\u00f3ricos e todos os n\u00fameros poss\u00edveis. Um&nbsp;<strong>relat\u00f3rio gerencial<\/strong>&nbsp;\u00e9 simples, objetivo e elaborado de modo a cruzar os dados necess\u00e1rios para trazer informa\u00e7\u00f5es relevantes.<\/p>\n\n\n\n<p>Acesse <strong><a rel=\"noreferrer noopener\" href=\"https:\/\/www.sfhera.com.br\/blog\/2020\/09\/21\/o-uso-da-tecnologia-na-gestao-das-empresas\/\" target=\"_blank\">O uso da tecnologia na gest\u00e3o das empresas<\/a><\/strong>  para compreender como a tecnologia pode ajud\u00e1-lo! <\/p>\n\n\n\n<h2 class=\"wp-block-heading\">Como eles s\u00e3o aplicados ao varejo<\/h2>\n\n\n\n<p>Relat\u00f3rios gerenciais s\u00e3o, na verdade, um grupo de documentos. N\u00e3o h\u00e1 apenas um que vai indicar tudo o que \u00e9 necess\u00e1rio para se tomar uma boa decis\u00e3o. Cada setor e processo conta com as suas particularidades e que devem ser respeitadas.<\/p>\n\n\n\n<p>O essencial ao elaborar um material como esse \u00e9 estar atento aos objetivos de faz\u00ea-lo, de modo a selecionar apenas os indicadores relevantes.<\/p>\n\n\n\n<h3 class=\"wp-block-heading\">Relat\u00f3rio de vendas<\/h3>\n\n\n\n<p>\u00c9 o mais b\u00e1sico de todos. Trata-se de um registro de tudo o que \u00e9 comercializado em um determinado per\u00edodo. Pode ser compreendido dentro de um dia, um m\u00eas, um ano, ou at\u00e9 mesmo durante toda a hist\u00f3ria da empresa.<\/p>\n\n\n\n<p>Ele d\u00e1 informa\u00e7\u00f5es sobre os produtos mais vendidos e aqueles que foram ignorados pelo consumidor, assim, o gestor consegue compreender o pensamento do seu p\u00fablico-alvo e definir melhores estrat\u00e9gias de marketing, vendas, ou ainda atualizar o cat\u00e1logo de modo coerente.<\/p>\n\n\n\n<h3 class=\"wp-block-heading\">Satisfa\u00e7\u00e3o do cliente<\/h3>\n\n\n\n<p>N\u00e3o basta vender muito. Isso n\u00e3o \u00e9 garantia de sucesso. O relat\u00f3rio de&nbsp;<strong>satisfa\u00e7\u00e3o do cliente<\/strong>&nbsp;engloba o quanto ele se sente bem com o seu produto, o seu atendimento, e at\u00e9 mesmo a rela\u00e7\u00e3o criada com a marca.<\/p>\n\n\n\n<p>Cliente fiel \u00e9 aquele que gosta de estar na sua empresa, pois sente que est\u00e1 efetivamente resolvendo um problema, e \u00e9 justamente ele que est\u00e1 pronto para desembolsar mais pelo seu nome.<\/p>\n\n\n\n<h3 class=\"wp-block-heading\">Relat\u00f3rio financeiro<\/h3>\n\n\n\n<p>Talvez o mais complexo de todos, mas o mais essencial. \u00c9 de suma import\u00e2ncia&nbsp;<strong>conhecer a realidade financeira do neg\u00f3cio<\/strong>.<\/p>\n\n\n\n<p>Fluxo de caixa, giro de estoque, lucro l\u00edquido, capital investido dentre outros dados essenciais.<\/p>\n\n\n\n<p>Apenas quem conhece a fundo a sa\u00fade financeira da empresa \u00e9 capaz de investir corretamente nos setores mais priorit\u00e1rios, al\u00e9m de garantir um uso efetivo e produtivo dos recursos utilizados.<\/p>\n\n\n\n<p>Por mais complicado que possa parecer, a tecnologia est\u00e1 ao lado do gestor em todos esses cen\u00e1rios. Hoje o mercado possui softwares especializados em gera\u00e7\u00e3o de relat\u00f3rios e aquisi\u00e7\u00e3o de dados, al\u00e9m de unific\u00e1-los em uma interface simples.<\/p>\n\n\n\n<p>Voc\u00ea tamb\u00e9m pode gostar: <\/p>\n\n\n\n<p><a rel=\"noreferrer noopener\" href=\"https:\/\/www.sfhera.com.br\/blog\/2020\/09\/23\/por-que-os-softwares-na-gestao-sao-tao-importantes-para-negocios-locais\/\" target=\"_blank\">Por que os softwares de gest\u00e3o s\u00e3o t\u00e3o importantes para neg\u00f3cios locais?<\/a><\/p>\n\n\n\n<p><a href=\"https:\/\/www.sfhera.com.br\/blog\/2020\/08\/11\/principais-pontos-para-melhorar-a-gestao-do-seu-negocio-local\/\" target=\"_blank\" rel=\"noreferrer noopener\">Principais pontos para melhorar a gest\u00e3o do seu neg\u00f3cio local<\/a><\/p>\n","protected":false},"excerpt":{"rendered":"<p>Na gest\u00e3o de empresas \u00e9 essencial ter em mente que as decis\u00f5es devem ser planejadas e baseadas em dados reais para trazer&hellip;<\/p>\n","protected":false},"author":1,"featured_media":1326,"comment_status":"closed","ping_status":"open","sticky":false,"template":"","format":"standard","meta":{"footnotes":""},"categories":[6,4],"tags":[],"class_list":["post-1323","post","type-post","status-publish","format-standard","has-post-thumbnail","hentry","category-legislacao-fiscal","category-gestaoenegocios"],"yoast_head":"<!-- This site is optimized with the Yoast SEO plugin v27.5 - https:\/\/yoast.com\/product\/yoast-seo-wordpress\/ -->\n<title>Relat\u00f3rios gerenciais: da import\u00e2ncia \u00e0 aplica\u00e7\u00e3o no varejo - Sfhera Software<\/title>\n<meta name=\"robots\" content=\"index, follow, max-snippet:-1, max-image-preview:large, max-video-preview:-1\" \/>\n<link rel=\"canonical\" href=\"https:\/\/sfhera.com.br\/blog\/relatorios-gerenciais-da-importancia-a-aplicacao-no-varejo\/\" \/>\n<meta property=\"og:locale\" content=\"pt_BR\" \/>\n<meta property=\"og:type\" content=\"article\" \/>\n<meta property=\"og:title\" content=\"Relat\u00f3rios gerenciais: da import\u00e2ncia \u00e0 aplica\u00e7\u00e3o no varejo - Sfhera Software\" \/>\n<meta property=\"og:description\" content=\"Na gest\u00e3o de empresas \u00e9 essencial ter em mente que as decis\u00f5es devem ser planejadas e baseadas em dados reais para trazer&hellip;\" \/>\n<meta property=\"og:url\" content=\"https:\/\/sfhera.com.br\/blog\/relatorios-gerenciais-da-importancia-a-aplicacao-no-varejo\/\" \/>\n<meta property=\"og:site_name\" content=\"Sfhera Software\" \/>\n<meta property=\"article:publisher\" content=\"https:\/\/www.facebook.com\/sfhera\" \/>\n<meta property=\"article:published_time\" content=\"2020-11-03T13:02:51+00:00\" \/>\n<meta property=\"article:modified_time\" content=\"2021-04-14T17:30:21+00:00\" \/>\n<meta property=\"og:image\" content=\"https:\/\/sfhera.com.br\/blog\/wp-content\/uploads\/2020\/11\/capa-03-11.png\" \/>\n\t<meta property=\"og:image:width\" content=\"800\" \/>\n\t<meta property=\"og:image:height\" content=\"400\" \/>\n\t<meta property=\"og:image:type\" content=\"image\/png\" \/>\n<meta name=\"author\" content=\"Sfhera Software\" \/>\n<meta name=\"twitter:card\" content=\"summary_large_image\" \/>\n<meta name=\"twitter:creator\" content=\"@sfhera\" \/>\n<meta name=\"twitter:site\" content=\"@sfhera\" \/>\n<meta name=\"twitter:label1\" content=\"Escrito por\" \/>\n\t<meta name=\"twitter:data1\" content=\"Sfhera Software\" \/>\n\t<meta name=\"twitter:label2\" content=\"Est. tempo de leitura\" \/>\n\t<meta name=\"twitter:data2\" content=\"3 minutos\" \/>\n<script type=\"application\/ld+json\" class=\"yoast-schema-graph\">{\"@context\":\"https:\\\/\\\/schema.org\",\"@graph\":[{\"@type\":\"Article\",\"@id\":\"https:\\\/\\\/sfhera.com.br\\\/blog\\\/relatorios-gerenciais-da-importancia-a-aplicacao-no-varejo\\\/#article\",\"isPartOf\":{\"@id\":\"https:\\\/\\\/sfhera.com.br\\\/blog\\\/relatorios-gerenciais-da-importancia-a-aplicacao-no-varejo\\\/\"},\"author\":{\"name\":\"Sfhera Software\",\"@id\":\"https:\\\/\\\/sfhera.com.br\\\/blog\\\/#\\\/schema\\\/person\\\/0a21d0c7b6b15bda9d9c072dde915f2a\"},\"headline\":\"Relat\u00f3rios gerenciais: da import\u00e2ncia \u00e0 aplica\u00e7\u00e3o no varejo\",\"datePublished\":\"2020-11-03T13:02:51+00:00\",\"dateModified\":\"2021-04-14T17:30:21+00:00\",\"mainEntityOfPage\":{\"@id\":\"https:\\\/\\\/sfhera.com.br\\\/blog\\\/relatorios-gerenciais-da-importancia-a-aplicacao-no-varejo\\\/\"},\"wordCount\":690,\"publisher\":{\"@id\":\"https:\\\/\\\/sfhera.com.br\\\/blog\\\/#organization\"},\"image\":{\"@id\":\"https:\\\/\\\/sfhera.com.br\\\/blog\\\/relatorios-gerenciais-da-importancia-a-aplicacao-no-varejo\\\/#primaryimage\"},\"thumbnailUrl\":\"https:\\\/\\\/sfhera.com.br\\\/blog\\\/wp-content\\\/uploads\\\/2020\\\/11\\\/capa-03-11.png\",\"articleSection\":[\"Legisla\u00e7\u00e3o Fiscal\",\"Gest\u00e3o e Neg\u00f3cios\"],\"inLanguage\":\"pt-BR\"},{\"@type\":\"WebPage\",\"@id\":\"https:\\\/\\\/sfhera.com.br\\\/blog\\\/relatorios-gerenciais-da-importancia-a-aplicacao-no-varejo\\\/\",\"url\":\"https:\\\/\\\/sfhera.com.br\\\/blog\\\/relatorios-gerenciais-da-importancia-a-aplicacao-no-varejo\\\/\",\"name\":\"Relat\u00f3rios gerenciais: da import\u00e2ncia \u00e0 aplica\u00e7\u00e3o no varejo - Sfhera Software\",\"isPartOf\":{\"@id\":\"https:\\\/\\\/sfhera.com.br\\\/blog\\\/#website\"},\"primaryImageOfPage\":{\"@id\":\"https:\\\/\\\/sfhera.com.br\\\/blog\\\/relatorios-gerenciais-da-importancia-a-aplicacao-no-varejo\\\/#primaryimage\"},\"image\":{\"@id\":\"https:\\\/\\\/sfhera.com.br\\\/blog\\\/relatorios-gerenciais-da-importancia-a-aplicacao-no-varejo\\\/#primaryimage\"},\"thumbnailUrl\":\"https:\\\/\\\/sfhera.com.br\\\/blog\\\/wp-content\\\/uploads\\\/2020\\\/11\\\/capa-03-11.png\",\"datePublished\":\"2020-11-03T13:02:51+00:00\",\"dateModified\":\"2021-04-14T17:30:21+00:00\",\"breadcrumb\":{\"@id\":\"https:\\\/\\\/sfhera.com.br\\\/blog\\\/relatorios-gerenciais-da-importancia-a-aplicacao-no-varejo\\\/#breadcrumb\"},\"inLanguage\":\"pt-BR\",\"potentialAction\":[{\"@type\":\"ReadAction\",\"target\":[\"https:\\\/\\\/sfhera.com.br\\\/blog\\\/relatorios-gerenciais-da-importancia-a-aplicacao-no-varejo\\\/\"]}]},{\"@type\":\"ImageObject\",\"inLanguage\":\"pt-BR\",\"@id\":\"https:\\\/\\\/sfhera.com.br\\\/blog\\\/relatorios-gerenciais-da-importancia-a-aplicacao-no-varejo\\\/#primaryimage\",\"url\":\"https:\\\/\\\/sfhera.com.br\\\/blog\\\/wp-content\\\/uploads\\\/2020\\\/11\\\/capa-03-11.png\",\"contentUrl\":\"https:\\\/\\\/sfhera.com.br\\\/blog\\\/wp-content\\\/uploads\\\/2020\\\/11\\\/capa-03-11.png\",\"width\":800,\"height\":400},{\"@type\":\"BreadcrumbList\",\"@id\":\"https:\\\/\\\/sfhera.com.br\\\/blog\\\/relatorios-gerenciais-da-importancia-a-aplicacao-no-varejo\\\/#breadcrumb\",\"itemListElement\":[{\"@type\":\"ListItem\",\"position\":1,\"name\":\"In\u00edcio\",\"item\":\"https:\\\/\\\/sfhera.com.br\\\/blog\\\/\"},{\"@type\":\"ListItem\",\"position\":2,\"name\":\"Relat\u00f3rios gerenciais: da import\u00e2ncia \u00e0 aplica\u00e7\u00e3o no varejo\"}]},{\"@type\":\"WebSite\",\"@id\":\"https:\\\/\\\/sfhera.com.br\\\/blog\\\/#website\",\"url\":\"https:\\\/\\\/sfhera.com.br\\\/blog\\\/\",\"name\":\"Sfhera Software\",\"description\":\"Aplicativos de Gest\u00e3o para o Varejo\",\"publisher\":{\"@id\":\"https:\\\/\\\/sfhera.com.br\\\/blog\\\/#organization\"},\"potentialAction\":[{\"@type\":\"SearchAction\",\"target\":{\"@type\":\"EntryPoint\",\"urlTemplate\":\"https:\\\/\\\/sfhera.com.br\\\/blog\\\/?s={search_term_string}\"},\"query-input\":{\"@type\":\"PropertyValueSpecification\",\"valueRequired\":true,\"valueName\":\"search_term_string\"}}],\"inLanguage\":\"pt-BR\"},{\"@type\":\"Organization\",\"@id\":\"https:\\\/\\\/sfhera.com.br\\\/blog\\\/#organization\",\"name\":\"Sfhera Software\",\"url\":\"https:\\\/\\\/sfhera.com.br\\\/blog\\\/\",\"logo\":{\"@type\":\"ImageObject\",\"inLanguage\":\"pt-BR\",\"@id\":\"https:\\\/\\\/sfhera.com.br\\\/blog\\\/#\\\/schema\\\/logo\\\/image\\\/\",\"url\":\"https:\\\/\\\/www.sfhera.com.br\\\/blog\\\/wp-content\\\/uploads\\\/2017\\\/06\\\/logo.png\",\"contentUrl\":\"https:\\\/\\\/www.sfhera.com.br\\\/blog\\\/wp-content\\\/uploads\\\/2017\\\/06\\\/logo.png\",\"width\":200,\"height\":65,\"caption\":\"Sfhera Software\"},\"image\":{\"@id\":\"https:\\\/\\\/sfhera.com.br\\\/blog\\\/#\\\/schema\\\/logo\\\/image\\\/\"},\"sameAs\":[\"https:\\\/\\\/www.facebook.com\\\/sfhera\",\"https:\\\/\\\/x.com\\\/sfhera\",\"https:\\\/\\\/br.linkedin.com\\\/company\\\/sfhera-software\"]},{\"@type\":\"Person\",\"@id\":\"https:\\\/\\\/sfhera.com.br\\\/blog\\\/#\\\/schema\\\/person\\\/0a21d0c7b6b15bda9d9c072dde915f2a\",\"name\":\"Sfhera Software\",\"image\":{\"@type\":\"ImageObject\",\"inLanguage\":\"pt-BR\",\"@id\":\"https:\\\/\\\/secure.gravatar.com\\\/avatar\\\/b1d1b13f14dd2dc5b3fb21e60579548fa4f79040171567f49ae19080fb354524?s=96&d=mm&r=g\",\"url\":\"https:\\\/\\\/secure.gravatar.com\\\/avatar\\\/b1d1b13f14dd2dc5b3fb21e60579548fa4f79040171567f49ae19080fb354524?s=96&d=mm&r=g\",\"contentUrl\":\"https:\\\/\\\/secure.gravatar.com\\\/avatar\\\/b1d1b13f14dd2dc5b3fb21e60579548fa4f79040171567f49ae19080fb354524?s=96&d=mm&r=g\",\"caption\":\"Sfhera Software\"},\"url\":\"https:\\\/\\\/sfhera.com.br\\\/blog\\\/author\\\/admin\\\/\"}]}<\/script>\n<!-- \/ Yoast SEO plugin. -->","yoast_head_json":{"title":"Relat\u00f3rios gerenciais: da import\u00e2ncia \u00e0 aplica\u00e7\u00e3o no varejo - Sfhera Software","robots":{"index":"index","follow":"follow","max-snippet":"max-snippet:-1","max-image-preview":"max-image-preview:large","max-video-preview":"max-video-preview:-1"},"canonical":"https:\/\/sfhera.com.br\/blog\/relatorios-gerenciais-da-importancia-a-aplicacao-no-varejo\/","og_locale":"pt_BR","og_type":"article","og_title":"Relat\u00f3rios gerenciais: da import\u00e2ncia \u00e0 aplica\u00e7\u00e3o no varejo - Sfhera Software","og_description":"Na gest\u00e3o de empresas \u00e9 essencial ter em mente que as decis\u00f5es devem ser planejadas e baseadas em dados reais para trazer&hellip;","og_url":"https:\/\/sfhera.com.br\/blog\/relatorios-gerenciais-da-importancia-a-aplicacao-no-varejo\/","og_site_name":"Sfhera Software","article_publisher":"https:\/\/www.facebook.com\/sfhera","article_published_time":"2020-11-03T13:02:51+00:00","article_modified_time":"2021-04-14T17:30:21+00:00","og_image":[{"width":800,"height":400,"url":"https:\/\/sfhera.com.br\/blog\/wp-content\/uploads\/2020\/11\/capa-03-11.png","type":"image\/png"}],"author":"Sfhera Software","twitter_card":"summary_large_image","twitter_creator":"@sfhera","twitter_site":"@sfhera","twitter_misc":{"Escrito por":"Sfhera Software","Est. tempo de leitura":"3 minutos"},"schema":{"@context":"https:\/\/schema.org","@graph":[{"@type":"Article","@id":"https:\/\/sfhera.com.br\/blog\/relatorios-gerenciais-da-importancia-a-aplicacao-no-varejo\/#article","isPartOf":{"@id":"https:\/\/sfhera.com.br\/blog\/relatorios-gerenciais-da-importancia-a-aplicacao-no-varejo\/"},"author":{"name":"Sfhera Software","@id":"https:\/\/sfhera.com.br\/blog\/#\/schema\/person\/0a21d0c7b6b15bda9d9c072dde915f2a"},"headline":"Relat\u00f3rios gerenciais: da import\u00e2ncia \u00e0 aplica\u00e7\u00e3o no varejo","datePublished":"2020-11-03T13:02:51+00:00","dateModified":"2021-04-14T17:30:21+00:00","mainEntityOfPage":{"@id":"https:\/\/sfhera.com.br\/blog\/relatorios-gerenciais-da-importancia-a-aplicacao-no-varejo\/"},"wordCount":690,"publisher":{"@id":"https:\/\/sfhera.com.br\/blog\/#organization"},"image":{"@id":"https:\/\/sfhera.com.br\/blog\/relatorios-gerenciais-da-importancia-a-aplicacao-no-varejo\/#primaryimage"},"thumbnailUrl":"https:\/\/sfhera.com.br\/blog\/wp-content\/uploads\/2020\/11\/capa-03-11.png","articleSection":["Legisla\u00e7\u00e3o Fiscal","Gest\u00e3o e Neg\u00f3cios"],"inLanguage":"pt-BR"},{"@type":"WebPage","@id":"https:\/\/sfhera.com.br\/blog\/relatorios-gerenciais-da-importancia-a-aplicacao-no-varejo\/","url":"https:\/\/sfhera.com.br\/blog\/relatorios-gerenciais-da-importancia-a-aplicacao-no-varejo\/","name":"Relat\u00f3rios gerenciais: da import\u00e2ncia \u00e0 aplica\u00e7\u00e3o no varejo - Sfhera Software","isPartOf":{"@id":"https:\/\/sfhera.com.br\/blog\/#website"},"primaryImageOfPage":{"@id":"https:\/\/sfhera.com.br\/blog\/relatorios-gerenciais-da-importancia-a-aplicacao-no-varejo\/#primaryimage"},"image":{"@id":"https:\/\/sfhera.com.br\/blog\/relatorios-gerenciais-da-importancia-a-aplicacao-no-varejo\/#primaryimage"},"thumbnailUrl":"https:\/\/sfhera.com.br\/blog\/wp-content\/uploads\/2020\/11\/capa-03-11.png","datePublished":"2020-11-03T13:02:51+00:00","dateModified":"2021-04-14T17:30:21+00:00","breadcrumb":{"@id":"https:\/\/sfhera.com.br\/blog\/relatorios-gerenciais-da-importancia-a-aplicacao-no-varejo\/#breadcrumb"},"inLanguage":"pt-BR","potentialAction":[{"@type":"ReadAction","target":["https:\/\/sfhera.com.br\/blog\/relatorios-gerenciais-da-importancia-a-aplicacao-no-varejo\/"]}]},{"@type":"ImageObject","inLanguage":"pt-BR","@id":"https:\/\/sfhera.com.br\/blog\/relatorios-gerenciais-da-importancia-a-aplicacao-no-varejo\/#primaryimage","url":"https:\/\/sfhera.com.br\/blog\/wp-content\/uploads\/2020\/11\/capa-03-11.png","contentUrl":"https:\/\/sfhera.com.br\/blog\/wp-content\/uploads\/2020\/11\/capa-03-11.png","width":800,"height":400},{"@type":"BreadcrumbList","@id":"https:\/\/sfhera.com.br\/blog\/relatorios-gerenciais-da-importancia-a-aplicacao-no-varejo\/#breadcrumb","itemListElement":[{"@type":"ListItem","position":1,"name":"In\u00edcio","item":"https:\/\/sfhera.com.br\/blog\/"},{"@type":"ListItem","position":2,"name":"Relat\u00f3rios gerenciais: da import\u00e2ncia \u00e0 aplica\u00e7\u00e3o no varejo"}]},{"@type":"WebSite","@id":"https:\/\/sfhera.com.br\/blog\/#website","url":"https:\/\/sfhera.com.br\/blog\/","name":"Sfhera Software","description":"Aplicativos de Gest\u00e3o para o Varejo","publisher":{"@id":"https:\/\/sfhera.com.br\/blog\/#organization"},"potentialAction":[{"@type":"SearchAction","target":{"@type":"EntryPoint","urlTemplate":"https:\/\/sfhera.com.br\/blog\/?s={search_term_string}"},"query-input":{"@type":"PropertyValueSpecification","valueRequired":true,"valueName":"search_term_string"}}],"inLanguage":"pt-BR"},{"@type":"Organization","@id":"https:\/\/sfhera.com.br\/blog\/#organization","name":"Sfhera Software","url":"https:\/\/sfhera.com.br\/blog\/","logo":{"@type":"ImageObject","inLanguage":"pt-BR","@id":"https:\/\/sfhera.com.br\/blog\/#\/schema\/logo\/image\/","url":"https:\/\/www.sfhera.com.br\/blog\/wp-content\/uploads\/2017\/06\/logo.png","contentUrl":"https:\/\/www.sfhera.com.br\/blog\/wp-content\/uploads\/2017\/06\/logo.png","width":200,"height":65,"caption":"Sfhera Software"},"image":{"@id":"https:\/\/sfhera.com.br\/blog\/#\/schema\/logo\/image\/"},"sameAs":["https:\/\/www.facebook.com\/sfhera","https:\/\/x.com\/sfhera","https:\/\/br.linkedin.com\/company\/sfhera-software"]},{"@type":"Person","@id":"https:\/\/sfhera.com.br\/blog\/#\/schema\/person\/0a21d0c7b6b15bda9d9c072dde915f2a","name":"Sfhera Software","image":{"@type":"ImageObject","inLanguage":"pt-BR","@id":"https:\/\/secure.gravatar.com\/avatar\/b1d1b13f14dd2dc5b3fb21e60579548fa4f79040171567f49ae19080fb354524?s=96&d=mm&r=g","url":"https:\/\/secure.gravatar.com\/avatar\/b1d1b13f14dd2dc5b3fb21e60579548fa4f79040171567f49ae19080fb354524?s=96&d=mm&r=g","contentUrl":"https:\/\/secure.gravatar.com\/avatar\/b1d1b13f14dd2dc5b3fb21e60579548fa4f79040171567f49ae19080fb354524?s=96&d=mm&r=g","caption":"Sfhera Software"},"url":"https:\/\/sfhera.com.br\/blog\/author\/admin\/"}]}},"_links":{"self":[{"href":"https:\/\/sfhera.com.br\/blog\/wp-json\/wp\/v2\/posts\/1323","targetHints":{"allow":["GET"]}}],"collection":[{"href":"https:\/\/sfhera.com.br\/blog\/wp-json\/wp\/v2\/posts"}],"about":[{"href":"https:\/\/sfhera.com.br\/blog\/wp-json\/wp\/v2\/types\/post"}],"author":[{"embeddable":true,"href":"https:\/\/sfhera.com.br\/blog\/wp-json\/wp\/v2\/users\/1"}],"replies":[{"embeddable":true,"href":"https:\/\/sfhera.com.br\/blog\/wp-json\/wp\/v2\/comments?post=1323"}],"version-history":[{"count":2,"href":"https:\/\/sfhera.com.br\/blog\/wp-json\/wp\/v2\/posts\/1323\/revisions"}],"predecessor-version":[{"id":1325,"href":"https:\/\/sfhera.com.br\/blog\/wp-json\/wp\/v2\/posts\/1323\/revisions\/1325"}],"wp:featuredmedia":[{"embeddable":true,"href":"https:\/\/sfhera.com.br\/blog\/wp-json\/wp\/v2\/media\/1326"}],"wp:attachment":[{"href":"https:\/\/sfhera.com.br\/blog\/wp-json\/wp\/v2\/media?parent=1323"}],"wp:term":[{"taxonomy":"category","embeddable":true,"href":"https:\/\/sfhera.com.br\/blog\/wp-json\/wp\/v2\/categories?post=1323"},{"taxonomy":"post_tag","embeddable":true,"href":"https:\/\/sfhera.com.br\/blog\/wp-json\/wp\/v2\/tags?post=1323"}],"curies":[{"name":"wp","href":"https:\/\/api.w.org\/{rel}","templated":true}]}}