{"id":1419,"date":"2021-06-14T09:15:38","date_gmt":"2021-06-14T12:15:38","guid":{"rendered":"https:\/\/sfhera.com.br\/blog\/?p=1419"},"modified":"2021-06-14T09:16:51","modified_gmt":"2021-06-14T12:16:51","slug":"gestao-varejista","status":"publish","type":"post","link":"https:\/\/sfhera.com.br\/blog\/gestao-varejista\/","title":{"rendered":"Gest\u00e3o varejista: conhe\u00e7a os desafios e as tend\u00eancias do segmento"},"content":{"rendered":"\n<p><strong>Gest\u00e3o varejista: conhe\u00e7a os desafios e as tend\u00eancias do segmento<\/strong><\/p>\n\n\n\n<figure class=\"wp-block-image\"><img decoding=\"async\" src=\"https:\/\/lh6.googleusercontent.com\/S_FY5j0h148VzbPsyBf8N1UwyOWNxfBXbUkYQRpi1jk3IA_jF11_0ZzHmsWq2D0QHmDB9Xhri6BD6gQ8r8SyRTEnmRdb3IflVOxZW-3srRUxpXeNaateiB-HvgAcfM9qZqr8ib7F\" alt=\"\"\/><\/figure>\n\n\n\n<p>Seja na venda de bens ou servi\u00e7os, o <a href=\"https:\/\/www.sfhera.com.br\/blog\/2019\/07\/29\/beneficios-do-software-erp-para-organizar-a-gestao-empresarial-no-varejo\/\" target=\"_blank\" rel=\"noreferrer noopener\">segmento do varejo<\/a> \u00e9 conhecido por representar uma rela\u00e7\u00e3o comercial direta com os consumidores finais. Desde as mais diversas lojas at\u00e9 as lanchonetes, farm\u00e1cias, padarias e supermercados, s\u00e3o muitas solu\u00e7\u00f5es em neg\u00f3cios varejistas dispon\u00edveis no mercado. Esse tipo de modelo de neg\u00f3cio tem ainda uma rela\u00e7\u00e3o muito direta com o marketing, j\u00e1 que utiliza planos e pesquisas junto ao consumidor, visando estreitar e melhorar a sua comunica\u00e7\u00e3o.&nbsp;<\/p>\n\n\n\n<p>Por isso, entender os desafios e as tend\u00eancias da gest\u00e3o varejista \u00e9 importante para manter a inova\u00e7\u00e3o no segmento, que \u00e9 sempre muito competitivo. Aqui neste texto preparamos uma lista com os principais desafios e tend\u00eancias do setor para ajudar o seu neg\u00f3cio a decolar. Voc\u00ea vai conferir:<\/p>\n\n\n\n<h2 class=\"wp-block-heading\">\u2022 <strong>Desafios<\/strong><\/h2>\n\n\n\n<ul class=\"wp-block-list\"><li>Adapta\u00e7\u00f5es por conta da pandemia<\/li><li>Gera\u00e7\u00e3o de caixa<\/li><li>Pre\u00e7os do mercado<\/li><li>Transforma\u00e7\u00e3o digital<\/li><\/ul>\n\n\n\n<h2 class=\"wp-block-heading\"><strong>\u2022 Tend\u00eancias<\/strong><\/h2>\n\n\n\n<ul class=\"wp-block-list\"><li>Softwares de gest\u00e3o<\/li><li>Integra\u00e7\u00e3o<\/li><li>Regra do menos \u00e9 mais<\/li><\/ul>\n\n\n\n<p>Uma parte importante da gest\u00e3o varejista est\u00e1 em aprender sobre o seu neg\u00f3cio e o mercado no qual ele est\u00e1 inserido. Por isso, as dicas que voc\u00ea confere aqui ser\u00e3o potencializadas se forem acompanhadas de um olhar integrado sobre os desafios do seu segmento. Conhecer o seu neg\u00f3cio, suas for\u00e7as e fraquezas \u00e9 uma vantagem que te prepara para melhores oportunidades.<\/p>\n\n\n\n<h2 class=\"wp-block-heading\"><strong>1. Desafios<\/strong><\/h2>\n\n\n\n<p>Alguns desafios da gest\u00e3o varejista est\u00e3o relacionados \u00e0 oscila\u00e7\u00e3o do mercado que tem liga\u00e7\u00e3o direta com a gera\u00e7\u00e3o de empregos e sa\u00fade financeira do pa\u00eds. Isso significa que, quando a economia vai bem, a popula\u00e7\u00e3o tende a aumentar o seu consumo, uma vez que as necessidades b\u00e1sicas j\u00e1 est\u00e3o garantidas. No entanto, mesmo em tempos de crise, \u00e9 poss\u00edvel encontrar alternativas que minimizem perdas e facilitem a cria\u00e7\u00e3o de pontes e novas oportunidades, seja por meio de parcerias que oferecem descontos ou de adapta\u00e7\u00f5es que representam novas entradas no mercado.&nbsp;<\/p>\n\n\n\n<p><br>Em fevereiro de 2021 o<a href=\"https:\/\/www.sebrae.com.br\/sites\/PortalSebrae\/empreendedorismofeminino\/artigoempreededorismofeminino\/se-o-varejo-mudou-seu-negocio-tambem-pode-mudar,1bf8496658ad7710VgnVCM100000d701210aRCRD\" target=\"_blank\" rel=\"noreferrer noopener\"> Sebrae<\/a> produziu uma reportagem sobre orienta\u00e7\u00f5es para o segmento de varejo durante a crise provocada pelo coronav\u00edrus. Dentre os apontamentos, observamos o destaque do setor de RH na formaliza\u00e7\u00e3o de acordos e de alternativas para minimizar os impactos para os trabalhadores. A seguir, focaremos nas solu\u00e7\u00f5es relacionadas \u00e0 gest\u00e3o varejista de forma mais ampla.<\/p>\n\n\n\n<h3 class=\"wp-block-heading\"><strong>\u2022 Adapta\u00e7\u00f5es por conta da pandemia<\/strong><\/h3>\n\n\n\n<p>A palavra em destaque neste momento \u00e9 adapta\u00e7\u00e3o. Todo o mundo tem precisado se adaptar \u00e0s novas regras de isolamento social e recomenda\u00e7\u00f5es de sa\u00fade para conter o v\u00edrus. Portanto, o grande desafio \u00e9 preservar a vida, a sa\u00fade e o emocional de todos os trabalhadores da sua empresa, inclusive o seu.<\/p>\n\n\n\n<p>\u00c9 importante ressaltar que adaptar-se n\u00e3o significa romantizar as dificuldades enfrentadas neste momento da pandemia. No entanto, quando se trata de empreendimentos, a regra mais indicada \u00e9 adaptar para reduzir ou contornar os impactos. Nesse sentido, se voc\u00ea possui um restaurante, por exemplo, uma alternativa \u00e9 criar uma op\u00e7\u00e3o de card\u00e1pio promocional, que pode ter maior ader\u00eancia nesse per\u00edodo e gerar uma entrada frequente, ainda que menor, para o seu neg\u00f3cio.&nbsp;<\/p>\n\n\n\n<h3 class=\"wp-block-heading\"><strong>\u2022 Gera\u00e7\u00e3o de caixa<\/strong><\/h3>\n\n\n\n<p>Sem d\u00favida a gera\u00e7\u00e3o de caixa \u00e9 um dos principais desafios para a gest\u00e3o varejista. Como falamos anteriormente, a pandemia imp\u00f4s um novo ritmo de consumo a grande parte das pessoas, e com isso a gera\u00e7\u00e3o de caixa pode ter sofrido alguns impactos.&nbsp;<\/p>\n\n\n\n<p>A dica aqui \u00e9 aceitar que o momento do seu empreendimento pode ser de manuten\u00e7\u00e3o e sobreviv\u00eancia, e n\u00e3o de expans\u00e3o e crescimento. Nesse sentido, criar um plano de neg\u00f3cios &nbsp;com um cen\u00e1rio pessimista, moderado e otimista, pode te ajudar a se antecipar e conseguir contornar alguns resultados. N\u00e3o adquirir novas d\u00edvidas tamb\u00e9m \u00e9 especialmente importante para este per\u00edodo, em que suas entradas precisam focar naquilo que \u00e9 mais importante.&nbsp;<\/p>\n\n\n\n<h3 class=\"wp-block-heading\"><strong>\u2022 Pre\u00e7os do mercado<\/strong><\/h3>\n\n\n\n<p>Sem d\u00favida a situa\u00e7\u00e3o econ\u00f4mica do pa\u00eds influencia no aquecimento das vendas. Por isso, o mercado \u00e9 sempre um desafio a ser considerado para a gest\u00e3o varejista. Desde a negocia\u00e7\u00e3o da mat\u00e9ria prima aos melhores fornecedores, tudo precisa ser avaliado conforme o contexto. Por tanto, avalie as alternativas e d\u00ea prefer\u00eancia por fornecedores confi\u00e1veis, que v\u00e3o manter o compromisso com voc\u00ea.<\/p>\n\n\n\n<h3 class=\"wp-block-heading\"><strong>\u2022 Transforma\u00e7\u00e3o digital<\/strong><\/h3>\n\n\n\n<p>A internet inaugurou uma nova forma de se comunicar com o mundo que transformou o modo como n\u00f3s vivemos. Atualmente, com a populariza\u00e7\u00e3o da rede e dos dispositivos eletr\u00f4nicos, estar online \u00e9 um pr\u00e9-requisito para aquecer as suas vendas. Assim, ao mesmo tempo que a <a href=\"https:\/\/www.sfhera.com.br\/blog\/2021\/05\/11\/presenca-digital\/\" target=\"_blank\" rel=\"noreferrer noopener\">transforma\u00e7\u00e3o digital<\/a> do seu neg\u00f3cio \u00e9 um desafio a ser superado, \u00e9 tamb\u00e9m uma oportunidade de crescimento e inova\u00e7\u00e3o.<\/p>\n\n\n\n<h2 class=\"wp-block-heading\"><strong>2. Tend\u00eancias<\/strong><\/h2>\n\n\n\n<p>Agora que voc\u00ea j\u00e1 conferiu os principais desafios da gest\u00e3o varejista, \u00e9 hora de conhecer algumas tend\u00eancias apontadas para o segmento. Pensar em tend\u00eancias \u00e9 se planejar parcialmente para um futuro pr\u00f3ximo que, de acordo com sinais de mercado, representam alternativas de a\u00e7\u00e3o positivas.<\/p>\n\n\n\n<h3 class=\"wp-block-heading\"><strong>\u2022 Softwares de gest\u00e3o<\/strong><\/h3>\n\n\n\n<p>Otimizar o tempo, registrar dados com seguran\u00e7a e gerenciar todos os processos de forma eficiente. Isso \u00e9 o que voc\u00ea ganha ao utilizar <a href=\"https:\/\/www.sfhera.com.br\/blog\/2019\/07\/08\/o-grande-aliado-do-varejista-software-erp-de-gestao-empresarial-para-agilizar-processos-e-potencializar-lucros\/\" target=\"_blank\" rel=\"noreferrer noopener\">softwares na gest\u00e3o varejista<\/a>. Com o Sfhera Software, por exemplo, voc\u00ea consegue um gerenciamento inteligente de todas as frentes do seu neg\u00f3cio, desde os clientes ao seu estoque e quest\u00f5es financeiras. Conhe\u00e7a mais sobre nossas solu\u00e7\u00f5es que cabem no seu bolso.<\/p>\n\n\n\n<h3 class=\"wp-block-heading\"><strong>\u2022 Integra\u00e7\u00e3o<\/strong><\/h3>\n\n\n\n<p>Desde os processos e procedimentos \u00e0s suas campanhas publicit\u00e1rias, a integra\u00e7\u00e3o \u00e9 uma tend\u00eancia estrat\u00e9gica para este momento. Isto significa aten\u00e7\u00e3o \u00e0s mensagens que voc\u00ea comunica em seus canais, com o posicionamento da sua marca e suas estrat\u00e9gias internas. Integra\u00e7\u00e3o significa p\u00f4r em pr\u00e1tica processos que otimizem sua rotina (como dados fiscais, notas, boletos, base de clientes, etc) e facilitem a sua comunica\u00e7\u00e3o com os clientes.<\/p>\n\n\n\n<h3 class=\"wp-block-heading\"><strong>\u2022 Regra do menos \u00e9 mais<\/strong><\/h3>\n\n\n\n<p>A regra do menos \u00e9 mais prev\u00ea a\u00e7\u00f5es mais simples e objetivas para o gerenciamento do seu dia a dia produtivo e tamb\u00e9m no contato com o cliente. Ao inv\u00e9s de gastar muito investindo em conquistar novos clientes, por que n\u00e3o tratar a base que voc\u00ea j\u00e1 possui e j\u00e1 se relaciona para criar novas condi\u00e7\u00f5es de compra? Lembre-se que uma a\u00e7\u00e3o bem executada n\u00e3o depende de processos mega complexos ou de investimentos elaborados. Planeje, analise, tome medidas de corre\u00e7\u00e3o e sempre monitore.<\/p>\n\n\n\n<p>Com as tend\u00eancias do segmento varejista, esperamos que voc\u00ea consiga aquecer suas vendas e gerenciar de forma mais inteligente os seus recursos.&nbsp;<\/p>\n\n\n\n<p class=\"has-text-align-center\"><a href=\"https:\/\/site.sfhera.com.br\/\" target=\"_blank\" rel=\"noreferrer noopener\">Se voc\u00ea quiser descobrir como o Sfhera Software pode ajudar voc\u00ea a tornar mais eficiente os seus processos, entre em contato conosco.<\/a><\/p>\n","protected":false},"excerpt":{"rendered":"<p>Gest\u00e3o varejista: conhe\u00e7a os desafios e as tend\u00eancias do segmento Seja na venda de bens ou servi\u00e7os, o segmento do varejo \u00e9&hellip;<\/p>\n","protected":false},"author":1,"featured_media":1420,"comment_status":"closed","ping_status":"open","sticky":false,"template":"","format":"standard","meta":{"footnotes":""},"categories":[4,3],"tags":[35,387],"class_list":["post-1419","post","type-post","status-publish","format-standard","has-post-thumbnail","hentry","category-gestaoenegocios","category-empreendorismo","tag-gestao","tag-tendencias"],"yoast_head":"<!-- This site is optimized with the Yoast SEO plugin v27.5 - https:\/\/yoast.com\/product\/yoast-seo-wordpress\/ -->\n<title>Gest\u00e3o varejista: conhe\u00e7a os desafios e as tend\u00eancias do segmento - Sfhera Software<\/title>\n<meta name=\"description\" content=\"Para uma gest\u00e3o varejista de sucesso \u00e9 preciso lidar com os desafios da pandemia, gera\u00e7\u00e3o de caixa, pre\u00e7os do mercado e a transforma\u00e7\u00e3o digital.\" \/>\n<meta name=\"robots\" content=\"index, follow, max-snippet:-1, max-image-preview:large, max-video-preview:-1\" \/>\n<link rel=\"canonical\" href=\"https:\/\/sfhera.com.br\/blog\/gestao-varejista\/\" \/>\n<meta property=\"og:locale\" content=\"pt_BR\" \/>\n<meta property=\"og:type\" content=\"article\" \/>\n<meta property=\"og:title\" content=\"Gest\u00e3o varejista: conhe\u00e7a os desafios e as tend\u00eancias do segmento - Sfhera Software\" \/>\n<meta property=\"og:description\" content=\"Para uma gest\u00e3o varejista de sucesso \u00e9 preciso lidar com os desafios da pandemia, gera\u00e7\u00e3o de caixa, pre\u00e7os do mercado e a transforma\u00e7\u00e3o digital.\" \/>\n<meta property=\"og:url\" content=\"https:\/\/sfhera.com.br\/blog\/gestao-varejista\/\" \/>\n<meta property=\"og:site_name\" content=\"Sfhera Software\" \/>\n<meta property=\"article:publisher\" content=\"https:\/\/www.facebook.com\/sfhera\" \/>\n<meta property=\"article:published_time\" content=\"2021-06-14T12:15:38+00:00\" \/>\n<meta property=\"article:modified_time\" content=\"2021-06-14T12:16:51+00:00\" \/>\n<meta property=\"og:image\" content=\"https:\/\/sfhera.com.br\/blog\/wp-content\/uploads\/2021\/06\/Gest\u00e3o-varejista-conhe\u00e7a-os-desafios-e-as-tend\u00eancias-do-segmento-capa.png\" \/>\n\t<meta property=\"og:image:width\" content=\"800\" \/>\n\t<meta property=\"og:image:height\" content=\"400\" \/>\n\t<meta property=\"og:image:type\" content=\"image\/png\" \/>\n<meta name=\"author\" content=\"Sfhera Software\" \/>\n<meta name=\"twitter:card\" content=\"summary_large_image\" \/>\n<meta name=\"twitter:creator\" content=\"@sfhera\" \/>\n<meta name=\"twitter:site\" content=\"@sfhera\" \/>\n<meta name=\"twitter:label1\" content=\"Escrito por\" \/>\n\t<meta name=\"twitter:data1\" content=\"Sfhera Software\" \/>\n\t<meta name=\"twitter:label2\" content=\"Est. tempo de leitura\" \/>\n\t<meta name=\"twitter:data2\" content=\"6 minutos\" \/>\n<script type=\"application\/ld+json\" class=\"yoast-schema-graph\">{\"@context\":\"https:\\\/\\\/schema.org\",\"@graph\":[{\"@type\":\"Article\",\"@id\":\"https:\\\/\\\/sfhera.com.br\\\/blog\\\/gestao-varejista\\\/#article\",\"isPartOf\":{\"@id\":\"https:\\\/\\\/sfhera.com.br\\\/blog\\\/gestao-varejista\\\/\"},\"author\":{\"name\":\"Sfhera Software\",\"@id\":\"https:\\\/\\\/sfhera.com.br\\\/blog\\\/#\\\/schema\\\/person\\\/0a21d0c7b6b15bda9d9c072dde915f2a\"},\"headline\":\"Gest\u00e3o varejista: conhe\u00e7a os desafios e as tend\u00eancias do segmento\",\"datePublished\":\"2021-06-14T12:15:38+00:00\",\"dateModified\":\"2021-06-14T12:16:51+00:00\",\"mainEntityOfPage\":{\"@id\":\"https:\\\/\\\/sfhera.com.br\\\/blog\\\/gestao-varejista\\\/\"},\"wordCount\":1174,\"publisher\":{\"@id\":\"https:\\\/\\\/sfhera.com.br\\\/blog\\\/#organization\"},\"image\":{\"@id\":\"https:\\\/\\\/sfhera.com.br\\\/blog\\\/gestao-varejista\\\/#primaryimage\"},\"thumbnailUrl\":\"https:\\\/\\\/sfhera.com.br\\\/blog\\\/wp-content\\\/uploads\\\/2021\\\/06\\\/Gest\u00e3o-varejista-conhe\u00e7a-os-desafios-e-as-tend\u00eancias-do-segmento-capa.png\",\"keywords\":[\"gest\u00e3o\",\"tend\u00eancias\"],\"articleSection\":[\"Gest\u00e3o e Neg\u00f3cios\",\"Empreendedorismo\"],\"inLanguage\":\"pt-BR\"},{\"@type\":\"WebPage\",\"@id\":\"https:\\\/\\\/sfhera.com.br\\\/blog\\\/gestao-varejista\\\/\",\"url\":\"https:\\\/\\\/sfhera.com.br\\\/blog\\\/gestao-varejista\\\/\",\"name\":\"Gest\u00e3o varejista: conhe\u00e7a os desafios e as tend\u00eancias do segmento - Sfhera Software\",\"isPartOf\":{\"@id\":\"https:\\\/\\\/sfhera.com.br\\\/blog\\\/#website\"},\"primaryImageOfPage\":{\"@id\":\"https:\\\/\\\/sfhera.com.br\\\/blog\\\/gestao-varejista\\\/#primaryimage\"},\"image\":{\"@id\":\"https:\\\/\\\/sfhera.com.br\\\/blog\\\/gestao-varejista\\\/#primaryimage\"},\"thumbnailUrl\":\"https:\\\/\\\/sfhera.com.br\\\/blog\\\/wp-content\\\/uploads\\\/2021\\\/06\\\/Gest\u00e3o-varejista-conhe\u00e7a-os-desafios-e-as-tend\u00eancias-do-segmento-capa.png\",\"datePublished\":\"2021-06-14T12:15:38+00:00\",\"dateModified\":\"2021-06-14T12:16:51+00:00\",\"description\":\"Para uma gest\u00e3o varejista de sucesso \u00e9 preciso lidar com os desafios da pandemia, gera\u00e7\u00e3o de caixa, pre\u00e7os do mercado e a transforma\u00e7\u00e3o digital.\",\"breadcrumb\":{\"@id\":\"https:\\\/\\\/sfhera.com.br\\\/blog\\\/gestao-varejista\\\/#breadcrumb\"},\"inLanguage\":\"pt-BR\",\"potentialAction\":[{\"@type\":\"ReadAction\",\"target\":[\"https:\\\/\\\/sfhera.com.br\\\/blog\\\/gestao-varejista\\\/\"]}]},{\"@type\":\"ImageObject\",\"inLanguage\":\"pt-BR\",\"@id\":\"https:\\\/\\\/sfhera.com.br\\\/blog\\\/gestao-varejista\\\/#primaryimage\",\"url\":\"https:\\\/\\\/sfhera.com.br\\\/blog\\\/wp-content\\\/uploads\\\/2021\\\/06\\\/Gest\u00e3o-varejista-conhe\u00e7a-os-desafios-e-as-tend\u00eancias-do-segmento-capa.png\",\"contentUrl\":\"https:\\\/\\\/sfhera.com.br\\\/blog\\\/wp-content\\\/uploads\\\/2021\\\/06\\\/Gest\u00e3o-varejista-conhe\u00e7a-os-desafios-e-as-tend\u00eancias-do-segmento-capa.png\",\"width\":800,\"height\":400,\"caption\":\"Gest\u00e3o varejista: conhe\u00e7a os desafios e as tend\u00eancias do segmento\"},{\"@type\":\"BreadcrumbList\",\"@id\":\"https:\\\/\\\/sfhera.com.br\\\/blog\\\/gestao-varejista\\\/#breadcrumb\",\"itemListElement\":[{\"@type\":\"ListItem\",\"position\":1,\"name\":\"In\u00edcio\",\"item\":\"https:\\\/\\\/sfhera.com.br\\\/blog\\\/\"},{\"@type\":\"ListItem\",\"position\":2,\"name\":\"Gest\u00e3o varejista: conhe\u00e7a os desafios e as tend\u00eancias do segmento\"}]},{\"@type\":\"WebSite\",\"@id\":\"https:\\\/\\\/sfhera.com.br\\\/blog\\\/#website\",\"url\":\"https:\\\/\\\/sfhera.com.br\\\/blog\\\/\",\"name\":\"Sfhera Software\",\"description\":\"Aplicativos de Gest\u00e3o para o Varejo\",\"publisher\":{\"@id\":\"https:\\\/\\\/sfhera.com.br\\\/blog\\\/#organization\"},\"potentialAction\":[{\"@type\":\"SearchAction\",\"target\":{\"@type\":\"EntryPoint\",\"urlTemplate\":\"https:\\\/\\\/sfhera.com.br\\\/blog\\\/?s={search_term_string}\"},\"query-input\":{\"@type\":\"PropertyValueSpecification\",\"valueRequired\":true,\"valueName\":\"search_term_string\"}}],\"inLanguage\":\"pt-BR\"},{\"@type\":\"Organization\",\"@id\":\"https:\\\/\\\/sfhera.com.br\\\/blog\\\/#organization\",\"name\":\"Sfhera Software\",\"url\":\"https:\\\/\\\/sfhera.com.br\\\/blog\\\/\",\"logo\":{\"@type\":\"ImageObject\",\"inLanguage\":\"pt-BR\",\"@id\":\"https:\\\/\\\/sfhera.com.br\\\/blog\\\/#\\\/schema\\\/logo\\\/image\\\/\",\"url\":\"https:\\\/\\\/www.sfhera.com.br\\\/blog\\\/wp-content\\\/uploads\\\/2017\\\/06\\\/logo.png\",\"contentUrl\":\"https:\\\/\\\/www.sfhera.com.br\\\/blog\\\/wp-content\\\/uploads\\\/2017\\\/06\\\/logo.png\",\"width\":200,\"height\":65,\"caption\":\"Sfhera Software\"},\"image\":{\"@id\":\"https:\\\/\\\/sfhera.com.br\\\/blog\\\/#\\\/schema\\\/logo\\\/image\\\/\"},\"sameAs\":[\"https:\\\/\\\/www.facebook.com\\\/sfhera\",\"https:\\\/\\\/x.com\\\/sfhera\",\"https:\\\/\\\/br.linkedin.com\\\/company\\\/sfhera-software\"]},{\"@type\":\"Person\",\"@id\":\"https:\\\/\\\/sfhera.com.br\\\/blog\\\/#\\\/schema\\\/person\\\/0a21d0c7b6b15bda9d9c072dde915f2a\",\"name\":\"Sfhera Software\",\"image\":{\"@type\":\"ImageObject\",\"inLanguage\":\"pt-BR\",\"@id\":\"https:\\\/\\\/secure.gravatar.com\\\/avatar\\\/b1d1b13f14dd2dc5b3fb21e60579548fa4f79040171567f49ae19080fb354524?s=96&d=mm&r=g\",\"url\":\"https:\\\/\\\/secure.gravatar.com\\\/avatar\\\/b1d1b13f14dd2dc5b3fb21e60579548fa4f79040171567f49ae19080fb354524?s=96&d=mm&r=g\",\"contentUrl\":\"https:\\\/\\\/secure.gravatar.com\\\/avatar\\\/b1d1b13f14dd2dc5b3fb21e60579548fa4f79040171567f49ae19080fb354524?s=96&d=mm&r=g\",\"caption\":\"Sfhera Software\"},\"url\":\"https:\\\/\\\/sfhera.com.br\\\/blog\\\/author\\\/admin\\\/\"}]}<\/script>\n<!-- \/ Yoast SEO plugin. -->","yoast_head_json":{"title":"Gest\u00e3o varejista: conhe\u00e7a os desafios e as tend\u00eancias do segmento - Sfhera Software","description":"Para uma gest\u00e3o varejista de sucesso \u00e9 preciso lidar com os desafios da pandemia, gera\u00e7\u00e3o de caixa, pre\u00e7os do mercado e a transforma\u00e7\u00e3o digital.","robots":{"index":"index","follow":"follow","max-snippet":"max-snippet:-1","max-image-preview":"max-image-preview:large","max-video-preview":"max-video-preview:-1"},"canonical":"https:\/\/sfhera.com.br\/blog\/gestao-varejista\/","og_locale":"pt_BR","og_type":"article","og_title":"Gest\u00e3o varejista: conhe\u00e7a os desafios e as tend\u00eancias do segmento - Sfhera Software","og_description":"Para uma gest\u00e3o varejista de sucesso \u00e9 preciso lidar com os desafios da pandemia, gera\u00e7\u00e3o de caixa, pre\u00e7os do mercado e a transforma\u00e7\u00e3o digital.","og_url":"https:\/\/sfhera.com.br\/blog\/gestao-varejista\/","og_site_name":"Sfhera Software","article_publisher":"https:\/\/www.facebook.com\/sfhera","article_published_time":"2021-06-14T12:15:38+00:00","article_modified_time":"2021-06-14T12:16:51+00:00","og_image":[{"width":800,"height":400,"url":"https:\/\/sfhera.com.br\/blog\/wp-content\/uploads\/2021\/06\/Gest\u00e3o-varejista-conhe\u00e7a-os-desafios-e-as-tend\u00eancias-do-segmento-capa.png","type":"image\/png"}],"author":"Sfhera Software","twitter_card":"summary_large_image","twitter_creator":"@sfhera","twitter_site":"@sfhera","twitter_misc":{"Escrito por":"Sfhera Software","Est. tempo de leitura":"6 minutos"},"schema":{"@context":"https:\/\/schema.org","@graph":[{"@type":"Article","@id":"https:\/\/sfhera.com.br\/blog\/gestao-varejista\/#article","isPartOf":{"@id":"https:\/\/sfhera.com.br\/blog\/gestao-varejista\/"},"author":{"name":"Sfhera Software","@id":"https:\/\/sfhera.com.br\/blog\/#\/schema\/person\/0a21d0c7b6b15bda9d9c072dde915f2a"},"headline":"Gest\u00e3o varejista: conhe\u00e7a os desafios e as tend\u00eancias do segmento","datePublished":"2021-06-14T12:15:38+00:00","dateModified":"2021-06-14T12:16:51+00:00","mainEntityOfPage":{"@id":"https:\/\/sfhera.com.br\/blog\/gestao-varejista\/"},"wordCount":1174,"publisher":{"@id":"https:\/\/sfhera.com.br\/blog\/#organization"},"image":{"@id":"https:\/\/sfhera.com.br\/blog\/gestao-varejista\/#primaryimage"},"thumbnailUrl":"https:\/\/sfhera.com.br\/blog\/wp-content\/uploads\/2021\/06\/Gest\u00e3o-varejista-conhe\u00e7a-os-desafios-e-as-tend\u00eancias-do-segmento-capa.png","keywords":["gest\u00e3o","tend\u00eancias"],"articleSection":["Gest\u00e3o e Neg\u00f3cios","Empreendedorismo"],"inLanguage":"pt-BR"},{"@type":"WebPage","@id":"https:\/\/sfhera.com.br\/blog\/gestao-varejista\/","url":"https:\/\/sfhera.com.br\/blog\/gestao-varejista\/","name":"Gest\u00e3o varejista: conhe\u00e7a os desafios e as tend\u00eancias do segmento - Sfhera Software","isPartOf":{"@id":"https:\/\/sfhera.com.br\/blog\/#website"},"primaryImageOfPage":{"@id":"https:\/\/sfhera.com.br\/blog\/gestao-varejista\/#primaryimage"},"image":{"@id":"https:\/\/sfhera.com.br\/blog\/gestao-varejista\/#primaryimage"},"thumbnailUrl":"https:\/\/sfhera.com.br\/blog\/wp-content\/uploads\/2021\/06\/Gest\u00e3o-varejista-conhe\u00e7a-os-desafios-e-as-tend\u00eancias-do-segmento-capa.png","datePublished":"2021-06-14T12:15:38+00:00","dateModified":"2021-06-14T12:16:51+00:00","description":"Para uma gest\u00e3o varejista de sucesso \u00e9 preciso lidar com os desafios da pandemia, gera\u00e7\u00e3o de caixa, pre\u00e7os do mercado e a transforma\u00e7\u00e3o digital.","breadcrumb":{"@id":"https:\/\/sfhera.com.br\/blog\/gestao-varejista\/#breadcrumb"},"inLanguage":"pt-BR","potentialAction":[{"@type":"ReadAction","target":["https:\/\/sfhera.com.br\/blog\/gestao-varejista\/"]}]},{"@type":"ImageObject","inLanguage":"pt-BR","@id":"https:\/\/sfhera.com.br\/blog\/gestao-varejista\/#primaryimage","url":"https:\/\/sfhera.com.br\/blog\/wp-content\/uploads\/2021\/06\/Gest\u00e3o-varejista-conhe\u00e7a-os-desafios-e-as-tend\u00eancias-do-segmento-capa.png","contentUrl":"https:\/\/sfhera.com.br\/blog\/wp-content\/uploads\/2021\/06\/Gest\u00e3o-varejista-conhe\u00e7a-os-desafios-e-as-tend\u00eancias-do-segmento-capa.png","width":800,"height":400,"caption":"Gest\u00e3o varejista: conhe\u00e7a os desafios e as tend\u00eancias do segmento"},{"@type":"BreadcrumbList","@id":"https:\/\/sfhera.com.br\/blog\/gestao-varejista\/#breadcrumb","itemListElement":[{"@type":"ListItem","position":1,"name":"In\u00edcio","item":"https:\/\/sfhera.com.br\/blog\/"},{"@type":"ListItem","position":2,"name":"Gest\u00e3o varejista: conhe\u00e7a os desafios e as tend\u00eancias do segmento"}]},{"@type":"WebSite","@id":"https:\/\/sfhera.com.br\/blog\/#website","url":"https:\/\/sfhera.com.br\/blog\/","name":"Sfhera Software","description":"Aplicativos de Gest\u00e3o para o Varejo","publisher":{"@id":"https:\/\/sfhera.com.br\/blog\/#organization"},"potentialAction":[{"@type":"SearchAction","target":{"@type":"EntryPoint","urlTemplate":"https:\/\/sfhera.com.br\/blog\/?s={search_term_string}"},"query-input":{"@type":"PropertyValueSpecification","valueRequired":true,"valueName":"search_term_string"}}],"inLanguage":"pt-BR"},{"@type":"Organization","@id":"https:\/\/sfhera.com.br\/blog\/#organization","name":"Sfhera Software","url":"https:\/\/sfhera.com.br\/blog\/","logo":{"@type":"ImageObject","inLanguage":"pt-BR","@id":"https:\/\/sfhera.com.br\/blog\/#\/schema\/logo\/image\/","url":"https:\/\/www.sfhera.com.br\/blog\/wp-content\/uploads\/2017\/06\/logo.png","contentUrl":"https:\/\/www.sfhera.com.br\/blog\/wp-content\/uploads\/2017\/06\/logo.png","width":200,"height":65,"caption":"Sfhera Software"},"image":{"@id":"https:\/\/sfhera.com.br\/blog\/#\/schema\/logo\/image\/"},"sameAs":["https:\/\/www.facebook.com\/sfhera","https:\/\/x.com\/sfhera","https:\/\/br.linkedin.com\/company\/sfhera-software"]},{"@type":"Person","@id":"https:\/\/sfhera.com.br\/blog\/#\/schema\/person\/0a21d0c7b6b15bda9d9c072dde915f2a","name":"Sfhera Software","image":{"@type":"ImageObject","inLanguage":"pt-BR","@id":"https:\/\/secure.gravatar.com\/avatar\/b1d1b13f14dd2dc5b3fb21e60579548fa4f79040171567f49ae19080fb354524?s=96&d=mm&r=g","url":"https:\/\/secure.gravatar.com\/avatar\/b1d1b13f14dd2dc5b3fb21e60579548fa4f79040171567f49ae19080fb354524?s=96&d=mm&r=g","contentUrl":"https:\/\/secure.gravatar.com\/avatar\/b1d1b13f14dd2dc5b3fb21e60579548fa4f79040171567f49ae19080fb354524?s=96&d=mm&r=g","caption":"Sfhera Software"},"url":"https:\/\/sfhera.com.br\/blog\/author\/admin\/"}]}},"_links":{"self":[{"href":"https:\/\/sfhera.com.br\/blog\/wp-json\/wp\/v2\/posts\/1419","targetHints":{"allow":["GET"]}}],"collection":[{"href":"https:\/\/sfhera.com.br\/blog\/wp-json\/wp\/v2\/posts"}],"about":[{"href":"https:\/\/sfhera.com.br\/blog\/wp-json\/wp\/v2\/types\/post"}],"author":[{"embeddable":true,"href":"https:\/\/sfhera.com.br\/blog\/wp-json\/wp\/v2\/users\/1"}],"replies":[{"embeddable":true,"href":"https:\/\/sfhera.com.br\/blog\/wp-json\/wp\/v2\/comments?post=1419"}],"version-history":[{"count":2,"href":"https:\/\/sfhera.com.br\/blog\/wp-json\/wp\/v2\/posts\/1419\/revisions"}],"predecessor-version":[{"id":1422,"href":"https:\/\/sfhera.com.br\/blog\/wp-json\/wp\/v2\/posts\/1419\/revisions\/1422"}],"wp:featuredmedia":[{"embeddable":true,"href":"https:\/\/sfhera.com.br\/blog\/wp-json\/wp\/v2\/media\/1420"}],"wp:attachment":[{"href":"https:\/\/sfhera.com.br\/blog\/wp-json\/wp\/v2\/media?parent=1419"}],"wp:term":[{"taxonomy":"category","embeddable":true,"href":"https:\/\/sfhera.com.br\/blog\/wp-json\/wp\/v2\/categories?post=1419"},{"taxonomy":"post_tag","embeddable":true,"href":"https:\/\/sfhera.com.br\/blog\/wp-json\/wp\/v2\/tags?post=1419"}],"curies":[{"name":"wp","href":"https:\/\/api.w.org\/{rel}","templated":true}]}}