{"id":150,"date":"2017-06-28T08:53:41","date_gmt":"2017-06-28T11:53:41","guid":{"rendered":"https:\/\/sfhera.com.br\/blog\/?p=150"},"modified":"2017-06-28T08:53:41","modified_gmt":"2017-06-28T11:53:41","slug":"receita-federal-regulamenta-o-programa-especial-de-regularizacao-tributaria-pert","status":"publish","type":"post","link":"https:\/\/sfhera.com.br\/blog\/receita-federal-regulamenta-o-programa-especial-de-regularizacao-tributaria-pert\/","title":{"rendered":"Receita Federal regulamenta o Programa Especial de Regulariza\u00e7\u00e3o Tribut\u00e1ria (PERT)"},"content":{"rendered":"<p>Foi publicada no Di\u00e1rio Oficial da Uni\u00e3o a I<a class=\"external-link\" title=\"\" href=\"http:\/\/normas.receita.fazenda.gov.br\/sijut2consulta\/link.action?visao=anotado&amp;idAto=83853\" target=\"_self\">nstru\u00e7\u00e3o Normativa RFB n\u00ba 1711\/2017 <\/a>que trata da renegocia\u00e7\u00e3o de d\u00edvidas lan\u00e7ada pela Medida Provis\u00f3ria n\u00ba 783, de 31 de maio de 2017.<\/p>\n<p>Al\u00e9m de visar a redu\u00e7\u00e3o dos processos em lit\u00edgios tribut\u00e1rios, o PERT objetiva proporcionar \u00e0s empresas e aos cidad\u00e3os condi\u00e7\u00f5es especiais para a negocia\u00e7\u00e3o de suas d\u00edvidas.<\/p>\n<p>Nesse programa, o contribuinte pode optar por uma das seguintes modalidades:<br \/>\nI) pagamento \u00e0 vista e em esp\u00e9cie de, no m\u00ednimo, 20% do valor da d\u00edvida consolidada, sem redu\u00e7\u00e3o, em 5 parcelas mensais e sucessivas, venc\u00edveis de agosto a dezembro de 2017, e a liquida\u00e7\u00e3o do restante com a utiliza\u00e7\u00e3o de cr\u00e9ditos de preju\u00edzo fiscal e base de c\u00e1lculo negativa da Contribui\u00e7\u00e3o Social sobre o Lucro L\u00edquido (CSLL) ou com outros cr\u00e9ditos pr\u00f3prios relativos aos tributos administrados pela Secretaria da Receita Federal do Brasil (RFB);<br \/>\nII) pagamento da d\u00edvida consolidada em at\u00e9 120 presta\u00e7\u00f5es mensais e sucessivas;<br \/>\nIII) pagamento \u00e0 vista e em esp\u00e9cie de, no m\u00ednimo, 20% do valor da d\u00edvida consolidada, sem redu\u00e7\u00e3o, em 5 parcelas mensais e sucessivas, venc\u00edveis de agosto a dezembro de 2017, e o restante:<br \/>\na) liquidado integralmente em janeiro de 2018, em parcela \u00fanica, com redu\u00e7\u00e3o de 90% dos juros de mora e 50% das multas de mora, de of\u00edcio ou isoladas;<br \/>\nb) parcelado em at\u00e9 145 parcelas mensais e sucessivas, venc\u00edveis a partir de janeiro de 2018, com redu\u00e7\u00e3o de 80% dos juros de mora e de 40% das multas de mora, de of\u00edcio ou isoladas; ou<br \/>\nc) parcelado em at\u00e9 175 parcelas mensais e sucessivas, venc\u00edveis a partir de janeiro de 2018, com redu\u00e7\u00e3o de 50% dos juros de mora e de 25% das multas de mora, de of\u00edcio ou isoladas, sendo cada parcela calculada com base no valor correspondente a um por cento da receita bruta da pessoa jur\u00eddica, referente ao m\u00eas imediatamente anterior ao do pagamento, n\u00e3o podendo ser inferior a 1\/175 (um cento e setenta e cinco avos) do total da d\u00edvida consolidada.<\/p>\n<p>Quem possui d\u00edvida total igual ou inferior a R$ 15 milh\u00f5es, ao optar pela terceira modalidade tem a benesse de redu\u00e7\u00e3o do valor do pagamento \u00e0 vista em esp\u00e9cie para, no m\u00ednimo, 7,5% do valor da d\u00edvida consolidada, sem redu\u00e7\u00f5es, que dever\u00e1 ser pago em 5 parcelas mensais e sucessivas, venc\u00edveis de agosto a dezembro de 2017, e a possibilidade de utiliza\u00e7\u00e3o de cr\u00e9ditos de preju\u00edzo fiscal e de base de c\u00e1lculo negativa da CSLL e de outros cr\u00e9ditos pr\u00f3prios relativos aos tributos administrados pela RFB.<\/p>\n<p>A ades\u00e3o ao PERT pode ser efetuada do dia 3 de julho ao dia 31 de agosto. O contribuinte que j\u00e1 estiver em outros programas de refinanciamento, poder\u00e1, \u00e0 sua op\u00e7\u00e3o, continuar naqueles programas e aderir ao PERT, ou ainda migrar os d\u00e9bitos dos outros programas para o PERT.<\/p>\n<p>A Instru\u00e7\u00e3o Normativa RFB n\u00ba 1711 apresenta maior detalhamento sobre as regras do Programa e outras informa\u00e7\u00f5es podem ser obtidas em consulta \u00e0 <a class=\"external-link\" title=\"\" href=\"https:\/\/idg.receita.fazenda.gov.br\/\" target=\"_self\">p\u00e1gina da Receita Federal na Internet<\/a>.<\/p>\n<p style=\"text-align: right;\">Fonte: Receita Federal<\/p>\n","protected":false},"excerpt":{"rendered":"<p>Foi publicada no Di\u00e1rio Oficial da Uni\u00e3o a Instru\u00e7\u00e3o Normativa RFB n\u00ba 1711\/2017 que trata da renegocia\u00e7\u00e3o de d\u00edvidas lan\u00e7ada pela Medida&hellip;<\/p>\n","protected":false},"author":1,"featured_media":151,"comment_status":"closed","ping_status":"open","sticky":false,"template":"","format":"standard","meta":{"footnotes":""},"categories":[6,4],"tags":[60,61],"class_list":["post-150","post","type-post","status-publish","format-standard","has-post-thumbnail","hentry","category-legislacao-fiscal","category-gestaoenegocios","tag-pert","tag-regulamentacao-tributaria"],"yoast_head":"<!-- This site is optimized with the Yoast SEO plugin v27.5 - https:\/\/yoast.com\/product\/yoast-seo-wordpress\/ -->\n<title>Receita Federal regulamenta o Programa Especial de Regulariza\u00e7\u00e3o Tribut\u00e1ria (PERT) - Sfhera Software<\/title>\n<meta name=\"robots\" content=\"index, follow, max-snippet:-1, max-image-preview:large, max-video-preview:-1\" \/>\n<link rel=\"canonical\" href=\"https:\/\/sfhera.com.br\/blog\/receita-federal-regulamenta-o-programa-especial-de-regularizacao-tributaria-pert\/\" \/>\n<meta property=\"og:locale\" content=\"pt_BR\" \/>\n<meta property=\"og:type\" content=\"article\" \/>\n<meta property=\"og:title\" content=\"Receita Federal regulamenta o Programa Especial de Regulariza\u00e7\u00e3o Tribut\u00e1ria (PERT) - Sfhera Software\" \/>\n<meta property=\"og:description\" content=\"Foi publicada no Di\u00e1rio Oficial da Uni\u00e3o a Instru\u00e7\u00e3o Normativa RFB n\u00ba 1711\/2017 que trata da renegocia\u00e7\u00e3o de d\u00edvidas lan\u00e7ada pela Medida&hellip;\" \/>\n<meta property=\"og:url\" content=\"https:\/\/sfhera.com.br\/blog\/receita-federal-regulamenta-o-programa-especial-de-regularizacao-tributaria-pert\/\" \/>\n<meta property=\"og:site_name\" content=\"Sfhera Software\" \/>\n<meta property=\"article:publisher\" content=\"https:\/\/www.facebook.com\/sfhera\" \/>\n<meta property=\"article:published_time\" content=\"2017-06-28T11:53:41+00:00\" \/>\n<meta property=\"og:image\" content=\"https:\/\/sfhera.com.br\/blog\/wp-content\/uploads\/2017\/06\/pert1.png.600x335_q85_box-05700396_crop_detail.jpg\" \/>\n\t<meta property=\"og:image:width\" content=\"600\" \/>\n\t<meta property=\"og:image:height\" content=\"335\" \/>\n\t<meta property=\"og:image:type\" content=\"image\/jpeg\" \/>\n<meta name=\"author\" content=\"Sfhera Software\" \/>\n<meta name=\"twitter:card\" content=\"summary_large_image\" \/>\n<meta name=\"twitter:creator\" content=\"@sfhera\" \/>\n<meta name=\"twitter:site\" content=\"@sfhera\" \/>\n<meta name=\"twitter:label1\" content=\"Escrito por\" \/>\n\t<meta name=\"twitter:data1\" content=\"Sfhera Software\" \/>\n\t<meta name=\"twitter:label2\" content=\"Est. tempo de leitura\" \/>\n\t<meta name=\"twitter:data2\" content=\"3 minutos\" \/>\n<script type=\"application\/ld+json\" class=\"yoast-schema-graph\">{\"@context\":\"https:\\\/\\\/schema.org\",\"@graph\":[{\"@type\":\"Article\",\"@id\":\"https:\\\/\\\/sfhera.com.br\\\/blog\\\/receita-federal-regulamenta-o-programa-especial-de-regularizacao-tributaria-pert\\\/#article\",\"isPartOf\":{\"@id\":\"https:\\\/\\\/sfhera.com.br\\\/blog\\\/receita-federal-regulamenta-o-programa-especial-de-regularizacao-tributaria-pert\\\/\"},\"author\":{\"name\":\"Sfhera Software\",\"@id\":\"https:\\\/\\\/sfhera.com.br\\\/blog\\\/#\\\/schema\\\/person\\\/0a21d0c7b6b15bda9d9c072dde915f2a\"},\"headline\":\"Receita Federal regulamenta o Programa Especial de Regulariza\u00e7\u00e3o Tribut\u00e1ria (PERT)\",\"datePublished\":\"2017-06-28T11:53:41+00:00\",\"mainEntityOfPage\":{\"@id\":\"https:\\\/\\\/sfhera.com.br\\\/blog\\\/receita-federal-regulamenta-o-programa-especial-de-regularizacao-tributaria-pert\\\/\"},\"wordCount\":545,\"publisher\":{\"@id\":\"https:\\\/\\\/sfhera.com.br\\\/blog\\\/#organization\"},\"image\":{\"@id\":\"https:\\\/\\\/sfhera.com.br\\\/blog\\\/receita-federal-regulamenta-o-programa-especial-de-regularizacao-tributaria-pert\\\/#primaryimage\"},\"thumbnailUrl\":\"https:\\\/\\\/sfhera.com.br\\\/blog\\\/wp-content\\\/uploads\\\/2017\\\/06\\\/pert1.png.600x335_q85_box-05700396_crop_detail.jpg\",\"keywords\":[\"pert\",\"regulamenta\u00e7\u00e3o tribut\u00e1ria\"],\"articleSection\":[\"Legisla\u00e7\u00e3o Fiscal\",\"Gest\u00e3o e Neg\u00f3cios\"],\"inLanguage\":\"pt-BR\"},{\"@type\":\"WebPage\",\"@id\":\"https:\\\/\\\/sfhera.com.br\\\/blog\\\/receita-federal-regulamenta-o-programa-especial-de-regularizacao-tributaria-pert\\\/\",\"url\":\"https:\\\/\\\/sfhera.com.br\\\/blog\\\/receita-federal-regulamenta-o-programa-especial-de-regularizacao-tributaria-pert\\\/\",\"name\":\"Receita Federal regulamenta o Programa Especial de Regulariza\u00e7\u00e3o Tribut\u00e1ria (PERT) - Sfhera Software\",\"isPartOf\":{\"@id\":\"https:\\\/\\\/sfhera.com.br\\\/blog\\\/#website\"},\"primaryImageOfPage\":{\"@id\":\"https:\\\/\\\/sfhera.com.br\\\/blog\\\/receita-federal-regulamenta-o-programa-especial-de-regularizacao-tributaria-pert\\\/#primaryimage\"},\"image\":{\"@id\":\"https:\\\/\\\/sfhera.com.br\\\/blog\\\/receita-federal-regulamenta-o-programa-especial-de-regularizacao-tributaria-pert\\\/#primaryimage\"},\"thumbnailUrl\":\"https:\\\/\\\/sfhera.com.br\\\/blog\\\/wp-content\\\/uploads\\\/2017\\\/06\\\/pert1.png.600x335_q85_box-05700396_crop_detail.jpg\",\"datePublished\":\"2017-06-28T11:53:41+00:00\",\"breadcrumb\":{\"@id\":\"https:\\\/\\\/sfhera.com.br\\\/blog\\\/receita-federal-regulamenta-o-programa-especial-de-regularizacao-tributaria-pert\\\/#breadcrumb\"},\"inLanguage\":\"pt-BR\",\"potentialAction\":[{\"@type\":\"ReadAction\",\"target\":[\"https:\\\/\\\/sfhera.com.br\\\/blog\\\/receita-federal-regulamenta-o-programa-especial-de-regularizacao-tributaria-pert\\\/\"]}]},{\"@type\":\"ImageObject\",\"inLanguage\":\"pt-BR\",\"@id\":\"https:\\\/\\\/sfhera.com.br\\\/blog\\\/receita-federal-regulamenta-o-programa-especial-de-regularizacao-tributaria-pert\\\/#primaryimage\",\"url\":\"https:\\\/\\\/sfhera.com.br\\\/blog\\\/wp-content\\\/uploads\\\/2017\\\/06\\\/pert1.png.600x335_q85_box-05700396_crop_detail.jpg\",\"contentUrl\":\"https:\\\/\\\/sfhera.com.br\\\/blog\\\/wp-content\\\/uploads\\\/2017\\\/06\\\/pert1.png.600x335_q85_box-05700396_crop_detail.jpg\",\"width\":600,\"height\":335,\"caption\":\"receita federal\"},{\"@type\":\"BreadcrumbList\",\"@id\":\"https:\\\/\\\/sfhera.com.br\\\/blog\\\/receita-federal-regulamenta-o-programa-especial-de-regularizacao-tributaria-pert\\\/#breadcrumb\",\"itemListElement\":[{\"@type\":\"ListItem\",\"position\":1,\"name\":\"In\u00edcio\",\"item\":\"https:\\\/\\\/sfhera.com.br\\\/blog\\\/\"},{\"@type\":\"ListItem\",\"position\":2,\"name\":\"Receita Federal regulamenta o Programa Especial de Regulariza\u00e7\u00e3o Tribut\u00e1ria (PERT)\"}]},{\"@type\":\"WebSite\",\"@id\":\"https:\\\/\\\/sfhera.com.br\\\/blog\\\/#website\",\"url\":\"https:\\\/\\\/sfhera.com.br\\\/blog\\\/\",\"name\":\"Sfhera Software\",\"description\":\"Aplicativos de Gest\u00e3o para o Varejo\",\"publisher\":{\"@id\":\"https:\\\/\\\/sfhera.com.br\\\/blog\\\/#organization\"},\"potentialAction\":[{\"@type\":\"SearchAction\",\"target\":{\"@type\":\"EntryPoint\",\"urlTemplate\":\"https:\\\/\\\/sfhera.com.br\\\/blog\\\/?s={search_term_string}\"},\"query-input\":{\"@type\":\"PropertyValueSpecification\",\"valueRequired\":true,\"valueName\":\"search_term_string\"}}],\"inLanguage\":\"pt-BR\"},{\"@type\":\"Organization\",\"@id\":\"https:\\\/\\\/sfhera.com.br\\\/blog\\\/#organization\",\"name\":\"Sfhera Software\",\"url\":\"https:\\\/\\\/sfhera.com.br\\\/blog\\\/\",\"logo\":{\"@type\":\"ImageObject\",\"inLanguage\":\"pt-BR\",\"@id\":\"https:\\\/\\\/sfhera.com.br\\\/blog\\\/#\\\/schema\\\/logo\\\/image\\\/\",\"url\":\"https:\\\/\\\/www.sfhera.com.br\\\/blog\\\/wp-content\\\/uploads\\\/2017\\\/06\\\/logo.png\",\"contentUrl\":\"https:\\\/\\\/www.sfhera.com.br\\\/blog\\\/wp-content\\\/uploads\\\/2017\\\/06\\\/logo.png\",\"width\":200,\"height\":65,\"caption\":\"Sfhera Software\"},\"image\":{\"@id\":\"https:\\\/\\\/sfhera.com.br\\\/blog\\\/#\\\/schema\\\/logo\\\/image\\\/\"},\"sameAs\":[\"https:\\\/\\\/www.facebook.com\\\/sfhera\",\"https:\\\/\\\/x.com\\\/sfhera\",\"https:\\\/\\\/br.linkedin.com\\\/company\\\/sfhera-software\"]},{\"@type\":\"Person\",\"@id\":\"https:\\\/\\\/sfhera.com.br\\\/blog\\\/#\\\/schema\\\/person\\\/0a21d0c7b6b15bda9d9c072dde915f2a\",\"name\":\"Sfhera Software\",\"image\":{\"@type\":\"ImageObject\",\"inLanguage\":\"pt-BR\",\"@id\":\"https:\\\/\\\/secure.gravatar.com\\\/avatar\\\/b1d1b13f14dd2dc5b3fb21e60579548fa4f79040171567f49ae19080fb354524?s=96&d=mm&r=g\",\"url\":\"https:\\\/\\\/secure.gravatar.com\\\/avatar\\\/b1d1b13f14dd2dc5b3fb21e60579548fa4f79040171567f49ae19080fb354524?s=96&d=mm&r=g\",\"contentUrl\":\"https:\\\/\\\/secure.gravatar.com\\\/avatar\\\/b1d1b13f14dd2dc5b3fb21e60579548fa4f79040171567f49ae19080fb354524?s=96&d=mm&r=g\",\"caption\":\"Sfhera Software\"},\"url\":\"https:\\\/\\\/sfhera.com.br\\\/blog\\\/author\\\/admin\\\/\"}]}<\/script>\n<!-- \/ Yoast SEO plugin. -->","yoast_head_json":{"title":"Receita Federal regulamenta o Programa Especial de Regulariza\u00e7\u00e3o Tribut\u00e1ria (PERT) - Sfhera Software","robots":{"index":"index","follow":"follow","max-snippet":"max-snippet:-1","max-image-preview":"max-image-preview:large","max-video-preview":"max-video-preview:-1"},"canonical":"https:\/\/sfhera.com.br\/blog\/receita-federal-regulamenta-o-programa-especial-de-regularizacao-tributaria-pert\/","og_locale":"pt_BR","og_type":"article","og_title":"Receita Federal regulamenta o Programa Especial de Regulariza\u00e7\u00e3o Tribut\u00e1ria (PERT) - Sfhera Software","og_description":"Foi publicada no Di\u00e1rio Oficial da Uni\u00e3o a Instru\u00e7\u00e3o Normativa RFB n\u00ba 1711\/2017 que trata da renegocia\u00e7\u00e3o de d\u00edvidas lan\u00e7ada pela Medida&hellip;","og_url":"https:\/\/sfhera.com.br\/blog\/receita-federal-regulamenta-o-programa-especial-de-regularizacao-tributaria-pert\/","og_site_name":"Sfhera Software","article_publisher":"https:\/\/www.facebook.com\/sfhera","article_published_time":"2017-06-28T11:53:41+00:00","og_image":[{"width":600,"height":335,"url":"https:\/\/sfhera.com.br\/blog\/wp-content\/uploads\/2017\/06\/pert1.png.600x335_q85_box-05700396_crop_detail.jpg","type":"image\/jpeg"}],"author":"Sfhera Software","twitter_card":"summary_large_image","twitter_creator":"@sfhera","twitter_site":"@sfhera","twitter_misc":{"Escrito por":"Sfhera Software","Est. tempo de leitura":"3 minutos"},"schema":{"@context":"https:\/\/schema.org","@graph":[{"@type":"Article","@id":"https:\/\/sfhera.com.br\/blog\/receita-federal-regulamenta-o-programa-especial-de-regularizacao-tributaria-pert\/#article","isPartOf":{"@id":"https:\/\/sfhera.com.br\/blog\/receita-federal-regulamenta-o-programa-especial-de-regularizacao-tributaria-pert\/"},"author":{"name":"Sfhera Software","@id":"https:\/\/sfhera.com.br\/blog\/#\/schema\/person\/0a21d0c7b6b15bda9d9c072dde915f2a"},"headline":"Receita Federal regulamenta o Programa Especial de Regulariza\u00e7\u00e3o Tribut\u00e1ria (PERT)","datePublished":"2017-06-28T11:53:41+00:00","mainEntityOfPage":{"@id":"https:\/\/sfhera.com.br\/blog\/receita-federal-regulamenta-o-programa-especial-de-regularizacao-tributaria-pert\/"},"wordCount":545,"publisher":{"@id":"https:\/\/sfhera.com.br\/blog\/#organization"},"image":{"@id":"https:\/\/sfhera.com.br\/blog\/receita-federal-regulamenta-o-programa-especial-de-regularizacao-tributaria-pert\/#primaryimage"},"thumbnailUrl":"https:\/\/sfhera.com.br\/blog\/wp-content\/uploads\/2017\/06\/pert1.png.600x335_q85_box-05700396_crop_detail.jpg","keywords":["pert","regulamenta\u00e7\u00e3o tribut\u00e1ria"],"articleSection":["Legisla\u00e7\u00e3o Fiscal","Gest\u00e3o e Neg\u00f3cios"],"inLanguage":"pt-BR"},{"@type":"WebPage","@id":"https:\/\/sfhera.com.br\/blog\/receita-federal-regulamenta-o-programa-especial-de-regularizacao-tributaria-pert\/","url":"https:\/\/sfhera.com.br\/blog\/receita-federal-regulamenta-o-programa-especial-de-regularizacao-tributaria-pert\/","name":"Receita Federal regulamenta o Programa Especial de Regulariza\u00e7\u00e3o Tribut\u00e1ria (PERT) - Sfhera Software","isPartOf":{"@id":"https:\/\/sfhera.com.br\/blog\/#website"},"primaryImageOfPage":{"@id":"https:\/\/sfhera.com.br\/blog\/receita-federal-regulamenta-o-programa-especial-de-regularizacao-tributaria-pert\/#primaryimage"},"image":{"@id":"https:\/\/sfhera.com.br\/blog\/receita-federal-regulamenta-o-programa-especial-de-regularizacao-tributaria-pert\/#primaryimage"},"thumbnailUrl":"https:\/\/sfhera.com.br\/blog\/wp-content\/uploads\/2017\/06\/pert1.png.600x335_q85_box-05700396_crop_detail.jpg","datePublished":"2017-06-28T11:53:41+00:00","breadcrumb":{"@id":"https:\/\/sfhera.com.br\/blog\/receita-federal-regulamenta-o-programa-especial-de-regularizacao-tributaria-pert\/#breadcrumb"},"inLanguage":"pt-BR","potentialAction":[{"@type":"ReadAction","target":["https:\/\/sfhera.com.br\/blog\/receita-federal-regulamenta-o-programa-especial-de-regularizacao-tributaria-pert\/"]}]},{"@type":"ImageObject","inLanguage":"pt-BR","@id":"https:\/\/sfhera.com.br\/blog\/receita-federal-regulamenta-o-programa-especial-de-regularizacao-tributaria-pert\/#primaryimage","url":"https:\/\/sfhera.com.br\/blog\/wp-content\/uploads\/2017\/06\/pert1.png.600x335_q85_box-05700396_crop_detail.jpg","contentUrl":"https:\/\/sfhera.com.br\/blog\/wp-content\/uploads\/2017\/06\/pert1.png.600x335_q85_box-05700396_crop_detail.jpg","width":600,"height":335,"caption":"receita federal"},{"@type":"BreadcrumbList","@id":"https:\/\/sfhera.com.br\/blog\/receita-federal-regulamenta-o-programa-especial-de-regularizacao-tributaria-pert\/#breadcrumb","itemListElement":[{"@type":"ListItem","position":1,"name":"In\u00edcio","item":"https:\/\/sfhera.com.br\/blog\/"},{"@type":"ListItem","position":2,"name":"Receita Federal regulamenta o Programa Especial de Regulariza\u00e7\u00e3o Tribut\u00e1ria (PERT)"}]},{"@type":"WebSite","@id":"https:\/\/sfhera.com.br\/blog\/#website","url":"https:\/\/sfhera.com.br\/blog\/","name":"Sfhera Software","description":"Aplicativos de Gest\u00e3o para o Varejo","publisher":{"@id":"https:\/\/sfhera.com.br\/blog\/#organization"},"potentialAction":[{"@type":"SearchAction","target":{"@type":"EntryPoint","urlTemplate":"https:\/\/sfhera.com.br\/blog\/?s={search_term_string}"},"query-input":{"@type":"PropertyValueSpecification","valueRequired":true,"valueName":"search_term_string"}}],"inLanguage":"pt-BR"},{"@type":"Organization","@id":"https:\/\/sfhera.com.br\/blog\/#organization","name":"Sfhera Software","url":"https:\/\/sfhera.com.br\/blog\/","logo":{"@type":"ImageObject","inLanguage":"pt-BR","@id":"https:\/\/sfhera.com.br\/blog\/#\/schema\/logo\/image\/","url":"https:\/\/www.sfhera.com.br\/blog\/wp-content\/uploads\/2017\/06\/logo.png","contentUrl":"https:\/\/www.sfhera.com.br\/blog\/wp-content\/uploads\/2017\/06\/logo.png","width":200,"height":65,"caption":"Sfhera Software"},"image":{"@id":"https:\/\/sfhera.com.br\/blog\/#\/schema\/logo\/image\/"},"sameAs":["https:\/\/www.facebook.com\/sfhera","https:\/\/x.com\/sfhera","https:\/\/br.linkedin.com\/company\/sfhera-software"]},{"@type":"Person","@id":"https:\/\/sfhera.com.br\/blog\/#\/schema\/person\/0a21d0c7b6b15bda9d9c072dde915f2a","name":"Sfhera Software","image":{"@type":"ImageObject","inLanguage":"pt-BR","@id":"https:\/\/secure.gravatar.com\/avatar\/b1d1b13f14dd2dc5b3fb21e60579548fa4f79040171567f49ae19080fb354524?s=96&d=mm&r=g","url":"https:\/\/secure.gravatar.com\/avatar\/b1d1b13f14dd2dc5b3fb21e60579548fa4f79040171567f49ae19080fb354524?s=96&d=mm&r=g","contentUrl":"https:\/\/secure.gravatar.com\/avatar\/b1d1b13f14dd2dc5b3fb21e60579548fa4f79040171567f49ae19080fb354524?s=96&d=mm&r=g","caption":"Sfhera Software"},"url":"https:\/\/sfhera.com.br\/blog\/author\/admin\/"}]}},"_links":{"self":[{"href":"https:\/\/sfhera.com.br\/blog\/wp-json\/wp\/v2\/posts\/150","targetHints":{"allow":["GET"]}}],"collection":[{"href":"https:\/\/sfhera.com.br\/blog\/wp-json\/wp\/v2\/posts"}],"about":[{"href":"https:\/\/sfhera.com.br\/blog\/wp-json\/wp\/v2\/types\/post"}],"author":[{"embeddable":true,"href":"https:\/\/sfhera.com.br\/blog\/wp-json\/wp\/v2\/users\/1"}],"replies":[{"embeddable":true,"href":"https:\/\/sfhera.com.br\/blog\/wp-json\/wp\/v2\/comments?post=150"}],"version-history":[{"count":1,"href":"https:\/\/sfhera.com.br\/blog\/wp-json\/wp\/v2\/posts\/150\/revisions"}],"predecessor-version":[{"id":152,"href":"https:\/\/sfhera.com.br\/blog\/wp-json\/wp\/v2\/posts\/150\/revisions\/152"}],"wp:featuredmedia":[{"embeddable":true,"href":"https:\/\/sfhera.com.br\/blog\/wp-json\/wp\/v2\/media\/151"}],"wp:attachment":[{"href":"https:\/\/sfhera.com.br\/blog\/wp-json\/wp\/v2\/media?parent=150"}],"wp:term":[{"taxonomy":"category","embeddable":true,"href":"https:\/\/sfhera.com.br\/blog\/wp-json\/wp\/v2\/categories?post=150"},{"taxonomy":"post_tag","embeddable":true,"href":"https:\/\/sfhera.com.br\/blog\/wp-json\/wp\/v2\/tags?post=150"}],"curies":[{"name":"wp","href":"https:\/\/api.w.org\/{rel}","templated":true}]}}