{"id":1522,"date":"2021-12-05T10:31:00","date_gmt":"2021-12-05T13:31:00","guid":{"rendered":"https:\/\/sfhera.com.br\/blog\/?p=1522"},"modified":"2021-11-29T13:48:13","modified_gmt":"2021-11-29T16:48:13","slug":"fechamento-anual","status":"publish","type":"post","link":"https:\/\/sfhera.com.br\/blog\/fechamento-anual\/","title":{"rendered":"Final de ano, e agora? Confira todos os detalhes do fechamento anual na sua empresa"},"content":{"rendered":"\n<p><strong>Final de ano, e agora? Confira todos os detalhes do fechamento anual na sua empresa<\/strong><\/p>\n\n\n\n<p>Com o fim do ano de 2021, v\u00e1rias empresas brasileiras precisam se organizar para objetivos diversos, como: (1) vender mais, (2) recompensar e motivar a equipe para o ano que se inicia e ainda, (3) organizar todos os detalhes administrativos e cont\u00e1beis do fechamento anual, ou balan\u00e7o de resultados da empresa. No entanto, para dar conta de todas essas atividades \u00e9 preciso entender ponto a ponto cada um desses objetivos. Aqui neste texto, vamos te ajudar a compreender melhor quais s\u00e3o os detalhes do fechamento anual voltado para a \u00e1rea financeira. Vamos em frente, porque 2022 est\u00e1 batendo na porta.<\/p>\n\n\n\n<h3 class=\"wp-block-heading\"><strong>O que \u00e9 o fechamento anual?<\/strong><\/h3>\n\n\n\n<p>Ao longo das atividades desempenhadas em uma empresa, seja ela do segmento varejista, prestadora de servi\u00e7os e outros modelos de neg\u00f3cio que envolvem a troca comercial, \u00e9 necess\u00e1rio realizar o <strong>registro cont\u00e1bil<\/strong> de tudo aquilo que gera receita para a empresa (ou seja, aquilo que \u00e9 vendido).&nbsp;<\/p>\n\n\n\n<p>Ocorre que, no Brasil, alguns impostos s\u00e3o recolhidos a partir dessa venda, e por isso tudo precisa estar bem documentado. O principal imposto envolvido na comercializa\u00e7\u00e3o de produtos\/mercadorias\/servi\u00e7os \u00e9 o ICMS, que significa Imposto sobre Circula\u00e7\u00e3o de Mercadorias e Servi\u00e7os. Este imposto \u00e9 estadual, ou seja, cada unidade da federa\u00e7\u00e3o vai ter uma legisla\u00e7\u00e3o espec\u00edfica, de modo que o ICMS pode variar.&nbsp;<\/p>\n\n\n\n<p>Em contrapartida, tudo aquilo que representa um gasto, despesas fixas e outras, precisam ser registradas. Nessas opera\u00e7\u00f5es, temos o fechamento de caixa &#8211; que \u00e9 uma opera\u00e7\u00e3o feita diariamente. A partir dessa opera\u00e7\u00e3o, a equipe pode realizar, mensalmente, um fechamento mais amplo, verificando o volume do estoque e outros detalhes que v\u00e3o preparar a empresa para o m\u00eas que se inicia.<\/p>\n\n\n\n<p>Pela legisla\u00e7\u00e3o brasileira, o per\u00edodo de 1\u00ba de janeiro at\u00e9 31 de dezembro compreendem ao ano fiscal, portanto isso significa que durante todo este per\u00edodo a empresa precisa manter seu gerenciamento cont\u00e1bil em dia. Isso significa seguir as etapas de fechamento di\u00e1ria&gt; mensal&gt; trimestral&gt; anual. <a href=\"http:\/\/www.normaslegais.com.br\/legislacao\/contabil\/lei6404_1976.htm\">Se voc\u00ea quiser conferir na \u00edntegra os detalhes da legisla\u00e7\u00e3o cont\u00e1bil brasileira, clique aqui<\/a>.<\/p>\n\n\n\n<h3 class=\"wp-block-heading\"><strong>O que precisa estar dentro do fechamento pela legisla\u00e7\u00e3o?<\/strong><br><img loading=\"lazy\" decoding=\"async\" src=\"https:\/\/lh4.googleusercontent.com\/pOmNvgebA6l_MH3zQm4OQtjE33vpA_8Sw8vKhFu33Ekw7_I230BAL-YzzeMaCkUvUDGpqlkyWJxYFpl47mugRmKh6UuVtw_LObLSGeYum6QkdRZSvo_Jfj3QJtxAfr4uD-62jhRY\" width=\"304\" height=\"304\"><\/h3>\n\n\n\n<p>Dentre os itens que precisam fazer parte do fechamento anual, podemos citar:&nbsp;<\/p>\n\n\n\n<h4 class=\"wp-block-heading\">\u2022 <strong>Balan\u00e7o patrimonial<br><\/strong><\/h4>\n\n\n\n<p>Esta talvez seja a opera\u00e7\u00e3o mais importante voltada \u00e0 contabilidade de uma empresa, afinal, com o balan\u00e7o patrimonial \u00e9 poss\u00edvel ter uma no\u00e7\u00e3o completa da situa\u00e7\u00e3o financeira da empresa. De uma forma geral, os pilares do balan\u00e7o patrimonial v\u00e3o olhar para: (1) os ativos da empresa; (2) os passivos (despesas, gastos e d\u00edvidas) e ainda (3) o seu patrim\u00f4nio l\u00edquido. Para realizar esse balan\u00e7o, \u00e9 indicado que a pessoa conte com um profissional da \u00e1rea, para se certificar que nenhum dado foi deixado de lado na hora do c\u00e1lculo.<\/p>\n\n\n\n<h4 class=\"wp-block-heading\">\u2022 <strong>Demonstra\u00e7\u00e3o do resultado de exerc\u00edcio (DRE)<\/strong><\/h4>\n\n\n\n<p>Junto ao balan\u00e7o patrimonial, \u00e9 necess\u00e1rio que a empresa fa\u00e7a a DRE, que pode ser resumida em uma esp\u00e9cie de fechamento\/relat\u00f3rio voltado para as opera\u00e7\u00f5es da empresa, ligadas \u00e0 gera\u00e7\u00e3o de lucro ou de preju\u00edzo. No entanto, a DRE possui uma especificidade, que \u00e9 a necessidade de ser confeccionada por um profissional habilitado pelo Conselho Regional de Contabilidade (CRC). No entanto, ter a DRE em dia vai al\u00e9m da obrigatoriedade fiscal, j\u00e1 que ela tamb\u00e9m \u00e9 um documento importante para a estrat\u00e9gia comercial da empresa. Por exemplo, se ela deseja abrir espa\u00e7o para acionistas ou investidores, ou ainda, vender seu neg\u00f3cio, \u00e9 preciso que a DRE seja apresentada de forma clara e demonstre como aquela empresa tem trilhado sua jornada na pr\u00e1tica, e isso vai fazer toda diferen\u00e7a no valor negociado.<\/p>\n\n\n\n<h4 class=\"wp-block-heading\">\u2022 SPED cont\u00e1bil\u00a0<\/h4>\n\n\n\n<p>A sigla SPED significa Sistema P\u00fablico de Escritura\u00e7\u00e3o Digital e, na pr\u00e1tica, funciona como uma esp\u00e9cie de software que \u00e9 disponibilizado pela Receita Federal que organiza e padroniza as informa\u00e7\u00f5es cont\u00e1beis das empresas, para todas as informa\u00e7\u00f5es contidas nos livros fiscais, comerciais, etc, possam ser analisadas pela receita. Para explicar de forma simples, podemos dizer que o SPED Cont\u00e1bil funciona como um banco de dados alimentado por cada empresa, que registra ali as transa\u00e7\u00f5es referentes \u00e0 contabilidade.&nbsp;<\/p>\n\n\n\n<p>Portanto, esses dados precisam ter datas, informa\u00e7\u00f5es sobre as partes que est\u00e3o participando dessa opera\u00e7\u00e3o, sejam pessoas f\u00edsicas ou jur\u00eddicas, al\u00e9m de documentos de registro e outros pr\u00f3prios da transa\u00e7\u00e3o comercial. Assim, a Receita ganha mais agilidade para acompanhar e regulamentar o campo.<\/p>\n\n\n\n<h3 class=\"wp-block-heading\"><strong>Fechamento de resultados<\/strong><\/h3>\n\n\n\n<p>Deixando um pouco de lado os aspectos voltados \u00e0s opera\u00e7\u00f5es financeiras, o fechamento anual tamb\u00e9m colabora para uma avalia\u00e7\u00e3o interna das empresas, sendo muitas vezes utilizado para registrar o atingimento de metas, de objetivos e outros indicadores de desempenho. Assim, um fechamento anual tamb\u00e9m deve ser realizado para dar o suporte nas estrat\u00e9gias departamentais, envolvendo respectivas bonifica\u00e7\u00f5es, premia\u00e7\u00f5es, etc.<\/p>\n\n\n\n<p>No entanto, \u00e9 importante dizer que o fechamento anual apresentar\u00e1 n\u00fameros valiosos para a estrat\u00e9gia. No entanto, a interpreta\u00e7\u00e3o desses n\u00fameros fica \u00e0 cargo das lideran\u00e7as e das equipes, que de fato v\u00e3o interpretar &#8211; at\u00e9 com base em uma perspectiva hist\u00f3rica dos dados &#8211; se aqueles resultados foram de fato positivos ou negativos. Al\u00e9m disso, as rotas e a\u00e7\u00f5es que precisar\u00e3o ser feitas para lidar com esse fechamento tamb\u00e9m v\u00e3o ser espec\u00edficas em cada caso.<\/p>\n\n\n\n<h3 class=\"wp-block-heading\"><strong>Planejamento estrat\u00e9gico<\/strong><\/h3>\n\n\n\n<p>\u00c9 claro que n\u00e3o podemos falar de resultados sem olhar para o planejamento estrat\u00e9gico da empresa e para isso, o fechamento anual \u00e9 fundamental. \u00c9 por meio dessa avalia\u00e7\u00e3o que a empresa ter\u00e1 condi\u00e7\u00f5es mais palp\u00e1veis de olhar para o futuro e tra\u00e7ar as estrat\u00e9gias que precisa para chegar at\u00e9 ele.<\/p>\n\n\n\n<p>Um exemplo: se uma empresa realizou o fechamento anual e percebeu um determinado aumento nas vendas em determinado per\u00edodo, pode redesenhar seu planejamento estrat\u00e9gico seguinte para tentar escalar esses per\u00edodos, fazendo com que eles sejam mais frequentes.&nbsp;<\/p>\n\n\n\n<p>Aqui no blog da Sfhera nosso time preparou uma trilha de conte\u00fados que pode te auxiliar a compreender melhor o universo financeiro e seguir com as opera\u00e7\u00f5es necess\u00e1rias para sua empresa virar o ano com tranquilidade.<\/p>\n","protected":false},"excerpt":{"rendered":"<p>Final de ano, e agora? Confira todos os detalhes do fechamento anual na sua empresa Com o fim do ano de 2021,&hellip;<\/p>\n","protected":false},"author":1,"featured_media":1527,"comment_status":"closed","ping_status":"open","sticky":false,"template":"","format":"standard","meta":{"footnotes":""},"categories":[4],"tags":[],"class_list":["post-1522","post","type-post","status-publish","format-standard","has-post-thumbnail","hentry","category-gestaoenegocios"],"yoast_head":"<!-- This site is optimized with the Yoast SEO plugin v27.5 - https:\/\/yoast.com\/product\/yoast-seo-wordpress\/ -->\n<title>Final de ano, e agora? Confira todos os detalhes do fechamento anual na sua empresa - Sfhera Software<\/title>\n<meta name=\"description\" content=\"O final de ano vem carregado de atividades e, para os empres\u00e1rios, o fechamento anual \u00e9 uma delas, e envolve alguns detalhes que precisam ser acompanhados pela contabilidade.\" \/>\n<meta name=\"robots\" content=\"index, follow, max-snippet:-1, max-image-preview:large, max-video-preview:-1\" \/>\n<link rel=\"canonical\" href=\"https:\/\/sfhera.com.br\/blog\/fechamento-anual\/\" \/>\n<meta property=\"og:locale\" content=\"pt_BR\" \/>\n<meta property=\"og:type\" content=\"article\" \/>\n<meta property=\"og:title\" content=\"Final de ano, e agora? Confira todos os detalhes do fechamento anual na sua empresa - Sfhera Software\" \/>\n<meta property=\"og:description\" content=\"O final de ano vem carregado de atividades e, para os empres\u00e1rios, o fechamento anual \u00e9 uma delas, e envolve alguns detalhes que precisam ser acompanhados pela contabilidade.\" \/>\n<meta property=\"og:url\" content=\"https:\/\/sfhera.com.br\/blog\/fechamento-anual\/\" \/>\n<meta property=\"og:site_name\" content=\"Sfhera Software\" \/>\n<meta property=\"article:publisher\" content=\"https:\/\/www.facebook.com\/sfhera\" \/>\n<meta property=\"article:published_time\" content=\"2021-12-05T13:31:00+00:00\" \/>\n<meta property=\"og:image\" content=\"https:\/\/sfhera.com.br\/blog\/wp-content\/uploads\/2021\/11\/final-de-ano-capa-3.png\" \/>\n\t<meta property=\"og:image:width\" content=\"800\" \/>\n\t<meta property=\"og:image:height\" content=\"400\" \/>\n\t<meta property=\"og:image:type\" content=\"image\/png\" \/>\n<meta name=\"author\" content=\"Sfhera Software\" \/>\n<meta name=\"twitter:card\" content=\"summary_large_image\" \/>\n<meta name=\"twitter:creator\" content=\"@sfhera\" \/>\n<meta name=\"twitter:site\" content=\"@sfhera\" \/>\n<meta name=\"twitter:label1\" content=\"Escrito por\" \/>\n\t<meta name=\"twitter:data1\" content=\"Sfhera Software\" \/>\n\t<meta name=\"twitter:label2\" content=\"Est. tempo de leitura\" \/>\n\t<meta name=\"twitter:data2\" content=\"5 minutos\" \/>\n<script type=\"application\/ld+json\" class=\"yoast-schema-graph\">{\"@context\":\"https:\\\/\\\/schema.org\",\"@graph\":[{\"@type\":\"Article\",\"@id\":\"https:\\\/\\\/sfhera.com.br\\\/blog\\\/fechamento-anual\\\/#article\",\"isPartOf\":{\"@id\":\"https:\\\/\\\/sfhera.com.br\\\/blog\\\/fechamento-anual\\\/\"},\"author\":{\"name\":\"Sfhera Software\",\"@id\":\"https:\\\/\\\/sfhera.com.br\\\/blog\\\/#\\\/schema\\\/person\\\/0a21d0c7b6b15bda9d9c072dde915f2a\"},\"headline\":\"Final de ano, e agora? Confira todos os detalhes do fechamento anual na sua empresa\",\"datePublished\":\"2021-12-05T13:31:00+00:00\",\"mainEntityOfPage\":{\"@id\":\"https:\\\/\\\/sfhera.com.br\\\/blog\\\/fechamento-anual\\\/\"},\"wordCount\":1090,\"publisher\":{\"@id\":\"https:\\\/\\\/sfhera.com.br\\\/blog\\\/#organization\"},\"image\":{\"@id\":\"https:\\\/\\\/sfhera.com.br\\\/blog\\\/fechamento-anual\\\/#primaryimage\"},\"thumbnailUrl\":\"https:\\\/\\\/sfhera.com.br\\\/blog\\\/wp-content\\\/uploads\\\/2021\\\/11\\\/final-de-ano-capa-3.png\",\"articleSection\":[\"Gest\u00e3o e Neg\u00f3cios\"],\"inLanguage\":\"pt-BR\"},{\"@type\":\"WebPage\",\"@id\":\"https:\\\/\\\/sfhera.com.br\\\/blog\\\/fechamento-anual\\\/\",\"url\":\"https:\\\/\\\/sfhera.com.br\\\/blog\\\/fechamento-anual\\\/\",\"name\":\"Final de ano, e agora? Confira todos os detalhes do fechamento anual na sua empresa - Sfhera Software\",\"isPartOf\":{\"@id\":\"https:\\\/\\\/sfhera.com.br\\\/blog\\\/#website\"},\"primaryImageOfPage\":{\"@id\":\"https:\\\/\\\/sfhera.com.br\\\/blog\\\/fechamento-anual\\\/#primaryimage\"},\"image\":{\"@id\":\"https:\\\/\\\/sfhera.com.br\\\/blog\\\/fechamento-anual\\\/#primaryimage\"},\"thumbnailUrl\":\"https:\\\/\\\/sfhera.com.br\\\/blog\\\/wp-content\\\/uploads\\\/2021\\\/11\\\/final-de-ano-capa-3.png\",\"datePublished\":\"2021-12-05T13:31:00+00:00\",\"description\":\"O final de ano vem carregado de atividades e, para os empres\u00e1rios, o fechamento anual \u00e9 uma delas, e envolve alguns detalhes que precisam ser acompanhados pela contabilidade.\",\"breadcrumb\":{\"@id\":\"https:\\\/\\\/sfhera.com.br\\\/blog\\\/fechamento-anual\\\/#breadcrumb\"},\"inLanguage\":\"pt-BR\",\"potentialAction\":[{\"@type\":\"ReadAction\",\"target\":[\"https:\\\/\\\/sfhera.com.br\\\/blog\\\/fechamento-anual\\\/\"]}]},{\"@type\":\"ImageObject\",\"inLanguage\":\"pt-BR\",\"@id\":\"https:\\\/\\\/sfhera.com.br\\\/blog\\\/fechamento-anual\\\/#primaryimage\",\"url\":\"https:\\\/\\\/sfhera.com.br\\\/blog\\\/wp-content\\\/uploads\\\/2021\\\/11\\\/final-de-ano-capa-3.png\",\"contentUrl\":\"https:\\\/\\\/sfhera.com.br\\\/blog\\\/wp-content\\\/uploads\\\/2021\\\/11\\\/final-de-ano-capa-3.png\",\"width\":800,\"height\":400},{\"@type\":\"BreadcrumbList\",\"@id\":\"https:\\\/\\\/sfhera.com.br\\\/blog\\\/fechamento-anual\\\/#breadcrumb\",\"itemListElement\":[{\"@type\":\"ListItem\",\"position\":1,\"name\":\"In\u00edcio\",\"item\":\"https:\\\/\\\/sfhera.com.br\\\/blog\\\/\"},{\"@type\":\"ListItem\",\"position\":2,\"name\":\"Final de ano, e agora? Confira todos os detalhes do fechamento anual na sua empresa\"}]},{\"@type\":\"WebSite\",\"@id\":\"https:\\\/\\\/sfhera.com.br\\\/blog\\\/#website\",\"url\":\"https:\\\/\\\/sfhera.com.br\\\/blog\\\/\",\"name\":\"Sfhera Software\",\"description\":\"Aplicativos de Gest\u00e3o para o Varejo\",\"publisher\":{\"@id\":\"https:\\\/\\\/sfhera.com.br\\\/blog\\\/#organization\"},\"potentialAction\":[{\"@type\":\"SearchAction\",\"target\":{\"@type\":\"EntryPoint\",\"urlTemplate\":\"https:\\\/\\\/sfhera.com.br\\\/blog\\\/?s={search_term_string}\"},\"query-input\":{\"@type\":\"PropertyValueSpecification\",\"valueRequired\":true,\"valueName\":\"search_term_string\"}}],\"inLanguage\":\"pt-BR\"},{\"@type\":\"Organization\",\"@id\":\"https:\\\/\\\/sfhera.com.br\\\/blog\\\/#organization\",\"name\":\"Sfhera Software\",\"url\":\"https:\\\/\\\/sfhera.com.br\\\/blog\\\/\",\"logo\":{\"@type\":\"ImageObject\",\"inLanguage\":\"pt-BR\",\"@id\":\"https:\\\/\\\/sfhera.com.br\\\/blog\\\/#\\\/schema\\\/logo\\\/image\\\/\",\"url\":\"https:\\\/\\\/www.sfhera.com.br\\\/blog\\\/wp-content\\\/uploads\\\/2017\\\/06\\\/logo.png\",\"contentUrl\":\"https:\\\/\\\/www.sfhera.com.br\\\/blog\\\/wp-content\\\/uploads\\\/2017\\\/06\\\/logo.png\",\"width\":200,\"height\":65,\"caption\":\"Sfhera Software\"},\"image\":{\"@id\":\"https:\\\/\\\/sfhera.com.br\\\/blog\\\/#\\\/schema\\\/logo\\\/image\\\/\"},\"sameAs\":[\"https:\\\/\\\/www.facebook.com\\\/sfhera\",\"https:\\\/\\\/x.com\\\/sfhera\",\"https:\\\/\\\/br.linkedin.com\\\/company\\\/sfhera-software\"]},{\"@type\":\"Person\",\"@id\":\"https:\\\/\\\/sfhera.com.br\\\/blog\\\/#\\\/schema\\\/person\\\/0a21d0c7b6b15bda9d9c072dde915f2a\",\"name\":\"Sfhera Software\",\"image\":{\"@type\":\"ImageObject\",\"inLanguage\":\"pt-BR\",\"@id\":\"https:\\\/\\\/secure.gravatar.com\\\/avatar\\\/b1d1b13f14dd2dc5b3fb21e60579548fa4f79040171567f49ae19080fb354524?s=96&d=mm&r=g\",\"url\":\"https:\\\/\\\/secure.gravatar.com\\\/avatar\\\/b1d1b13f14dd2dc5b3fb21e60579548fa4f79040171567f49ae19080fb354524?s=96&d=mm&r=g\",\"contentUrl\":\"https:\\\/\\\/secure.gravatar.com\\\/avatar\\\/b1d1b13f14dd2dc5b3fb21e60579548fa4f79040171567f49ae19080fb354524?s=96&d=mm&r=g\",\"caption\":\"Sfhera Software\"},\"url\":\"https:\\\/\\\/sfhera.com.br\\\/blog\\\/author\\\/admin\\\/\"}]}<\/script>\n<!-- \/ Yoast SEO plugin. -->","yoast_head_json":{"title":"Final de ano, e agora? Confira todos os detalhes do fechamento anual na sua empresa - Sfhera Software","description":"O final de ano vem carregado de atividades e, para os empres\u00e1rios, o fechamento anual \u00e9 uma delas, e envolve alguns detalhes que precisam ser acompanhados pela contabilidade.","robots":{"index":"index","follow":"follow","max-snippet":"max-snippet:-1","max-image-preview":"max-image-preview:large","max-video-preview":"max-video-preview:-1"},"canonical":"https:\/\/sfhera.com.br\/blog\/fechamento-anual\/","og_locale":"pt_BR","og_type":"article","og_title":"Final de ano, e agora? Confira todos os detalhes do fechamento anual na sua empresa - Sfhera Software","og_description":"O final de ano vem carregado de atividades e, para os empres\u00e1rios, o fechamento anual \u00e9 uma delas, e envolve alguns detalhes que precisam ser acompanhados pela contabilidade.","og_url":"https:\/\/sfhera.com.br\/blog\/fechamento-anual\/","og_site_name":"Sfhera Software","article_publisher":"https:\/\/www.facebook.com\/sfhera","article_published_time":"2021-12-05T13:31:00+00:00","og_image":[{"width":800,"height":400,"url":"https:\/\/sfhera.com.br\/blog\/wp-content\/uploads\/2021\/11\/final-de-ano-capa-3.png","type":"image\/png"}],"author":"Sfhera Software","twitter_card":"summary_large_image","twitter_creator":"@sfhera","twitter_site":"@sfhera","twitter_misc":{"Escrito por":"Sfhera Software","Est. tempo de leitura":"5 minutos"},"schema":{"@context":"https:\/\/schema.org","@graph":[{"@type":"Article","@id":"https:\/\/sfhera.com.br\/blog\/fechamento-anual\/#article","isPartOf":{"@id":"https:\/\/sfhera.com.br\/blog\/fechamento-anual\/"},"author":{"name":"Sfhera Software","@id":"https:\/\/sfhera.com.br\/blog\/#\/schema\/person\/0a21d0c7b6b15bda9d9c072dde915f2a"},"headline":"Final de ano, e agora? Confira todos os detalhes do fechamento anual na sua empresa","datePublished":"2021-12-05T13:31:00+00:00","mainEntityOfPage":{"@id":"https:\/\/sfhera.com.br\/blog\/fechamento-anual\/"},"wordCount":1090,"publisher":{"@id":"https:\/\/sfhera.com.br\/blog\/#organization"},"image":{"@id":"https:\/\/sfhera.com.br\/blog\/fechamento-anual\/#primaryimage"},"thumbnailUrl":"https:\/\/sfhera.com.br\/blog\/wp-content\/uploads\/2021\/11\/final-de-ano-capa-3.png","articleSection":["Gest\u00e3o e Neg\u00f3cios"],"inLanguage":"pt-BR"},{"@type":"WebPage","@id":"https:\/\/sfhera.com.br\/blog\/fechamento-anual\/","url":"https:\/\/sfhera.com.br\/blog\/fechamento-anual\/","name":"Final de ano, e agora? Confira todos os detalhes do fechamento anual na sua empresa - Sfhera Software","isPartOf":{"@id":"https:\/\/sfhera.com.br\/blog\/#website"},"primaryImageOfPage":{"@id":"https:\/\/sfhera.com.br\/blog\/fechamento-anual\/#primaryimage"},"image":{"@id":"https:\/\/sfhera.com.br\/blog\/fechamento-anual\/#primaryimage"},"thumbnailUrl":"https:\/\/sfhera.com.br\/blog\/wp-content\/uploads\/2021\/11\/final-de-ano-capa-3.png","datePublished":"2021-12-05T13:31:00+00:00","description":"O final de ano vem carregado de atividades e, para os empres\u00e1rios, o fechamento anual \u00e9 uma delas, e envolve alguns detalhes que precisam ser acompanhados pela contabilidade.","breadcrumb":{"@id":"https:\/\/sfhera.com.br\/blog\/fechamento-anual\/#breadcrumb"},"inLanguage":"pt-BR","potentialAction":[{"@type":"ReadAction","target":["https:\/\/sfhera.com.br\/blog\/fechamento-anual\/"]}]},{"@type":"ImageObject","inLanguage":"pt-BR","@id":"https:\/\/sfhera.com.br\/blog\/fechamento-anual\/#primaryimage","url":"https:\/\/sfhera.com.br\/blog\/wp-content\/uploads\/2021\/11\/final-de-ano-capa-3.png","contentUrl":"https:\/\/sfhera.com.br\/blog\/wp-content\/uploads\/2021\/11\/final-de-ano-capa-3.png","width":800,"height":400},{"@type":"BreadcrumbList","@id":"https:\/\/sfhera.com.br\/blog\/fechamento-anual\/#breadcrumb","itemListElement":[{"@type":"ListItem","position":1,"name":"In\u00edcio","item":"https:\/\/sfhera.com.br\/blog\/"},{"@type":"ListItem","position":2,"name":"Final de ano, e agora? Confira todos os detalhes do fechamento anual na sua empresa"}]},{"@type":"WebSite","@id":"https:\/\/sfhera.com.br\/blog\/#website","url":"https:\/\/sfhera.com.br\/blog\/","name":"Sfhera Software","description":"Aplicativos de Gest\u00e3o para o Varejo","publisher":{"@id":"https:\/\/sfhera.com.br\/blog\/#organization"},"potentialAction":[{"@type":"SearchAction","target":{"@type":"EntryPoint","urlTemplate":"https:\/\/sfhera.com.br\/blog\/?s={search_term_string}"},"query-input":{"@type":"PropertyValueSpecification","valueRequired":true,"valueName":"search_term_string"}}],"inLanguage":"pt-BR"},{"@type":"Organization","@id":"https:\/\/sfhera.com.br\/blog\/#organization","name":"Sfhera Software","url":"https:\/\/sfhera.com.br\/blog\/","logo":{"@type":"ImageObject","inLanguage":"pt-BR","@id":"https:\/\/sfhera.com.br\/blog\/#\/schema\/logo\/image\/","url":"https:\/\/www.sfhera.com.br\/blog\/wp-content\/uploads\/2017\/06\/logo.png","contentUrl":"https:\/\/www.sfhera.com.br\/blog\/wp-content\/uploads\/2017\/06\/logo.png","width":200,"height":65,"caption":"Sfhera Software"},"image":{"@id":"https:\/\/sfhera.com.br\/blog\/#\/schema\/logo\/image\/"},"sameAs":["https:\/\/www.facebook.com\/sfhera","https:\/\/x.com\/sfhera","https:\/\/br.linkedin.com\/company\/sfhera-software"]},{"@type":"Person","@id":"https:\/\/sfhera.com.br\/blog\/#\/schema\/person\/0a21d0c7b6b15bda9d9c072dde915f2a","name":"Sfhera Software","image":{"@type":"ImageObject","inLanguage":"pt-BR","@id":"https:\/\/secure.gravatar.com\/avatar\/b1d1b13f14dd2dc5b3fb21e60579548fa4f79040171567f49ae19080fb354524?s=96&d=mm&r=g","url":"https:\/\/secure.gravatar.com\/avatar\/b1d1b13f14dd2dc5b3fb21e60579548fa4f79040171567f49ae19080fb354524?s=96&d=mm&r=g","contentUrl":"https:\/\/secure.gravatar.com\/avatar\/b1d1b13f14dd2dc5b3fb21e60579548fa4f79040171567f49ae19080fb354524?s=96&d=mm&r=g","caption":"Sfhera Software"},"url":"https:\/\/sfhera.com.br\/blog\/author\/admin\/"}]}},"_links":{"self":[{"href":"https:\/\/sfhera.com.br\/blog\/wp-json\/wp\/v2\/posts\/1522","targetHints":{"allow":["GET"]}}],"collection":[{"href":"https:\/\/sfhera.com.br\/blog\/wp-json\/wp\/v2\/posts"}],"about":[{"href":"https:\/\/sfhera.com.br\/blog\/wp-json\/wp\/v2\/types\/post"}],"author":[{"embeddable":true,"href":"https:\/\/sfhera.com.br\/blog\/wp-json\/wp\/v2\/users\/1"}],"replies":[{"embeddable":true,"href":"https:\/\/sfhera.com.br\/blog\/wp-json\/wp\/v2\/comments?post=1522"}],"version-history":[{"count":2,"href":"https:\/\/sfhera.com.br\/blog\/wp-json\/wp\/v2\/posts\/1522\/revisions"}],"predecessor-version":[{"id":1528,"href":"https:\/\/sfhera.com.br\/blog\/wp-json\/wp\/v2\/posts\/1522\/revisions\/1528"}],"wp:featuredmedia":[{"embeddable":true,"href":"https:\/\/sfhera.com.br\/blog\/wp-json\/wp\/v2\/media\/1527"}],"wp:attachment":[{"href":"https:\/\/sfhera.com.br\/blog\/wp-json\/wp\/v2\/media?parent=1522"}],"wp:term":[{"taxonomy":"category","embeddable":true,"href":"https:\/\/sfhera.com.br\/blog\/wp-json\/wp\/v2\/categories?post=1522"},{"taxonomy":"post_tag","embeddable":true,"href":"https:\/\/sfhera.com.br\/blog\/wp-json\/wp\/v2\/tags?post=1522"}],"curies":[{"name":"wp","href":"https:\/\/api.w.org\/{rel}","templated":true}]}}