{"id":156,"date":"2017-06-28T09:38:59","date_gmt":"2017-06-28T12:38:59","guid":{"rendered":"https:\/\/sfhera.com.br\/blog\/?p=156"},"modified":"2017-06-28T09:38:59","modified_gmt":"2017-06-28T12:38:59","slug":"liberado-por-lei-desconto-nas-compras-em-dinheiro-nao-e-obrigatorio","status":"publish","type":"post","link":"https:\/\/sfhera.com.br\/blog\/liberado-por-lei-desconto-nas-compras-em-dinheiro-nao-e-obrigatorio\/","title":{"rendered":"Liberado por lei, desconto nas compras em dinheiro n\u00e3o \u00e9 obrigat\u00f3rio"},"content":{"rendered":"<div class=\"mc-column content-text active-extra-styles active-capital-letter\" data-block-type=\"unstyled\" data-block-weight=\"38\">\n<p class=\"content-text__container theme-color-primary-first-letter\" data-track-category=\"Link no Texto\" data-track-links=\"\">Os lojistas n\u00e3o ser\u00e3o obrigados a oferecer desconto aos consumidores nas compras feitas em dinheiro, ap\u00f3s a san\u00e7\u00e3o da lei que permite cobrar pre\u00e7os diferentes para um mesmo produto dependendo da forma de pagamento (cart\u00e3o, dinheiro ou cheque).<\/p>\n<\/div>\n<div class=\"mc-column content-text active-extra-styles \" data-block-type=\"unstyled\" data-block-weight=\"44\">\n<p class=\"content-text__container \" data-track-category=\"Link no Texto\" data-track-links=\"\">A lei, sancionada nesta segunda-feira (26) pelo presidente Michel Temer, s\u00f3 exige, caso o comerciante opte por oferecer o desconto, que o aviso esteja em local vis\u00edvel. Em caso de descumprimento, os comerciantes estar\u00e3o sujeitos \u00e0s puni\u00e7\u00f5es previstas no C\u00f3digo de Defesa do Consumidor.<\/p>\n<\/div>\n<div class=\"mc-column content-text active-extra-styles \" data-block-type=\"unstyled\" data-block-weight=\"17\">\n<p class=\"content-text__container \" data-track-category=\"Link no Texto\" data-track-links=\"\">Antes da lei, a diferencia\u00e7\u00e3o de pre\u00e7os era proibida. A pr\u00e1tica, por\u00e9m, j\u00e1 era comum no com\u00e9rcio.<\/p>\n<\/div>\n<div class=\"mc-column content-media content-media--normal content-video\" data-block-type=\"backstage-video\">\n<div class=\"content-media__container content-media__container--loaded\">\n<div class=\"content-video__placeholder\" data-video-id=\"5965465\"><img loading=\"lazy\" decoding=\"async\" class=\"content-video__placeholder__thumb\" title=\"Temer diz que lei est\u00e1 entre outras medidas de justi\u00e7a social tomadas em seu governo\" src=\"http:\/\/s02.video.glbimg.com\/x720\/5965465.jpg\" alt=\"Temer diz que lei est\u00e1 entre outras medidas de justi\u00e7a social tomadas em seu governo\" width=\"578\" height=\"325\" \/><\/div>\n<\/div>\n<div class=\"content-media__description-centered\">\n<h6 class=\"content-media__description\"><i class=\"content-media__description__icon theme-color-primary\"><\/i><span class=\"content-media__description__caption\">Temer diz que lei est\u00e1 entre outras medidas de justi\u00e7a social tomadas em seu governo<\/span><\/h6>\n<\/div>\n<\/div>\n<div class=\"mc-column content-text active-extra-styles \" data-block-type=\"unstyled\" data-block-weight=\"35\">\n<p class=\"content-text__container \" data-track-category=\"Link no Texto\" data-track-links=\"\">O governo acredita que a mudan\u00e7a permitir\u00e1 uma redu\u00e7\u00e3o de custos para os consumidores e tamb\u00e9m para os lojistas, j\u00e1 que a concorr\u00eancia pode levar \u00e0 queda nos custos das opera\u00e7\u00f5es com cart\u00e3o de cr\u00e9dito.<\/p>\n<\/div>\n<div class=\"mc-column content-text active-extra-styles \" data-block-type=\"unstyled\" data-block-weight=\"27\">\n<p class=\"content-text__container \" data-track-category=\"Link no Texto\" data-track-links=\"\">De acordo com o superintendente da Confedera\u00e7\u00e3o Nacional de Dirigentes Lojistas (CNDL), Everton Correia, hoje a taxa cobrada nas opera\u00e7\u00f5es com cart\u00e3o varia de 5% a 7%.<\/p>\n<\/div>\n<div class=\"mc-column content-text active-extra-styles \" data-block-type=\"unstyled\" data-block-weight=\"36\">\n<p class=\"content-text__container \" data-track-category=\"Link no Texto\" data-track-links=\"\">O assessor especial de Reformas Microecon\u00f4micas do Minist\u00e9rio da Fazenda, Jo\u00e3o Manoel Mello, afirmou duvidar que a medida ser\u00e1 usada por lojistas para aumentar margem de lucro, ao inv\u00e9s de repassar o desconto para o consumidor.<\/p>\n<\/div>\n<div class=\"mc-column content-text active-extra-styles \" data-block-type=\"unstyled\" data-block-weight=\"39\">\n<p class=\"content-text__container \" data-track-category=\"Link no Texto\" data-track-links=\"\">&#8220;Todas as medidas pr\u00f3-competitivas diminuem o pre\u00e7o. Duvido que haver\u00e1 aumento do pre\u00e7o m\u00e9dio. Isso [a queda do pre\u00e7o] \u00e9 absolutamente certo&#8221;, afirmou Mello a jornalistas durante entrevista ap\u00f3s a cerim\u00f4nia da san\u00e7\u00e3o da lei, no Pal\u00e1cio do Planalto.<\/p>\n<\/div>\n<div class=\"mc-column content-text active-extra-styles \" data-block-type=\"unstyled\" data-block-weight=\"42\">\n<p class=\"content-text__container \" data-track-category=\"Link no Texto\" data-track-links=\"\">A Proteste, associa\u00e7\u00e3o que atua na defesa do consumidor, critica a mudan\u00e7a. De acordo com a entidade, a diferencia\u00e7\u00e3o de pre\u00e7os \u00e9 contra a lei e n\u00e3o h\u00e1 garantia na lei de que haver\u00e1 desconto para o pagamento em dinheiro, por exemplo.<\/p>\n<\/div>\n<div class=\"content-ads content-ads--reveal\">\n<div id=\"banner_materia2\" class=\"tag-manager-publicidade-container has-reveal has-ad-lazyload tag-manager-publicidade-banner_materia2 tag-manager-publicidade-container--carregado tag-manager-publicidade-container--visivel\" data-id=\"banner_materia2\" data-google-query-id=\"CPGiop_F4NQCFUhPhgod4TUF0w\" data-cid=\"138201320040\" data-lid=\"768351253\">\n<div id=\"google_ads_iframe_\/95377733\/tvg_G1\/Economia\/Especial_Exclusivo_2__container__\"><span style=\"font-size: 1rem;\">De acordo com a Proteste, a medida pode resultar no sobrepre\u00e7o de produtos, j\u00e1 que os consumidores n\u00e3o ter\u00e3o condi\u00e7\u00f5es de identificar se o pre\u00e7o a ser pago \u00e9 real.<\/span><\/div>\n<\/div>\n<\/div>\n<div class=\"mc-column content-text active-extra-styles \" data-block-type=\"unstyled\" data-block-weight=\"48\">\n<p class=\"content-text__container \" data-track-category=\"Link no Texto\" data-track-links=\"\">A associa\u00e7\u00e3o aponta ainda que pagamentos em dinheiro, cheque, cart\u00e3o de d\u00e9bito ou de cr\u00e9dito s\u00e3o todos considerados \u00e0 vista. E que os usu\u00e1rios de cart\u00e3o pagam taxas, como de anuidade, al\u00e9m de juros no caso de parcelamento das faturas, o que n\u00e3o justificaria a diferencia\u00e7\u00e3o de pre\u00e7os.<\/p>\n<\/div>\n<div class=\"mc-column content-text active-extra-styles\" data-block-type=\"raw\" data-block-weight=\"1\">\n<div class=\"content-intertitle\">\n<h2>Infla\u00e7\u00e3o<\/h2>\n<\/div>\n<\/div>\n<div class=\"mc-column content-text active-extra-styles \" data-block-type=\"unstyled\" data-block-weight=\"31\">\n<p class=\"content-text__container \" data-track-category=\"Link no Texto\" data-track-links=\"\">Jo\u00e3o Manoel Mello afirmou ainda que as redu\u00e7\u00f5es de pre\u00e7o, resultado da nova lei, podem ter impacto na queda da infla\u00e7\u00e3o, mas ele n\u00e3o soube estimar de quando ele pode ser.<\/p>\n<\/div>\n<div class=\"mc-column content-text active-extra-styles \" data-block-type=\"unstyled\" data-block-weight=\"54\">\n<p class=\"content-text__container \" data-track-category=\"Link no Texto\" data-track-links=\"\">Questionado sobre se h\u00e1 uma decis\u00e3o do Banco Central sobre a redu\u00e7\u00e3o do prazo para que os lojistas recebam os pagamentos feitos com cart\u00e3o de cr\u00e9dito, o diretor de regula\u00e7\u00e3o do Banco Central, Ot\u00e1vio Damaso, afirmou que a proposta est\u00e1 em estudo e que n\u00e3o tem nenhum prazo definido para a implanta\u00e7\u00e3o da medida.<\/p>\n<\/div>\n<div class=\"mc-column content-text active-extra-styles\" data-block-type=\"raw\" data-block-weight=\"3\">\n<div class=\"content-intertitle\">\n<h2>Transfer\u00eancia de renda<\/h2>\n<\/div>\n<\/div>\n<div class=\"mc-column content-text active-extra-styles \" data-block-type=\"unstyled\" data-block-weight=\"28\">\n<p class=\"content-text__container \" data-track-category=\"Link no Texto\" data-track-links=\"\">O ministro da Fazenda, Henrique Meirelles, afirmou, tamb\u00e9m durante a cerim\u00f4nia, que a lei promove a moderniza\u00e7\u00e3o do sistema de pagamento e do sistema financeiro brasileiro em geral.<\/p>\n<\/div>\n<div class=\"mc-column content-text active-extra-styles \" data-block-type=\"unstyled\" data-block-weight=\"23\">\n<p class=\"content-text__container \" data-track-category=\"Link no Texto\" data-track-links=\"\">De acordo com ele, um dos principais impactos \u00e9 a redu\u00e7\u00e3o do subs\u00eddio cruzado entre consumidores que pagam em dinheiro e no cart\u00e3o.<\/p>\n<\/div>\n<div class=\"mc-column content-text active-extra-styles \" data-block-type=\"unstyled\" data-block-weight=\"47\">\n<p class=\"content-text__container \" data-track-category=\"Link no Texto\" data-track-links=\"\">As compras em cart\u00e3o envolvem a cobran\u00e7a de taxas pelas operadoras e que s\u00e3o repassadas aos consumidores. Com a regra que previa pre\u00e7o \u00fanico para os produtos, tanto aqueles que pagam em dinheiro quanto os que pagam com o cart\u00e3o acabavam sendo onerados por esse custo extra.<\/p>\n<\/div>\n<div class=\"mc-column content-text active-extra-styles \" data-block-type=\"unstyled\" data-block-weight=\"27\">\n<p class=\"content-text__container \" data-track-category=\"Link no Texto\" data-track-links=\"\">Com a mudan\u00e7a, a expectativa \u00e9 que, a partir de agora, quem paga em dinheiro fique livre dessa cobran\u00e7a e acabe tendo desconto no valor dos produtos.<\/p>\n<\/div>\n<div class=\"mc-column content-text active-extra-styles \" data-block-type=\"unstyled\" data-block-weight=\"25\">\n<p class=\"content-text__container \" data-track-category=\"Link no Texto\" data-track-links=\"\">&#8220;Fam\u00edlias de baixa renda, que pouco usam o cart\u00e3o, est\u00e3o transferindo renda para fam\u00edlias de renda mais elevada, que usam mais o cart\u00e3o&#8221;, apontou Meirelles.<\/p>\n<\/div>\n<div class=\"mc-column content-media content-media--normal content-video\" data-block-type=\"backstage-video\">\n<div class=\"content-media__container content-media__container--loaded\">\n<div class=\"content-video__video\">\n<div id=\"wp3-player-1\" class=\"clappr-player\" tabindex=\"9999\" data-player=\"\">\n<div class=\"container master-container pointer-enabled\" data-container=\"\" data-pip=\"\">\n<div class=\"wp3-video-info basic  hidden\" style=\"text-align: right;\" data-info=\"\">\u00a0Fonte: G1.globo<\/div>\n<div class=\"wp3-subtitle-wrapper w960\" data-subtitle=\"\"><\/div>\n<\/div>\n<\/div>\n<\/div>\n<\/div>\n<\/div>\n","protected":false},"excerpt":{"rendered":"<p>Os lojistas n\u00e3o ser\u00e3o obrigados a oferecer desconto aos consumidores nas compras feitas em dinheiro, ap\u00f3s a san\u00e7\u00e3o da lei que permite&hellip;<\/p>\n","protected":false},"author":1,"featured_media":158,"comment_status":"closed","ping_status":"open","sticky":false,"template":"","format":"standard","meta":{"footnotes":""},"categories":[6,4],"tags":[31,65,66],"class_list":["post-156","post","type-post","status-publish","format-standard","has-post-thumbnail","hentry","category-legislacao-fiscal","category-gestaoenegocios","tag-leitura","tag-desconto-nas-compras-em-dinheiro","tag-desconto"],"yoast_head":"<!-- This site is optimized with the Yoast SEO plugin v27.5 - https:\/\/yoast.com\/product\/yoast-seo-wordpress\/ -->\n<title>Liberado por lei, desconto nas compras em dinheiro n\u00e3o \u00e9 obrigat\u00f3rio - Sfhera Software<\/title>\n<meta name=\"robots\" content=\"index, follow, max-snippet:-1, max-image-preview:large, max-video-preview:-1\" \/>\n<link rel=\"canonical\" href=\"https:\/\/sfhera.com.br\/blog\/liberado-por-lei-desconto-nas-compras-em-dinheiro-nao-e-obrigatorio\/\" \/>\n<meta property=\"og:locale\" content=\"pt_BR\" \/>\n<meta property=\"og:type\" content=\"article\" \/>\n<meta property=\"og:title\" content=\"Liberado por lei, desconto nas compras em dinheiro n\u00e3o \u00e9 obrigat\u00f3rio - Sfhera Software\" \/>\n<meta property=\"og:description\" content=\"Os lojistas n\u00e3o ser\u00e3o obrigados a oferecer desconto aos consumidores nas compras feitas em dinheiro, ap\u00f3s a san\u00e7\u00e3o da lei que permite&hellip;\" \/>\n<meta property=\"og:url\" content=\"https:\/\/sfhera.com.br\/blog\/liberado-por-lei-desconto-nas-compras-em-dinheiro-nao-e-obrigatorio\/\" \/>\n<meta property=\"og:site_name\" content=\"Sfhera Software\" \/>\n<meta property=\"article:publisher\" content=\"https:\/\/www.facebook.com\/sfhera\" \/>\n<meta property=\"article:published_time\" content=\"2017-06-28T12:38:59+00:00\" \/>\n<meta property=\"og:image\" content=\"https:\/\/sfhera.com.br\/blog\/wp-content\/uploads\/2017\/06\/temer_beto_barata_pr_4.jpg\" \/>\n\t<meta property=\"og:image:width\" content=\"1200\" \/>\n\t<meta property=\"og:image:height\" content=\"800\" \/>\n\t<meta property=\"og:image:type\" content=\"image\/jpeg\" \/>\n<meta name=\"author\" content=\"Sfhera Software\" \/>\n<meta name=\"twitter:card\" content=\"summary_large_image\" \/>\n<meta name=\"twitter:creator\" content=\"@sfhera\" \/>\n<meta name=\"twitter:site\" content=\"@sfhera\" \/>\n<meta name=\"twitter:label1\" content=\"Escrito por\" \/>\n\t<meta name=\"twitter:data1\" content=\"Sfhera Software\" \/>\n\t<meta name=\"twitter:label2\" content=\"Est. tempo de leitura\" \/>\n\t<meta name=\"twitter:data2\" content=\"3 minutos\" \/>\n<script type=\"application\/ld+json\" class=\"yoast-schema-graph\">{\"@context\":\"https:\\\/\\\/schema.org\",\"@graph\":[{\"@type\":\"Article\",\"@id\":\"https:\\\/\\\/sfhera.com.br\\\/blog\\\/liberado-por-lei-desconto-nas-compras-em-dinheiro-nao-e-obrigatorio\\\/#article\",\"isPartOf\":{\"@id\":\"https:\\\/\\\/sfhera.com.br\\\/blog\\\/liberado-por-lei-desconto-nas-compras-em-dinheiro-nao-e-obrigatorio\\\/\"},\"author\":{\"name\":\"Sfhera Software\",\"@id\":\"https:\\\/\\\/sfhera.com.br\\\/blog\\\/#\\\/schema\\\/person\\\/0a21d0c7b6b15bda9d9c072dde915f2a\"},\"headline\":\"Liberado por lei, desconto nas compras em dinheiro n\u00e3o \u00e9 obrigat\u00f3rio\",\"datePublished\":\"2017-06-28T12:38:59+00:00\",\"mainEntityOfPage\":{\"@id\":\"https:\\\/\\\/sfhera.com.br\\\/blog\\\/liberado-por-lei-desconto-nas-compras-em-dinheiro-nao-e-obrigatorio\\\/\"},\"wordCount\":708,\"publisher\":{\"@id\":\"https:\\\/\\\/sfhera.com.br\\\/blog\\\/#organization\"},\"image\":{\"@id\":\"https:\\\/\\\/sfhera.com.br\\\/blog\\\/liberado-por-lei-desconto-nas-compras-em-dinheiro-nao-e-obrigatorio\\\/#primaryimage\"},\"thumbnailUrl\":\"https:\\\/\\\/sfhera.com.br\\\/blog\\\/wp-content\\\/uploads\\\/2017\\\/06\\\/temer_beto_barata_pr_4.jpg\",\"keywords\":[\"leitura\",\"desconto nas compras em dinheiro\",\"desconto\"],\"articleSection\":[\"Legisla\u00e7\u00e3o Fiscal\",\"Gest\u00e3o e Neg\u00f3cios\"],\"inLanguage\":\"pt-BR\"},{\"@type\":\"WebPage\",\"@id\":\"https:\\\/\\\/sfhera.com.br\\\/blog\\\/liberado-por-lei-desconto-nas-compras-em-dinheiro-nao-e-obrigatorio\\\/\",\"url\":\"https:\\\/\\\/sfhera.com.br\\\/blog\\\/liberado-por-lei-desconto-nas-compras-em-dinheiro-nao-e-obrigatorio\\\/\",\"name\":\"Liberado por lei, desconto nas compras em dinheiro n\u00e3o \u00e9 obrigat\u00f3rio - Sfhera Software\",\"isPartOf\":{\"@id\":\"https:\\\/\\\/sfhera.com.br\\\/blog\\\/#website\"},\"primaryImageOfPage\":{\"@id\":\"https:\\\/\\\/sfhera.com.br\\\/blog\\\/liberado-por-lei-desconto-nas-compras-em-dinheiro-nao-e-obrigatorio\\\/#primaryimage\"},\"image\":{\"@id\":\"https:\\\/\\\/sfhera.com.br\\\/blog\\\/liberado-por-lei-desconto-nas-compras-em-dinheiro-nao-e-obrigatorio\\\/#primaryimage\"},\"thumbnailUrl\":\"https:\\\/\\\/sfhera.com.br\\\/blog\\\/wp-content\\\/uploads\\\/2017\\\/06\\\/temer_beto_barata_pr_4.jpg\",\"datePublished\":\"2017-06-28T12:38:59+00:00\",\"breadcrumb\":{\"@id\":\"https:\\\/\\\/sfhera.com.br\\\/blog\\\/liberado-por-lei-desconto-nas-compras-em-dinheiro-nao-e-obrigatorio\\\/#breadcrumb\"},\"inLanguage\":\"pt-BR\",\"potentialAction\":[{\"@type\":\"ReadAction\",\"target\":[\"https:\\\/\\\/sfhera.com.br\\\/blog\\\/liberado-por-lei-desconto-nas-compras-em-dinheiro-nao-e-obrigatorio\\\/\"]}]},{\"@type\":\"ImageObject\",\"inLanguage\":\"pt-BR\",\"@id\":\"https:\\\/\\\/sfhera.com.br\\\/blog\\\/liberado-por-lei-desconto-nas-compras-em-dinheiro-nao-e-obrigatorio\\\/#primaryimage\",\"url\":\"https:\\\/\\\/sfhera.com.br\\\/blog\\\/wp-content\\\/uploads\\\/2017\\\/06\\\/temer_beto_barata_pr_4.jpg\",\"contentUrl\":\"https:\\\/\\\/sfhera.com.br\\\/blog\\\/wp-content\\\/uploads\\\/2017\\\/06\\\/temer_beto_barata_pr_4.jpg\",\"width\":1200,\"height\":800,\"caption\":\"desconto\"},{\"@type\":\"BreadcrumbList\",\"@id\":\"https:\\\/\\\/sfhera.com.br\\\/blog\\\/liberado-por-lei-desconto-nas-compras-em-dinheiro-nao-e-obrigatorio\\\/#breadcrumb\",\"itemListElement\":[{\"@type\":\"ListItem\",\"position\":1,\"name\":\"In\u00edcio\",\"item\":\"https:\\\/\\\/sfhera.com.br\\\/blog\\\/\"},{\"@type\":\"ListItem\",\"position\":2,\"name\":\"Liberado por lei, desconto nas compras em dinheiro n\u00e3o \u00e9 obrigat\u00f3rio\"}]},{\"@type\":\"WebSite\",\"@id\":\"https:\\\/\\\/sfhera.com.br\\\/blog\\\/#website\",\"url\":\"https:\\\/\\\/sfhera.com.br\\\/blog\\\/\",\"name\":\"Sfhera Software\",\"description\":\"Aplicativos de Gest\u00e3o para o Varejo\",\"publisher\":{\"@id\":\"https:\\\/\\\/sfhera.com.br\\\/blog\\\/#organization\"},\"potentialAction\":[{\"@type\":\"SearchAction\",\"target\":{\"@type\":\"EntryPoint\",\"urlTemplate\":\"https:\\\/\\\/sfhera.com.br\\\/blog\\\/?s={search_term_string}\"},\"query-input\":{\"@type\":\"PropertyValueSpecification\",\"valueRequired\":true,\"valueName\":\"search_term_string\"}}],\"inLanguage\":\"pt-BR\"},{\"@type\":\"Organization\",\"@id\":\"https:\\\/\\\/sfhera.com.br\\\/blog\\\/#organization\",\"name\":\"Sfhera Software\",\"url\":\"https:\\\/\\\/sfhera.com.br\\\/blog\\\/\",\"logo\":{\"@type\":\"ImageObject\",\"inLanguage\":\"pt-BR\",\"@id\":\"https:\\\/\\\/sfhera.com.br\\\/blog\\\/#\\\/schema\\\/logo\\\/image\\\/\",\"url\":\"https:\\\/\\\/www.sfhera.com.br\\\/blog\\\/wp-content\\\/uploads\\\/2017\\\/06\\\/logo.png\",\"contentUrl\":\"https:\\\/\\\/www.sfhera.com.br\\\/blog\\\/wp-content\\\/uploads\\\/2017\\\/06\\\/logo.png\",\"width\":200,\"height\":65,\"caption\":\"Sfhera Software\"},\"image\":{\"@id\":\"https:\\\/\\\/sfhera.com.br\\\/blog\\\/#\\\/schema\\\/logo\\\/image\\\/\"},\"sameAs\":[\"https:\\\/\\\/www.facebook.com\\\/sfhera\",\"https:\\\/\\\/x.com\\\/sfhera\",\"https:\\\/\\\/br.linkedin.com\\\/company\\\/sfhera-software\"]},{\"@type\":\"Person\",\"@id\":\"https:\\\/\\\/sfhera.com.br\\\/blog\\\/#\\\/schema\\\/person\\\/0a21d0c7b6b15bda9d9c072dde915f2a\",\"name\":\"Sfhera Software\",\"image\":{\"@type\":\"ImageObject\",\"inLanguage\":\"pt-BR\",\"@id\":\"https:\\\/\\\/secure.gravatar.com\\\/avatar\\\/b1d1b13f14dd2dc5b3fb21e60579548fa4f79040171567f49ae19080fb354524?s=96&d=mm&r=g\",\"url\":\"https:\\\/\\\/secure.gravatar.com\\\/avatar\\\/b1d1b13f14dd2dc5b3fb21e60579548fa4f79040171567f49ae19080fb354524?s=96&d=mm&r=g\",\"contentUrl\":\"https:\\\/\\\/secure.gravatar.com\\\/avatar\\\/b1d1b13f14dd2dc5b3fb21e60579548fa4f79040171567f49ae19080fb354524?s=96&d=mm&r=g\",\"caption\":\"Sfhera Software\"},\"url\":\"https:\\\/\\\/sfhera.com.br\\\/blog\\\/author\\\/admin\\\/\"}]}<\/script>\n<!-- \/ Yoast SEO plugin. -->","yoast_head_json":{"title":"Liberado por lei, desconto nas compras em dinheiro n\u00e3o \u00e9 obrigat\u00f3rio - Sfhera Software","robots":{"index":"index","follow":"follow","max-snippet":"max-snippet:-1","max-image-preview":"max-image-preview:large","max-video-preview":"max-video-preview:-1"},"canonical":"https:\/\/sfhera.com.br\/blog\/liberado-por-lei-desconto-nas-compras-em-dinheiro-nao-e-obrigatorio\/","og_locale":"pt_BR","og_type":"article","og_title":"Liberado por lei, desconto nas compras em dinheiro n\u00e3o \u00e9 obrigat\u00f3rio - Sfhera Software","og_description":"Os lojistas n\u00e3o ser\u00e3o obrigados a oferecer desconto aos consumidores nas compras feitas em dinheiro, ap\u00f3s a san\u00e7\u00e3o da lei que permite&hellip;","og_url":"https:\/\/sfhera.com.br\/blog\/liberado-por-lei-desconto-nas-compras-em-dinheiro-nao-e-obrigatorio\/","og_site_name":"Sfhera Software","article_publisher":"https:\/\/www.facebook.com\/sfhera","article_published_time":"2017-06-28T12:38:59+00:00","og_image":[{"width":1200,"height":800,"url":"https:\/\/sfhera.com.br\/blog\/wp-content\/uploads\/2017\/06\/temer_beto_barata_pr_4.jpg","type":"image\/jpeg"}],"author":"Sfhera Software","twitter_card":"summary_large_image","twitter_creator":"@sfhera","twitter_site":"@sfhera","twitter_misc":{"Escrito por":"Sfhera Software","Est. tempo de leitura":"3 minutos"},"schema":{"@context":"https:\/\/schema.org","@graph":[{"@type":"Article","@id":"https:\/\/sfhera.com.br\/blog\/liberado-por-lei-desconto-nas-compras-em-dinheiro-nao-e-obrigatorio\/#article","isPartOf":{"@id":"https:\/\/sfhera.com.br\/blog\/liberado-por-lei-desconto-nas-compras-em-dinheiro-nao-e-obrigatorio\/"},"author":{"name":"Sfhera Software","@id":"https:\/\/sfhera.com.br\/blog\/#\/schema\/person\/0a21d0c7b6b15bda9d9c072dde915f2a"},"headline":"Liberado por lei, desconto nas compras em dinheiro n\u00e3o \u00e9 obrigat\u00f3rio","datePublished":"2017-06-28T12:38:59+00:00","mainEntityOfPage":{"@id":"https:\/\/sfhera.com.br\/blog\/liberado-por-lei-desconto-nas-compras-em-dinheiro-nao-e-obrigatorio\/"},"wordCount":708,"publisher":{"@id":"https:\/\/sfhera.com.br\/blog\/#organization"},"image":{"@id":"https:\/\/sfhera.com.br\/blog\/liberado-por-lei-desconto-nas-compras-em-dinheiro-nao-e-obrigatorio\/#primaryimage"},"thumbnailUrl":"https:\/\/sfhera.com.br\/blog\/wp-content\/uploads\/2017\/06\/temer_beto_barata_pr_4.jpg","keywords":["leitura","desconto nas compras em dinheiro","desconto"],"articleSection":["Legisla\u00e7\u00e3o Fiscal","Gest\u00e3o e Neg\u00f3cios"],"inLanguage":"pt-BR"},{"@type":"WebPage","@id":"https:\/\/sfhera.com.br\/blog\/liberado-por-lei-desconto-nas-compras-em-dinheiro-nao-e-obrigatorio\/","url":"https:\/\/sfhera.com.br\/blog\/liberado-por-lei-desconto-nas-compras-em-dinheiro-nao-e-obrigatorio\/","name":"Liberado por lei, desconto nas compras em dinheiro n\u00e3o \u00e9 obrigat\u00f3rio - Sfhera Software","isPartOf":{"@id":"https:\/\/sfhera.com.br\/blog\/#website"},"primaryImageOfPage":{"@id":"https:\/\/sfhera.com.br\/blog\/liberado-por-lei-desconto-nas-compras-em-dinheiro-nao-e-obrigatorio\/#primaryimage"},"image":{"@id":"https:\/\/sfhera.com.br\/blog\/liberado-por-lei-desconto-nas-compras-em-dinheiro-nao-e-obrigatorio\/#primaryimage"},"thumbnailUrl":"https:\/\/sfhera.com.br\/blog\/wp-content\/uploads\/2017\/06\/temer_beto_barata_pr_4.jpg","datePublished":"2017-06-28T12:38:59+00:00","breadcrumb":{"@id":"https:\/\/sfhera.com.br\/blog\/liberado-por-lei-desconto-nas-compras-em-dinheiro-nao-e-obrigatorio\/#breadcrumb"},"inLanguage":"pt-BR","potentialAction":[{"@type":"ReadAction","target":["https:\/\/sfhera.com.br\/blog\/liberado-por-lei-desconto-nas-compras-em-dinheiro-nao-e-obrigatorio\/"]}]},{"@type":"ImageObject","inLanguage":"pt-BR","@id":"https:\/\/sfhera.com.br\/blog\/liberado-por-lei-desconto-nas-compras-em-dinheiro-nao-e-obrigatorio\/#primaryimage","url":"https:\/\/sfhera.com.br\/blog\/wp-content\/uploads\/2017\/06\/temer_beto_barata_pr_4.jpg","contentUrl":"https:\/\/sfhera.com.br\/blog\/wp-content\/uploads\/2017\/06\/temer_beto_barata_pr_4.jpg","width":1200,"height":800,"caption":"desconto"},{"@type":"BreadcrumbList","@id":"https:\/\/sfhera.com.br\/blog\/liberado-por-lei-desconto-nas-compras-em-dinheiro-nao-e-obrigatorio\/#breadcrumb","itemListElement":[{"@type":"ListItem","position":1,"name":"In\u00edcio","item":"https:\/\/sfhera.com.br\/blog\/"},{"@type":"ListItem","position":2,"name":"Liberado por lei, desconto nas compras em dinheiro n\u00e3o \u00e9 obrigat\u00f3rio"}]},{"@type":"WebSite","@id":"https:\/\/sfhera.com.br\/blog\/#website","url":"https:\/\/sfhera.com.br\/blog\/","name":"Sfhera Software","description":"Aplicativos de Gest\u00e3o para o Varejo","publisher":{"@id":"https:\/\/sfhera.com.br\/blog\/#organization"},"potentialAction":[{"@type":"SearchAction","target":{"@type":"EntryPoint","urlTemplate":"https:\/\/sfhera.com.br\/blog\/?s={search_term_string}"},"query-input":{"@type":"PropertyValueSpecification","valueRequired":true,"valueName":"search_term_string"}}],"inLanguage":"pt-BR"},{"@type":"Organization","@id":"https:\/\/sfhera.com.br\/blog\/#organization","name":"Sfhera Software","url":"https:\/\/sfhera.com.br\/blog\/","logo":{"@type":"ImageObject","inLanguage":"pt-BR","@id":"https:\/\/sfhera.com.br\/blog\/#\/schema\/logo\/image\/","url":"https:\/\/www.sfhera.com.br\/blog\/wp-content\/uploads\/2017\/06\/logo.png","contentUrl":"https:\/\/www.sfhera.com.br\/blog\/wp-content\/uploads\/2017\/06\/logo.png","width":200,"height":65,"caption":"Sfhera Software"},"image":{"@id":"https:\/\/sfhera.com.br\/blog\/#\/schema\/logo\/image\/"},"sameAs":["https:\/\/www.facebook.com\/sfhera","https:\/\/x.com\/sfhera","https:\/\/br.linkedin.com\/company\/sfhera-software"]},{"@type":"Person","@id":"https:\/\/sfhera.com.br\/blog\/#\/schema\/person\/0a21d0c7b6b15bda9d9c072dde915f2a","name":"Sfhera Software","image":{"@type":"ImageObject","inLanguage":"pt-BR","@id":"https:\/\/secure.gravatar.com\/avatar\/b1d1b13f14dd2dc5b3fb21e60579548fa4f79040171567f49ae19080fb354524?s=96&d=mm&r=g","url":"https:\/\/secure.gravatar.com\/avatar\/b1d1b13f14dd2dc5b3fb21e60579548fa4f79040171567f49ae19080fb354524?s=96&d=mm&r=g","contentUrl":"https:\/\/secure.gravatar.com\/avatar\/b1d1b13f14dd2dc5b3fb21e60579548fa4f79040171567f49ae19080fb354524?s=96&d=mm&r=g","caption":"Sfhera Software"},"url":"https:\/\/sfhera.com.br\/blog\/author\/admin\/"}]}},"_links":{"self":[{"href":"https:\/\/sfhera.com.br\/blog\/wp-json\/wp\/v2\/posts\/156","targetHints":{"allow":["GET"]}}],"collection":[{"href":"https:\/\/sfhera.com.br\/blog\/wp-json\/wp\/v2\/posts"}],"about":[{"href":"https:\/\/sfhera.com.br\/blog\/wp-json\/wp\/v2\/types\/post"}],"author":[{"embeddable":true,"href":"https:\/\/sfhera.com.br\/blog\/wp-json\/wp\/v2\/users\/1"}],"replies":[{"embeddable":true,"href":"https:\/\/sfhera.com.br\/blog\/wp-json\/wp\/v2\/comments?post=156"}],"version-history":[{"count":1,"href":"https:\/\/sfhera.com.br\/blog\/wp-json\/wp\/v2\/posts\/156\/revisions"}],"predecessor-version":[{"id":159,"href":"https:\/\/sfhera.com.br\/blog\/wp-json\/wp\/v2\/posts\/156\/revisions\/159"}],"wp:featuredmedia":[{"embeddable":true,"href":"https:\/\/sfhera.com.br\/blog\/wp-json\/wp\/v2\/media\/158"}],"wp:attachment":[{"href":"https:\/\/sfhera.com.br\/blog\/wp-json\/wp\/v2\/media?parent=156"}],"wp:term":[{"taxonomy":"category","embeddable":true,"href":"https:\/\/sfhera.com.br\/blog\/wp-json\/wp\/v2\/categories?post=156"},{"taxonomy":"post_tag","embeddable":true,"href":"https:\/\/sfhera.com.br\/blog\/wp-json\/wp\/v2\/tags?post=156"}],"curies":[{"name":"wp","href":"https:\/\/api.w.org\/{rel}","templated":true}]}}