{"id":174,"date":"2017-06-28T16:54:41","date_gmt":"2017-06-28T19:54:41","guid":{"rendered":"https:\/\/sfhera.com.br\/blog\/?p=174"},"modified":"2017-06-29T08:21:12","modified_gmt":"2017-06-29T11:21:12","slug":"microempreendedor-podera-parcelar-debitos-com-receita-em-120-prestacoes","status":"publish","type":"post","link":"https:\/\/sfhera.com.br\/blog\/microempreendedor-podera-parcelar-debitos-com-receita-em-120-prestacoes\/","title":{"rendered":"Microempreendedor poder\u00e1 parcelar d\u00e9bitos com a Receita em 120 presta\u00e7\u00f5es"},"content":{"rendered":"<h4 class=\"summary\">O pedido de parcelamento dever\u00e1 ser apresentado a partir do dia 3 de julho at\u00e9 2 de outubro de 2017, das 8h \u00e0s 20h, hor\u00e1rio de Bras\u00edlia<\/h4>\n<p>Os microempreendedores individuais poder\u00e3o parcelar em at\u00e9 120 presta\u00e7\u00f5es mensais d\u00e9bitos com a Receita Federal. Hoje (28) o Di\u00e1rio Oficial da Uni\u00e3o traz uma instru\u00e7\u00e3o normativa para regulamentar o parcelamento de d\u00e9bitos, apurados na forma do Sistema de Recolhimento em Valores Fixos Mensais dos Tributos abrangidos pelo Simples Nacional (Simei) at\u00e9 a compet\u00eancia do m\u00eas de maio de 2016.<\/p>\n<div class=\"ads_artigos_noticia_inter\"><\/div>\n<p>O pedido de parcelamento dever\u00e1 ser apresentado a partir do dia 3 de julho at\u00e9 2 de outubro de 2017, das 8h \u00e0s 20h, hor\u00e1rio de Bras\u00edlia, exclusivamente por meio do site da Receita Federal, do portal e-CAC ou do portal do Simples Nacional. Para o parcelamento, n\u00e3o \u00e9 necess\u00e1ria apresenta\u00e7\u00e3o de garantia. O valor m\u00ednimo das parcelas \u00e9 R$ 50.<\/p>\n<p>De acordo com a instru\u00e7\u00e3o normativa, n\u00e3o podem ser parcelados d\u00e9bitos, como os inscritos em D\u00edvida Ativa da Uni\u00e3o, os relativos aos Impostos sobre Opera\u00e7\u00f5es ferentes \u00e0 Circula\u00e7\u00e3o de Mercadorias e Presta\u00e7\u00e3o de Servi\u00e7os de Transporte Interestadual e Intermunicipal e de Comunica\u00e7\u00e3o e sobre Servi\u00e7os de Qualquer Natureza inscritos em d\u00edvida ativa dos estados ou munic\u00edpios, al\u00e9m de multas por descumprimento de obriga\u00e7\u00e3o acess\u00f3ria e d\u00e9bitos relativos \u00e0 contribui\u00e7\u00e3o previdenci\u00e1ria descontada de empregado.<\/p>\n<p>No parcelamento ser\u00e1 poss\u00edvel reduzir o valor da multa. Haver\u00e1 redu\u00e7\u00e3o de 40% se o requerimento for feito no prazo de 30 dias, contado da data em que foi notificado do lan\u00e7amento ou de 20% se o pedido de parcelamento for feito no prazo de 30 dias, contado da data em que foi notificado da decis\u00e3o administrativa de primeira inst\u00e2ncia.<\/p>\n<p style=\"text-align: right;\">Fonte: Administradores.com<\/p>\n","protected":false},"excerpt":{"rendered":"<p>O pedido de parcelamento dever\u00e1 ser apresentado a partir do dia 3 de julho at\u00e9 2 de outubro de 2017, das 8h&hellip;<\/p>\n","protected":false},"author":1,"featured_media":176,"comment_status":"closed","ping_status":"open","sticky":false,"template":"","format":"standard","meta":{"footnotes":""},"categories":[6,4],"tags":[51,53,72],"class_list":["post-174","post","type-post","status-publish","format-standard","has-post-thumbnail","hentry","category-legislacao-fiscal","category-gestaoenegocios","tag-receita-federal","tag-mei","tag-parcelamento"],"yoast_head":"<!-- This site is optimized with the Yoast SEO plugin v27.5 - https:\/\/yoast.com\/product\/yoast-seo-wordpress\/ -->\n<title>Microempreendedor poder\u00e1 parcelar d\u00e9bitos com a Receita em 120 presta\u00e7\u00f5es - Sfhera Software<\/title>\n<meta name=\"robots\" content=\"index, follow, max-snippet:-1, max-image-preview:large, max-video-preview:-1\" \/>\n<link rel=\"canonical\" href=\"https:\/\/sfhera.com.br\/blog\/microempreendedor-podera-parcelar-debitos-com-receita-em-120-prestacoes\/\" \/>\n<meta property=\"og:locale\" content=\"pt_BR\" \/>\n<meta property=\"og:type\" content=\"article\" \/>\n<meta property=\"og:title\" content=\"Microempreendedor poder\u00e1 parcelar d\u00e9bitos com a Receita em 120 presta\u00e7\u00f5es\" \/>\n<meta property=\"og:description\" content=\"&quot;O pedido de parcelamento dever\u00e1 ser apresentado a partir do dia 3 de julho at\u00e9 2 de outubro de 2017, das 8h \u00e0s 20h, hor\u00e1rio de Bras\u00edlia. Os microempreendedores individuais poder\u00e3o parcelar em at\u00e9 120 presta\u00e7\u00f5es mensais d\u00e9bitos com a Receita Federal. &quot;\" \/>\n<meta property=\"og:url\" content=\"https:\/\/sfhera.com.br\/blog\/microempreendedor-podera-parcelar-debitos-com-receita-em-120-prestacoes\/\" \/>\n<meta property=\"og:site_name\" content=\"Sfhera Software\" \/>\n<meta property=\"article:publisher\" content=\"https:\/\/www.facebook.com\/sfhera\" \/>\n<meta property=\"article:published_time\" content=\"2017-06-28T19:54:41+00:00\" \/>\n<meta property=\"article:modified_time\" content=\"2017-06-29T11:21:12+00:00\" \/>\n<meta property=\"og:image\" content=\"https:\/\/sfhera.com.br\/blog\/wp-content\/uploads\/2017\/06\/MEI.jpg\" \/>\n\t<meta property=\"og:image:width\" content=\"800\" \/>\n\t<meta property=\"og:image:height\" content=\"450\" \/>\n\t<meta property=\"og:image:type\" content=\"image\/jpeg\" \/>\n<meta name=\"author\" content=\"Sfhera Software\" \/>\n<meta name=\"twitter:card\" content=\"summary_large_image\" \/>\n<meta name=\"twitter:creator\" content=\"@sfhera\" \/>\n<meta name=\"twitter:site\" content=\"@sfhera\" \/>\n<meta name=\"twitter:label1\" content=\"Escrito por\" \/>\n\t<meta name=\"twitter:data1\" content=\"Sfhera Software\" \/>\n\t<meta name=\"twitter:label2\" content=\"Est. tempo de leitura\" \/>\n\t<meta name=\"twitter:data2\" content=\"2 minutos\" \/>\n<script type=\"application\/ld+json\" class=\"yoast-schema-graph\">{\"@context\":\"https:\\\/\\\/schema.org\",\"@graph\":[{\"@type\":\"Article\",\"@id\":\"https:\\\/\\\/sfhera.com.br\\\/blog\\\/microempreendedor-podera-parcelar-debitos-com-receita-em-120-prestacoes\\\/#article\",\"isPartOf\":{\"@id\":\"https:\\\/\\\/sfhera.com.br\\\/blog\\\/microempreendedor-podera-parcelar-debitos-com-receita-em-120-prestacoes\\\/\"},\"author\":{\"name\":\"Sfhera Software\",\"@id\":\"https:\\\/\\\/sfhera.com.br\\\/blog\\\/#\\\/schema\\\/person\\\/0a21d0c7b6b15bda9d9c072dde915f2a\"},\"headline\":\"Microempreendedor poder\u00e1 parcelar d\u00e9bitos com a Receita em 120 presta\u00e7\u00f5es\",\"datePublished\":\"2017-06-28T19:54:41+00:00\",\"dateModified\":\"2017-06-29T11:21:12+00:00\",\"mainEntityOfPage\":{\"@id\":\"https:\\\/\\\/sfhera.com.br\\\/blog\\\/microempreendedor-podera-parcelar-debitos-com-receita-em-120-prestacoes\\\/\"},\"wordCount\":317,\"publisher\":{\"@id\":\"https:\\\/\\\/sfhera.com.br\\\/blog\\\/#organization\"},\"image\":{\"@id\":\"https:\\\/\\\/sfhera.com.br\\\/blog\\\/microempreendedor-podera-parcelar-debitos-com-receita-em-120-prestacoes\\\/#primaryimage\"},\"thumbnailUrl\":\"https:\\\/\\\/sfhera.com.br\\\/blog\\\/wp-content\\\/uploads\\\/2017\\\/06\\\/MEI.jpg\",\"keywords\":[\"Receita Federal\",\"MEI\",\"parcelamento\"],\"articleSection\":[\"Legisla\u00e7\u00e3o Fiscal\",\"Gest\u00e3o e Neg\u00f3cios\"],\"inLanguage\":\"pt-BR\"},{\"@type\":\"WebPage\",\"@id\":\"https:\\\/\\\/sfhera.com.br\\\/blog\\\/microempreendedor-podera-parcelar-debitos-com-receita-em-120-prestacoes\\\/\",\"url\":\"https:\\\/\\\/sfhera.com.br\\\/blog\\\/microempreendedor-podera-parcelar-debitos-com-receita-em-120-prestacoes\\\/\",\"name\":\"Microempreendedor poder\u00e1 parcelar d\u00e9bitos com a Receita em 120 presta\u00e7\u00f5es - Sfhera Software\",\"isPartOf\":{\"@id\":\"https:\\\/\\\/sfhera.com.br\\\/blog\\\/#website\"},\"primaryImageOfPage\":{\"@id\":\"https:\\\/\\\/sfhera.com.br\\\/blog\\\/microempreendedor-podera-parcelar-debitos-com-receita-em-120-prestacoes\\\/#primaryimage\"},\"image\":{\"@id\":\"https:\\\/\\\/sfhera.com.br\\\/blog\\\/microempreendedor-podera-parcelar-debitos-com-receita-em-120-prestacoes\\\/#primaryimage\"},\"thumbnailUrl\":\"https:\\\/\\\/sfhera.com.br\\\/blog\\\/wp-content\\\/uploads\\\/2017\\\/06\\\/MEI.jpg\",\"datePublished\":\"2017-06-28T19:54:41+00:00\",\"dateModified\":\"2017-06-29T11:21:12+00:00\",\"breadcrumb\":{\"@id\":\"https:\\\/\\\/sfhera.com.br\\\/blog\\\/microempreendedor-podera-parcelar-debitos-com-receita-em-120-prestacoes\\\/#breadcrumb\"},\"inLanguage\":\"pt-BR\",\"potentialAction\":[{\"@type\":\"ReadAction\",\"target\":[\"https:\\\/\\\/sfhera.com.br\\\/blog\\\/microempreendedor-podera-parcelar-debitos-com-receita-em-120-prestacoes\\\/\"]}]},{\"@type\":\"ImageObject\",\"inLanguage\":\"pt-BR\",\"@id\":\"https:\\\/\\\/sfhera.com.br\\\/blog\\\/microempreendedor-podera-parcelar-debitos-com-receita-em-120-prestacoes\\\/#primaryimage\",\"url\":\"https:\\\/\\\/sfhera.com.br\\\/blog\\\/wp-content\\\/uploads\\\/2017\\\/06\\\/MEI.jpg\",\"contentUrl\":\"https:\\\/\\\/sfhera.com.br\\\/blog\\\/wp-content\\\/uploads\\\/2017\\\/06\\\/MEI.jpg\",\"width\":800,\"height\":450,\"caption\":\"RECEITA FEDERAL\"},{\"@type\":\"BreadcrumbList\",\"@id\":\"https:\\\/\\\/sfhera.com.br\\\/blog\\\/microempreendedor-podera-parcelar-debitos-com-receita-em-120-prestacoes\\\/#breadcrumb\",\"itemListElement\":[{\"@type\":\"ListItem\",\"position\":1,\"name\":\"In\u00edcio\",\"item\":\"https:\\\/\\\/sfhera.com.br\\\/blog\\\/\"},{\"@type\":\"ListItem\",\"position\":2,\"name\":\"Microempreendedor poder\u00e1 parcelar d\u00e9bitos com a Receita em 120 presta\u00e7\u00f5es\"}]},{\"@type\":\"WebSite\",\"@id\":\"https:\\\/\\\/sfhera.com.br\\\/blog\\\/#website\",\"url\":\"https:\\\/\\\/sfhera.com.br\\\/blog\\\/\",\"name\":\"Sfhera Software\",\"description\":\"Aplicativos de Gest\u00e3o para o Varejo\",\"publisher\":{\"@id\":\"https:\\\/\\\/sfhera.com.br\\\/blog\\\/#organization\"},\"potentialAction\":[{\"@type\":\"SearchAction\",\"target\":{\"@type\":\"EntryPoint\",\"urlTemplate\":\"https:\\\/\\\/sfhera.com.br\\\/blog\\\/?s={search_term_string}\"},\"query-input\":{\"@type\":\"PropertyValueSpecification\",\"valueRequired\":true,\"valueName\":\"search_term_string\"}}],\"inLanguage\":\"pt-BR\"},{\"@type\":\"Organization\",\"@id\":\"https:\\\/\\\/sfhera.com.br\\\/blog\\\/#organization\",\"name\":\"Sfhera Software\",\"url\":\"https:\\\/\\\/sfhera.com.br\\\/blog\\\/\",\"logo\":{\"@type\":\"ImageObject\",\"inLanguage\":\"pt-BR\",\"@id\":\"https:\\\/\\\/sfhera.com.br\\\/blog\\\/#\\\/schema\\\/logo\\\/image\\\/\",\"url\":\"https:\\\/\\\/www.sfhera.com.br\\\/blog\\\/wp-content\\\/uploads\\\/2017\\\/06\\\/logo.png\",\"contentUrl\":\"https:\\\/\\\/www.sfhera.com.br\\\/blog\\\/wp-content\\\/uploads\\\/2017\\\/06\\\/logo.png\",\"width\":200,\"height\":65,\"caption\":\"Sfhera Software\"},\"image\":{\"@id\":\"https:\\\/\\\/sfhera.com.br\\\/blog\\\/#\\\/schema\\\/logo\\\/image\\\/\"},\"sameAs\":[\"https:\\\/\\\/www.facebook.com\\\/sfhera\",\"https:\\\/\\\/x.com\\\/sfhera\",\"https:\\\/\\\/br.linkedin.com\\\/company\\\/sfhera-software\"]},{\"@type\":\"Person\",\"@id\":\"https:\\\/\\\/sfhera.com.br\\\/blog\\\/#\\\/schema\\\/person\\\/0a21d0c7b6b15bda9d9c072dde915f2a\",\"name\":\"Sfhera Software\",\"image\":{\"@type\":\"ImageObject\",\"inLanguage\":\"pt-BR\",\"@id\":\"https:\\\/\\\/secure.gravatar.com\\\/avatar\\\/b1d1b13f14dd2dc5b3fb21e60579548fa4f79040171567f49ae19080fb354524?s=96&d=mm&r=g\",\"url\":\"https:\\\/\\\/secure.gravatar.com\\\/avatar\\\/b1d1b13f14dd2dc5b3fb21e60579548fa4f79040171567f49ae19080fb354524?s=96&d=mm&r=g\",\"contentUrl\":\"https:\\\/\\\/secure.gravatar.com\\\/avatar\\\/b1d1b13f14dd2dc5b3fb21e60579548fa4f79040171567f49ae19080fb354524?s=96&d=mm&r=g\",\"caption\":\"Sfhera Software\"},\"url\":\"https:\\\/\\\/sfhera.com.br\\\/blog\\\/author\\\/admin\\\/\"}]}<\/script>\n<!-- \/ Yoast SEO plugin. -->","yoast_head_json":{"title":"Microempreendedor poder\u00e1 parcelar d\u00e9bitos com a Receita em 120 presta\u00e7\u00f5es - Sfhera Software","robots":{"index":"index","follow":"follow","max-snippet":"max-snippet:-1","max-image-preview":"max-image-preview:large","max-video-preview":"max-video-preview:-1"},"canonical":"https:\/\/sfhera.com.br\/blog\/microempreendedor-podera-parcelar-debitos-com-receita-em-120-prestacoes\/","og_locale":"pt_BR","og_type":"article","og_title":"Microempreendedor poder\u00e1 parcelar d\u00e9bitos com a Receita em 120 presta\u00e7\u00f5es","og_description":"\"O pedido de parcelamento dever\u00e1 ser apresentado a partir do dia 3 de julho at\u00e9 2 de outubro de 2017, das 8h \u00e0s 20h, hor\u00e1rio de Bras\u00edlia. Os microempreendedores individuais poder\u00e3o parcelar em at\u00e9 120 presta\u00e7\u00f5es mensais d\u00e9bitos com a Receita Federal. \"","og_url":"https:\/\/sfhera.com.br\/blog\/microempreendedor-podera-parcelar-debitos-com-receita-em-120-prestacoes\/","og_site_name":"Sfhera Software","article_publisher":"https:\/\/www.facebook.com\/sfhera","article_published_time":"2017-06-28T19:54:41+00:00","article_modified_time":"2017-06-29T11:21:12+00:00","og_image":[{"width":800,"height":450,"url":"https:\/\/sfhera.com.br\/blog\/wp-content\/uploads\/2017\/06\/MEI.jpg","type":"image\/jpeg"}],"author":"Sfhera Software","twitter_card":"summary_large_image","twitter_creator":"@sfhera","twitter_site":"@sfhera","twitter_misc":{"Escrito por":"Sfhera Software","Est. tempo de leitura":"2 minutos"},"schema":{"@context":"https:\/\/schema.org","@graph":[{"@type":"Article","@id":"https:\/\/sfhera.com.br\/blog\/microempreendedor-podera-parcelar-debitos-com-receita-em-120-prestacoes\/#article","isPartOf":{"@id":"https:\/\/sfhera.com.br\/blog\/microempreendedor-podera-parcelar-debitos-com-receita-em-120-prestacoes\/"},"author":{"name":"Sfhera Software","@id":"https:\/\/sfhera.com.br\/blog\/#\/schema\/person\/0a21d0c7b6b15bda9d9c072dde915f2a"},"headline":"Microempreendedor poder\u00e1 parcelar d\u00e9bitos com a Receita em 120 presta\u00e7\u00f5es","datePublished":"2017-06-28T19:54:41+00:00","dateModified":"2017-06-29T11:21:12+00:00","mainEntityOfPage":{"@id":"https:\/\/sfhera.com.br\/blog\/microempreendedor-podera-parcelar-debitos-com-receita-em-120-prestacoes\/"},"wordCount":317,"publisher":{"@id":"https:\/\/sfhera.com.br\/blog\/#organization"},"image":{"@id":"https:\/\/sfhera.com.br\/blog\/microempreendedor-podera-parcelar-debitos-com-receita-em-120-prestacoes\/#primaryimage"},"thumbnailUrl":"https:\/\/sfhera.com.br\/blog\/wp-content\/uploads\/2017\/06\/MEI.jpg","keywords":["Receita Federal","MEI","parcelamento"],"articleSection":["Legisla\u00e7\u00e3o Fiscal","Gest\u00e3o e Neg\u00f3cios"],"inLanguage":"pt-BR"},{"@type":"WebPage","@id":"https:\/\/sfhera.com.br\/blog\/microempreendedor-podera-parcelar-debitos-com-receita-em-120-prestacoes\/","url":"https:\/\/sfhera.com.br\/blog\/microempreendedor-podera-parcelar-debitos-com-receita-em-120-prestacoes\/","name":"Microempreendedor poder\u00e1 parcelar d\u00e9bitos com a Receita em 120 presta\u00e7\u00f5es - Sfhera Software","isPartOf":{"@id":"https:\/\/sfhera.com.br\/blog\/#website"},"primaryImageOfPage":{"@id":"https:\/\/sfhera.com.br\/blog\/microempreendedor-podera-parcelar-debitos-com-receita-em-120-prestacoes\/#primaryimage"},"image":{"@id":"https:\/\/sfhera.com.br\/blog\/microempreendedor-podera-parcelar-debitos-com-receita-em-120-prestacoes\/#primaryimage"},"thumbnailUrl":"https:\/\/sfhera.com.br\/blog\/wp-content\/uploads\/2017\/06\/MEI.jpg","datePublished":"2017-06-28T19:54:41+00:00","dateModified":"2017-06-29T11:21:12+00:00","breadcrumb":{"@id":"https:\/\/sfhera.com.br\/blog\/microempreendedor-podera-parcelar-debitos-com-receita-em-120-prestacoes\/#breadcrumb"},"inLanguage":"pt-BR","potentialAction":[{"@type":"ReadAction","target":["https:\/\/sfhera.com.br\/blog\/microempreendedor-podera-parcelar-debitos-com-receita-em-120-prestacoes\/"]}]},{"@type":"ImageObject","inLanguage":"pt-BR","@id":"https:\/\/sfhera.com.br\/blog\/microempreendedor-podera-parcelar-debitos-com-receita-em-120-prestacoes\/#primaryimage","url":"https:\/\/sfhera.com.br\/blog\/wp-content\/uploads\/2017\/06\/MEI.jpg","contentUrl":"https:\/\/sfhera.com.br\/blog\/wp-content\/uploads\/2017\/06\/MEI.jpg","width":800,"height":450,"caption":"RECEITA FEDERAL"},{"@type":"BreadcrumbList","@id":"https:\/\/sfhera.com.br\/blog\/microempreendedor-podera-parcelar-debitos-com-receita-em-120-prestacoes\/#breadcrumb","itemListElement":[{"@type":"ListItem","position":1,"name":"In\u00edcio","item":"https:\/\/sfhera.com.br\/blog\/"},{"@type":"ListItem","position":2,"name":"Microempreendedor poder\u00e1 parcelar d\u00e9bitos com a Receita em 120 presta\u00e7\u00f5es"}]},{"@type":"WebSite","@id":"https:\/\/sfhera.com.br\/blog\/#website","url":"https:\/\/sfhera.com.br\/blog\/","name":"Sfhera Software","description":"Aplicativos de Gest\u00e3o para o Varejo","publisher":{"@id":"https:\/\/sfhera.com.br\/blog\/#organization"},"potentialAction":[{"@type":"SearchAction","target":{"@type":"EntryPoint","urlTemplate":"https:\/\/sfhera.com.br\/blog\/?s={search_term_string}"},"query-input":{"@type":"PropertyValueSpecification","valueRequired":true,"valueName":"search_term_string"}}],"inLanguage":"pt-BR"},{"@type":"Organization","@id":"https:\/\/sfhera.com.br\/blog\/#organization","name":"Sfhera Software","url":"https:\/\/sfhera.com.br\/blog\/","logo":{"@type":"ImageObject","inLanguage":"pt-BR","@id":"https:\/\/sfhera.com.br\/blog\/#\/schema\/logo\/image\/","url":"https:\/\/www.sfhera.com.br\/blog\/wp-content\/uploads\/2017\/06\/logo.png","contentUrl":"https:\/\/www.sfhera.com.br\/blog\/wp-content\/uploads\/2017\/06\/logo.png","width":200,"height":65,"caption":"Sfhera Software"},"image":{"@id":"https:\/\/sfhera.com.br\/blog\/#\/schema\/logo\/image\/"},"sameAs":["https:\/\/www.facebook.com\/sfhera","https:\/\/x.com\/sfhera","https:\/\/br.linkedin.com\/company\/sfhera-software"]},{"@type":"Person","@id":"https:\/\/sfhera.com.br\/blog\/#\/schema\/person\/0a21d0c7b6b15bda9d9c072dde915f2a","name":"Sfhera Software","image":{"@type":"ImageObject","inLanguage":"pt-BR","@id":"https:\/\/secure.gravatar.com\/avatar\/b1d1b13f14dd2dc5b3fb21e60579548fa4f79040171567f49ae19080fb354524?s=96&d=mm&r=g","url":"https:\/\/secure.gravatar.com\/avatar\/b1d1b13f14dd2dc5b3fb21e60579548fa4f79040171567f49ae19080fb354524?s=96&d=mm&r=g","contentUrl":"https:\/\/secure.gravatar.com\/avatar\/b1d1b13f14dd2dc5b3fb21e60579548fa4f79040171567f49ae19080fb354524?s=96&d=mm&r=g","caption":"Sfhera Software"},"url":"https:\/\/sfhera.com.br\/blog\/author\/admin\/"}]}},"_links":{"self":[{"href":"https:\/\/sfhera.com.br\/blog\/wp-json\/wp\/v2\/posts\/174","targetHints":{"allow":["GET"]}}],"collection":[{"href":"https:\/\/sfhera.com.br\/blog\/wp-json\/wp\/v2\/posts"}],"about":[{"href":"https:\/\/sfhera.com.br\/blog\/wp-json\/wp\/v2\/types\/post"}],"author":[{"embeddable":true,"href":"https:\/\/sfhera.com.br\/blog\/wp-json\/wp\/v2\/users\/1"}],"replies":[{"embeddable":true,"href":"https:\/\/sfhera.com.br\/blog\/wp-json\/wp\/v2\/comments?post=174"}],"version-history":[{"count":1,"href":"https:\/\/sfhera.com.br\/blog\/wp-json\/wp\/v2\/posts\/174\/revisions"}],"predecessor-version":[{"id":177,"href":"https:\/\/sfhera.com.br\/blog\/wp-json\/wp\/v2\/posts\/174\/revisions\/177"}],"wp:featuredmedia":[{"embeddable":true,"href":"https:\/\/sfhera.com.br\/blog\/wp-json\/wp\/v2\/media\/176"}],"wp:attachment":[{"href":"https:\/\/sfhera.com.br\/blog\/wp-json\/wp\/v2\/media?parent=174"}],"wp:term":[{"taxonomy":"category","embeddable":true,"href":"https:\/\/sfhera.com.br\/blog\/wp-json\/wp\/v2\/categories?post=174"},{"taxonomy":"post_tag","embeddable":true,"href":"https:\/\/sfhera.com.br\/blog\/wp-json\/wp\/v2\/tags?post=174"}],"curies":[{"name":"wp","href":"https:\/\/api.w.org\/{rel}","templated":true}]}}