{"id":202,"date":"2017-06-30T09:09:59","date_gmt":"2017-06-30T12:09:59","guid":{"rendered":"https:\/\/sfhera.com.br\/blog\/?p=202"},"modified":"2017-06-30T09:16:20","modified_gmt":"2017-06-30T12:16:20","slug":"15-atividades-para-empreendedores-que-acontecem-em-julho","status":"publish","type":"post","link":"https:\/\/sfhera.com.br\/blog\/15-atividades-para-empreendedores-que-acontecem-em-julho\/","title":{"rendered":"15 atividades para empreendedores que acontecem em julho"},"content":{"rendered":"<h4 class=\"article-subtitle\">Confira, a seguir, algumas atividades voltadas especialmente para empreendedores que acontecem no pr\u00f3ximo m\u00eas<\/h4>\n<p>Na sele\u00e7\u00e3o h\u00e1 congressos,\u00a0cursos, encontros, eventos e workshops. Alguns, inclusive, s\u00e3o gratuitos. Confira, a seguir, algumas atividades voltadas especialmente para empreendedores que acontecem no pr\u00f3ximo m\u00eas:<\/p>\n<p><strong>1 \u2013 Road Show ACE na Tecnosinos \u2013 RS<\/strong><\/p>\n<p><strong>Inscri\u00e7\u00f5es:<\/strong>\u00a0At\u00e9 6 de julho, pelo\u00a0site<br \/>\n<strong>Custo:<\/strong>\u00a0Gratuito<br \/>\n<strong>Data da atividade:<\/strong>\u00a06 de julho<br \/>\n<strong>Onde:<\/strong>\u00a0Tecnosinos, em S\u00e3o Leopoldo (RS)<\/p>\n<p>A aceleradora ACE far\u00e1 um evento na Tecnosinos para conversar com startups do Sul sobre as oportunidades e dificuldades de se empreender no pa\u00eds.<\/p>\n<p>A melhor aceleradora de startups da Am\u00e9rica Latina, a ACE, se uniu ao TECNOSINOS (Parque Tecnol\u00f3gico de S\u00e3o Leopoldo) para conversar com startups do Sul do pa\u00eds sobre as oportunidades e dificuldades de se empreender no pa\u00eds.<\/p>\n<p>Haver\u00e1 palestras de empreendedores e pain\u00e9is sobre investimentos e como escalar uma startup.<\/p>\n<p><strong>2 \u2013 Startup Weekend Jaragu\u00e1 do Sul \u2013 SC<\/strong><\/p>\n<p><strong>Inscri\u00e7\u00f5es:<\/strong>\u00a0At\u00e9 14 de julho, pelo\u00a0site<br \/>\n<strong>Custo:<\/strong>\u00a0R$ 100<br \/>\n<strong>Data da atividade:<\/strong>\u00a0De 14 a 16 de julho<br \/>\n<strong>Onde:<\/strong>\u00a0Faculdade SENAI, em Jaragu\u00e1 do Sul (SC)<\/p>\n<p>Em sua quarta edi\u00e7\u00e3o na cidade de Jaragu\u00e1 do Sul (SC), o Startup Weekend ter\u00e1 54 horas de atividades para empreendedores. O evento funciona da seguinte forma: na sexta-feira os participantes exp\u00f5em suas ideias. As melhores s\u00e3o escolhidas e os times, formados. Durante o s\u00e1bado, os integrantes das equipes desenvolvem um modelo de neg\u00f3cios e o produto que apresentar\u00e3o \u00e0 banca avaliadora. Esse processo \u00e9 acompanhado por mentores especializados na \u00e1rea de empreendedorismo e inova\u00e7\u00e3o. No domingo, \u00faltimo dia do evento, os times finalizam o projeto, mostram o que desenvolveram e recebem as opini\u00f5es dos jurados.<\/p>\n<p><strong>3 \u2013 Campeonato Nacional Enactus Brasil<\/strong><\/p>\n<p><strong>Inscri\u00e7\u00f5es:<\/strong>\u00a0At\u00e9 20 de julho, pelo\u00a0site<br \/>\n<strong>Custo:<\/strong>\u00a0Gratuito<br \/>\n<strong>Data da atividade:<\/strong>\u00a020 e 21 de julho<br \/>\n<strong>Onde:<\/strong>\u00a0Centro de Conven\u00e7\u00f5es Sulam\u00e9rica, no Rio de Janeiro<\/p>\n<p>O campeonato \u00e9 um evento t\u00e9cnico cient\u00edfico, est\u00e1 em sua 17\u00aa e tem como tema Empreendedorismo Social. O publico acompanhar\u00e1 a competi\u00e7\u00e3o de 68 universidades de todo o Brasil que apresentar\u00e3o projetos sociais que abordam assuntos como mobiliza\u00e7\u00e3o social, pol\u00edticas p\u00fablicas e educa\u00e7\u00e3o, responsabilidade socioambiental e a presen\u00e7a da universidade na comunidade na qual est\u00e1 inserida.\u00a0Os vencedores desta edi\u00e7\u00e3o ir\u00e3o representar o Brasil na Enactus World Cup, competi\u00e7\u00e3o mundial que em 2017 acontecer\u00e1 em Londres, em setembro. O evento \u00e9 promovido pela Enactus,\u00a0organiza\u00e7\u00e3o internacional sem fins lucrativos que fomenta o empreendedorismo social dentro das universidades.<\/p>\n<p><strong>4 \u2013 Programa BrazilLAB<\/strong><\/p>\n<p><strong>Inscri\u00e7\u00f5es:<\/strong>\u00a0At\u00e9\u00a05 de julho\u00a0pelo\u00a0site<br \/>\n<strong>Custo:<\/strong>\u00a0gratuito<br \/>\n<strong>Data da atividade:<\/strong>\u00a0De setembro a dezembro<br \/>\n<strong>Onde:<\/strong>\u00a0Campus S\u00e3o Paulo (Rua Coronel Oscar Porto, 70 \u2013 Para\u00edso, S\u00e3o Paulo)<\/p>\n<p>O BrazilLAB \u00e9 um hub de inova\u00e7\u00e3o que acelera ideias e conecta empreendedores com o poder p\u00fablico. O programa est\u00e1 com inscri\u00e7\u00f5es abertas para receber projetos de startups que solucionem grandes desafios dos munic\u00edpios brasileiros. Esta \u00e9 a segunda edi\u00e7\u00e3o do programa e para este ano as solu\u00e7\u00f5es das startups precisam ser relacionadas a tr\u00eas \u00e1reas: equil\u00edbrio fiscal, agricultura urbana e comunica\u00e7\u00e3o. \u00c0s startups selecionadas, o hub oferece mentoria especializada, workshops, networking, visitas em campo e participa\u00e7\u00e3o em rodada com investidores. Ao final do programa, o vencedor receber\u00e1 um pr\u00eamio financeiro e apoio da\u00a0equipe do BrazilLAB na aproxima\u00e7\u00e3o com a poder p\u00fablico para a implanta\u00e7\u00e3o dos projetos nas prefeituras.<\/p>\n<p><strong>5 \u2013 Sele\u00e7\u00e3o da aceleradora Wow<\/strong><\/p>\n<p><strong>Inscri\u00e7\u00f5es:<\/strong>\u00a0a partir de 12 de junho, pelo\u00a0site<br \/>\n<strong>Custo:<\/strong>\u00a0Gratuito<br \/>\n<strong>Data da atividade:<\/strong>\u00a0indefinida<br \/>\n<strong>Onde:<\/strong>\u00a0N\u00f3s Coworking, em Porto Alegre (RS)<\/p>\n<p>A aceleradora WOW est\u00e1 com inscri\u00e7\u00f5es abertas para o seu programa de acelera\u00e7\u00e3o. Ela pretende acelerar mais 24 startups nos pr\u00f3ximos\u00a0 dois anos, passando a ter um processo seletivo aberto a cada quatro meses. As startups receber\u00e3o um primeiro investimento, de R$50 mil ou R$150 mil, dependendo do est\u00e1gio do neg\u00f3cio. As startups que apresentarem uma boa performance durante a acelera\u00e7\u00e3o receber\u00e3o um segundo investimento de mais R$100 mil.<\/p>\n<p>Para se candidatar, as startups devem estar em um est\u00e1gio pr\u00e9-operacional, em que j\u00e1 possuem um prot\u00f3tipo, mas ainda n\u00e3o geram receita; ou em est\u00e1gio de crescimento, no qual j\u00e1 tenham recebido investimentos anteriores ou que tenham tra\u00e7\u00e3o comprovada.<\/p>\n<p>Al\u00e9m do aporte financeiro as startups recebem ajuda com infraestrutura f\u00edsica, capacita\u00e7\u00e3o, consultorias em marketing digital e vendas, mentorias, plataformas de servi\u00e7o e de hospedagem, assessoria de imprensa, jur\u00eddica e cont\u00e1bil al\u00e9m do apoio da equipe da aceleradora e do interc\u00e2mbio com as outras startups aceleradas.<\/p>\n<p><strong>6 \u2013 FINTECH.Rio<\/strong><\/p>\n<p><strong>Inscri\u00e7\u00f5es:<\/strong>\u00a0De 15 a 30 de julho, pelo\u00a0site<br \/>\n<strong>Custo:<\/strong>\u00a0gratuita<br \/>\n<strong>Data da atividade:<\/strong>\u00a0Indefinida<br \/>\n<strong>Onde:<\/strong>\u00a0Plataforma.Space (Av. das Am\u00e9ricas, 3500, Barra da Tijuca. Rio de Janeiro \/ RJ)<\/p>\n<p>A Plataforma.Space abre inscri\u00e7\u00f5es para uma nova edi\u00e7\u00e3o de seu programa focado em fintechs (startups voltadas para inova\u00e7\u00e3o em servi\u00e7os financeiros), o FINTECH.Rio . A plataforma atua com inova\u00e7\u00e3o e oferece capacita\u00e7\u00e3o t\u00e9cnica, infraestrutura, cr\u00e9dito, acesso ao mercado, clientes e valor agregado para startups em est\u00e1gio operacional \u2014 est\u00e1 encerrando a sua primeira turma do FINTECH.Rio.<\/p>\n<p><strong>7 \u2013 Startup SP<\/strong><\/p>\n<p><strong>Inscri\u00e7\u00f5es:<\/strong>\u00a0ate 12 de julho, pelo\u00a0site<br \/>\n<strong>Custo:<\/strong>\u00a0gratuito<br \/>\n<strong>Data da atividade:<\/strong>\u00a04 meses de dura\u00e7\u00e3o a partir de agosto<br \/>\n<strong>Onde:<\/strong>\u00a0S\u00e3o Paulo, Bauru, Piracicaba, Ribeir\u00e3o Preto e S\u00e3o Jos\u00e9 dos Campos<\/p>\n<p>O Sebrae-SP lan\u00e7ou cinco novas edi\u00e7\u00f5es do Startup SP, programa de desenvolvimento de neg\u00f3cios que oferecer\u00e1 capacita\u00e7\u00e3o, acompanhamento de neg\u00f3cios e mentorias para startups digitais em est\u00e1gio de valida\u00e7\u00e3o. Ser\u00e3o selecionadas dez startups de cada cidade: S\u00e3o Paulo, Bauru, Piracicaba, Ribeir\u00e3o Preto e S\u00e3o Jos\u00e9 dos Campos.<\/p>\n<p>A sele\u00e7\u00e3o busca startups inovadoras, com alto potencial de crescimento, que utilizem softwares ou servi\u00e7os de tecnologia da informa\u00e7\u00e3o como ponto central do modelo de neg\u00f3cio e ainda n\u00e3o tenham validado todas as hip\u00f3teses do modelo de neg\u00f3cio. A edi\u00e7\u00e3o\u00a0de Piracicaba \u00e9 exclusiva para startups que estejam inseridas na cadeia do agroneg\u00f3cio.<\/p>\n<p><strong>8 \u2013 Workshop sobre linguagem corporal e detec\u00e7\u00e3o de mentira<\/strong><\/p>\n<p><strong>Inscri\u00e7\u00f5es:<\/strong>\u00a0At\u00e9 8 de julho, pelos telefones (17) 4141-0688 Whatsapp: (17) 99607-9993 ou pelo e-mail contato@escolaexpect.com.br<br \/>\n<strong>Custo:<\/strong>\u00a0N\u00e3o divulgado<br \/>\n<strong>Data da atividade:<\/strong>\u00a08 de julho<br \/>\n<strong>Onde:<\/strong>\u00a0S\u00e3o Jos\u00e9 do Rio Preto<\/p>\n<p>A Expect Escola de Persuas\u00e3o promove o workshop \u201cLinguagem corporal e detec\u00e7\u00e3o da mentira\u201d. Entre os t\u00f3picos abordados est\u00e3o linguagem corporal, padr\u00f5es coletivos e individuais, movimentos do corpo, pistas pessoas, sinais da mentira, micro express\u00f5es, entre outros, que tem como objetivo mostrar que o corpo pode demonstrar pensamentos que n\u00e3o est\u00e3o sendo verbalizados, inclusive indicar mentiras. Esses ensinamentos s\u00e3o importantes para conduzir conversas informais, conversas de neg\u00f3cios e tomar decis\u00f5es importantes.<\/p>\n<p><strong>9 \u2013 MasterClass\u00a0Evolve or Die<\/strong><\/p>\n<p><strong>Inscri\u00e7\u00f5es:<\/strong>\u00a0At\u00e9 a data do evento pelos sites\u00a0(edi\u00e7\u00e3o SP)\u00a0 e\u00a0(edi\u00e7\u00e3o RJ)<br \/>\n<strong>Custo:<\/strong>\u00a0Gratuito<br \/>\n<strong>Data da atividade:<\/strong>\u00a027 de julho em SP e 28 de julho no RJ<br \/>\n<strong>Onde:<\/strong>\u00a0Meli\u00e1 Jardim Europa \u2013 R. Jo\u00e3o Cachoeira, 107 \u2013 Itaim Bibi, S\u00e3o Paulo \u2013 SP e JW Marriott \u2013 Av. Atl\u00e2ntica, 2600 \u2013 Copacabana, Rio de Janeiro \u2013 RJ<\/p>\n<p>Organizado pela IE Business School, o evento \u00e9 voltado para executivos, empres\u00e1rios, empreendedores e estudantes e abordar\u00e1 as principais mudan\u00e7as, tend\u00eancias e desafios do cen\u00e1rio\u00a0de neg\u00f3cios\u00a0no mundo.<\/p>\n<p>Transforma\u00e7\u00f5es que est\u00e3o acontecendo nas esferas social, pol\u00edtica, econ\u00f4mica e tecnol\u00f3gica, e o que isso demanda dos executivos e empreendedores globalmente, ser\u00e3o tratadas pelos palestrantes Laura Rojo e Ignacio Gafo. Laura \u00e9 e especialista em coaching e desenvolvimento de lideran\u00e7as em mercados internacionais; e Ignacio Gafo \u00e9 professor de Marketing e Gest\u00e3o h\u00e1 mais de dez anos na IE. Eles trar\u00e3o cases que explicam o sucesso das empresas que continuam a crescer e se adaptar rapidamente nesse cen\u00e1rio, e como pensam os novos l\u00edderes.<\/p>\n<p><strong>10 \u2013 Empreenda sem Fronteiras<\/strong><\/p>\n<p><strong>Inscri\u00e7\u00f5es:<\/strong>\u00a0At\u00e9 a data do evento pelo\u00a0site<br \/>\n<strong>Custo:<\/strong>\u00a0De R$ 697 (12 x de R$ 67,91) a R$ 1.997 (12 x de 194,56)<br \/>\n<strong>Data da atividade:<\/strong>\u00a0De 7 a 9 de julho<br \/>\n<strong>Onde:<\/strong>\u00a0Transam\u00e9rica Expo Center- S\u00e3o Paulo<\/p>\n<p>Evento promovido pelo empreendedor Bruno Pinheiro, o Empreenda sem Frnteiras tem como tema neg\u00f3cios digitais. O objetivo \u00e9 mostrar para os participantes como \u00e9 poss\u00edvel empreender de qualquer lugar do mundo e do zero. Dentre os palestrantes presentes est\u00e3o Neil Patel e\u00a0Ryan Diess.<\/p>\n<p>Os participantes do evento que adquirirem os pacotes Business ou 1a Classe poder\u00e3o se inscrever no programa BP.Partners que visa selecionar cinco projetos de empreendedorismo digital para um aporte de R$ 100 mil. Durante os tr\u00eas dias de evento, os representantes dos cinco projetos selecionados ser\u00e3o avaliados pelos palestrantes do Empreenda Sem Fronteiras. Ao final do evento, o vencedor ser\u00e1 revelado e al\u00e9m de receber o investimento, far\u00e1 um curso de mastermind.<\/p>\n<p><strong>11 \u2013 3\u00ba Workshop Coworking do Zero\u00a0<\/strong><\/p>\n<p><strong>Inscri\u00e7\u00f5es:<\/strong>\u00a0At\u00e9 10 de julho pelo\u00a0site<br \/>\n<strong>Custo:<\/strong>\u00a0Gratuito<br \/>\n<strong>Data da atividade:<\/strong>\u00a0De 10 a 17 de Julho<br \/>\n<strong>Onde:<\/strong>\u00a0online<\/p>\n<p>Ministrado por Bruna Lofego, CEO &amp; Founder da CWK Coworking, o workshop \u00e9 uma prepara\u00e7\u00e3o para o curso \u201cComo montar um coworking de sucesso\u201d.<\/p>\n<p>Na palestra, a especialista vai explicar o conceito de coworking para que os participantes entendam com clareza qual \u00e9 o ramo em que estar\u00e3o investindo. Falar\u00e1 tamb\u00e9m sobre como avaliar se o coworking \u00e9 vi\u00e1vel financeiramente, verificando itens como capital de giro, retorno de investimento e ponto de equil\u00edbrio. O workshop vai apresentar ainda n\u00fameros que ilustram a situa\u00e7\u00e3o atual dos escrit\u00f3rios compartilhados no Brasil.<\/p>\n<p><strong>12 \u2013Semana do Ecommerce\u00a0<\/strong><\/p>\n<p><strong>Inscri\u00e7\u00f5es:<\/strong>\u00a0At\u00e9 3 de julho pelo\u00a0site<br \/>\n<strong>Custo:<\/strong>\u00a0Gratuito<br \/>\n<strong>Data da atividade:<\/strong>\u00a0De 3 a 11 de julho<br \/>\n<strong>Onde:<\/strong>\u00a0online<\/p>\n<p>Idealizado por Bruno de Oliveira, criador do site Ecommerce na Pr\u00e1tica.com, a semana trar\u00e1 conte\u00fados online sobre como montar um e-commerce do zero de forma simples.<\/p>\n<p><strong>13 \u2013 Pipe \u2013 IPT\/Fapesp<\/strong><\/p>\n<p><strong>Inscri\u00e7\u00f5es:<\/strong>\u00a0At\u00e9 31 de julho, pelo\u00a0site<br \/>\n<strong>Custo:<\/strong>\u00a0Gratuito<br \/>\n<strong>Data da atividade:<\/strong>\u00a0O programa dura at\u00e9 34 meses. O resultado da sele\u00e7\u00e3o ser\u00e1 divulgado em dezembro de 2017<br \/>\n<strong>Onde:<\/strong>\u00a0IPT \u2013 S\u00e3o Paulo<\/p>\n<p>Promovido pelo IPT (Instituto de Pesquisas Tecnol\u00f3gicas) divulga o programa Pesquisa Inovativa em Pequenas Empresas, o Pipe, que est\u00e1 em seu terceiro ciclo e destinar\u00e1 at\u00e9 R$ 15 milh\u00f5es para atendimento \u00e0s propostas selecionadas. O programa \u00e9 realizado pela Fapesp (Funda\u00e7\u00e3o de Amparo \u00e0 Pesquisa do Estado de S\u00e3o Paulo).<\/p>\n<p>O fomento destina-se a pequenas empresas (com at\u00e9 250 funcion\u00e1rios) que tenham \u00e1rea de pesquisa e desenvolvimento no estado de S\u00e3o Paulo e queiram lan\u00e7ar produtos, entrar em novos segmentos, criar novas alas ou inovar em seus processos.<\/p>\n<p>O projeto deve desenvolver-se em duas fases: na primeira, demonstra-se a viabilidade tecnol\u00f3gica do produto ou processo e, na segunda, desenvolve-se a proposta.<\/p>\n<p><strong>14 \u2013 Workshop T\u00e9cnicas de Negocia\u00e7\u00e3o<\/strong><\/p>\n<p><strong>Inscri\u00e7\u00f5es:<\/strong>\u00a0At\u00e9 1\u00ba de julho, pelo\u00a0site<br \/>\n<strong>Custo:<\/strong>\u00a03\u00a0 parcelas de R$ 63<br \/>\n<strong>Data da atividade:<\/strong>\u00a01\u00ba de julho<br \/>\n<strong>Onde:<\/strong>\u00a0Faculdade de Tecnologia Senac Rio \u2013 Rio de Janeiro<\/p>\n<p>Workshop com 8 horas de dura\u00e7\u00e3o, destinado a profissionais de qualquer \u00e1rea que necessitem utilizar ferramentas de negocia\u00e7\u00e3o para o alcance de objetivos e metas do neg\u00f3cio da empresa.<\/p>\n<p><strong>15 \u2013 Caf\u00e9 DT+Seekr\u00a0<\/strong><\/p>\n<p><strong>Inscri\u00e7\u00f5es:<\/strong>\u00a0At\u00e9 10 de julho, pelo e-mail daquino@directtalk.com.br<br \/>\n<strong>Custo:<\/strong>\u00a0Gratuito<br \/>\n<strong>Data da atividade:<\/strong>\u00a020 de julho<br \/>\n<strong>Onde:<\/strong>\u00a0Sede da DT+Seekr\u00a0 \u2013 rua Geraldo Flausino Gomes, 61, 9\u00ba andar, Brooklin \u2013 S\u00e3o Paulo<\/p>\n<p>A empresa DT+Seekr\u00a0 realiza um encontro para falar sobre o tema \u201cChatBot: Mitos e verdades\u201d. O evento ter\u00e1 a participa\u00e7\u00e3o de palestrantes experientes no atendimento via rob\u00f4.<\/p>\n<p style=\"text-align: right;\">Fonte: Exame.com<\/p>\n","protected":false},"excerpt":{"rendered":"<p>Confira, a seguir, algumas atividades voltadas especialmente para empreendedores que acontecem no pr\u00f3ximo m\u00eas Na sele\u00e7\u00e3o h\u00e1 congressos,\u00a0cursos, encontros, eventos e workshops.&hellip;<\/p>\n","protected":false},"author":1,"featured_media":203,"comment_status":"closed","ping_status":"open","sticky":false,"template":"","format":"standard","meta":{"footnotes":""},"categories":[4,3],"tags":[94,95,96,97],"class_list":["post-202","post","type-post","status-publish","format-standard","has-post-thumbnail","hentry","category-gestaoenegocios","category-empreendorismo","tag-julho","tag-agenda","tag-empreededorismo","tag-weekend"],"yoast_head":"<!-- This site is optimized with the Yoast SEO plugin v27.5 - https:\/\/yoast.com\/product\/yoast-seo-wordpress\/ -->\n<title>15 atividades para empreendedores que acontecem em julho - Sfhera Software<\/title>\n<meta name=\"robots\" content=\"index, follow, max-snippet:-1, max-image-preview:large, max-video-preview:-1\" \/>\n<link rel=\"canonical\" href=\"https:\/\/sfhera.com.br\/blog\/15-atividades-para-empreendedores-que-acontecem-em-julho\/\" \/>\n<meta property=\"og:locale\" content=\"pt_BR\" \/>\n<meta property=\"og:type\" content=\"article\" \/>\n<meta property=\"og:title\" content=\"15 atividades para empreendedores que acontecem em julho\" \/>\n<meta property=\"og:description\" content=\"&quot;Na sele\u00e7\u00e3o h\u00e1 congressos,\u00a0cursos, encontros, eventos e workshops. Alguns, inclusive, s\u00e3o gratuitos. Confira, a seguir, algumas atividades voltadas especialmente para empreendedores que acontecem no pr\u00f3ximo m\u00eas.&quot;\" \/>\n<meta property=\"og:url\" content=\"https:\/\/sfhera.com.br\/blog\/15-atividades-para-empreendedores-que-acontecem-em-julho\/\" \/>\n<meta property=\"og:site_name\" content=\"Sfhera Software\" \/>\n<meta property=\"article:publisher\" content=\"https:\/\/www.facebook.com\/sfhera\" \/>\n<meta property=\"article:published_time\" content=\"2017-06-30T12:09:59+00:00\" \/>\n<meta property=\"article:modified_time\" content=\"2017-06-30T12:16:20+00:00\" \/>\n<meta property=\"og:image\" content=\"https:\/\/sfhera.com.br\/blog\/wp-content\/uploads\/2017\/06\/agenda9_fr.jpg\" \/>\n\t<meta property=\"og:image:width\" content=\"680\" \/>\n\t<meta property=\"og:image:height\" content=\"453\" \/>\n\t<meta property=\"og:image:type\" content=\"image\/jpeg\" \/>\n<meta name=\"author\" content=\"Sfhera Software\" \/>\n<meta name=\"twitter:card\" content=\"summary_large_image\" \/>\n<meta name=\"twitter:creator\" content=\"@sfhera\" \/>\n<meta name=\"twitter:site\" content=\"@sfhera\" \/>\n<meta name=\"twitter:label1\" content=\"Escrito por\" \/>\n\t<meta name=\"twitter:data1\" content=\"Sfhera Software\" \/>\n\t<meta name=\"twitter:label2\" content=\"Est. tempo de leitura\" \/>\n\t<meta name=\"twitter:data2\" content=\"10 minutos\" \/>\n<script type=\"application\/ld+json\" class=\"yoast-schema-graph\">{\"@context\":\"https:\\\/\\\/schema.org\",\"@graph\":[{\"@type\":\"Article\",\"@id\":\"https:\\\/\\\/sfhera.com.br\\\/blog\\\/15-atividades-para-empreendedores-que-acontecem-em-julho\\\/#article\",\"isPartOf\":{\"@id\":\"https:\\\/\\\/sfhera.com.br\\\/blog\\\/15-atividades-para-empreendedores-que-acontecem-em-julho\\\/\"},\"author\":{\"name\":\"Sfhera Software\",\"@id\":\"https:\\\/\\\/sfhera.com.br\\\/blog\\\/#\\\/schema\\\/person\\\/0a21d0c7b6b15bda9d9c072dde915f2a\"},\"headline\":\"15 atividades para empreendedores que acontecem em julho\",\"datePublished\":\"2017-06-30T12:09:59+00:00\",\"dateModified\":\"2017-06-30T12:16:20+00:00\",\"mainEntityOfPage\":{\"@id\":\"https:\\\/\\\/sfhera.com.br\\\/blog\\\/15-atividades-para-empreendedores-que-acontecem-em-julho\\\/\"},\"wordCount\":1949,\"publisher\":{\"@id\":\"https:\\\/\\\/sfhera.com.br\\\/blog\\\/#organization\"},\"image\":{\"@id\":\"https:\\\/\\\/sfhera.com.br\\\/blog\\\/15-atividades-para-empreendedores-que-acontecem-em-julho\\\/#primaryimage\"},\"thumbnailUrl\":\"https:\\\/\\\/sfhera.com.br\\\/blog\\\/wp-content\\\/uploads\\\/2017\\\/06\\\/agenda9_fr.jpg\",\"keywords\":[\"julho\",\"agenda\",\"empreededorismo\",\"weekend\"],\"articleSection\":[\"Gest\u00e3o e Neg\u00f3cios\",\"Empreendedorismo\"],\"inLanguage\":\"pt-BR\"},{\"@type\":\"WebPage\",\"@id\":\"https:\\\/\\\/sfhera.com.br\\\/blog\\\/15-atividades-para-empreendedores-que-acontecem-em-julho\\\/\",\"url\":\"https:\\\/\\\/sfhera.com.br\\\/blog\\\/15-atividades-para-empreendedores-que-acontecem-em-julho\\\/\",\"name\":\"15 atividades para empreendedores que acontecem em julho - Sfhera Software\",\"isPartOf\":{\"@id\":\"https:\\\/\\\/sfhera.com.br\\\/blog\\\/#website\"},\"primaryImageOfPage\":{\"@id\":\"https:\\\/\\\/sfhera.com.br\\\/blog\\\/15-atividades-para-empreendedores-que-acontecem-em-julho\\\/#primaryimage\"},\"image\":{\"@id\":\"https:\\\/\\\/sfhera.com.br\\\/blog\\\/15-atividades-para-empreendedores-que-acontecem-em-julho\\\/#primaryimage\"},\"thumbnailUrl\":\"https:\\\/\\\/sfhera.com.br\\\/blog\\\/wp-content\\\/uploads\\\/2017\\\/06\\\/agenda9_fr.jpg\",\"datePublished\":\"2017-06-30T12:09:59+00:00\",\"dateModified\":\"2017-06-30T12:16:20+00:00\",\"breadcrumb\":{\"@id\":\"https:\\\/\\\/sfhera.com.br\\\/blog\\\/15-atividades-para-empreendedores-que-acontecem-em-julho\\\/#breadcrumb\"},\"inLanguage\":\"pt-BR\",\"potentialAction\":[{\"@type\":\"ReadAction\",\"target\":[\"https:\\\/\\\/sfhera.com.br\\\/blog\\\/15-atividades-para-empreendedores-que-acontecem-em-julho\\\/\"]}]},{\"@type\":\"ImageObject\",\"inLanguage\":\"pt-BR\",\"@id\":\"https:\\\/\\\/sfhera.com.br\\\/blog\\\/15-atividades-para-empreendedores-que-acontecem-em-julho\\\/#primaryimage\",\"url\":\"https:\\\/\\\/sfhera.com.br\\\/blog\\\/wp-content\\\/uploads\\\/2017\\\/06\\\/agenda9_fr.jpg\",\"contentUrl\":\"https:\\\/\\\/sfhera.com.br\\\/blog\\\/wp-content\\\/uploads\\\/2017\\\/06\\\/agenda9_fr.jpg\",\"width\":680,\"height\":453,\"caption\":\"empreendedorismo\"},{\"@type\":\"BreadcrumbList\",\"@id\":\"https:\\\/\\\/sfhera.com.br\\\/blog\\\/15-atividades-para-empreendedores-que-acontecem-em-julho\\\/#breadcrumb\",\"itemListElement\":[{\"@type\":\"ListItem\",\"position\":1,\"name\":\"In\u00edcio\",\"item\":\"https:\\\/\\\/sfhera.com.br\\\/blog\\\/\"},{\"@type\":\"ListItem\",\"position\":2,\"name\":\"15 atividades para empreendedores que acontecem em julho\"}]},{\"@type\":\"WebSite\",\"@id\":\"https:\\\/\\\/sfhera.com.br\\\/blog\\\/#website\",\"url\":\"https:\\\/\\\/sfhera.com.br\\\/blog\\\/\",\"name\":\"Sfhera Software\",\"description\":\"Aplicativos de Gest\u00e3o para o Varejo\",\"publisher\":{\"@id\":\"https:\\\/\\\/sfhera.com.br\\\/blog\\\/#organization\"},\"potentialAction\":[{\"@type\":\"SearchAction\",\"target\":{\"@type\":\"EntryPoint\",\"urlTemplate\":\"https:\\\/\\\/sfhera.com.br\\\/blog\\\/?s={search_term_string}\"},\"query-input\":{\"@type\":\"PropertyValueSpecification\",\"valueRequired\":true,\"valueName\":\"search_term_string\"}}],\"inLanguage\":\"pt-BR\"},{\"@type\":\"Organization\",\"@id\":\"https:\\\/\\\/sfhera.com.br\\\/blog\\\/#organization\",\"name\":\"Sfhera Software\",\"url\":\"https:\\\/\\\/sfhera.com.br\\\/blog\\\/\",\"logo\":{\"@type\":\"ImageObject\",\"inLanguage\":\"pt-BR\",\"@id\":\"https:\\\/\\\/sfhera.com.br\\\/blog\\\/#\\\/schema\\\/logo\\\/image\\\/\",\"url\":\"https:\\\/\\\/www.sfhera.com.br\\\/blog\\\/wp-content\\\/uploads\\\/2017\\\/06\\\/logo.png\",\"contentUrl\":\"https:\\\/\\\/www.sfhera.com.br\\\/blog\\\/wp-content\\\/uploads\\\/2017\\\/06\\\/logo.png\",\"width\":200,\"height\":65,\"caption\":\"Sfhera Software\"},\"image\":{\"@id\":\"https:\\\/\\\/sfhera.com.br\\\/blog\\\/#\\\/schema\\\/logo\\\/image\\\/\"},\"sameAs\":[\"https:\\\/\\\/www.facebook.com\\\/sfhera\",\"https:\\\/\\\/x.com\\\/sfhera\",\"https:\\\/\\\/br.linkedin.com\\\/company\\\/sfhera-software\"]},{\"@type\":\"Person\",\"@id\":\"https:\\\/\\\/sfhera.com.br\\\/blog\\\/#\\\/schema\\\/person\\\/0a21d0c7b6b15bda9d9c072dde915f2a\",\"name\":\"Sfhera Software\",\"image\":{\"@type\":\"ImageObject\",\"inLanguage\":\"pt-BR\",\"@id\":\"https:\\\/\\\/secure.gravatar.com\\\/avatar\\\/b1d1b13f14dd2dc5b3fb21e60579548fa4f79040171567f49ae19080fb354524?s=96&d=mm&r=g\",\"url\":\"https:\\\/\\\/secure.gravatar.com\\\/avatar\\\/b1d1b13f14dd2dc5b3fb21e60579548fa4f79040171567f49ae19080fb354524?s=96&d=mm&r=g\",\"contentUrl\":\"https:\\\/\\\/secure.gravatar.com\\\/avatar\\\/b1d1b13f14dd2dc5b3fb21e60579548fa4f79040171567f49ae19080fb354524?s=96&d=mm&r=g\",\"caption\":\"Sfhera Software\"},\"url\":\"https:\\\/\\\/sfhera.com.br\\\/blog\\\/author\\\/admin\\\/\"}]}<\/script>\n<!-- \/ Yoast SEO plugin. -->","yoast_head_json":{"title":"15 atividades para empreendedores que acontecem em julho - Sfhera Software","robots":{"index":"index","follow":"follow","max-snippet":"max-snippet:-1","max-image-preview":"max-image-preview:large","max-video-preview":"max-video-preview:-1"},"canonical":"https:\/\/sfhera.com.br\/blog\/15-atividades-para-empreendedores-que-acontecem-em-julho\/","og_locale":"pt_BR","og_type":"article","og_title":"15 atividades para empreendedores que acontecem em julho","og_description":"\"Na sele\u00e7\u00e3o h\u00e1 congressos,\u00a0cursos, encontros, eventos e workshops. Alguns, inclusive, s\u00e3o gratuitos. Confira, a seguir, algumas atividades voltadas especialmente para empreendedores que acontecem no pr\u00f3ximo m\u00eas.\"","og_url":"https:\/\/sfhera.com.br\/blog\/15-atividades-para-empreendedores-que-acontecem-em-julho\/","og_site_name":"Sfhera Software","article_publisher":"https:\/\/www.facebook.com\/sfhera","article_published_time":"2017-06-30T12:09:59+00:00","article_modified_time":"2017-06-30T12:16:20+00:00","og_image":[{"width":680,"height":453,"url":"https:\/\/sfhera.com.br\/blog\/wp-content\/uploads\/2017\/06\/agenda9_fr.jpg","type":"image\/jpeg"}],"author":"Sfhera Software","twitter_card":"summary_large_image","twitter_creator":"@sfhera","twitter_site":"@sfhera","twitter_misc":{"Escrito por":"Sfhera Software","Est. tempo de leitura":"10 minutos"},"schema":{"@context":"https:\/\/schema.org","@graph":[{"@type":"Article","@id":"https:\/\/sfhera.com.br\/blog\/15-atividades-para-empreendedores-que-acontecem-em-julho\/#article","isPartOf":{"@id":"https:\/\/sfhera.com.br\/blog\/15-atividades-para-empreendedores-que-acontecem-em-julho\/"},"author":{"name":"Sfhera Software","@id":"https:\/\/sfhera.com.br\/blog\/#\/schema\/person\/0a21d0c7b6b15bda9d9c072dde915f2a"},"headline":"15 atividades para empreendedores que acontecem em julho","datePublished":"2017-06-30T12:09:59+00:00","dateModified":"2017-06-30T12:16:20+00:00","mainEntityOfPage":{"@id":"https:\/\/sfhera.com.br\/blog\/15-atividades-para-empreendedores-que-acontecem-em-julho\/"},"wordCount":1949,"publisher":{"@id":"https:\/\/sfhera.com.br\/blog\/#organization"},"image":{"@id":"https:\/\/sfhera.com.br\/blog\/15-atividades-para-empreendedores-que-acontecem-em-julho\/#primaryimage"},"thumbnailUrl":"https:\/\/sfhera.com.br\/blog\/wp-content\/uploads\/2017\/06\/agenda9_fr.jpg","keywords":["julho","agenda","empreededorismo","weekend"],"articleSection":["Gest\u00e3o e Neg\u00f3cios","Empreendedorismo"],"inLanguage":"pt-BR"},{"@type":"WebPage","@id":"https:\/\/sfhera.com.br\/blog\/15-atividades-para-empreendedores-que-acontecem-em-julho\/","url":"https:\/\/sfhera.com.br\/blog\/15-atividades-para-empreendedores-que-acontecem-em-julho\/","name":"15 atividades para empreendedores que acontecem em julho - Sfhera Software","isPartOf":{"@id":"https:\/\/sfhera.com.br\/blog\/#website"},"primaryImageOfPage":{"@id":"https:\/\/sfhera.com.br\/blog\/15-atividades-para-empreendedores-que-acontecem-em-julho\/#primaryimage"},"image":{"@id":"https:\/\/sfhera.com.br\/blog\/15-atividades-para-empreendedores-que-acontecem-em-julho\/#primaryimage"},"thumbnailUrl":"https:\/\/sfhera.com.br\/blog\/wp-content\/uploads\/2017\/06\/agenda9_fr.jpg","datePublished":"2017-06-30T12:09:59+00:00","dateModified":"2017-06-30T12:16:20+00:00","breadcrumb":{"@id":"https:\/\/sfhera.com.br\/blog\/15-atividades-para-empreendedores-que-acontecem-em-julho\/#breadcrumb"},"inLanguage":"pt-BR","potentialAction":[{"@type":"ReadAction","target":["https:\/\/sfhera.com.br\/blog\/15-atividades-para-empreendedores-que-acontecem-em-julho\/"]}]},{"@type":"ImageObject","inLanguage":"pt-BR","@id":"https:\/\/sfhera.com.br\/blog\/15-atividades-para-empreendedores-que-acontecem-em-julho\/#primaryimage","url":"https:\/\/sfhera.com.br\/blog\/wp-content\/uploads\/2017\/06\/agenda9_fr.jpg","contentUrl":"https:\/\/sfhera.com.br\/blog\/wp-content\/uploads\/2017\/06\/agenda9_fr.jpg","width":680,"height":453,"caption":"empreendedorismo"},{"@type":"BreadcrumbList","@id":"https:\/\/sfhera.com.br\/blog\/15-atividades-para-empreendedores-que-acontecem-em-julho\/#breadcrumb","itemListElement":[{"@type":"ListItem","position":1,"name":"In\u00edcio","item":"https:\/\/sfhera.com.br\/blog\/"},{"@type":"ListItem","position":2,"name":"15 atividades para empreendedores que acontecem em julho"}]},{"@type":"WebSite","@id":"https:\/\/sfhera.com.br\/blog\/#website","url":"https:\/\/sfhera.com.br\/blog\/","name":"Sfhera Software","description":"Aplicativos de Gest\u00e3o para o Varejo","publisher":{"@id":"https:\/\/sfhera.com.br\/blog\/#organization"},"potentialAction":[{"@type":"SearchAction","target":{"@type":"EntryPoint","urlTemplate":"https:\/\/sfhera.com.br\/blog\/?s={search_term_string}"},"query-input":{"@type":"PropertyValueSpecification","valueRequired":true,"valueName":"search_term_string"}}],"inLanguage":"pt-BR"},{"@type":"Organization","@id":"https:\/\/sfhera.com.br\/blog\/#organization","name":"Sfhera Software","url":"https:\/\/sfhera.com.br\/blog\/","logo":{"@type":"ImageObject","inLanguage":"pt-BR","@id":"https:\/\/sfhera.com.br\/blog\/#\/schema\/logo\/image\/","url":"https:\/\/www.sfhera.com.br\/blog\/wp-content\/uploads\/2017\/06\/logo.png","contentUrl":"https:\/\/www.sfhera.com.br\/blog\/wp-content\/uploads\/2017\/06\/logo.png","width":200,"height":65,"caption":"Sfhera Software"},"image":{"@id":"https:\/\/sfhera.com.br\/blog\/#\/schema\/logo\/image\/"},"sameAs":["https:\/\/www.facebook.com\/sfhera","https:\/\/x.com\/sfhera","https:\/\/br.linkedin.com\/company\/sfhera-software"]},{"@type":"Person","@id":"https:\/\/sfhera.com.br\/blog\/#\/schema\/person\/0a21d0c7b6b15bda9d9c072dde915f2a","name":"Sfhera Software","image":{"@type":"ImageObject","inLanguage":"pt-BR","@id":"https:\/\/secure.gravatar.com\/avatar\/b1d1b13f14dd2dc5b3fb21e60579548fa4f79040171567f49ae19080fb354524?s=96&d=mm&r=g","url":"https:\/\/secure.gravatar.com\/avatar\/b1d1b13f14dd2dc5b3fb21e60579548fa4f79040171567f49ae19080fb354524?s=96&d=mm&r=g","contentUrl":"https:\/\/secure.gravatar.com\/avatar\/b1d1b13f14dd2dc5b3fb21e60579548fa4f79040171567f49ae19080fb354524?s=96&d=mm&r=g","caption":"Sfhera Software"},"url":"https:\/\/sfhera.com.br\/blog\/author\/admin\/"}]}},"_links":{"self":[{"href":"https:\/\/sfhera.com.br\/blog\/wp-json\/wp\/v2\/posts\/202","targetHints":{"allow":["GET"]}}],"collection":[{"href":"https:\/\/sfhera.com.br\/blog\/wp-json\/wp\/v2\/posts"}],"about":[{"href":"https:\/\/sfhera.com.br\/blog\/wp-json\/wp\/v2\/types\/post"}],"author":[{"embeddable":true,"href":"https:\/\/sfhera.com.br\/blog\/wp-json\/wp\/v2\/users\/1"}],"replies":[{"embeddable":true,"href":"https:\/\/sfhera.com.br\/blog\/wp-json\/wp\/v2\/comments?post=202"}],"version-history":[{"count":2,"href":"https:\/\/sfhera.com.br\/blog\/wp-json\/wp\/v2\/posts\/202\/revisions"}],"predecessor-version":[{"id":205,"href":"https:\/\/sfhera.com.br\/blog\/wp-json\/wp\/v2\/posts\/202\/revisions\/205"}],"wp:featuredmedia":[{"embeddable":true,"href":"https:\/\/sfhera.com.br\/blog\/wp-json\/wp\/v2\/media\/203"}],"wp:attachment":[{"href":"https:\/\/sfhera.com.br\/blog\/wp-json\/wp\/v2\/media?parent=202"}],"wp:term":[{"taxonomy":"category","embeddable":true,"href":"https:\/\/sfhera.com.br\/blog\/wp-json\/wp\/v2\/categories?post=202"},{"taxonomy":"post_tag","embeddable":true,"href":"https:\/\/sfhera.com.br\/blog\/wp-json\/wp\/v2\/tags?post=202"}],"curies":[{"name":"wp","href":"https:\/\/api.w.org\/{rel}","templated":true}]}}