{"id":28,"date":"2017-06-22T10:19:14","date_gmt":"2017-06-22T13:19:14","guid":{"rendered":"https:\/\/sfhera.com.br\/blog\/?p=28"},"modified":"2017-06-27T17:37:24","modified_gmt":"2017-06-27T20:37:24","slug":"quais-as-alteracoes-no-simples-nacional-em-2018","status":"publish","type":"post","link":"https:\/\/sfhera.com.br\/blog\/quais-as-alteracoes-no-simples-nacional-em-2018\/","title":{"rendered":"Quais as altera\u00e7\u00f5es no Simples Nacional em 2018?"},"content":{"rendered":"<p><img loading=\"lazy\" decoding=\"async\" class=\"alignnone size-medium wp-image-54\" src=\"https:\/\/www.sfhera.com.br\/blog\/wp-content\/uploads\/2017\/06\/modelo-800x450-1-300x169.jpg\" alt=\"\" width=\"300\" height=\"169\" srcset=\"https:\/\/sfhera.com.br\/blog\/wp-content\/uploads\/2017\/06\/modelo-800x450-1-300x169.jpg 300w, https:\/\/sfhera.com.br\/blog\/wp-content\/uploads\/2017\/06\/modelo-800x450-1-768x432.jpg 768w, https:\/\/sfhera.com.br\/blog\/wp-content\/uploads\/2017\/06\/modelo-800x450-1-304x170.jpg 304w, https:\/\/sfhera.com.br\/blog\/wp-content\/uploads\/2017\/06\/modelo-800x450-1.jpg 800w\" sizes=\"auto, (max-width: 300px) 100vw, 300px\" \/><\/p>\n<p>A partir de 2018 o Simples Nacional ter\u00e1 novo formato. O projeto final aprovado no dia 4 de outubro no Congresso Nacional aumenta o limite de receita para ades\u00e3o do regime tribut\u00e1rio, altera o enquadramento de v\u00e1rios setores e tamb\u00e9m disciplina o pagamento de d\u00edvida das empresas participantes. Veja a seguir as principais mudan\u00e7as:<\/p>\n<h5><strong>Novos limites de faturamento<\/strong><\/h5>\n<p>A partir do dia 1\u00ba de janeiro de 2018, <strong>o novo teto de faturamento ser\u00e1 de R$ 4,8<\/strong> <strong>milh\u00f5es<\/strong> por ano, mas com uma ressalva: o ISS e o ICMS ser\u00e3o cobrados separado do DAS e com todas as obriga\u00e7\u00f5es acess\u00f3rias de uma empresa normal quando o faturamento exceder R$ 3,6 milh\u00f5es acumulados em um ano, ficando apenas os impostos federais com recolhimento unificado.<\/p>\n<p>J\u00e1 para o Microempreendedor Individual (MEI), o novo teto de enquadramento passa de <strong>R$ 60 mil para R$ 81 mil anuais<\/strong>, resultando em uma m\u00e9dia mensal de R$ 6,75 mil.<\/p>\n<h5><strong>Novas Al\u00edquotas<\/strong><\/h5>\n<p>A al\u00edquota n\u00e3o ser\u00e1 mais aplicada sobre a receita bruta mensal. A nova mudan\u00e7a deixa a al\u00edquota maior, mas com um desconto fixo espec\u00edfico para cada faixa de enquadramento.<\/p>\n<h5><strong>Novas atividades no Simples Nacional<\/strong><\/h5>\n<p>O micro e pequeno produtor de bebida alc\u00f3olica (cervejarias, destilarias, vin\u00edcolas e licores) poder\u00e1 optar pelo Simples Nacional, desde que seja inscrito no Minist\u00e9rio da Agricultura, Pecu\u00e1ria e Abastecimento.<\/p>\n<p>As organiza\u00e7\u00f5es da sociedade civil (Oscips), sociedades cooperativas e as integradas por pessoas em situa\u00e7\u00e3o de vulnerabilidade pessoal, social ou situa\u00e7\u00e3o de risco e organiza\u00e7\u00f5es religiosas, tamb\u00e9m poder\u00e3o pedir inclus\u00e3o no Simples Nacional. Entre as Oscips, n\u00e3o podem participar associa\u00e7\u00f5es de classe ou representa\u00e7\u00e3o profissional, partidos e sindicatos.<\/p>\n<p>Uma \u00f3tima novidade \u00e9 o enquadramento como MEI do empreendedor da \u00e1rea rural com atividade de industrializa\u00e7\u00e3o.<\/p>\n<h5><strong>Novas tabelas<\/strong><\/h5>\n<p>Agora, as tabelas do Simples Nacional s\u00e3o resumidas em cinco anexos, sendo um para com\u00e9rcio, um para ind\u00fastria e outros tr\u00eas para servi\u00e7os. Al\u00e9m disso, a quantidade de faixas de faturamento caiu de 20 para 6.<\/p>\n<p><strong>Anexo I (Com\u00e9rcio)<\/strong><\/p>\n<table>\n<tbody>\n<tr>\n<td><strong>Faixa<\/strong><\/td>\n<td><strong>Receita bruta em 12 meses (em R$)<\/strong><\/td>\n<td><strong>Al\u00edquota<\/strong><\/td>\n<td><strong>Valor a deduzir (em R$)<\/strong><\/td>\n<\/tr>\n<tr>\n<td>1\u00aa Faixa<\/td>\n<td>At\u00e9 180.000,00<\/td>\n<td>4,00%<\/td>\n<td>\u2013<\/td>\n<\/tr>\n<tr>\n<td>2\u00aa Faixa<\/td>\n<td>De 180.000,01 a 360.000,00<\/td>\n<td>7,30%<\/td>\n<td>5.940,00<\/td>\n<\/tr>\n<tr>\n<td>3\u00aa Faixa<\/td>\n<td>De 360.000,01 a 720.000,00<\/td>\n<td>9,50%<\/td>\n<td>13.860,00<\/td>\n<\/tr>\n<tr>\n<td>4\u00aa Faixa<\/td>\n<td>De 720.000,01 a 1.800.000,00<\/td>\n<td>10,70%<\/td>\n<td>22.500,00<\/td>\n<\/tr>\n<tr>\n<td>5\u00aa Faixa<\/td>\n<td>De 1.800.000,01 a 3.600.000,00<\/td>\n<td>14,30%<\/td>\n<td>87.300,00<\/td>\n<\/tr>\n<tr>\n<td>6\u00aa Faixa<\/td>\n<td>De 3.600.000,01 a 4.800.000,00<\/td>\n<td>19,00%<\/td>\n<td>378.000,00<\/td>\n<\/tr>\n<\/tbody>\n<\/table>\n<p><strong><br \/>\nAnexo II (Ind\u00fastria)<\/strong><\/p>\n<table>\n<tbody>\n<tr>\n<td><strong>Faixa<\/strong><\/td>\n<td><strong>Receita bruta em 12 meses (em R$)<\/strong><\/td>\n<td><strong>Al\u00edquota<\/strong><\/td>\n<td><strong>Valor a deduzir (em R$)<\/strong><\/td>\n<\/tr>\n<tr>\n<td>1\u00aa Faixa<\/td>\n<td>At\u00e9 180.000,00<\/td>\n<td>4,50%<\/td>\n<td>\u2013<\/td>\n<\/tr>\n<tr>\n<td>2\u00aa Faixa<\/td>\n<td>De 180.000,01 a 360.000,00<\/td>\n<td>7,80%<\/td>\n<td>5.940,00<\/td>\n<\/tr>\n<tr>\n<td>3\u00aa Faixa<\/td>\n<td>De 360.000,01 a 720.000,00<\/td>\n<td>10,00%<\/td>\n<td>13.860,00<\/td>\n<\/tr>\n<tr>\n<td>4\u00aa Faixa<\/td>\n<td>De 720.000,01 a 1.800.000,00<\/td>\n<td>11,20%<\/td>\n<td>22.500,00<\/td>\n<\/tr>\n<tr>\n<td>5\u00aa Faixa<\/td>\n<td>De 1.800.000,01 a 3.600.000,00<\/td>\n<td>14,70%<\/td>\n<td>85.000,00<\/td>\n<\/tr>\n<tr>\n<td>6\u00aa Faixa<\/td>\n<td>De 3.600.000,01 a 4.800.000,00<\/td>\n<td>30,00%<\/td>\n<td>720.000,00<\/td>\n<\/tr>\n<\/tbody>\n<\/table>\n<p><strong><br \/>\nAnexo III (servi\u00e7os de reparos, manuten\u00e7\u00e3o, instala\u00e7\u00e3o, ag\u00eancia de viagem e escrit\u00f3rios de contabilidade)<\/strong><\/p>\n<table>\n<tbody>\n<tr>\n<td><strong>Faixa<\/strong><\/td>\n<td><strong>Receita bruta em 12 meses (em R$)<\/strong><\/td>\n<td><strong>Al\u00edquota<\/strong><\/td>\n<td><strong>Valor a deduzir (em R$)<\/strong><\/td>\n<\/tr>\n<tr>\n<td>1\u00aa Faixa<\/td>\n<td>At\u00e9 180.000,00<\/td>\n<td>6,00%<\/td>\n<td>\u2013<\/td>\n<\/tr>\n<tr>\n<td>2\u00aa Faixa<\/td>\n<td>De 180.000,01 a 360.000,00<\/td>\n<td>11,20%<\/td>\n<td>9.360,00<\/td>\n<\/tr>\n<tr>\n<td>3\u00aa Faixa<\/td>\n<td>De 360.000,01 a 720.000,00<\/td>\n<td>13,50%<\/td>\n<td>17.640,00<\/td>\n<\/tr>\n<tr>\n<td>4\u00aa Faixa<\/td>\n<td>De 720.000,01 a 1.800.000,00<\/td>\n<td>16,00%<\/td>\n<td>35.640,00<\/td>\n<\/tr>\n<tr>\n<td>5\u00aa Faixa<\/td>\n<td>De 1.800.000,01 a 3.600.000,00<\/td>\n<td>21,00%<\/td>\n<td>125.640,00<\/td>\n<\/tr>\n<tr>\n<td>6\u00aa Faixa<\/td>\n<td>De 3.600.000,01 a 4.800.000,00<\/td>\n<td>33,00%<\/td>\n<td>648.000,00<\/td>\n<\/tr>\n<\/tbody>\n<\/table>\n<p><strong><br \/>\nAnexo IV (Empresas de servi\u00e7o geral, como advocat\u00edcios e vigil\u00e2ncia)<\/strong><\/p>\n<table>\n<tbody>\n<tr>\n<td><strong>Faixa<\/strong><\/td>\n<td><strong>Receita bruta em 12 meses (em R$)<\/strong><\/td>\n<td><strong>Al\u00edquota<\/strong><\/td>\n<td><strong>Valor a deduzir (em R$)<\/strong><\/td>\n<\/tr>\n<tr>\n<td>1\u00aa Faixa<\/td>\n<td>At\u00e9 180.000,00<\/td>\n<td>4,50%<\/td>\n<td>\u2013<\/td>\n<\/tr>\n<tr>\n<td>2\u00aa Faixa<\/td>\n<td>De 180.000,01 a 360.000,00<\/td>\n<td>9,00%<\/td>\n<td>8.100,00<\/td>\n<\/tr>\n<tr>\n<td>3\u00aa Faixa<\/td>\n<td>De 360.000,01 a 720.000,00<\/td>\n<td>10,20%<\/td>\n<td>12.420,00<\/td>\n<\/tr>\n<tr>\n<td>4\u00aa Faixa<\/td>\n<td>De 720.000,01 a 1.800.000,00<\/td>\n<td>14,00%<\/td>\n<td>39.780,00<\/td>\n<\/tr>\n<tr>\n<td>5\u00aa Faixa<\/td>\n<td>De 1.800.000,01 a 3.600.000,00<\/td>\n<td>22,00%<\/td>\n<td>183.780,00<\/td>\n<\/tr>\n<tr>\n<td>6\u00aa Faixa<\/td>\n<td>De 3.600.000,01 a 4.800.000,00<\/td>\n<td>33,00%<\/td>\n<td>828.000,00<\/td>\n<\/tr>\n<\/tbody>\n<\/table>\n<p><strong><br \/>\nAnexo V (Empresas de servi\u00e7os de tecnologia, academias, eventos e cl\u00ednicas de exames m\u00e9dicos)<\/strong><\/p>\n<table>\n<tbody>\n<tr>\n<td><strong>Faixa<\/strong><\/td>\n<td><strong>Receita bruta em 12 meses (em R$)<\/strong><\/td>\n<td><strong>Al\u00edquota<\/strong><\/td>\n<td><strong>Valor a deduzir (em R$)<\/strong><\/td>\n<\/tr>\n<tr>\n<td>1\u00aa Faixa<\/td>\n<td>At\u00e9 180.000,00<\/td>\n<td>15,50%<\/td>\n<td>\u2013<\/td>\n<\/tr>\n<tr>\n<td>2\u00aa Faixa<\/td>\n<td>De 180.000,01 a 360.000,00<\/td>\n<td>18,00%<\/td>\n<td>4.500,00<\/td>\n<\/tr>\n<tr>\n<td>3\u00aa Faixa<\/td>\n<td>De 360.000,01 a 720.000,00<\/td>\n<td>19,50%<\/td>\n<td>9.900,00<\/td>\n<\/tr>\n<tr>\n<td>4\u00aa Faixa<\/td>\n<td>De 720.000,01 a 1.800.000,00<\/td>\n<td>20,50%<\/td>\n<td>17.100,00<\/td>\n<\/tr>\n<tr>\n<td>5\u00aa Faixa<\/td>\n<td>De 1.800.000,01 a 3.600.000,00<\/td>\n<td>23,00%<\/td>\n<td>62.100,00<\/td>\n<\/tr>\n<tr>\n<td>6\u00aa Faixa<\/td>\n<td>De 3.600.000,01 a 4.800.000,00<\/td>\n<td>30,50%<\/td>\n<td>540.000,00<\/td>\n<\/tr>\n<\/tbody>\n<\/table>\n<p><strong>\u00a0Anexo VI (Servi\u00e7os)<\/strong><\/p>\n<table class=\"table table-striped\">\n<tbody>\n<tr>\n<th>Receita Bruta em 12 meses (em R$)<\/th>\n<th>Al\u00edquota Total<\/th>\n<th>IRPJ, PIS\/Pasep, CSLL ,Cofins e CPP<\/th>\n<th>ISS<\/th>\n<\/tr>\n<tr class=\"atividadehover\">\n<td>De R$ 0,00 a R$ 180.000,00<\/td>\n<td>16,93%<\/td>\n<td>14,93%<\/td>\n<td>2,00%<\/td>\n<\/tr>\n<tr class=\"atividadehover\">\n<td>De R$ 180.000,01 a R$ 360.000,00<\/td>\n<td>17,72%<\/td>\n<td>14,93%<\/td>\n<td>2,79%<\/td>\n<\/tr>\n<tr class=\"atividadehover\">\n<td>De R$ 360.000,01 a R$ 540.000,00<\/td>\n<td>18,43%<\/td>\n<td>14,93%<\/td>\n<td>3,50%<\/td>\n<\/tr>\n<tr class=\"atividadehover\">\n<td>De R$ 540.000,01 a R$ 720.000,00<\/td>\n<td>18,77%<\/td>\n<td>14,93%<\/td>\n<td>3,84%<\/td>\n<\/tr>\n<tr class=\"atividadehover\">\n<td>De R$ 720.000,01 a R$ 900.000,00<\/td>\n<td>19,04%<\/td>\n<td>15,17%<\/td>\n<td>3,87%<\/td>\n<\/tr>\n<tr class=\"atividadehover\">\n<td>De R$ 900.000,01 a R$ 1.080.000,00<\/td>\n<td>19,94%<\/td>\n<td>15,71%<\/td>\n<td>4,23%<\/td>\n<\/tr>\n<tr class=\"atividadehover\">\n<td>De R$ 1.080.000,01 a R$ 1.260.000,00<\/td>\n<td>20,34%<\/td>\n<td>16,08%<\/td>\n<td>4,26%<\/td>\n<\/tr>\n<tr class=\"atividadehover\">\n<td>De R$ 1.260.000,01 a R$ 1.440.000,00<\/td>\n<td>20,66%<\/td>\n<td>16,35%<\/td>\n<td>4,31%<\/td>\n<\/tr>\n<tr class=\"atividadehover\">\n<td>De R$ 1.440.000,01 a R$ 1.620.000,00<\/td>\n<td>21,17%<\/td>\n<td>16,56%<\/td>\n<td>4,61%<\/td>\n<\/tr>\n<tr class=\"atividadehover\">\n<td>De R$ 1.620.000,01 a R$ 1.800.000,00<\/td>\n<td>21,38%<\/td>\n<td>16,73%<\/td>\n<td>4,65%<\/td>\n<\/tr>\n<tr class=\"atividadehover\">\n<td id=\"last\">De R$ 1.800.000,01 a R$ 1.980.000,00<\/td>\n<td>21,86%<\/td>\n<td>16,86%<\/td>\n<td>5,00%<\/td>\n<\/tr>\n<tr class=\"atividadehover\">\n<td>De R$ 1.980.000,01 a R$ 2.160.000,00<\/td>\n<td>21,97%<\/td>\n<td>16,97%<\/td>\n<td>5,00%<\/td>\n<\/tr>\n<tr class=\"atividadehover\">\n<td>De R$ 2.160.000,01 a R$ 2.340.000,00<\/td>\n<td>22,06%<\/td>\n<td>17,06%<\/td>\n<td>5,00%<\/td>\n<\/tr>\n<tr class=\"atividadehover\">\n<td>De R$ 2.340.000,01 a R$ 2.520.000,00<\/td>\n<td>22,14%<\/td>\n<td>17,14%<\/td>\n<td>5,00%<\/td>\n<\/tr>\n<tr class=\"atividadehover\">\n<td>De R$ 2.520.000,01 a R$ 2.700.000,00<\/td>\n<td>22,21%<\/td>\n<td>17,21%<\/td>\n<td>5,00%<\/td>\n<\/tr>\n<tr class=\"atividadehover\">\n<td>De R$ 2.700.000,01 a R$ 2.880.000,00<\/td>\n<td>22,21%<\/td>\n<td>17,21%<\/td>\n<td>5,00%<\/td>\n<\/tr>\n<tr class=\"atividadehover\">\n<td>De R$ 2.880.000,01 a R$ 3.060.000,00<\/td>\n<td>22,32%<\/td>\n<td>17,32%<\/td>\n<td>5,00%<\/td>\n<\/tr>\n<tr class=\"atividadehover\">\n<td>De R$ 3.060.000,01 a R$ 3.240.000,00<\/td>\n<td>22,37%<\/td>\n<td>17,37%<\/td>\n<td>5,00%<\/td>\n<\/tr>\n<tr class=\"atividadehover\">\n<td>De R$ 3.240.000,01 a R$ 3.420.000,00<\/td>\n<td>22,41%<\/td>\n<td>17,41%<\/td>\n<td>5,00%<\/td>\n<\/tr>\n<tr class=\"atividadehover\">\n<td>De R$ 3.420.000,01 a R$ 3.600.000,00<\/td>\n<td>22,45%<\/td>\n<td>17,45%<\/td>\n<td>5,00%<\/td>\n<\/tr>\n<\/tbody>\n<\/table>\n<p><strong>Aten\u00e7\u00e3o: <\/strong>quanto maior a folha de pagamento, menor a al\u00edquota. As\u00a0atividades que em teoria pagam mais impostos podem ser enquadradas ainda no anexo III. A raz\u00e3o entre o valor da folha salarial e a receita bruta precisa ser igual ou maior que 28%. Por\u00e9m, se acontecer o contr\u00e1rio e empresas que em um primeiro momento figuraram nos anexos III e IV tiverem uma rela\u00e7\u00e3o entre folha e receita menor que 28%, elas ser\u00e3o tributadas de acordo com as al\u00edquotas maiores.<\/p>\n<h5><strong>Prazo para d\u00edvidas<\/strong><\/h5>\n<p>Os participantes do Simples Nacional que possuem d\u00edvidas vencidas at\u00e9 maio de 2016 poder\u00e3o fazer o pagamento dos d\u00e9bitos em at\u00e9 120 vezes, com valor m\u00ednimo de R$ 300,00 na parcela para micro e pequenas empresas.<\/p>\n<p>Essa mudan\u00e7a j\u00e1 est\u00e1 em vigor desde a publica\u00e7\u00e3o da legisla\u00e7\u00e3o, ou seja, n\u00e3o \u00e9 necess\u00e1rio aguardar at\u00e9 2018 para utilizar esse recurso.<\/p>\n<h5>Reciprocidade social<\/h5>\n<p>As micro e pequenas empresas dever\u00e3o contratar pessoas portadoras de defici\u00eancia f\u00edsica ou jovem aprendiz para ter a linha de cr\u00e9dito espec\u00edfica, que podem ser oferecidas por bancos m\u00faltiplos p\u00fablicos, bancos comerciais p\u00fablicos, BNDES e Caixa Econ\u00f4mica Federal.<\/p>\n<h5><strong>Investidor anjo<\/strong><\/h5>\n<p>Surge a figura do investidor anjo (pessoas f\u00edsicas e jur\u00eddicas) em incentivo \u00e0s atividades de inova\u00e7\u00e3o e investimento produtivo. Ele poder\u00e1 aportar capital em micro e pequenas empresas para participar dos lucros obtidos.<\/p>\n<p>Esse investidor n\u00e3o ser\u00e1 s\u00f3cio e nem ter\u00e1 direito \u00e0 ger\u00eancia ou voto na administra\u00e7\u00e3o da empresa. Tamb\u00e9m n\u00e3o responder\u00e1 por d\u00edvidas da empresa, nem recupera\u00e7\u00e3o judicial.<\/p>\n<p><strong>O que achou das mudan\u00e7as do Simples Nacional?<\/strong> Conta pra gente nos <strong>coment\u00e1rios e compartilhe<\/strong> o artigo com os amigos.<\/p>\n<p style=\"text-align: right;\"><em>Fonte: Suas Vendas<\/em><\/p>\n","protected":false},"excerpt":{"rendered":"<p>A partir de 2018 o Simples Nacional ter\u00e1 novo formato. O projeto final aprovado no dia 4 de outubro no Congresso Nacional&hellip;<\/p>\n","protected":false},"author":1,"featured_media":49,"comment_status":"closed","ping_status":"open","sticky":false,"template":"","format":"standard","meta":{"footnotes":""},"categories":[1,6],"tags":[7,8,9],"class_list":["post-28","post","type-post","status-publish","format-standard","has-post-thumbnail","hentry","category-novidades","category-legislacao-fiscal","tag-simples-nacional","tag-legislacao","tag-9"],"yoast_head":"<!-- This site is optimized with the Yoast SEO plugin v27.5 - https:\/\/yoast.com\/product\/yoast-seo-wordpress\/ -->\n<title>Quais as altera\u00e7\u00f5es no Simples Nacional em 2018? - Sfhera Software<\/title>\n<meta name=\"robots\" content=\"index, follow, max-snippet:-1, max-image-preview:large, max-video-preview:-1\" \/>\n<link rel=\"canonical\" href=\"https:\/\/sfhera.com.br\/blog\/quais-as-alteracoes-no-simples-nacional-em-2018\/\" \/>\n<meta property=\"og:locale\" content=\"pt_BR\" \/>\n<meta property=\"og:type\" content=\"article\" \/>\n<meta property=\"og:title\" content=\"Quais as altera\u00e7\u00f5es no Simples Nacional em 2018? - Sfhera Software\" \/>\n<meta property=\"og:description\" content=\"A partir de 2018 o Simples Nacional ter\u00e1 novo formato. O projeto final aprovado no dia 4 de outubro no Congresso Nacional&hellip;\" \/>\n<meta property=\"og:url\" content=\"https:\/\/sfhera.com.br\/blog\/quais-as-alteracoes-no-simples-nacional-em-2018\/\" \/>\n<meta property=\"og:site_name\" content=\"Sfhera Software\" \/>\n<meta property=\"article:publisher\" content=\"https:\/\/www.facebook.com\/sfhera\" \/>\n<meta property=\"article:published_time\" content=\"2017-06-22T13:19:14+00:00\" \/>\n<meta property=\"article:modified_time\" content=\"2017-06-27T20:37:24+00:00\" \/>\n<meta property=\"og:image\" content=\"https:\/\/sfhera.com.br\/blog\/wp-content\/uploads\/2017\/06\/modelo-800x450.jpg\" \/>\n\t<meta property=\"og:image:width\" content=\"800\" \/>\n\t<meta property=\"og:image:height\" content=\"450\" \/>\n\t<meta property=\"og:image:type\" content=\"image\/jpeg\" \/>\n<meta name=\"author\" content=\"Sfhera Software\" \/>\n<meta name=\"twitter:card\" content=\"summary_large_image\" \/>\n<meta name=\"twitter:creator\" content=\"@sfhera\" \/>\n<meta name=\"twitter:site\" content=\"@sfhera\" \/>\n<meta name=\"twitter:label1\" content=\"Escrito por\" \/>\n\t<meta name=\"twitter:data1\" content=\"Sfhera Software\" \/>\n\t<meta name=\"twitter:label2\" content=\"Est. tempo de leitura\" \/>\n\t<meta name=\"twitter:data2\" content=\"5 minutos\" \/>\n<script type=\"application\/ld+json\" class=\"yoast-schema-graph\">{\"@context\":\"https:\\\/\\\/schema.org\",\"@graph\":[{\"@type\":\"Article\",\"@id\":\"https:\\\/\\\/sfhera.com.br\\\/blog\\\/quais-as-alteracoes-no-simples-nacional-em-2018\\\/#article\",\"isPartOf\":{\"@id\":\"https:\\\/\\\/sfhera.com.br\\\/blog\\\/quais-as-alteracoes-no-simples-nacional-em-2018\\\/\"},\"author\":{\"name\":\"Sfhera Software\",\"@id\":\"https:\\\/\\\/sfhera.com.br\\\/blog\\\/#\\\/schema\\\/person\\\/0a21d0c7b6b15bda9d9c072dde915f2a\"},\"headline\":\"Quais as altera\u00e7\u00f5es no Simples Nacional em 2018?\",\"datePublished\":\"2017-06-22T13:19:14+00:00\",\"dateModified\":\"2017-06-27T20:37:24+00:00\",\"mainEntityOfPage\":{\"@id\":\"https:\\\/\\\/sfhera.com.br\\\/blog\\\/quais-as-alteracoes-no-simples-nacional-em-2018\\\/\"},\"wordCount\":968,\"publisher\":{\"@id\":\"https:\\\/\\\/sfhera.com.br\\\/blog\\\/#organization\"},\"image\":{\"@id\":\"https:\\\/\\\/sfhera.com.br\\\/blog\\\/quais-as-alteracoes-no-simples-nacional-em-2018\\\/#primaryimage\"},\"thumbnailUrl\":\"https:\\\/\\\/sfhera.com.br\\\/blog\\\/wp-content\\\/uploads\\\/2017\\\/06\\\/modelo-800x450.jpg\",\"keywords\":[\"Simples Nacional\",\"Legisla\u00e7\u00e3o\",\"2018\"],\"articleSection\":[\"Novidades\",\"Legisla\u00e7\u00e3o Fiscal\"],\"inLanguage\":\"pt-BR\"},{\"@type\":\"WebPage\",\"@id\":\"https:\\\/\\\/sfhera.com.br\\\/blog\\\/quais-as-alteracoes-no-simples-nacional-em-2018\\\/\",\"url\":\"https:\\\/\\\/sfhera.com.br\\\/blog\\\/quais-as-alteracoes-no-simples-nacional-em-2018\\\/\",\"name\":\"Quais as altera\u00e7\u00f5es no Simples Nacional em 2018? - Sfhera Software\",\"isPartOf\":{\"@id\":\"https:\\\/\\\/sfhera.com.br\\\/blog\\\/#website\"},\"primaryImageOfPage\":{\"@id\":\"https:\\\/\\\/sfhera.com.br\\\/blog\\\/quais-as-alteracoes-no-simples-nacional-em-2018\\\/#primaryimage\"},\"image\":{\"@id\":\"https:\\\/\\\/sfhera.com.br\\\/blog\\\/quais-as-alteracoes-no-simples-nacional-em-2018\\\/#primaryimage\"},\"thumbnailUrl\":\"https:\\\/\\\/sfhera.com.br\\\/blog\\\/wp-content\\\/uploads\\\/2017\\\/06\\\/modelo-800x450.jpg\",\"datePublished\":\"2017-06-22T13:19:14+00:00\",\"dateModified\":\"2017-06-27T20:37:24+00:00\",\"breadcrumb\":{\"@id\":\"https:\\\/\\\/sfhera.com.br\\\/blog\\\/quais-as-alteracoes-no-simples-nacional-em-2018\\\/#breadcrumb\"},\"inLanguage\":\"pt-BR\",\"potentialAction\":[{\"@type\":\"ReadAction\",\"target\":[\"https:\\\/\\\/sfhera.com.br\\\/blog\\\/quais-as-alteracoes-no-simples-nacional-em-2018\\\/\"]}]},{\"@type\":\"ImageObject\",\"inLanguage\":\"pt-BR\",\"@id\":\"https:\\\/\\\/sfhera.com.br\\\/blog\\\/quais-as-alteracoes-no-simples-nacional-em-2018\\\/#primaryimage\",\"url\":\"https:\\\/\\\/sfhera.com.br\\\/blog\\\/wp-content\\\/uploads\\\/2017\\\/06\\\/modelo-800x450.jpg\",\"contentUrl\":\"https:\\\/\\\/sfhera.com.br\\\/blog\\\/wp-content\\\/uploads\\\/2017\\\/06\\\/modelo-800x450.jpg\",\"width\":800,\"height\":450,\"caption\":\"simples nacional\"},{\"@type\":\"BreadcrumbList\",\"@id\":\"https:\\\/\\\/sfhera.com.br\\\/blog\\\/quais-as-alteracoes-no-simples-nacional-em-2018\\\/#breadcrumb\",\"itemListElement\":[{\"@type\":\"ListItem\",\"position\":1,\"name\":\"In\u00edcio\",\"item\":\"https:\\\/\\\/sfhera.com.br\\\/blog\\\/\"},{\"@type\":\"ListItem\",\"position\":2,\"name\":\"Quais as altera\u00e7\u00f5es no Simples Nacional em 2018?\"}]},{\"@type\":\"WebSite\",\"@id\":\"https:\\\/\\\/sfhera.com.br\\\/blog\\\/#website\",\"url\":\"https:\\\/\\\/sfhera.com.br\\\/blog\\\/\",\"name\":\"Sfhera Software\",\"description\":\"Aplicativos de Gest\u00e3o para o Varejo\",\"publisher\":{\"@id\":\"https:\\\/\\\/sfhera.com.br\\\/blog\\\/#organization\"},\"potentialAction\":[{\"@type\":\"SearchAction\",\"target\":{\"@type\":\"EntryPoint\",\"urlTemplate\":\"https:\\\/\\\/sfhera.com.br\\\/blog\\\/?s={search_term_string}\"},\"query-input\":{\"@type\":\"PropertyValueSpecification\",\"valueRequired\":true,\"valueName\":\"search_term_string\"}}],\"inLanguage\":\"pt-BR\"},{\"@type\":\"Organization\",\"@id\":\"https:\\\/\\\/sfhera.com.br\\\/blog\\\/#organization\",\"name\":\"Sfhera Software\",\"url\":\"https:\\\/\\\/sfhera.com.br\\\/blog\\\/\",\"logo\":{\"@type\":\"ImageObject\",\"inLanguage\":\"pt-BR\",\"@id\":\"https:\\\/\\\/sfhera.com.br\\\/blog\\\/#\\\/schema\\\/logo\\\/image\\\/\",\"url\":\"https:\\\/\\\/www.sfhera.com.br\\\/blog\\\/wp-content\\\/uploads\\\/2017\\\/06\\\/logo.png\",\"contentUrl\":\"https:\\\/\\\/www.sfhera.com.br\\\/blog\\\/wp-content\\\/uploads\\\/2017\\\/06\\\/logo.png\",\"width\":200,\"height\":65,\"caption\":\"Sfhera Software\"},\"image\":{\"@id\":\"https:\\\/\\\/sfhera.com.br\\\/blog\\\/#\\\/schema\\\/logo\\\/image\\\/\"},\"sameAs\":[\"https:\\\/\\\/www.facebook.com\\\/sfhera\",\"https:\\\/\\\/x.com\\\/sfhera\",\"https:\\\/\\\/br.linkedin.com\\\/company\\\/sfhera-software\"]},{\"@type\":\"Person\",\"@id\":\"https:\\\/\\\/sfhera.com.br\\\/blog\\\/#\\\/schema\\\/person\\\/0a21d0c7b6b15bda9d9c072dde915f2a\",\"name\":\"Sfhera Software\",\"image\":{\"@type\":\"ImageObject\",\"inLanguage\":\"pt-BR\",\"@id\":\"https:\\\/\\\/secure.gravatar.com\\\/avatar\\\/b1d1b13f14dd2dc5b3fb21e60579548fa4f79040171567f49ae19080fb354524?s=96&d=mm&r=g\",\"url\":\"https:\\\/\\\/secure.gravatar.com\\\/avatar\\\/b1d1b13f14dd2dc5b3fb21e60579548fa4f79040171567f49ae19080fb354524?s=96&d=mm&r=g\",\"contentUrl\":\"https:\\\/\\\/secure.gravatar.com\\\/avatar\\\/b1d1b13f14dd2dc5b3fb21e60579548fa4f79040171567f49ae19080fb354524?s=96&d=mm&r=g\",\"caption\":\"Sfhera Software\"},\"url\":\"https:\\\/\\\/sfhera.com.br\\\/blog\\\/author\\\/admin\\\/\"}]}<\/script>\n<!-- \/ Yoast SEO plugin. -->","yoast_head_json":{"title":"Quais as altera\u00e7\u00f5es no Simples Nacional em 2018? - Sfhera Software","robots":{"index":"index","follow":"follow","max-snippet":"max-snippet:-1","max-image-preview":"max-image-preview:large","max-video-preview":"max-video-preview:-1"},"canonical":"https:\/\/sfhera.com.br\/blog\/quais-as-alteracoes-no-simples-nacional-em-2018\/","og_locale":"pt_BR","og_type":"article","og_title":"Quais as altera\u00e7\u00f5es no Simples Nacional em 2018? - Sfhera Software","og_description":"A partir de 2018 o Simples Nacional ter\u00e1 novo formato. O projeto final aprovado no dia 4 de outubro no Congresso Nacional&hellip;","og_url":"https:\/\/sfhera.com.br\/blog\/quais-as-alteracoes-no-simples-nacional-em-2018\/","og_site_name":"Sfhera Software","article_publisher":"https:\/\/www.facebook.com\/sfhera","article_published_time":"2017-06-22T13:19:14+00:00","article_modified_time":"2017-06-27T20:37:24+00:00","og_image":[{"width":800,"height":450,"url":"https:\/\/sfhera.com.br\/blog\/wp-content\/uploads\/2017\/06\/modelo-800x450.jpg","type":"image\/jpeg"}],"author":"Sfhera Software","twitter_card":"summary_large_image","twitter_creator":"@sfhera","twitter_site":"@sfhera","twitter_misc":{"Escrito por":"Sfhera Software","Est. tempo de leitura":"5 minutos"},"schema":{"@context":"https:\/\/schema.org","@graph":[{"@type":"Article","@id":"https:\/\/sfhera.com.br\/blog\/quais-as-alteracoes-no-simples-nacional-em-2018\/#article","isPartOf":{"@id":"https:\/\/sfhera.com.br\/blog\/quais-as-alteracoes-no-simples-nacional-em-2018\/"},"author":{"name":"Sfhera Software","@id":"https:\/\/sfhera.com.br\/blog\/#\/schema\/person\/0a21d0c7b6b15bda9d9c072dde915f2a"},"headline":"Quais as altera\u00e7\u00f5es no Simples Nacional em 2018?","datePublished":"2017-06-22T13:19:14+00:00","dateModified":"2017-06-27T20:37:24+00:00","mainEntityOfPage":{"@id":"https:\/\/sfhera.com.br\/blog\/quais-as-alteracoes-no-simples-nacional-em-2018\/"},"wordCount":968,"publisher":{"@id":"https:\/\/sfhera.com.br\/blog\/#organization"},"image":{"@id":"https:\/\/sfhera.com.br\/blog\/quais-as-alteracoes-no-simples-nacional-em-2018\/#primaryimage"},"thumbnailUrl":"https:\/\/sfhera.com.br\/blog\/wp-content\/uploads\/2017\/06\/modelo-800x450.jpg","keywords":["Simples Nacional","Legisla\u00e7\u00e3o","2018"],"articleSection":["Novidades","Legisla\u00e7\u00e3o Fiscal"],"inLanguage":"pt-BR"},{"@type":"WebPage","@id":"https:\/\/sfhera.com.br\/blog\/quais-as-alteracoes-no-simples-nacional-em-2018\/","url":"https:\/\/sfhera.com.br\/blog\/quais-as-alteracoes-no-simples-nacional-em-2018\/","name":"Quais as altera\u00e7\u00f5es no Simples Nacional em 2018? - Sfhera Software","isPartOf":{"@id":"https:\/\/sfhera.com.br\/blog\/#website"},"primaryImageOfPage":{"@id":"https:\/\/sfhera.com.br\/blog\/quais-as-alteracoes-no-simples-nacional-em-2018\/#primaryimage"},"image":{"@id":"https:\/\/sfhera.com.br\/blog\/quais-as-alteracoes-no-simples-nacional-em-2018\/#primaryimage"},"thumbnailUrl":"https:\/\/sfhera.com.br\/blog\/wp-content\/uploads\/2017\/06\/modelo-800x450.jpg","datePublished":"2017-06-22T13:19:14+00:00","dateModified":"2017-06-27T20:37:24+00:00","breadcrumb":{"@id":"https:\/\/sfhera.com.br\/blog\/quais-as-alteracoes-no-simples-nacional-em-2018\/#breadcrumb"},"inLanguage":"pt-BR","potentialAction":[{"@type":"ReadAction","target":["https:\/\/sfhera.com.br\/blog\/quais-as-alteracoes-no-simples-nacional-em-2018\/"]}]},{"@type":"ImageObject","inLanguage":"pt-BR","@id":"https:\/\/sfhera.com.br\/blog\/quais-as-alteracoes-no-simples-nacional-em-2018\/#primaryimage","url":"https:\/\/sfhera.com.br\/blog\/wp-content\/uploads\/2017\/06\/modelo-800x450.jpg","contentUrl":"https:\/\/sfhera.com.br\/blog\/wp-content\/uploads\/2017\/06\/modelo-800x450.jpg","width":800,"height":450,"caption":"simples nacional"},{"@type":"BreadcrumbList","@id":"https:\/\/sfhera.com.br\/blog\/quais-as-alteracoes-no-simples-nacional-em-2018\/#breadcrumb","itemListElement":[{"@type":"ListItem","position":1,"name":"In\u00edcio","item":"https:\/\/sfhera.com.br\/blog\/"},{"@type":"ListItem","position":2,"name":"Quais as altera\u00e7\u00f5es no Simples Nacional em 2018?"}]},{"@type":"WebSite","@id":"https:\/\/sfhera.com.br\/blog\/#website","url":"https:\/\/sfhera.com.br\/blog\/","name":"Sfhera Software","description":"Aplicativos de Gest\u00e3o para o Varejo","publisher":{"@id":"https:\/\/sfhera.com.br\/blog\/#organization"},"potentialAction":[{"@type":"SearchAction","target":{"@type":"EntryPoint","urlTemplate":"https:\/\/sfhera.com.br\/blog\/?s={search_term_string}"},"query-input":{"@type":"PropertyValueSpecification","valueRequired":true,"valueName":"search_term_string"}}],"inLanguage":"pt-BR"},{"@type":"Organization","@id":"https:\/\/sfhera.com.br\/blog\/#organization","name":"Sfhera Software","url":"https:\/\/sfhera.com.br\/blog\/","logo":{"@type":"ImageObject","inLanguage":"pt-BR","@id":"https:\/\/sfhera.com.br\/blog\/#\/schema\/logo\/image\/","url":"https:\/\/www.sfhera.com.br\/blog\/wp-content\/uploads\/2017\/06\/logo.png","contentUrl":"https:\/\/www.sfhera.com.br\/blog\/wp-content\/uploads\/2017\/06\/logo.png","width":200,"height":65,"caption":"Sfhera Software"},"image":{"@id":"https:\/\/sfhera.com.br\/blog\/#\/schema\/logo\/image\/"},"sameAs":["https:\/\/www.facebook.com\/sfhera","https:\/\/x.com\/sfhera","https:\/\/br.linkedin.com\/company\/sfhera-software"]},{"@type":"Person","@id":"https:\/\/sfhera.com.br\/blog\/#\/schema\/person\/0a21d0c7b6b15bda9d9c072dde915f2a","name":"Sfhera Software","image":{"@type":"ImageObject","inLanguage":"pt-BR","@id":"https:\/\/secure.gravatar.com\/avatar\/b1d1b13f14dd2dc5b3fb21e60579548fa4f79040171567f49ae19080fb354524?s=96&d=mm&r=g","url":"https:\/\/secure.gravatar.com\/avatar\/b1d1b13f14dd2dc5b3fb21e60579548fa4f79040171567f49ae19080fb354524?s=96&d=mm&r=g","contentUrl":"https:\/\/secure.gravatar.com\/avatar\/b1d1b13f14dd2dc5b3fb21e60579548fa4f79040171567f49ae19080fb354524?s=96&d=mm&r=g","caption":"Sfhera Software"},"url":"https:\/\/sfhera.com.br\/blog\/author\/admin\/"}]}},"_links":{"self":[{"href":"https:\/\/sfhera.com.br\/blog\/wp-json\/wp\/v2\/posts\/28","targetHints":{"allow":["GET"]}}],"collection":[{"href":"https:\/\/sfhera.com.br\/blog\/wp-json\/wp\/v2\/posts"}],"about":[{"href":"https:\/\/sfhera.com.br\/blog\/wp-json\/wp\/v2\/types\/post"}],"author":[{"embeddable":true,"href":"https:\/\/sfhera.com.br\/blog\/wp-json\/wp\/v2\/users\/1"}],"replies":[{"embeddable":true,"href":"https:\/\/sfhera.com.br\/blog\/wp-json\/wp\/v2\/comments?post=28"}],"version-history":[{"count":3,"href":"https:\/\/sfhera.com.br\/blog\/wp-json\/wp\/v2\/posts\/28\/revisions"}],"predecessor-version":[{"id":65,"href":"https:\/\/sfhera.com.br\/blog\/wp-json\/wp\/v2\/posts\/28\/revisions\/65"}],"wp:featuredmedia":[{"embeddable":true,"href":"https:\/\/sfhera.com.br\/blog\/wp-json\/wp\/v2\/media\/49"}],"wp:attachment":[{"href":"https:\/\/sfhera.com.br\/blog\/wp-json\/wp\/v2\/media?parent=28"}],"wp:term":[{"taxonomy":"category","embeddable":true,"href":"https:\/\/sfhera.com.br\/blog\/wp-json\/wp\/v2\/categories?post=28"},{"taxonomy":"post_tag","embeddable":true,"href":"https:\/\/sfhera.com.br\/blog\/wp-json\/wp\/v2\/tags?post=28"}],"curies":[{"name":"wp","href":"https:\/\/api.w.org\/{rel}","templated":true}]}}