{"id":313,"date":"2017-07-10T14:12:38","date_gmt":"2017-07-10T17:12:38","guid":{"rendered":"https:\/\/sfhera.com.br\/blog\/?p=313"},"modified":"2017-07-10T14:12:38","modified_gmt":"2017-07-10T17:12:38","slug":"faturamento-da-micro-e-pequena-empresa-volta-crescer","status":"publish","type":"post","link":"https:\/\/sfhera.com.br\/blog\/faturamento-da-micro-e-pequena-empresa-volta-crescer\/","title":{"rendered":"Faturamento da micro e pequena empresa volta a crescer"},"content":{"rendered":"<h2 class=\"subtitulo\">No primeiro trimestre, expans\u00e3o foi de 3% na compara\u00e7\u00e3o com o mesmo per\u00edodo de 2016<\/h2>\n<p>O faturamento das micro e pequenas empresas cresceu 3%, em termos reais, no primeiro trimestre na compara\u00e7\u00e3o com igual per\u00edodo de 2016.<\/p>\n<p>O resultado interrompe uma s\u00e9rie de 11 trimestres consecutivos de queda na receita.\u00a0Os dados fazem parte da pesquisa de conjuntura Indicadores Sebrae-SP.<\/p>\n<p>Na divis\u00e3o por setor, empresas de presta\u00e7\u00e3o de servi\u00e7os apresentaram um crescimento de 6,9% no faturamento no primeiro trimestre, seguidas do com\u00e9rcio, com expans\u00e3o de 3,5%. A ind\u00fastria, por\u00e9m, amargou uma queda de 10,3%.<\/p>\n<p>O desempenho das MPEs em mar\u00e7o contribuiu para o resultado. No m\u00eas, o faturamento ficou 8,2% maior do que em mar\u00e7o de 2016, descontada a infla\u00e7\u00e3o. A receita total no per\u00edodo foi de R$ 53,9 bilh\u00f5es, ou R$ 4,1 bilh\u00f5es a mais do que a de mar\u00e7o do ano passado.<\/p>\n<p>N\u00e3o fosse o resultado de fevereiro, as MPEs paulistas teriam registrado quatro meses seguidos de alta no faturamento. Em dezembro e janeiro, a eleva\u00e7\u00e3o do faturamento das MPEs foi de 7,6% e 3,9%, respectivamente, em rela\u00e7\u00e3o a iguais meses de um ano antes.<\/p>\n<p>Mas em fevereiro, houve queda de 3,3% sobre igual m\u00eas de 2016, quebrando a sequ\u00eancia positiva. Contudo, caso fossem descontados os fatores sazonais, inclu\u00eddo a\u00ed o dia \u00fatil a menos, fevereiro teria apresentado crescimento de 3% na receita real.<\/p>\n<p>\u201cEnfim, um respiro. Os dados desse primeiro trimestre mostram que h\u00e1 uma evidente evolu\u00e7\u00e3o dos ganhos dos pequenos neg\u00f3cios do Estado de S\u00e3o Paulo\u201d, afirma o presidente do Sebrae-SP, Paulo Skaf.<\/p>\n<p>A infla\u00e7\u00e3o baixa contribuiu para as vendas do segmento em mar\u00e7o, ajudando a preservar o poder de compra das fam\u00edlias, o grande consumidor dos pequenos neg\u00f3cios.<\/p>\n<p>Tamb\u00e9m tem reflexos no resultado positivo a base fraca de compara\u00e7\u00e3o, j\u00e1 que no primeiro trimestre de 2016 o faturamento foi bastante deprimido.<\/p>\n<p>Na an\u00e1lise por setor, o melhor desempenho em mar\u00e7o foi o do com\u00e9rcio, cujo faturamento ficou 15% acima do de mar\u00e7o de 2016. Na mesma compara\u00e7\u00e3o, os servi\u00e7os registraram alta de 8,4% e a ind\u00fastria amargou uma queda de 11,8%.<\/p>\n<p><strong>MEI<\/strong><\/p>\n<p>De acordo com a pesquisa, o faturamento do Microempreendedor Individual (MEI) recuou 0,2% em mar\u00e7o em rela\u00e7\u00e3o a igual m\u00eas do ano anterior. Houve, por\u00e9m, uma redu\u00e7\u00e3o no ritmo de queda.<\/p>\n<p>Em fevereiro j\u00e1 havia ocorrido uma varia\u00e7\u00e3o menor que nos meses anteriores. A receita total dos MEIs em mar\u00e7o foi de R$ 3,7 bilh\u00f5es, R$ 7,8 milh\u00f5es abaixo do registrado em mar\u00e7o de 2016.<\/p>\n<p>Por regi\u00f5es, o interior vem apresentando desempenho melhor, com um crescimento de 2% no faturamento em mar\u00e7o. J\u00e1 a regi\u00e3o metropolitana de S\u00e3o Paulo apresentou um recuo 2,1% no faturamento no mesmo per\u00edodo.<\/p>\n<p>Quanto aos setores, os MEIs da ind\u00fastria apresentaram eleva\u00e7\u00e3o de 11,8% no faturamento em mar\u00e7o. Com\u00e9rcio e servi\u00e7os foram no sentido contr\u00e1rio, com retra\u00e7\u00e3o de 5,7% e 0,8%, respectivamente.<\/p>\n<p style=\"text-align: right;\">Fonte: Di\u00e1rio do Com\u00e9rcio.<\/p>\n","protected":false},"excerpt":{"rendered":"<p>No primeiro trimestre, expans\u00e3o foi de 3% na compara\u00e7\u00e3o com o mesmo per\u00edodo de 2016 O faturamento das micro e pequenas empresas&hellip;<\/p>\n","protected":false},"author":1,"featured_media":314,"comment_status":"closed","ping_status":"open","sticky":false,"template":"","format":"standard","meta":{"footnotes":""},"categories":[4,3],"tags":[53,157,158],"class_list":["post-313","post","type-post","status-publish","format-standard","has-post-thumbnail","hentry","category-gestaoenegocios","category-empreendorismo","tag-mei","tag-faturamento","tag-micro-e-pequena-empresa"],"yoast_head":"<!-- This site is optimized with the Yoast SEO plugin v27.5 - https:\/\/yoast.com\/product\/yoast-seo-wordpress\/ -->\n<title>Faturamento da micro e pequena empresa volta a crescer - Sfhera Software<\/title>\n<meta name=\"robots\" content=\"index, follow, max-snippet:-1, max-image-preview:large, max-video-preview:-1\" \/>\n<link rel=\"canonical\" href=\"https:\/\/sfhera.com.br\/blog\/faturamento-da-micro-e-pequena-empresa-volta-crescer\/\" \/>\n<meta property=\"og:locale\" content=\"pt_BR\" \/>\n<meta property=\"og:type\" content=\"article\" \/>\n<meta property=\"og:title\" content=\"Faturamento da micro e pequena empresa volta a crescer - Sfhera Software\" \/>\n<meta property=\"og:description\" content=\"No primeiro trimestre, expans\u00e3o foi de 3% na compara\u00e7\u00e3o com o mesmo per\u00edodo de 2016 O faturamento das micro e pequenas empresas&hellip;\" \/>\n<meta property=\"og:url\" content=\"https:\/\/sfhera.com.br\/blog\/faturamento-da-micro-e-pequena-empresa-volta-crescer\/\" \/>\n<meta property=\"og:site_name\" content=\"Sfhera Software\" \/>\n<meta property=\"article:publisher\" content=\"https:\/\/www.facebook.com\/sfhera\" \/>\n<meta property=\"article:published_time\" content=\"2017-07-10T17:12:38+00:00\" \/>\n<meta property=\"og:image\" content=\"https:\/\/sfhera.com.br\/blog\/wp-content\/uploads\/2017\/07\/dc_micro-empresa.png\" \/>\n\t<meta property=\"og:image:width\" content=\"511\" \/>\n\t<meta property=\"og:image:height\" content=\"255\" \/>\n\t<meta property=\"og:image:type\" content=\"image\/png\" \/>\n<meta name=\"author\" content=\"Sfhera Software\" \/>\n<meta name=\"twitter:card\" content=\"summary_large_image\" \/>\n<meta name=\"twitter:creator\" content=\"@sfhera\" \/>\n<meta name=\"twitter:site\" content=\"@sfhera\" \/>\n<meta name=\"twitter:label1\" content=\"Escrito por\" \/>\n\t<meta name=\"twitter:data1\" content=\"Sfhera Software\" \/>\n\t<meta name=\"twitter:label2\" content=\"Est. tempo de leitura\" \/>\n\t<meta name=\"twitter:data2\" content=\"3 minutos\" \/>\n<script type=\"application\/ld+json\" class=\"yoast-schema-graph\">{\"@context\":\"https:\\\/\\\/schema.org\",\"@graph\":[{\"@type\":\"Article\",\"@id\":\"https:\\\/\\\/sfhera.com.br\\\/blog\\\/faturamento-da-micro-e-pequena-empresa-volta-crescer\\\/#article\",\"isPartOf\":{\"@id\":\"https:\\\/\\\/sfhera.com.br\\\/blog\\\/faturamento-da-micro-e-pequena-empresa-volta-crescer\\\/\"},\"author\":{\"name\":\"Sfhera Software\",\"@id\":\"https:\\\/\\\/sfhera.com.br\\\/blog\\\/#\\\/schema\\\/person\\\/0a21d0c7b6b15bda9d9c072dde915f2a\"},\"headline\":\"Faturamento da micro e pequena empresa volta a crescer\",\"datePublished\":\"2017-07-10T17:12:38+00:00\",\"mainEntityOfPage\":{\"@id\":\"https:\\\/\\\/sfhera.com.br\\\/blog\\\/faturamento-da-micro-e-pequena-empresa-volta-crescer\\\/\"},\"wordCount\":523,\"publisher\":{\"@id\":\"https:\\\/\\\/sfhera.com.br\\\/blog\\\/#organization\"},\"image\":{\"@id\":\"https:\\\/\\\/sfhera.com.br\\\/blog\\\/faturamento-da-micro-e-pequena-empresa-volta-crescer\\\/#primaryimage\"},\"thumbnailUrl\":\"https:\\\/\\\/sfhera.com.br\\\/blog\\\/wp-content\\\/uploads\\\/2017\\\/07\\\/dc_micro-empresa.png\",\"keywords\":[\"MEI\",\"faturamento\",\"micro e pequena empresa\"],\"articleSection\":[\"Gest\u00e3o e Neg\u00f3cios\",\"Empreendedorismo\"],\"inLanguage\":\"pt-BR\"},{\"@type\":\"WebPage\",\"@id\":\"https:\\\/\\\/sfhera.com.br\\\/blog\\\/faturamento-da-micro-e-pequena-empresa-volta-crescer\\\/\",\"url\":\"https:\\\/\\\/sfhera.com.br\\\/blog\\\/faturamento-da-micro-e-pequena-empresa-volta-crescer\\\/\",\"name\":\"Faturamento da micro e pequena empresa volta a crescer - Sfhera Software\",\"isPartOf\":{\"@id\":\"https:\\\/\\\/sfhera.com.br\\\/blog\\\/#website\"},\"primaryImageOfPage\":{\"@id\":\"https:\\\/\\\/sfhera.com.br\\\/blog\\\/faturamento-da-micro-e-pequena-empresa-volta-crescer\\\/#primaryimage\"},\"image\":{\"@id\":\"https:\\\/\\\/sfhera.com.br\\\/blog\\\/faturamento-da-micro-e-pequena-empresa-volta-crescer\\\/#primaryimage\"},\"thumbnailUrl\":\"https:\\\/\\\/sfhera.com.br\\\/blog\\\/wp-content\\\/uploads\\\/2017\\\/07\\\/dc_micro-empresa.png\",\"datePublished\":\"2017-07-10T17:12:38+00:00\",\"breadcrumb\":{\"@id\":\"https:\\\/\\\/sfhera.com.br\\\/blog\\\/faturamento-da-micro-e-pequena-empresa-volta-crescer\\\/#breadcrumb\"},\"inLanguage\":\"pt-BR\",\"potentialAction\":[{\"@type\":\"ReadAction\",\"target\":[\"https:\\\/\\\/sfhera.com.br\\\/blog\\\/faturamento-da-micro-e-pequena-empresa-volta-crescer\\\/\"]}]},{\"@type\":\"ImageObject\",\"inLanguage\":\"pt-BR\",\"@id\":\"https:\\\/\\\/sfhera.com.br\\\/blog\\\/faturamento-da-micro-e-pequena-empresa-volta-crescer\\\/#primaryimage\",\"url\":\"https:\\\/\\\/sfhera.com.br\\\/blog\\\/wp-content\\\/uploads\\\/2017\\\/07\\\/dc_micro-empresa.png\",\"contentUrl\":\"https:\\\/\\\/sfhera.com.br\\\/blog\\\/wp-content\\\/uploads\\\/2017\\\/07\\\/dc_micro-empresa.png\",\"width\":511,\"height\":255,\"caption\":\"micro empresa\"},{\"@type\":\"BreadcrumbList\",\"@id\":\"https:\\\/\\\/sfhera.com.br\\\/blog\\\/faturamento-da-micro-e-pequena-empresa-volta-crescer\\\/#breadcrumb\",\"itemListElement\":[{\"@type\":\"ListItem\",\"position\":1,\"name\":\"In\u00edcio\",\"item\":\"https:\\\/\\\/sfhera.com.br\\\/blog\\\/\"},{\"@type\":\"ListItem\",\"position\":2,\"name\":\"Faturamento da micro e pequena empresa volta a crescer\"}]},{\"@type\":\"WebSite\",\"@id\":\"https:\\\/\\\/sfhera.com.br\\\/blog\\\/#website\",\"url\":\"https:\\\/\\\/sfhera.com.br\\\/blog\\\/\",\"name\":\"Sfhera Software\",\"description\":\"Aplicativos de Gest\u00e3o para o Varejo\",\"publisher\":{\"@id\":\"https:\\\/\\\/sfhera.com.br\\\/blog\\\/#organization\"},\"potentialAction\":[{\"@type\":\"SearchAction\",\"target\":{\"@type\":\"EntryPoint\",\"urlTemplate\":\"https:\\\/\\\/sfhera.com.br\\\/blog\\\/?s={search_term_string}\"},\"query-input\":{\"@type\":\"PropertyValueSpecification\",\"valueRequired\":true,\"valueName\":\"search_term_string\"}}],\"inLanguage\":\"pt-BR\"},{\"@type\":\"Organization\",\"@id\":\"https:\\\/\\\/sfhera.com.br\\\/blog\\\/#organization\",\"name\":\"Sfhera Software\",\"url\":\"https:\\\/\\\/sfhera.com.br\\\/blog\\\/\",\"logo\":{\"@type\":\"ImageObject\",\"inLanguage\":\"pt-BR\",\"@id\":\"https:\\\/\\\/sfhera.com.br\\\/blog\\\/#\\\/schema\\\/logo\\\/image\\\/\",\"url\":\"https:\\\/\\\/www.sfhera.com.br\\\/blog\\\/wp-content\\\/uploads\\\/2017\\\/06\\\/logo.png\",\"contentUrl\":\"https:\\\/\\\/www.sfhera.com.br\\\/blog\\\/wp-content\\\/uploads\\\/2017\\\/06\\\/logo.png\",\"width\":200,\"height\":65,\"caption\":\"Sfhera Software\"},\"image\":{\"@id\":\"https:\\\/\\\/sfhera.com.br\\\/blog\\\/#\\\/schema\\\/logo\\\/image\\\/\"},\"sameAs\":[\"https:\\\/\\\/www.facebook.com\\\/sfhera\",\"https:\\\/\\\/x.com\\\/sfhera\",\"https:\\\/\\\/br.linkedin.com\\\/company\\\/sfhera-software\"]},{\"@type\":\"Person\",\"@id\":\"https:\\\/\\\/sfhera.com.br\\\/blog\\\/#\\\/schema\\\/person\\\/0a21d0c7b6b15bda9d9c072dde915f2a\",\"name\":\"Sfhera Software\",\"image\":{\"@type\":\"ImageObject\",\"inLanguage\":\"pt-BR\",\"@id\":\"https:\\\/\\\/secure.gravatar.com\\\/avatar\\\/b1d1b13f14dd2dc5b3fb21e60579548fa4f79040171567f49ae19080fb354524?s=96&d=mm&r=g\",\"url\":\"https:\\\/\\\/secure.gravatar.com\\\/avatar\\\/b1d1b13f14dd2dc5b3fb21e60579548fa4f79040171567f49ae19080fb354524?s=96&d=mm&r=g\",\"contentUrl\":\"https:\\\/\\\/secure.gravatar.com\\\/avatar\\\/b1d1b13f14dd2dc5b3fb21e60579548fa4f79040171567f49ae19080fb354524?s=96&d=mm&r=g\",\"caption\":\"Sfhera Software\"},\"url\":\"https:\\\/\\\/sfhera.com.br\\\/blog\\\/author\\\/admin\\\/\"}]}<\/script>\n<!-- \/ Yoast SEO plugin. -->","yoast_head_json":{"title":"Faturamento da micro e pequena empresa volta a crescer - Sfhera Software","robots":{"index":"index","follow":"follow","max-snippet":"max-snippet:-1","max-image-preview":"max-image-preview:large","max-video-preview":"max-video-preview:-1"},"canonical":"https:\/\/sfhera.com.br\/blog\/faturamento-da-micro-e-pequena-empresa-volta-crescer\/","og_locale":"pt_BR","og_type":"article","og_title":"Faturamento da micro e pequena empresa volta a crescer - Sfhera Software","og_description":"No primeiro trimestre, expans\u00e3o foi de 3% na compara\u00e7\u00e3o com o mesmo per\u00edodo de 2016 O faturamento das micro e pequenas empresas&hellip;","og_url":"https:\/\/sfhera.com.br\/blog\/faturamento-da-micro-e-pequena-empresa-volta-crescer\/","og_site_name":"Sfhera Software","article_publisher":"https:\/\/www.facebook.com\/sfhera","article_published_time":"2017-07-10T17:12:38+00:00","og_image":[{"width":511,"height":255,"url":"https:\/\/sfhera.com.br\/blog\/wp-content\/uploads\/2017\/07\/dc_micro-empresa.png","type":"image\/png"}],"author":"Sfhera Software","twitter_card":"summary_large_image","twitter_creator":"@sfhera","twitter_site":"@sfhera","twitter_misc":{"Escrito por":"Sfhera Software","Est. tempo de leitura":"3 minutos"},"schema":{"@context":"https:\/\/schema.org","@graph":[{"@type":"Article","@id":"https:\/\/sfhera.com.br\/blog\/faturamento-da-micro-e-pequena-empresa-volta-crescer\/#article","isPartOf":{"@id":"https:\/\/sfhera.com.br\/blog\/faturamento-da-micro-e-pequena-empresa-volta-crescer\/"},"author":{"name":"Sfhera Software","@id":"https:\/\/sfhera.com.br\/blog\/#\/schema\/person\/0a21d0c7b6b15bda9d9c072dde915f2a"},"headline":"Faturamento da micro e pequena empresa volta a crescer","datePublished":"2017-07-10T17:12:38+00:00","mainEntityOfPage":{"@id":"https:\/\/sfhera.com.br\/blog\/faturamento-da-micro-e-pequena-empresa-volta-crescer\/"},"wordCount":523,"publisher":{"@id":"https:\/\/sfhera.com.br\/blog\/#organization"},"image":{"@id":"https:\/\/sfhera.com.br\/blog\/faturamento-da-micro-e-pequena-empresa-volta-crescer\/#primaryimage"},"thumbnailUrl":"https:\/\/sfhera.com.br\/blog\/wp-content\/uploads\/2017\/07\/dc_micro-empresa.png","keywords":["MEI","faturamento","micro e pequena empresa"],"articleSection":["Gest\u00e3o e Neg\u00f3cios","Empreendedorismo"],"inLanguage":"pt-BR"},{"@type":"WebPage","@id":"https:\/\/sfhera.com.br\/blog\/faturamento-da-micro-e-pequena-empresa-volta-crescer\/","url":"https:\/\/sfhera.com.br\/blog\/faturamento-da-micro-e-pequena-empresa-volta-crescer\/","name":"Faturamento da micro e pequena empresa volta a crescer - Sfhera Software","isPartOf":{"@id":"https:\/\/sfhera.com.br\/blog\/#website"},"primaryImageOfPage":{"@id":"https:\/\/sfhera.com.br\/blog\/faturamento-da-micro-e-pequena-empresa-volta-crescer\/#primaryimage"},"image":{"@id":"https:\/\/sfhera.com.br\/blog\/faturamento-da-micro-e-pequena-empresa-volta-crescer\/#primaryimage"},"thumbnailUrl":"https:\/\/sfhera.com.br\/blog\/wp-content\/uploads\/2017\/07\/dc_micro-empresa.png","datePublished":"2017-07-10T17:12:38+00:00","breadcrumb":{"@id":"https:\/\/sfhera.com.br\/blog\/faturamento-da-micro-e-pequena-empresa-volta-crescer\/#breadcrumb"},"inLanguage":"pt-BR","potentialAction":[{"@type":"ReadAction","target":["https:\/\/sfhera.com.br\/blog\/faturamento-da-micro-e-pequena-empresa-volta-crescer\/"]}]},{"@type":"ImageObject","inLanguage":"pt-BR","@id":"https:\/\/sfhera.com.br\/blog\/faturamento-da-micro-e-pequena-empresa-volta-crescer\/#primaryimage","url":"https:\/\/sfhera.com.br\/blog\/wp-content\/uploads\/2017\/07\/dc_micro-empresa.png","contentUrl":"https:\/\/sfhera.com.br\/blog\/wp-content\/uploads\/2017\/07\/dc_micro-empresa.png","width":511,"height":255,"caption":"micro empresa"},{"@type":"BreadcrumbList","@id":"https:\/\/sfhera.com.br\/blog\/faturamento-da-micro-e-pequena-empresa-volta-crescer\/#breadcrumb","itemListElement":[{"@type":"ListItem","position":1,"name":"In\u00edcio","item":"https:\/\/sfhera.com.br\/blog\/"},{"@type":"ListItem","position":2,"name":"Faturamento da micro e pequena empresa volta a crescer"}]},{"@type":"WebSite","@id":"https:\/\/sfhera.com.br\/blog\/#website","url":"https:\/\/sfhera.com.br\/blog\/","name":"Sfhera Software","description":"Aplicativos de Gest\u00e3o para o Varejo","publisher":{"@id":"https:\/\/sfhera.com.br\/blog\/#organization"},"potentialAction":[{"@type":"SearchAction","target":{"@type":"EntryPoint","urlTemplate":"https:\/\/sfhera.com.br\/blog\/?s={search_term_string}"},"query-input":{"@type":"PropertyValueSpecification","valueRequired":true,"valueName":"search_term_string"}}],"inLanguage":"pt-BR"},{"@type":"Organization","@id":"https:\/\/sfhera.com.br\/blog\/#organization","name":"Sfhera Software","url":"https:\/\/sfhera.com.br\/blog\/","logo":{"@type":"ImageObject","inLanguage":"pt-BR","@id":"https:\/\/sfhera.com.br\/blog\/#\/schema\/logo\/image\/","url":"https:\/\/www.sfhera.com.br\/blog\/wp-content\/uploads\/2017\/06\/logo.png","contentUrl":"https:\/\/www.sfhera.com.br\/blog\/wp-content\/uploads\/2017\/06\/logo.png","width":200,"height":65,"caption":"Sfhera Software"},"image":{"@id":"https:\/\/sfhera.com.br\/blog\/#\/schema\/logo\/image\/"},"sameAs":["https:\/\/www.facebook.com\/sfhera","https:\/\/x.com\/sfhera","https:\/\/br.linkedin.com\/company\/sfhera-software"]},{"@type":"Person","@id":"https:\/\/sfhera.com.br\/blog\/#\/schema\/person\/0a21d0c7b6b15bda9d9c072dde915f2a","name":"Sfhera Software","image":{"@type":"ImageObject","inLanguage":"pt-BR","@id":"https:\/\/secure.gravatar.com\/avatar\/b1d1b13f14dd2dc5b3fb21e60579548fa4f79040171567f49ae19080fb354524?s=96&d=mm&r=g","url":"https:\/\/secure.gravatar.com\/avatar\/b1d1b13f14dd2dc5b3fb21e60579548fa4f79040171567f49ae19080fb354524?s=96&d=mm&r=g","contentUrl":"https:\/\/secure.gravatar.com\/avatar\/b1d1b13f14dd2dc5b3fb21e60579548fa4f79040171567f49ae19080fb354524?s=96&d=mm&r=g","caption":"Sfhera Software"},"url":"https:\/\/sfhera.com.br\/blog\/author\/admin\/"}]}},"_links":{"self":[{"href":"https:\/\/sfhera.com.br\/blog\/wp-json\/wp\/v2\/posts\/313","targetHints":{"allow":["GET"]}}],"collection":[{"href":"https:\/\/sfhera.com.br\/blog\/wp-json\/wp\/v2\/posts"}],"about":[{"href":"https:\/\/sfhera.com.br\/blog\/wp-json\/wp\/v2\/types\/post"}],"author":[{"embeddable":true,"href":"https:\/\/sfhera.com.br\/blog\/wp-json\/wp\/v2\/users\/1"}],"replies":[{"embeddable":true,"href":"https:\/\/sfhera.com.br\/blog\/wp-json\/wp\/v2\/comments?post=313"}],"version-history":[{"count":1,"href":"https:\/\/sfhera.com.br\/blog\/wp-json\/wp\/v2\/posts\/313\/revisions"}],"predecessor-version":[{"id":315,"href":"https:\/\/sfhera.com.br\/blog\/wp-json\/wp\/v2\/posts\/313\/revisions\/315"}],"wp:featuredmedia":[{"embeddable":true,"href":"https:\/\/sfhera.com.br\/blog\/wp-json\/wp\/v2\/media\/314"}],"wp:attachment":[{"href":"https:\/\/sfhera.com.br\/blog\/wp-json\/wp\/v2\/media?parent=313"}],"wp:term":[{"taxonomy":"category","embeddable":true,"href":"https:\/\/sfhera.com.br\/blog\/wp-json\/wp\/v2\/categories?post=313"},{"taxonomy":"post_tag","embeddable":true,"href":"https:\/\/sfhera.com.br\/blog\/wp-json\/wp\/v2\/tags?post=313"}],"curies":[{"name":"wp","href":"https:\/\/api.w.org\/{rel}","templated":true}]}}