{"id":321,"date":"2017-07-11T11:04:05","date_gmt":"2017-07-11T14:04:05","guid":{"rendered":"https:\/\/sfhera.com.br\/blog\/?p=321"},"modified":"2017-07-11T11:04:05","modified_gmt":"2017-07-11T14:04:05","slug":"assinatura-das-declaracoes-do-sped","status":"publish","type":"post","link":"https:\/\/sfhera.com.br\/blog\/assinatura-das-declaracoes-do-sped\/","title":{"rendered":"Assinatura das declara\u00e7\u00f5es do SPED"},"content":{"rendered":"<div>Atualmente temos muitas regras com rela\u00e7\u00e3o as assinaturas das declara\u00e7\u00f5es que est\u00e3o contempladas dentro do SPED, como a EFD ICMS\/IPI, EFD Contribui\u00e7\u00f5es, ECF, ECD e e-Financeira, neste artigo ser\u00e1 abordado como funciona a assinatura digital de algumas das declara\u00e7\u00f5es atualmente vigentes dentro do SPED.<\/div>\n<div><\/div>\n<div>Em regra geral as declara\u00e7\u00f5es abrangidas no SPED devem ser assinadas com certificados digitais v\u00e1lidos, ou seja, que estejam em conformidade com as regras do ICP-Brasil para que possam ser transmitidas.<\/div>\n<div><\/div>\n<div>Esses certificados podem ser do tipo A1,ou A3, onde a assinatura poder\u00e1 ser feita por e-PF, e-CPF (em alguns casos), ou e-PJ, e-CNPJ em todos os casos.<\/div>\n<div><\/div>\n<div>Para efetuar o processo de assinatura por meio de um certificado A3 \u00e9 necess\u00e1rio o uso de um hardware criptogr\u00e1fico, que pede um token USB ou Smartcard.<\/div>\n<div><\/div>\n<div>Para as assinaturas do SPED, algumas declara\u00e7\u00f5es podem ter regras mais espec\u00edficas que outras, por exemplo, assinatura da ECD, que este ano sofreu algumas altera\u00e7\u00f5es.<\/div>\n<div><\/div>\n<div>Basicamente na ECD al\u00e9m de ela ter de ser assinada por um e-PJ ou e-CNPJ da pessoa jur\u00eddica, onde o CNPJ do certificado tenha os primeiros 8 d\u00edgitos iguais aos CNPJ do declarante no arquivo da ECD, tamb\u00e9m deve ser assinada pelo contador, e pelo respons\u00e1vel pela assinatura da ECD, que pode ser o mesmo e-PJ, e-CNPJ ou de outro assinante respons\u00e1vel.<\/div>\n<div><\/div>\n<div>Lembrando apenas que o contador deve utilizar um e-PF ou e-CPF para assinatura da ECD.<\/div>\n<div><\/div>\n<div>Saindo um pouco da ECD e indo para os EFD ICMS\/IPI e EFD contribui\u00e7\u00f5es, a assinatura das declara\u00e7\u00f5es \u00e9 praticamente a mesma, onde no EFD ICMS\/IPI \u00e9 valida a assinatura em 3 situa\u00e7\u00f5es: quando o e-PJ ou e-CNPJ contenha a mesma base de CNPJ da empresa declarante (8 primeiros d\u00edgitos), quando existir pessoa jur\u00eddica ou f\u00edsica com procura\u00e7\u00e3o eletr\u00f4nica cadastrada no site da RFB para o estabelecimento declarante, e por \u00faltimo nos casos da entrega de declara\u00e7\u00e3o de produtor rural onde o e-PF ou e-CPF sejam do produtor rural, ou do representante legal do mesmo no cadastro do CNPJ.<\/div>\n<div><\/div>\n<div>Na EFD contribui\u00e7\u00f5es o contribuinte tamb\u00e9m poder\u00e1 efetuar a assinatura por meio de e-CNPJ (com a verifica\u00e7\u00e3o dos 8 d\u00edgitos), e-CPF do representante legal da empresa perante a RFB, ou por procura\u00e7\u00e3o eletr\u00f4nica.<\/div>\n<div><\/div>\n<div style=\"text-align: right;\">Fonte: Contabilidade na TV<\/div>\n","protected":false},"excerpt":{"rendered":"<p>Atualmente temos muitas regras com rela\u00e7\u00e3o as assinaturas das declara\u00e7\u00f5es que est\u00e3o contempladas dentro do SPED, como a EFD ICMS\/IPI, EFD Contribui\u00e7\u00f5es,&hellip;<\/p>\n","protected":false},"author":1,"featured_media":322,"comment_status":"closed","ping_status":"open","sticky":false,"template":"","format":"standard","meta":{"footnotes":""},"categories":[6],"tags":[91,93,150],"class_list":["post-321","post","type-post","status-publish","format-standard","has-post-thumbnail","hentry","category-legislacao-fiscal","tag-sped","tag-ecd","tag-efd"],"yoast_head":"<!-- This site is optimized with the Yoast SEO plugin v27.5 - https:\/\/yoast.com\/product\/yoast-seo-wordpress\/ -->\n<title>Assinatura das declara\u00e7\u00f5es do SPED - Sfhera Software<\/title>\n<meta name=\"robots\" content=\"index, follow, max-snippet:-1, max-image-preview:large, max-video-preview:-1\" \/>\n<link rel=\"canonical\" href=\"https:\/\/sfhera.com.br\/blog\/assinatura-das-declaracoes-do-sped\/\" \/>\n<meta property=\"og:locale\" content=\"pt_BR\" \/>\n<meta property=\"og:type\" content=\"article\" \/>\n<meta property=\"og:title\" content=\"Assinatura das declara\u00e7\u00f5es do SPED - Sfhera Software\" \/>\n<meta property=\"og:description\" content=\"Atualmente temos muitas regras com rela\u00e7\u00e3o as assinaturas das declara\u00e7\u00f5es que est\u00e3o contempladas dentro do SPED, como a EFD ICMS\/IPI, EFD Contribui\u00e7\u00f5es,&hellip;\" \/>\n<meta property=\"og:url\" content=\"https:\/\/sfhera.com.br\/blog\/assinatura-das-declaracoes-do-sped\/\" \/>\n<meta property=\"og:site_name\" content=\"Sfhera Software\" \/>\n<meta property=\"article:publisher\" content=\"https:\/\/www.facebook.com\/sfhera\" \/>\n<meta property=\"article:published_time\" content=\"2017-07-11T14:04:05+00:00\" \/>\n<meta property=\"og:image\" content=\"https:\/\/sfhera.com.br\/blog\/wp-content\/uploads\/2017\/07\/Escritura\u00e7\u00e3o-Cont\u00e1bil-Digital-Copy-1.jpg\" \/>\n\t<meta property=\"og:image:width\" content=\"870\" \/>\n\t<meta property=\"og:image:height\" content=\"500\" \/>\n\t<meta property=\"og:image:type\" content=\"image\/jpeg\" \/>\n<meta name=\"author\" content=\"Sfhera Software\" \/>\n<meta name=\"twitter:card\" content=\"summary_large_image\" \/>\n<meta name=\"twitter:creator\" content=\"@sfhera\" \/>\n<meta name=\"twitter:site\" content=\"@sfhera\" \/>\n<meta name=\"twitter:label1\" content=\"Escrito por\" \/>\n\t<meta name=\"twitter:data1\" content=\"Sfhera Software\" \/>\n\t<meta name=\"twitter:label2\" content=\"Est. tempo de leitura\" \/>\n\t<meta name=\"twitter:data2\" content=\"2 minutos\" \/>\n<script type=\"application\/ld+json\" class=\"yoast-schema-graph\">{\"@context\":\"https:\\\/\\\/schema.org\",\"@graph\":[{\"@type\":\"Article\",\"@id\":\"https:\\\/\\\/sfhera.com.br\\\/blog\\\/assinatura-das-declaracoes-do-sped\\\/#article\",\"isPartOf\":{\"@id\":\"https:\\\/\\\/sfhera.com.br\\\/blog\\\/assinatura-das-declaracoes-do-sped\\\/\"},\"author\":{\"name\":\"Sfhera Software\",\"@id\":\"https:\\\/\\\/sfhera.com.br\\\/blog\\\/#\\\/schema\\\/person\\\/0a21d0c7b6b15bda9d9c072dde915f2a\"},\"headline\":\"Assinatura das declara\u00e7\u00f5es do SPED\",\"datePublished\":\"2017-07-11T14:04:05+00:00\",\"mainEntityOfPage\":{\"@id\":\"https:\\\/\\\/sfhera.com.br\\\/blog\\\/assinatura-das-declaracoes-do-sped\\\/\"},\"wordCount\":403,\"publisher\":{\"@id\":\"https:\\\/\\\/sfhera.com.br\\\/blog\\\/#organization\"},\"image\":{\"@id\":\"https:\\\/\\\/sfhera.com.br\\\/blog\\\/assinatura-das-declaracoes-do-sped\\\/#primaryimage\"},\"thumbnailUrl\":\"https:\\\/\\\/sfhera.com.br\\\/blog\\\/wp-content\\\/uploads\\\/2017\\\/07\\\/Escritura\u00e7\u00e3o-Cont\u00e1bil-Digital-Copy-1.jpg\",\"keywords\":[\"SPED\",\"ecd\",\"EFD\"],\"articleSection\":[\"Legisla\u00e7\u00e3o Fiscal\"],\"inLanguage\":\"pt-BR\"},{\"@type\":\"WebPage\",\"@id\":\"https:\\\/\\\/sfhera.com.br\\\/blog\\\/assinatura-das-declaracoes-do-sped\\\/\",\"url\":\"https:\\\/\\\/sfhera.com.br\\\/blog\\\/assinatura-das-declaracoes-do-sped\\\/\",\"name\":\"Assinatura das declara\u00e7\u00f5es do SPED - Sfhera Software\",\"isPartOf\":{\"@id\":\"https:\\\/\\\/sfhera.com.br\\\/blog\\\/#website\"},\"primaryImageOfPage\":{\"@id\":\"https:\\\/\\\/sfhera.com.br\\\/blog\\\/assinatura-das-declaracoes-do-sped\\\/#primaryimage\"},\"image\":{\"@id\":\"https:\\\/\\\/sfhera.com.br\\\/blog\\\/assinatura-das-declaracoes-do-sped\\\/#primaryimage\"},\"thumbnailUrl\":\"https:\\\/\\\/sfhera.com.br\\\/blog\\\/wp-content\\\/uploads\\\/2017\\\/07\\\/Escritura\u00e7\u00e3o-Cont\u00e1bil-Digital-Copy-1.jpg\",\"datePublished\":\"2017-07-11T14:04:05+00:00\",\"breadcrumb\":{\"@id\":\"https:\\\/\\\/sfhera.com.br\\\/blog\\\/assinatura-das-declaracoes-do-sped\\\/#breadcrumb\"},\"inLanguage\":\"pt-BR\",\"potentialAction\":[{\"@type\":\"ReadAction\",\"target\":[\"https:\\\/\\\/sfhera.com.br\\\/blog\\\/assinatura-das-declaracoes-do-sped\\\/\"]}]},{\"@type\":\"ImageObject\",\"inLanguage\":\"pt-BR\",\"@id\":\"https:\\\/\\\/sfhera.com.br\\\/blog\\\/assinatura-das-declaracoes-do-sped\\\/#primaryimage\",\"url\":\"https:\\\/\\\/sfhera.com.br\\\/blog\\\/wp-content\\\/uploads\\\/2017\\\/07\\\/Escritura\u00e7\u00e3o-Cont\u00e1bil-Digital-Copy-1.jpg\",\"contentUrl\":\"https:\\\/\\\/sfhera.com.br\\\/blog\\\/wp-content\\\/uploads\\\/2017\\\/07\\\/Escritura\u00e7\u00e3o-Cont\u00e1bil-Digital-Copy-1.jpg\",\"width\":870,\"height\":500,\"caption\":\"SPED\"},{\"@type\":\"BreadcrumbList\",\"@id\":\"https:\\\/\\\/sfhera.com.br\\\/blog\\\/assinatura-das-declaracoes-do-sped\\\/#breadcrumb\",\"itemListElement\":[{\"@type\":\"ListItem\",\"position\":1,\"name\":\"In\u00edcio\",\"item\":\"https:\\\/\\\/sfhera.com.br\\\/blog\\\/\"},{\"@type\":\"ListItem\",\"position\":2,\"name\":\"Assinatura das declara\u00e7\u00f5es do SPED\"}]},{\"@type\":\"WebSite\",\"@id\":\"https:\\\/\\\/sfhera.com.br\\\/blog\\\/#website\",\"url\":\"https:\\\/\\\/sfhera.com.br\\\/blog\\\/\",\"name\":\"Sfhera Software\",\"description\":\"Aplicativos de Gest\u00e3o para o Varejo\",\"publisher\":{\"@id\":\"https:\\\/\\\/sfhera.com.br\\\/blog\\\/#organization\"},\"potentialAction\":[{\"@type\":\"SearchAction\",\"target\":{\"@type\":\"EntryPoint\",\"urlTemplate\":\"https:\\\/\\\/sfhera.com.br\\\/blog\\\/?s={search_term_string}\"},\"query-input\":{\"@type\":\"PropertyValueSpecification\",\"valueRequired\":true,\"valueName\":\"search_term_string\"}}],\"inLanguage\":\"pt-BR\"},{\"@type\":\"Organization\",\"@id\":\"https:\\\/\\\/sfhera.com.br\\\/blog\\\/#organization\",\"name\":\"Sfhera Software\",\"url\":\"https:\\\/\\\/sfhera.com.br\\\/blog\\\/\",\"logo\":{\"@type\":\"ImageObject\",\"inLanguage\":\"pt-BR\",\"@id\":\"https:\\\/\\\/sfhera.com.br\\\/blog\\\/#\\\/schema\\\/logo\\\/image\\\/\",\"url\":\"https:\\\/\\\/www.sfhera.com.br\\\/blog\\\/wp-content\\\/uploads\\\/2017\\\/06\\\/logo.png\",\"contentUrl\":\"https:\\\/\\\/www.sfhera.com.br\\\/blog\\\/wp-content\\\/uploads\\\/2017\\\/06\\\/logo.png\",\"width\":200,\"height\":65,\"caption\":\"Sfhera Software\"},\"image\":{\"@id\":\"https:\\\/\\\/sfhera.com.br\\\/blog\\\/#\\\/schema\\\/logo\\\/image\\\/\"},\"sameAs\":[\"https:\\\/\\\/www.facebook.com\\\/sfhera\",\"https:\\\/\\\/x.com\\\/sfhera\",\"https:\\\/\\\/br.linkedin.com\\\/company\\\/sfhera-software\"]},{\"@type\":\"Person\",\"@id\":\"https:\\\/\\\/sfhera.com.br\\\/blog\\\/#\\\/schema\\\/person\\\/0a21d0c7b6b15bda9d9c072dde915f2a\",\"name\":\"Sfhera Software\",\"image\":{\"@type\":\"ImageObject\",\"inLanguage\":\"pt-BR\",\"@id\":\"https:\\\/\\\/secure.gravatar.com\\\/avatar\\\/b1d1b13f14dd2dc5b3fb21e60579548fa4f79040171567f49ae19080fb354524?s=96&d=mm&r=g\",\"url\":\"https:\\\/\\\/secure.gravatar.com\\\/avatar\\\/b1d1b13f14dd2dc5b3fb21e60579548fa4f79040171567f49ae19080fb354524?s=96&d=mm&r=g\",\"contentUrl\":\"https:\\\/\\\/secure.gravatar.com\\\/avatar\\\/b1d1b13f14dd2dc5b3fb21e60579548fa4f79040171567f49ae19080fb354524?s=96&d=mm&r=g\",\"caption\":\"Sfhera Software\"},\"url\":\"https:\\\/\\\/sfhera.com.br\\\/blog\\\/author\\\/admin\\\/\"}]}<\/script>\n<!-- \/ Yoast SEO plugin. -->","yoast_head_json":{"title":"Assinatura das declara\u00e7\u00f5es do SPED - Sfhera Software","robots":{"index":"index","follow":"follow","max-snippet":"max-snippet:-1","max-image-preview":"max-image-preview:large","max-video-preview":"max-video-preview:-1"},"canonical":"https:\/\/sfhera.com.br\/blog\/assinatura-das-declaracoes-do-sped\/","og_locale":"pt_BR","og_type":"article","og_title":"Assinatura das declara\u00e7\u00f5es do SPED - Sfhera Software","og_description":"Atualmente temos muitas regras com rela\u00e7\u00e3o as assinaturas das declara\u00e7\u00f5es que est\u00e3o contempladas dentro do SPED, como a EFD ICMS\/IPI, EFD Contribui\u00e7\u00f5es,&hellip;","og_url":"https:\/\/sfhera.com.br\/blog\/assinatura-das-declaracoes-do-sped\/","og_site_name":"Sfhera Software","article_publisher":"https:\/\/www.facebook.com\/sfhera","article_published_time":"2017-07-11T14:04:05+00:00","og_image":[{"width":870,"height":500,"url":"https:\/\/sfhera.com.br\/blog\/wp-content\/uploads\/2017\/07\/Escritura\u00e7\u00e3o-Cont\u00e1bil-Digital-Copy-1.jpg","type":"image\/jpeg"}],"author":"Sfhera Software","twitter_card":"summary_large_image","twitter_creator":"@sfhera","twitter_site":"@sfhera","twitter_misc":{"Escrito por":"Sfhera Software","Est. tempo de leitura":"2 minutos"},"schema":{"@context":"https:\/\/schema.org","@graph":[{"@type":"Article","@id":"https:\/\/sfhera.com.br\/blog\/assinatura-das-declaracoes-do-sped\/#article","isPartOf":{"@id":"https:\/\/sfhera.com.br\/blog\/assinatura-das-declaracoes-do-sped\/"},"author":{"name":"Sfhera Software","@id":"https:\/\/sfhera.com.br\/blog\/#\/schema\/person\/0a21d0c7b6b15bda9d9c072dde915f2a"},"headline":"Assinatura das declara\u00e7\u00f5es do SPED","datePublished":"2017-07-11T14:04:05+00:00","mainEntityOfPage":{"@id":"https:\/\/sfhera.com.br\/blog\/assinatura-das-declaracoes-do-sped\/"},"wordCount":403,"publisher":{"@id":"https:\/\/sfhera.com.br\/blog\/#organization"},"image":{"@id":"https:\/\/sfhera.com.br\/blog\/assinatura-das-declaracoes-do-sped\/#primaryimage"},"thumbnailUrl":"https:\/\/sfhera.com.br\/blog\/wp-content\/uploads\/2017\/07\/Escritura\u00e7\u00e3o-Cont\u00e1bil-Digital-Copy-1.jpg","keywords":["SPED","ecd","EFD"],"articleSection":["Legisla\u00e7\u00e3o Fiscal"],"inLanguage":"pt-BR"},{"@type":"WebPage","@id":"https:\/\/sfhera.com.br\/blog\/assinatura-das-declaracoes-do-sped\/","url":"https:\/\/sfhera.com.br\/blog\/assinatura-das-declaracoes-do-sped\/","name":"Assinatura das declara\u00e7\u00f5es do SPED - Sfhera Software","isPartOf":{"@id":"https:\/\/sfhera.com.br\/blog\/#website"},"primaryImageOfPage":{"@id":"https:\/\/sfhera.com.br\/blog\/assinatura-das-declaracoes-do-sped\/#primaryimage"},"image":{"@id":"https:\/\/sfhera.com.br\/blog\/assinatura-das-declaracoes-do-sped\/#primaryimage"},"thumbnailUrl":"https:\/\/sfhera.com.br\/blog\/wp-content\/uploads\/2017\/07\/Escritura\u00e7\u00e3o-Cont\u00e1bil-Digital-Copy-1.jpg","datePublished":"2017-07-11T14:04:05+00:00","breadcrumb":{"@id":"https:\/\/sfhera.com.br\/blog\/assinatura-das-declaracoes-do-sped\/#breadcrumb"},"inLanguage":"pt-BR","potentialAction":[{"@type":"ReadAction","target":["https:\/\/sfhera.com.br\/blog\/assinatura-das-declaracoes-do-sped\/"]}]},{"@type":"ImageObject","inLanguage":"pt-BR","@id":"https:\/\/sfhera.com.br\/blog\/assinatura-das-declaracoes-do-sped\/#primaryimage","url":"https:\/\/sfhera.com.br\/blog\/wp-content\/uploads\/2017\/07\/Escritura\u00e7\u00e3o-Cont\u00e1bil-Digital-Copy-1.jpg","contentUrl":"https:\/\/sfhera.com.br\/blog\/wp-content\/uploads\/2017\/07\/Escritura\u00e7\u00e3o-Cont\u00e1bil-Digital-Copy-1.jpg","width":870,"height":500,"caption":"SPED"},{"@type":"BreadcrumbList","@id":"https:\/\/sfhera.com.br\/blog\/assinatura-das-declaracoes-do-sped\/#breadcrumb","itemListElement":[{"@type":"ListItem","position":1,"name":"In\u00edcio","item":"https:\/\/sfhera.com.br\/blog\/"},{"@type":"ListItem","position":2,"name":"Assinatura das declara\u00e7\u00f5es do SPED"}]},{"@type":"WebSite","@id":"https:\/\/sfhera.com.br\/blog\/#website","url":"https:\/\/sfhera.com.br\/blog\/","name":"Sfhera Software","description":"Aplicativos de Gest\u00e3o para o Varejo","publisher":{"@id":"https:\/\/sfhera.com.br\/blog\/#organization"},"potentialAction":[{"@type":"SearchAction","target":{"@type":"EntryPoint","urlTemplate":"https:\/\/sfhera.com.br\/blog\/?s={search_term_string}"},"query-input":{"@type":"PropertyValueSpecification","valueRequired":true,"valueName":"search_term_string"}}],"inLanguage":"pt-BR"},{"@type":"Organization","@id":"https:\/\/sfhera.com.br\/blog\/#organization","name":"Sfhera Software","url":"https:\/\/sfhera.com.br\/blog\/","logo":{"@type":"ImageObject","inLanguage":"pt-BR","@id":"https:\/\/sfhera.com.br\/blog\/#\/schema\/logo\/image\/","url":"https:\/\/www.sfhera.com.br\/blog\/wp-content\/uploads\/2017\/06\/logo.png","contentUrl":"https:\/\/www.sfhera.com.br\/blog\/wp-content\/uploads\/2017\/06\/logo.png","width":200,"height":65,"caption":"Sfhera Software"},"image":{"@id":"https:\/\/sfhera.com.br\/blog\/#\/schema\/logo\/image\/"},"sameAs":["https:\/\/www.facebook.com\/sfhera","https:\/\/x.com\/sfhera","https:\/\/br.linkedin.com\/company\/sfhera-software"]},{"@type":"Person","@id":"https:\/\/sfhera.com.br\/blog\/#\/schema\/person\/0a21d0c7b6b15bda9d9c072dde915f2a","name":"Sfhera Software","image":{"@type":"ImageObject","inLanguage":"pt-BR","@id":"https:\/\/secure.gravatar.com\/avatar\/b1d1b13f14dd2dc5b3fb21e60579548fa4f79040171567f49ae19080fb354524?s=96&d=mm&r=g","url":"https:\/\/secure.gravatar.com\/avatar\/b1d1b13f14dd2dc5b3fb21e60579548fa4f79040171567f49ae19080fb354524?s=96&d=mm&r=g","contentUrl":"https:\/\/secure.gravatar.com\/avatar\/b1d1b13f14dd2dc5b3fb21e60579548fa4f79040171567f49ae19080fb354524?s=96&d=mm&r=g","caption":"Sfhera Software"},"url":"https:\/\/sfhera.com.br\/blog\/author\/admin\/"}]}},"_links":{"self":[{"href":"https:\/\/sfhera.com.br\/blog\/wp-json\/wp\/v2\/posts\/321","targetHints":{"allow":["GET"]}}],"collection":[{"href":"https:\/\/sfhera.com.br\/blog\/wp-json\/wp\/v2\/posts"}],"about":[{"href":"https:\/\/sfhera.com.br\/blog\/wp-json\/wp\/v2\/types\/post"}],"author":[{"embeddable":true,"href":"https:\/\/sfhera.com.br\/blog\/wp-json\/wp\/v2\/users\/1"}],"replies":[{"embeddable":true,"href":"https:\/\/sfhera.com.br\/blog\/wp-json\/wp\/v2\/comments?post=321"}],"version-history":[{"count":1,"href":"https:\/\/sfhera.com.br\/blog\/wp-json\/wp\/v2\/posts\/321\/revisions"}],"predecessor-version":[{"id":323,"href":"https:\/\/sfhera.com.br\/blog\/wp-json\/wp\/v2\/posts\/321\/revisions\/323"}],"wp:featuredmedia":[{"embeddable":true,"href":"https:\/\/sfhera.com.br\/blog\/wp-json\/wp\/v2\/media\/322"}],"wp:attachment":[{"href":"https:\/\/sfhera.com.br\/blog\/wp-json\/wp\/v2\/media?parent=321"}],"wp:term":[{"taxonomy":"category","embeddable":true,"href":"https:\/\/sfhera.com.br\/blog\/wp-json\/wp\/v2\/categories?post=321"},{"taxonomy":"post_tag","embeddable":true,"href":"https:\/\/sfhera.com.br\/blog\/wp-json\/wp\/v2\/tags?post=321"}],"curies":[{"name":"wp","href":"https:\/\/api.w.org\/{rel}","templated":true}]}}