{"id":337,"date":"2017-07-13T14:01:01","date_gmt":"2017-07-13T17:01:01","guid":{"rendered":"https:\/\/sfhera.com.br\/blog\/?p=337"},"modified":"2017-07-13T14:01:01","modified_gmt":"2017-07-13T17:01:01","slug":"comissao-mista-aprova-de-forma-simbolica-relatorio-do-novo-refis","status":"publish","type":"post","link":"https:\/\/sfhera.com.br\/blog\/comissao-mista-aprova-de-forma-simbolica-relatorio-do-novo-refis\/","title":{"rendered":"Comiss\u00e3o mista aprova de forma simb\u00f3lica relat\u00f3rio do novo Refis"},"content":{"rendered":"<h4 class=\"article-subtitle\">O Refis tamb\u00e9m passou a ser eleg\u00edvel a empresas submetidas ao Regime Especial de Tributa\u00e7\u00e3o (RET).<\/h4>\n<p>Bras\u00edlia \u2013 A comiss\u00e3o mista do<strong>\u00a0Congresso<\/strong>\u00a0que analisa a Medida Provis\u00f3ria (MP) que instituiu o novo Refis (parcelamento de d\u00e9bitos tribut\u00e1rios) aprovou em vota\u00e7\u00e3o simb\u00f3lica o relat\u00f3rio do deputado Newton Cardoso Jr. (PMDB-MG). O documento traz uma s\u00e9rie de modifica\u00e7\u00f5es ao texto original proposto pelo governo.<\/p>\n<p>Uma das mudan\u00e7as mira o prazo de ades\u00e3o ao programa. A equipe econ\u00f4mica havia negociado que o contribuinte poderia se inscrever no Refis at\u00e9 <strong>31 de agosto de 2017<\/strong>. Agora, o relator prev\u00ea prazo de <strong>90 dias<\/strong> a partir da regulamenta\u00e7\u00e3o, o que ocorreu no fim de junho. Isso, segundo o relator, joga a data limite para a <strong>segunda quinzena de setembro.<\/strong><\/p>\n<p>O deputado tamb\u00e9m esclareceu que contribuintes que aderiram ao Programa de Regulariza\u00e7\u00e3o Tribut\u00e1ria (PRT) institu\u00eddo pela MP 766, que n\u00e3o previa descontos em multas e juros, poder\u00e3o migrar para o novo Refis, que concede esses benef\u00edcios.<\/p>\n<p>O relator ainda retomou a modalidade de pagamento de 24% da d\u00edvida tribut\u00e1ria em 24 parcelas mensais consecutivas, com a liquida\u00e7\u00e3o do restante a partir do uso de cr\u00e9ditos de preju\u00edzo fiscal e de base de c\u00e1lculo negativa da CSLL. Segundo o deputado, essa medida vai aliviar o caixa de empresas que n\u00e3o t\u00eam condi\u00e7\u00e3o de arcar com o pagamento em esp\u00e9cie de 20% da d\u00edvida em cinco parcelas ainda no ano de 2017 exigido para ter direito ao uso dos cr\u00e9ditos.<\/p>\n<p>No entanto, a reintrodu\u00e7\u00e3o dessa modalidade pode reduzir a arrecada\u00e7\u00e3o do governo com o programa neste ano. A equipe econ\u00f4mica conta com R$ 13,3 bilh\u00f5es em receitas do Refis, proje\u00e7\u00e3o calcada na concentra\u00e7\u00e3o de pagamentos \u00e0 vista ainda em 2017. A possibilidade de parcelar a entrada por dois anos pode acabar frustrando receitas com que o governo j\u00e1 conta para cumprir a meta fiscal deste ano.<\/p>\n<p>A realiza\u00e7\u00e3o das mudan\u00e7as relembra o script de tramita\u00e7\u00e3o da MP 766, que chegou ao Congresso Nacional sem prever descontos aos devedores, mas acabou desfigurada pelo relator, que tamb\u00e9m era Newton Cardoso Jr. As benesses inclu\u00edam abatimentos quase integrais em juros e multas.<\/p>\n<p>O resultado acendeu o alerta na equipe econ\u00f4mica, pois o texto modificado poderia inclusive trazer preju\u00edzos aos cofres p\u00fablicos em vez que contribuir neste momento para a arrecada\u00e7\u00e3o. Ap\u00f3s intensas negocia\u00e7\u00f5es e diante da imin\u00eancia de a MP 766 caducar, o governo prop\u00f4s a edi\u00e7\u00e3o de nova medida, a 783, votada nesta quinta-feira.<\/p>\n<p>Embora o relator desta vez n\u00e3o tenha alterado os porcentuais acertados para descontos de multas e juros, uma s\u00e9rie de outras regras foi modificada para agradar a parlamentares (muitos deles com d\u00edvidas ante o Fisco) e a setores empresariais. Para dar mais \u201cseguran\u00e7a\u201d aos devedores, o relator at\u00e9 excluiu o trecho que condiciona a concess\u00e3o dos benef\u00edcios fiscais a garantias de que essas ren\u00fancias n\u00e3o afetar\u00e3o as metas de resultado fiscal do governo.<\/p>\n<p>Al\u00e9m disso, o relator excluiu o artigo que vedava a inclus\u00e3o no Refis de d\u00e9bitos que foram caracterizados, ap\u00f3s decis\u00e3o administrativa definitiva, como oriundos de sonega\u00e7\u00e3o, fraude ou conluio.<\/p>\n<p>Em outro aceno \u00e0s empresas, o relator tamb\u00e9m vai permitir o uso de cr\u00e9ditos de preju\u00edzo fiscal e base de c\u00e1lculo negativa da Contribui\u00e7\u00e3o Social sobre o Lucro L\u00edquido (CSLL) apurados at\u00e9 31 de dezembro de 2016 e declarados at\u00e9 31 de julho de 2017 para abatimento da d\u00edvida. Antes, o texto proposto pelo governo previa o uso de cr\u00e9ditos apurados at\u00e9 o fim de 2015 e declarados at\u00e9 meados do ano passado.<\/p>\n<p>O prazo para homologa\u00e7\u00e3o desses cr\u00e9ditos foi reduzido de cinco anos para 360 dias, segundo o relat\u00f3rio. Caso a compensa\u00e7\u00e3o n\u00e3o seja homologada, Cardoso Jr. optou por excluir a multa de 50% cobrada sobre o montante.<\/p>\n<p>O Refis tamb\u00e9m passou a ser eleg\u00edvel a empresas submetidas ao Regime Especial de Tributa\u00e7\u00e3o (RET). Em seu voto, Cardoso Jr. justificou que a medida \u00e9 importante para recuperar o setor de constru\u00e7\u00e3o civil.<\/p>\n<p style=\"text-align: right;\">Fonte: Exame.com<\/p>\n","protected":false},"excerpt":{"rendered":"<p>O Refis tamb\u00e9m passou a ser eleg\u00edvel a empresas submetidas ao Regime Especial de Tributa\u00e7\u00e3o (RET). Bras\u00edlia \u2013 A comiss\u00e3o mista do\u00a0Congresso\u00a0que&hellip;<\/p>\n","protected":false},"author":1,"featured_media":339,"comment_status":"closed","ping_status":"open","sticky":false,"template":"","format":"standard","meta":{"footnotes":""},"categories":[6],"tags":[171,172],"class_list":["post-337","post","type-post","status-publish","format-standard","has-post-thumbnail","hentry","category-legislacao-fiscal","tag-refis","tag-novo-refis-2017"],"yoast_head":"<!-- This site is optimized with the Yoast SEO plugin v27.5 - https:\/\/yoast.com\/product\/yoast-seo-wordpress\/ -->\n<title>Comiss\u00e3o mista aprova de forma simb\u00f3lica relat\u00f3rio do novo Refis - Sfhera Software<\/title>\n<meta name=\"robots\" content=\"index, follow, max-snippet:-1, max-image-preview:large, max-video-preview:-1\" \/>\n<link rel=\"canonical\" href=\"https:\/\/sfhera.com.br\/blog\/comissao-mista-aprova-de-forma-simbolica-relatorio-do-novo-refis\/\" \/>\n<meta property=\"og:locale\" content=\"pt_BR\" \/>\n<meta property=\"og:type\" content=\"article\" \/>\n<meta property=\"og:title\" content=\"Comiss\u00e3o mista aprova de forma simb\u00f3lica relat\u00f3rio do novo Refis - Sfhera Software\" \/>\n<meta property=\"og:description\" content=\"O Refis tamb\u00e9m passou a ser eleg\u00edvel a empresas submetidas ao Regime Especial de Tributa\u00e7\u00e3o (RET). Bras\u00edlia \u2013 A comiss\u00e3o mista do\u00a0Congresso\u00a0que&hellip;\" \/>\n<meta property=\"og:url\" content=\"https:\/\/sfhera.com.br\/blog\/comissao-mista-aprova-de-forma-simbolica-relatorio-do-novo-refis\/\" \/>\n<meta property=\"og:site_name\" content=\"Sfhera Software\" \/>\n<meta property=\"article:publisher\" content=\"https:\/\/www.facebook.com\/sfhera\" \/>\n<meta property=\"article:published_time\" content=\"2017-07-13T17:01:01+00:00\" \/>\n<meta property=\"og:image\" content=\"https:\/\/sfhera.com.br\/blog\/wp-content\/uploads\/2017\/07\/REFIS-2017-PRT-1.png\" \/>\n\t<meta property=\"og:image:width\" content=\"560\" \/>\n\t<meta property=\"og:image:height\" content=\"315\" \/>\n\t<meta property=\"og:image:type\" content=\"image\/png\" \/>\n<meta name=\"author\" content=\"Sfhera Software\" \/>\n<meta name=\"twitter:card\" content=\"summary_large_image\" \/>\n<meta name=\"twitter:creator\" content=\"@sfhera\" \/>\n<meta name=\"twitter:site\" content=\"@sfhera\" \/>\n<meta name=\"twitter:label1\" content=\"Escrito por\" \/>\n\t<meta name=\"twitter:data1\" content=\"Sfhera Software\" \/>\n\t<meta name=\"twitter:label2\" content=\"Est. tempo de leitura\" \/>\n\t<meta name=\"twitter:data2\" content=\"4 minutos\" \/>\n<script type=\"application\/ld+json\" class=\"yoast-schema-graph\">{\"@context\":\"https:\\\/\\\/schema.org\",\"@graph\":[{\"@type\":\"Article\",\"@id\":\"https:\\\/\\\/sfhera.com.br\\\/blog\\\/comissao-mista-aprova-de-forma-simbolica-relatorio-do-novo-refis\\\/#article\",\"isPartOf\":{\"@id\":\"https:\\\/\\\/sfhera.com.br\\\/blog\\\/comissao-mista-aprova-de-forma-simbolica-relatorio-do-novo-refis\\\/\"},\"author\":{\"name\":\"Sfhera Software\",\"@id\":\"https:\\\/\\\/sfhera.com.br\\\/blog\\\/#\\\/schema\\\/person\\\/0a21d0c7b6b15bda9d9c072dde915f2a\"},\"headline\":\"Comiss\u00e3o mista aprova de forma simb\u00f3lica relat\u00f3rio do novo Refis\",\"datePublished\":\"2017-07-13T17:01:01+00:00\",\"mainEntityOfPage\":{\"@id\":\"https:\\\/\\\/sfhera.com.br\\\/blog\\\/comissao-mista-aprova-de-forma-simbolica-relatorio-do-novo-refis\\\/\"},\"wordCount\":731,\"publisher\":{\"@id\":\"https:\\\/\\\/sfhera.com.br\\\/blog\\\/#organization\"},\"image\":{\"@id\":\"https:\\\/\\\/sfhera.com.br\\\/blog\\\/comissao-mista-aprova-de-forma-simbolica-relatorio-do-novo-refis\\\/#primaryimage\"},\"thumbnailUrl\":\"https:\\\/\\\/sfhera.com.br\\\/blog\\\/wp-content\\\/uploads\\\/2017\\\/07\\\/REFIS-2017-PRT-1.png\",\"keywords\":[\"refis\",\"novo refis 2017\"],\"articleSection\":[\"Legisla\u00e7\u00e3o Fiscal\"],\"inLanguage\":\"pt-BR\"},{\"@type\":\"WebPage\",\"@id\":\"https:\\\/\\\/sfhera.com.br\\\/blog\\\/comissao-mista-aprova-de-forma-simbolica-relatorio-do-novo-refis\\\/\",\"url\":\"https:\\\/\\\/sfhera.com.br\\\/blog\\\/comissao-mista-aprova-de-forma-simbolica-relatorio-do-novo-refis\\\/\",\"name\":\"Comiss\u00e3o mista aprova de forma simb\u00f3lica relat\u00f3rio do novo Refis - Sfhera Software\",\"isPartOf\":{\"@id\":\"https:\\\/\\\/sfhera.com.br\\\/blog\\\/#website\"},\"primaryImageOfPage\":{\"@id\":\"https:\\\/\\\/sfhera.com.br\\\/blog\\\/comissao-mista-aprova-de-forma-simbolica-relatorio-do-novo-refis\\\/#primaryimage\"},\"image\":{\"@id\":\"https:\\\/\\\/sfhera.com.br\\\/blog\\\/comissao-mista-aprova-de-forma-simbolica-relatorio-do-novo-refis\\\/#primaryimage\"},\"thumbnailUrl\":\"https:\\\/\\\/sfhera.com.br\\\/blog\\\/wp-content\\\/uploads\\\/2017\\\/07\\\/REFIS-2017-PRT-1.png\",\"datePublished\":\"2017-07-13T17:01:01+00:00\",\"breadcrumb\":{\"@id\":\"https:\\\/\\\/sfhera.com.br\\\/blog\\\/comissao-mista-aprova-de-forma-simbolica-relatorio-do-novo-refis\\\/#breadcrumb\"},\"inLanguage\":\"pt-BR\",\"potentialAction\":[{\"@type\":\"ReadAction\",\"target\":[\"https:\\\/\\\/sfhera.com.br\\\/blog\\\/comissao-mista-aprova-de-forma-simbolica-relatorio-do-novo-refis\\\/\"]}]},{\"@type\":\"ImageObject\",\"inLanguage\":\"pt-BR\",\"@id\":\"https:\\\/\\\/sfhera.com.br\\\/blog\\\/comissao-mista-aprova-de-forma-simbolica-relatorio-do-novo-refis\\\/#primaryimage\",\"url\":\"https:\\\/\\\/sfhera.com.br\\\/blog\\\/wp-content\\\/uploads\\\/2017\\\/07\\\/REFIS-2017-PRT-1.png\",\"contentUrl\":\"https:\\\/\\\/sfhera.com.br\\\/blog\\\/wp-content\\\/uploads\\\/2017\\\/07\\\/REFIS-2017-PRT-1.png\",\"width\":560,\"height\":315,\"caption\":\"novo refis\"},{\"@type\":\"BreadcrumbList\",\"@id\":\"https:\\\/\\\/sfhera.com.br\\\/blog\\\/comissao-mista-aprova-de-forma-simbolica-relatorio-do-novo-refis\\\/#breadcrumb\",\"itemListElement\":[{\"@type\":\"ListItem\",\"position\":1,\"name\":\"In\u00edcio\",\"item\":\"https:\\\/\\\/sfhera.com.br\\\/blog\\\/\"},{\"@type\":\"ListItem\",\"position\":2,\"name\":\"Comiss\u00e3o mista aprova de forma simb\u00f3lica relat\u00f3rio do novo Refis\"}]},{\"@type\":\"WebSite\",\"@id\":\"https:\\\/\\\/sfhera.com.br\\\/blog\\\/#website\",\"url\":\"https:\\\/\\\/sfhera.com.br\\\/blog\\\/\",\"name\":\"Sfhera Software\",\"description\":\"Aplicativos de Gest\u00e3o para o Varejo\",\"publisher\":{\"@id\":\"https:\\\/\\\/sfhera.com.br\\\/blog\\\/#organization\"},\"potentialAction\":[{\"@type\":\"SearchAction\",\"target\":{\"@type\":\"EntryPoint\",\"urlTemplate\":\"https:\\\/\\\/sfhera.com.br\\\/blog\\\/?s={search_term_string}\"},\"query-input\":{\"@type\":\"PropertyValueSpecification\",\"valueRequired\":true,\"valueName\":\"search_term_string\"}}],\"inLanguage\":\"pt-BR\"},{\"@type\":\"Organization\",\"@id\":\"https:\\\/\\\/sfhera.com.br\\\/blog\\\/#organization\",\"name\":\"Sfhera Software\",\"url\":\"https:\\\/\\\/sfhera.com.br\\\/blog\\\/\",\"logo\":{\"@type\":\"ImageObject\",\"inLanguage\":\"pt-BR\",\"@id\":\"https:\\\/\\\/sfhera.com.br\\\/blog\\\/#\\\/schema\\\/logo\\\/image\\\/\",\"url\":\"https:\\\/\\\/www.sfhera.com.br\\\/blog\\\/wp-content\\\/uploads\\\/2017\\\/06\\\/logo.png\",\"contentUrl\":\"https:\\\/\\\/www.sfhera.com.br\\\/blog\\\/wp-content\\\/uploads\\\/2017\\\/06\\\/logo.png\",\"width\":200,\"height\":65,\"caption\":\"Sfhera Software\"},\"image\":{\"@id\":\"https:\\\/\\\/sfhera.com.br\\\/blog\\\/#\\\/schema\\\/logo\\\/image\\\/\"},\"sameAs\":[\"https:\\\/\\\/www.facebook.com\\\/sfhera\",\"https:\\\/\\\/x.com\\\/sfhera\",\"https:\\\/\\\/br.linkedin.com\\\/company\\\/sfhera-software\"]},{\"@type\":\"Person\",\"@id\":\"https:\\\/\\\/sfhera.com.br\\\/blog\\\/#\\\/schema\\\/person\\\/0a21d0c7b6b15bda9d9c072dde915f2a\",\"name\":\"Sfhera Software\",\"image\":{\"@type\":\"ImageObject\",\"inLanguage\":\"pt-BR\",\"@id\":\"https:\\\/\\\/secure.gravatar.com\\\/avatar\\\/b1d1b13f14dd2dc5b3fb21e60579548fa4f79040171567f49ae19080fb354524?s=96&d=mm&r=g\",\"url\":\"https:\\\/\\\/secure.gravatar.com\\\/avatar\\\/b1d1b13f14dd2dc5b3fb21e60579548fa4f79040171567f49ae19080fb354524?s=96&d=mm&r=g\",\"contentUrl\":\"https:\\\/\\\/secure.gravatar.com\\\/avatar\\\/b1d1b13f14dd2dc5b3fb21e60579548fa4f79040171567f49ae19080fb354524?s=96&d=mm&r=g\",\"caption\":\"Sfhera Software\"},\"url\":\"https:\\\/\\\/sfhera.com.br\\\/blog\\\/author\\\/admin\\\/\"}]}<\/script>\n<!-- \/ Yoast SEO plugin. -->","yoast_head_json":{"title":"Comiss\u00e3o mista aprova de forma simb\u00f3lica relat\u00f3rio do novo Refis - Sfhera Software","robots":{"index":"index","follow":"follow","max-snippet":"max-snippet:-1","max-image-preview":"max-image-preview:large","max-video-preview":"max-video-preview:-1"},"canonical":"https:\/\/sfhera.com.br\/blog\/comissao-mista-aprova-de-forma-simbolica-relatorio-do-novo-refis\/","og_locale":"pt_BR","og_type":"article","og_title":"Comiss\u00e3o mista aprova de forma simb\u00f3lica relat\u00f3rio do novo Refis - Sfhera Software","og_description":"O Refis tamb\u00e9m passou a ser eleg\u00edvel a empresas submetidas ao Regime Especial de Tributa\u00e7\u00e3o (RET). Bras\u00edlia \u2013 A comiss\u00e3o mista do\u00a0Congresso\u00a0que&hellip;","og_url":"https:\/\/sfhera.com.br\/blog\/comissao-mista-aprova-de-forma-simbolica-relatorio-do-novo-refis\/","og_site_name":"Sfhera Software","article_publisher":"https:\/\/www.facebook.com\/sfhera","article_published_time":"2017-07-13T17:01:01+00:00","og_image":[{"width":560,"height":315,"url":"https:\/\/sfhera.com.br\/blog\/wp-content\/uploads\/2017\/07\/REFIS-2017-PRT-1.png","type":"image\/png"}],"author":"Sfhera Software","twitter_card":"summary_large_image","twitter_creator":"@sfhera","twitter_site":"@sfhera","twitter_misc":{"Escrito por":"Sfhera Software","Est. tempo de leitura":"4 minutos"},"schema":{"@context":"https:\/\/schema.org","@graph":[{"@type":"Article","@id":"https:\/\/sfhera.com.br\/blog\/comissao-mista-aprova-de-forma-simbolica-relatorio-do-novo-refis\/#article","isPartOf":{"@id":"https:\/\/sfhera.com.br\/blog\/comissao-mista-aprova-de-forma-simbolica-relatorio-do-novo-refis\/"},"author":{"name":"Sfhera Software","@id":"https:\/\/sfhera.com.br\/blog\/#\/schema\/person\/0a21d0c7b6b15bda9d9c072dde915f2a"},"headline":"Comiss\u00e3o mista aprova de forma simb\u00f3lica relat\u00f3rio do novo Refis","datePublished":"2017-07-13T17:01:01+00:00","mainEntityOfPage":{"@id":"https:\/\/sfhera.com.br\/blog\/comissao-mista-aprova-de-forma-simbolica-relatorio-do-novo-refis\/"},"wordCount":731,"publisher":{"@id":"https:\/\/sfhera.com.br\/blog\/#organization"},"image":{"@id":"https:\/\/sfhera.com.br\/blog\/comissao-mista-aprova-de-forma-simbolica-relatorio-do-novo-refis\/#primaryimage"},"thumbnailUrl":"https:\/\/sfhera.com.br\/blog\/wp-content\/uploads\/2017\/07\/REFIS-2017-PRT-1.png","keywords":["refis","novo refis 2017"],"articleSection":["Legisla\u00e7\u00e3o Fiscal"],"inLanguage":"pt-BR"},{"@type":"WebPage","@id":"https:\/\/sfhera.com.br\/blog\/comissao-mista-aprova-de-forma-simbolica-relatorio-do-novo-refis\/","url":"https:\/\/sfhera.com.br\/blog\/comissao-mista-aprova-de-forma-simbolica-relatorio-do-novo-refis\/","name":"Comiss\u00e3o mista aprova de forma simb\u00f3lica relat\u00f3rio do novo Refis - Sfhera Software","isPartOf":{"@id":"https:\/\/sfhera.com.br\/blog\/#website"},"primaryImageOfPage":{"@id":"https:\/\/sfhera.com.br\/blog\/comissao-mista-aprova-de-forma-simbolica-relatorio-do-novo-refis\/#primaryimage"},"image":{"@id":"https:\/\/sfhera.com.br\/blog\/comissao-mista-aprova-de-forma-simbolica-relatorio-do-novo-refis\/#primaryimage"},"thumbnailUrl":"https:\/\/sfhera.com.br\/blog\/wp-content\/uploads\/2017\/07\/REFIS-2017-PRT-1.png","datePublished":"2017-07-13T17:01:01+00:00","breadcrumb":{"@id":"https:\/\/sfhera.com.br\/blog\/comissao-mista-aprova-de-forma-simbolica-relatorio-do-novo-refis\/#breadcrumb"},"inLanguage":"pt-BR","potentialAction":[{"@type":"ReadAction","target":["https:\/\/sfhera.com.br\/blog\/comissao-mista-aprova-de-forma-simbolica-relatorio-do-novo-refis\/"]}]},{"@type":"ImageObject","inLanguage":"pt-BR","@id":"https:\/\/sfhera.com.br\/blog\/comissao-mista-aprova-de-forma-simbolica-relatorio-do-novo-refis\/#primaryimage","url":"https:\/\/sfhera.com.br\/blog\/wp-content\/uploads\/2017\/07\/REFIS-2017-PRT-1.png","contentUrl":"https:\/\/sfhera.com.br\/blog\/wp-content\/uploads\/2017\/07\/REFIS-2017-PRT-1.png","width":560,"height":315,"caption":"novo refis"},{"@type":"BreadcrumbList","@id":"https:\/\/sfhera.com.br\/blog\/comissao-mista-aprova-de-forma-simbolica-relatorio-do-novo-refis\/#breadcrumb","itemListElement":[{"@type":"ListItem","position":1,"name":"In\u00edcio","item":"https:\/\/sfhera.com.br\/blog\/"},{"@type":"ListItem","position":2,"name":"Comiss\u00e3o mista aprova de forma simb\u00f3lica relat\u00f3rio do novo Refis"}]},{"@type":"WebSite","@id":"https:\/\/sfhera.com.br\/blog\/#website","url":"https:\/\/sfhera.com.br\/blog\/","name":"Sfhera Software","description":"Aplicativos de Gest\u00e3o para o Varejo","publisher":{"@id":"https:\/\/sfhera.com.br\/blog\/#organization"},"potentialAction":[{"@type":"SearchAction","target":{"@type":"EntryPoint","urlTemplate":"https:\/\/sfhera.com.br\/blog\/?s={search_term_string}"},"query-input":{"@type":"PropertyValueSpecification","valueRequired":true,"valueName":"search_term_string"}}],"inLanguage":"pt-BR"},{"@type":"Organization","@id":"https:\/\/sfhera.com.br\/blog\/#organization","name":"Sfhera Software","url":"https:\/\/sfhera.com.br\/blog\/","logo":{"@type":"ImageObject","inLanguage":"pt-BR","@id":"https:\/\/sfhera.com.br\/blog\/#\/schema\/logo\/image\/","url":"https:\/\/www.sfhera.com.br\/blog\/wp-content\/uploads\/2017\/06\/logo.png","contentUrl":"https:\/\/www.sfhera.com.br\/blog\/wp-content\/uploads\/2017\/06\/logo.png","width":200,"height":65,"caption":"Sfhera Software"},"image":{"@id":"https:\/\/sfhera.com.br\/blog\/#\/schema\/logo\/image\/"},"sameAs":["https:\/\/www.facebook.com\/sfhera","https:\/\/x.com\/sfhera","https:\/\/br.linkedin.com\/company\/sfhera-software"]},{"@type":"Person","@id":"https:\/\/sfhera.com.br\/blog\/#\/schema\/person\/0a21d0c7b6b15bda9d9c072dde915f2a","name":"Sfhera Software","image":{"@type":"ImageObject","inLanguage":"pt-BR","@id":"https:\/\/secure.gravatar.com\/avatar\/b1d1b13f14dd2dc5b3fb21e60579548fa4f79040171567f49ae19080fb354524?s=96&d=mm&r=g","url":"https:\/\/secure.gravatar.com\/avatar\/b1d1b13f14dd2dc5b3fb21e60579548fa4f79040171567f49ae19080fb354524?s=96&d=mm&r=g","contentUrl":"https:\/\/secure.gravatar.com\/avatar\/b1d1b13f14dd2dc5b3fb21e60579548fa4f79040171567f49ae19080fb354524?s=96&d=mm&r=g","caption":"Sfhera Software"},"url":"https:\/\/sfhera.com.br\/blog\/author\/admin\/"}]}},"_links":{"self":[{"href":"https:\/\/sfhera.com.br\/blog\/wp-json\/wp\/v2\/posts\/337","targetHints":{"allow":["GET"]}}],"collection":[{"href":"https:\/\/sfhera.com.br\/blog\/wp-json\/wp\/v2\/posts"}],"about":[{"href":"https:\/\/sfhera.com.br\/blog\/wp-json\/wp\/v2\/types\/post"}],"author":[{"embeddable":true,"href":"https:\/\/sfhera.com.br\/blog\/wp-json\/wp\/v2\/users\/1"}],"replies":[{"embeddable":true,"href":"https:\/\/sfhera.com.br\/blog\/wp-json\/wp\/v2\/comments?post=337"}],"version-history":[{"count":1,"href":"https:\/\/sfhera.com.br\/blog\/wp-json\/wp\/v2\/posts\/337\/revisions"}],"predecessor-version":[{"id":340,"href":"https:\/\/sfhera.com.br\/blog\/wp-json\/wp\/v2\/posts\/337\/revisions\/340"}],"wp:featuredmedia":[{"embeddable":true,"href":"https:\/\/sfhera.com.br\/blog\/wp-json\/wp\/v2\/media\/339"}],"wp:attachment":[{"href":"https:\/\/sfhera.com.br\/blog\/wp-json\/wp\/v2\/media?parent=337"}],"wp:term":[{"taxonomy":"category","embeddable":true,"href":"https:\/\/sfhera.com.br\/blog\/wp-json\/wp\/v2\/categories?post=337"},{"taxonomy":"post_tag","embeddable":true,"href":"https:\/\/sfhera.com.br\/blog\/wp-json\/wp\/v2\/tags?post=337"}],"curies":[{"name":"wp","href":"https:\/\/api.w.org\/{rel}","templated":true}]}}