{"id":349,"date":"2017-07-14T14:36:13","date_gmt":"2017-07-14T17:36:13","guid":{"rendered":"https:\/\/sfhera.com.br\/blog\/?p=349"},"modified":"2017-07-14T14:36:13","modified_gmt":"2017-07-14T17:36:13","slug":"primeiro-onibus-eletrico-produzido-no-brasil-circulara-pelas-ruas-de-sao-paulo","status":"publish","type":"post","link":"https:\/\/sfhera.com.br\/blog\/primeiro-onibus-eletrico-produzido-no-brasil-circulara-pelas-ruas-de-sao-paulo\/","title":{"rendered":"Primeiro \u00f4nibus el\u00e9trico produzido no Brasil circular\u00e1 pelas ruas de S\u00e3o Paulo"},"content":{"rendered":"<h4 class=\"summary\">A linha em que o \u00f4nibus circular\u00e1 ainda n\u00e3o foi definida e a previs\u00e3o \u00e9 a de que o ve\u00edculo entre em opera\u00e7\u00e3o at\u00e9 o dia 31 de julho<\/h4>\n<p>A Prefeitura de S\u00e3o Paulo apresentou nesta sexta-feira (14) um \u00f4nibus el\u00e9trico, alimentado por baterias, com capacidade para transportar 84 passageiros e com at\u00e9 300 quil\u00f4metros de autonomia. O ve\u00edculo foi totalmente constru\u00eddo no Brasil. As baterias s\u00e3o de fosfato de ferro e levam de quatro a cinco horas para serem carregadas. A linha em que o \u00f4nibus circular\u00e1 ainda n\u00e3o foi definida e a previs\u00e3o \u00e9 a de que o ve\u00edculo entre em opera\u00e7\u00e3o at\u00e9 o dia 31 de julho, ap\u00f3s passar por fiscaliza\u00e7\u00f5es feitas pela SPTrans (S\u00e3o Paulo Transporte &#8211; empresa que faz a gest\u00e3o do transporte p\u00fablico na capital paulista).<\/p>\n<p>O \u00f4nibus t\u00eam ainda motores el\u00e9tricos embutidos nas rodas e sistemas auxiliares hidr\u00e1ulicos e pneum\u00e1ticos, integrados por meio de uma rede de controle. Esse mecanismo faz com que, em acelera\u00e7\u00e3o, o sistema consuma energia das baterias tradicionais e nos momentos de frenagem o sistema de tra\u00e7\u00e3o transforme a energia dessas baterias em energia el\u00e9trica, que fica armazenada nas mesmas baterias.<\/p>\n<div id=\"aniplayerWrapper\">\n<div id=\"vid-player-container\" class=\"player-container\">\n<div id=\"avp-container\" class=\"avp-container\">\n<div id=\"avp-wrapper\" class=\"avp-wrapper\">\n<div id=\"aniAnimation\" class=\"aniAnimationOpen\">\n<div id=\"aniviewBox\">\n<div id=\"aniplayer\">\n<div id=\"aniplayergui\">\n<div id=\"av-container\" class=\" desktop hide-controls\">\n<div id=\"av-inner\">\n<div id=\"slot\">\n<div id=\"videoslot\" class=\"loaded\">\n<div id=\"AVplayer0\">\n<div data-ad-processed=\"\"><span style=\"font-size: 1rem;\">O chassi \u00e9 feito pela empresa chinesa BYD, que instalou uma f\u00e1brica em Campinas (SP) h\u00e1 dois anos em meio. A carroceria \u00e9 da Caio, que tamb\u00e9m funciona no interior de S\u00e3o Paulo. A capacidade de produ\u00e7\u00e3o anual da BYD \u00e9 de 400 carros por ano.<\/span><\/div>\n<\/div>\n<\/div>\n<\/div>\n<\/div>\n<\/div>\n<\/div>\n<\/div>\n<\/div>\n<\/div>\n<\/div>\n<\/div>\n<\/div>\n<\/div>\n<div id=\"player-wrapper-64994882381102500\" class=\"jw-ad-visible\"><\/div>\n<p>Segundo o prefeito de S\u00e3o Paulo, Jo\u00e3o Doria, a implanta\u00e7\u00e3o dos \u00f4nibus el\u00e9tricos est\u00e1 dentro do plano de governo da prefeitura de promover a redu\u00e7\u00e3o de emiss\u00f5es poluentes. \u201cEsse modelo emiss\u00e3o zero e baixo n\u00edvel de ruido, tamb\u00e9m \u00e9 equipado com ar-condicionado. O modelo atende ainda a todas as exig\u00eancias de acessibilidade como piso baixo, rampas de acesso e espa\u00e7o para cadeiras de rodas, wi-fi e tomadas USB\u201d, disse Doria.<\/p>\n<p>Segundo o secret\u00e1rio Municipal de Mobilidade e Transportes (SMT), S\u00e9rgio Avelleda, o ve\u00edculo \u00e9 o que h\u00e1 de mais moderno em termos de \u00f4nibus el\u00e9tricos em opera\u00e7\u00e3o em outros pa\u00edses, como os Estados Unidos e a China. \u201cIsso faz parte do plano de governo apresentado para a transforma\u00e7\u00e3o do nosso sistema de \u00f4nibus. Na licita\u00e7\u00e3o, j\u00e1 anunciamos, vamos contribuir para que ao longo do pr\u00f3ximo contrato, as empresas reduzam paulatinamente as emiss\u00f5es que provocam doen\u00e7as respirat\u00f3rias, envelhecimento precoce e um clima global indesej\u00e1vel\u201d, disse.<\/p>\n<p>A prefeitura pretende discutir com a C\u00e2mara Municipal a altera\u00e7\u00e3o da legisla\u00e7\u00e3o vigente para a adequa\u00e7\u00e3o do sistema de \u00f4nibus para ve\u00edculos classificados pelo secret\u00e1rio como mais saud\u00e1veis. \u201cQuero ressaltar que estamos estudando trocar os 60 \u00f4nibus a diesel para el\u00e9tricos e instalar placas foto voltaicas na garagem para que durante o dia o sol gere energia el\u00e9trica que vai alimentar os \u00f4nibus que v\u00e3o circular pela cidade de S\u00e3o Paulo\u201d.<\/p>\n<p>Fonte: Administradores.com<\/p>\n","protected":false},"excerpt":{"rendered":"<p>A linha em que o \u00f4nibus circular\u00e1 ainda n\u00e3o foi definida e a previs\u00e3o \u00e9 a de que o ve\u00edculo entre em&hellip;<\/p>\n","protected":false},"author":1,"featured_media":350,"comment_status":"closed","ping_status":"open","sticky":false,"template":"","format":"standard","meta":{"footnotes":""},"categories":[5],"tags":[179],"class_list":["post-349","post","type-post","status-publish","format-standard","has-post-thumbnail","hentry","category-tecnologia","tag-onibus-eletrico"],"yoast_head":"<!-- This site is optimized with the Yoast SEO plugin v27.5 - https:\/\/yoast.com\/product\/yoast-seo-wordpress\/ -->\n<title>Primeiro \u00f4nibus el\u00e9trico produzido no Brasil circular\u00e1 pelas ruas de S\u00e3o Paulo - Sfhera Software<\/title>\n<meta name=\"robots\" content=\"index, follow, max-snippet:-1, max-image-preview:large, max-video-preview:-1\" \/>\n<link rel=\"canonical\" href=\"https:\/\/sfhera.com.br\/blog\/primeiro-onibus-eletrico-produzido-no-brasil-circulara-pelas-ruas-de-sao-paulo\/\" \/>\n<meta property=\"og:locale\" content=\"pt_BR\" \/>\n<meta property=\"og:type\" content=\"article\" \/>\n<meta property=\"og:title\" content=\"Primeiro \u00f4nibus el\u00e9trico produzido no Brasil circular\u00e1 pelas ruas de S\u00e3o Paulo - Sfhera Software\" \/>\n<meta property=\"og:description\" content=\"A linha em que o \u00f4nibus circular\u00e1 ainda n\u00e3o foi definida e a previs\u00e3o \u00e9 a de que o ve\u00edculo entre em&hellip;\" \/>\n<meta property=\"og:url\" content=\"https:\/\/sfhera.com.br\/blog\/primeiro-onibus-eletrico-produzido-no-brasil-circulara-pelas-ruas-de-sao-paulo\/\" \/>\n<meta property=\"og:site_name\" content=\"Sfhera Software\" \/>\n<meta property=\"article:publisher\" content=\"https:\/\/www.facebook.com\/sfhera\" \/>\n<meta property=\"article:published_time\" content=\"2017-07-14T17:36:13+00:00\" \/>\n<meta property=\"og:image\" content=\"https:\/\/sfhera.com.br\/blog\/wp-content\/uploads\/2017\/07\/15330437.jpeg\" \/>\n\t<meta property=\"og:image:width\" content=\"635\" \/>\n\t<meta property=\"og:image:height\" content=\"423\" \/>\n\t<meta property=\"og:image:type\" content=\"image\/jpeg\" \/>\n<meta name=\"author\" content=\"Sfhera Software\" \/>\n<meta name=\"twitter:card\" content=\"summary_large_image\" \/>\n<meta name=\"twitter:creator\" content=\"@sfhera\" \/>\n<meta name=\"twitter:site\" content=\"@sfhera\" \/>\n<meta name=\"twitter:label1\" content=\"Escrito por\" \/>\n\t<meta name=\"twitter:data1\" content=\"Sfhera Software\" \/>\n\t<meta name=\"twitter:label2\" content=\"Est. tempo de leitura\" \/>\n\t<meta name=\"twitter:data2\" content=\"3 minutos\" \/>\n<script type=\"application\/ld+json\" class=\"yoast-schema-graph\">{\"@context\":\"https:\\\/\\\/schema.org\",\"@graph\":[{\"@type\":\"Article\",\"@id\":\"https:\\\/\\\/sfhera.com.br\\\/blog\\\/primeiro-onibus-eletrico-produzido-no-brasil-circulara-pelas-ruas-de-sao-paulo\\\/#article\",\"isPartOf\":{\"@id\":\"https:\\\/\\\/sfhera.com.br\\\/blog\\\/primeiro-onibus-eletrico-produzido-no-brasil-circulara-pelas-ruas-de-sao-paulo\\\/\"},\"author\":{\"name\":\"Sfhera Software\",\"@id\":\"https:\\\/\\\/sfhera.com.br\\\/blog\\\/#\\\/schema\\\/person\\\/0a21d0c7b6b15bda9d9c072dde915f2a\"},\"headline\":\"Primeiro \u00f4nibus el\u00e9trico produzido no Brasil circular\u00e1 pelas ruas de S\u00e3o Paulo\",\"datePublished\":\"2017-07-14T17:36:13+00:00\",\"mainEntityOfPage\":{\"@id\":\"https:\\\/\\\/sfhera.com.br\\\/blog\\\/primeiro-onibus-eletrico-produzido-no-brasil-circulara-pelas-ruas-de-sao-paulo\\\/\"},\"wordCount\":531,\"publisher\":{\"@id\":\"https:\\\/\\\/sfhera.com.br\\\/blog\\\/#organization\"},\"image\":{\"@id\":\"https:\\\/\\\/sfhera.com.br\\\/blog\\\/primeiro-onibus-eletrico-produzido-no-brasil-circulara-pelas-ruas-de-sao-paulo\\\/#primaryimage\"},\"thumbnailUrl\":\"https:\\\/\\\/sfhera.com.br\\\/blog\\\/wp-content\\\/uploads\\\/2017\\\/07\\\/15330437.jpeg\",\"keywords\":[\"\u00f4nibus el\u00e9trico\"],\"articleSection\":[\"Tecnologia\"],\"inLanguage\":\"pt-BR\"},{\"@type\":\"WebPage\",\"@id\":\"https:\\\/\\\/sfhera.com.br\\\/blog\\\/primeiro-onibus-eletrico-produzido-no-brasil-circulara-pelas-ruas-de-sao-paulo\\\/\",\"url\":\"https:\\\/\\\/sfhera.com.br\\\/blog\\\/primeiro-onibus-eletrico-produzido-no-brasil-circulara-pelas-ruas-de-sao-paulo\\\/\",\"name\":\"Primeiro \u00f4nibus el\u00e9trico produzido no Brasil circular\u00e1 pelas ruas de S\u00e3o Paulo - Sfhera Software\",\"isPartOf\":{\"@id\":\"https:\\\/\\\/sfhera.com.br\\\/blog\\\/#website\"},\"primaryImageOfPage\":{\"@id\":\"https:\\\/\\\/sfhera.com.br\\\/blog\\\/primeiro-onibus-eletrico-produzido-no-brasil-circulara-pelas-ruas-de-sao-paulo\\\/#primaryimage\"},\"image\":{\"@id\":\"https:\\\/\\\/sfhera.com.br\\\/blog\\\/primeiro-onibus-eletrico-produzido-no-brasil-circulara-pelas-ruas-de-sao-paulo\\\/#primaryimage\"},\"thumbnailUrl\":\"https:\\\/\\\/sfhera.com.br\\\/blog\\\/wp-content\\\/uploads\\\/2017\\\/07\\\/15330437.jpeg\",\"datePublished\":\"2017-07-14T17:36:13+00:00\",\"breadcrumb\":{\"@id\":\"https:\\\/\\\/sfhera.com.br\\\/blog\\\/primeiro-onibus-eletrico-produzido-no-brasil-circulara-pelas-ruas-de-sao-paulo\\\/#breadcrumb\"},\"inLanguage\":\"pt-BR\",\"potentialAction\":[{\"@type\":\"ReadAction\",\"target\":[\"https:\\\/\\\/sfhera.com.br\\\/blog\\\/primeiro-onibus-eletrico-produzido-no-brasil-circulara-pelas-ruas-de-sao-paulo\\\/\"]}]},{\"@type\":\"ImageObject\",\"inLanguage\":\"pt-BR\",\"@id\":\"https:\\\/\\\/sfhera.com.br\\\/blog\\\/primeiro-onibus-eletrico-produzido-no-brasil-circulara-pelas-ruas-de-sao-paulo\\\/#primaryimage\",\"url\":\"https:\\\/\\\/sfhera.com.br\\\/blog\\\/wp-content\\\/uploads\\\/2017\\\/07\\\/15330437.jpeg\",\"contentUrl\":\"https:\\\/\\\/sfhera.com.br\\\/blog\\\/wp-content\\\/uploads\\\/2017\\\/07\\\/15330437.jpeg\",\"width\":635,\"height\":423,\"caption\":\"\u00f4nibus el\u00e9trico\"},{\"@type\":\"BreadcrumbList\",\"@id\":\"https:\\\/\\\/sfhera.com.br\\\/blog\\\/primeiro-onibus-eletrico-produzido-no-brasil-circulara-pelas-ruas-de-sao-paulo\\\/#breadcrumb\",\"itemListElement\":[{\"@type\":\"ListItem\",\"position\":1,\"name\":\"In\u00edcio\",\"item\":\"https:\\\/\\\/sfhera.com.br\\\/blog\\\/\"},{\"@type\":\"ListItem\",\"position\":2,\"name\":\"Primeiro \u00f4nibus el\u00e9trico produzido no Brasil circular\u00e1 pelas ruas de S\u00e3o Paulo\"}]},{\"@type\":\"WebSite\",\"@id\":\"https:\\\/\\\/sfhera.com.br\\\/blog\\\/#website\",\"url\":\"https:\\\/\\\/sfhera.com.br\\\/blog\\\/\",\"name\":\"Sfhera Software\",\"description\":\"Aplicativos de Gest\u00e3o para o Varejo\",\"publisher\":{\"@id\":\"https:\\\/\\\/sfhera.com.br\\\/blog\\\/#organization\"},\"potentialAction\":[{\"@type\":\"SearchAction\",\"target\":{\"@type\":\"EntryPoint\",\"urlTemplate\":\"https:\\\/\\\/sfhera.com.br\\\/blog\\\/?s={search_term_string}\"},\"query-input\":{\"@type\":\"PropertyValueSpecification\",\"valueRequired\":true,\"valueName\":\"search_term_string\"}}],\"inLanguage\":\"pt-BR\"},{\"@type\":\"Organization\",\"@id\":\"https:\\\/\\\/sfhera.com.br\\\/blog\\\/#organization\",\"name\":\"Sfhera Software\",\"url\":\"https:\\\/\\\/sfhera.com.br\\\/blog\\\/\",\"logo\":{\"@type\":\"ImageObject\",\"inLanguage\":\"pt-BR\",\"@id\":\"https:\\\/\\\/sfhera.com.br\\\/blog\\\/#\\\/schema\\\/logo\\\/image\\\/\",\"url\":\"https:\\\/\\\/www.sfhera.com.br\\\/blog\\\/wp-content\\\/uploads\\\/2017\\\/06\\\/logo.png\",\"contentUrl\":\"https:\\\/\\\/www.sfhera.com.br\\\/blog\\\/wp-content\\\/uploads\\\/2017\\\/06\\\/logo.png\",\"width\":200,\"height\":65,\"caption\":\"Sfhera Software\"},\"image\":{\"@id\":\"https:\\\/\\\/sfhera.com.br\\\/blog\\\/#\\\/schema\\\/logo\\\/image\\\/\"},\"sameAs\":[\"https:\\\/\\\/www.facebook.com\\\/sfhera\",\"https:\\\/\\\/x.com\\\/sfhera\",\"https:\\\/\\\/br.linkedin.com\\\/company\\\/sfhera-software\"]},{\"@type\":\"Person\",\"@id\":\"https:\\\/\\\/sfhera.com.br\\\/blog\\\/#\\\/schema\\\/person\\\/0a21d0c7b6b15bda9d9c072dde915f2a\",\"name\":\"Sfhera Software\",\"image\":{\"@type\":\"ImageObject\",\"inLanguage\":\"pt-BR\",\"@id\":\"https:\\\/\\\/secure.gravatar.com\\\/avatar\\\/b1d1b13f14dd2dc5b3fb21e60579548fa4f79040171567f49ae19080fb354524?s=96&d=mm&r=g\",\"url\":\"https:\\\/\\\/secure.gravatar.com\\\/avatar\\\/b1d1b13f14dd2dc5b3fb21e60579548fa4f79040171567f49ae19080fb354524?s=96&d=mm&r=g\",\"contentUrl\":\"https:\\\/\\\/secure.gravatar.com\\\/avatar\\\/b1d1b13f14dd2dc5b3fb21e60579548fa4f79040171567f49ae19080fb354524?s=96&d=mm&r=g\",\"caption\":\"Sfhera Software\"},\"url\":\"https:\\\/\\\/sfhera.com.br\\\/blog\\\/author\\\/admin\\\/\"}]}<\/script>\n<!-- \/ Yoast SEO plugin. -->","yoast_head_json":{"title":"Primeiro \u00f4nibus el\u00e9trico produzido no Brasil circular\u00e1 pelas ruas de S\u00e3o Paulo - Sfhera Software","robots":{"index":"index","follow":"follow","max-snippet":"max-snippet:-1","max-image-preview":"max-image-preview:large","max-video-preview":"max-video-preview:-1"},"canonical":"https:\/\/sfhera.com.br\/blog\/primeiro-onibus-eletrico-produzido-no-brasil-circulara-pelas-ruas-de-sao-paulo\/","og_locale":"pt_BR","og_type":"article","og_title":"Primeiro \u00f4nibus el\u00e9trico produzido no Brasil circular\u00e1 pelas ruas de S\u00e3o Paulo - Sfhera Software","og_description":"A linha em que o \u00f4nibus circular\u00e1 ainda n\u00e3o foi definida e a previs\u00e3o \u00e9 a de que o ve\u00edculo entre em&hellip;","og_url":"https:\/\/sfhera.com.br\/blog\/primeiro-onibus-eletrico-produzido-no-brasil-circulara-pelas-ruas-de-sao-paulo\/","og_site_name":"Sfhera Software","article_publisher":"https:\/\/www.facebook.com\/sfhera","article_published_time":"2017-07-14T17:36:13+00:00","og_image":[{"width":635,"height":423,"url":"https:\/\/sfhera.com.br\/blog\/wp-content\/uploads\/2017\/07\/15330437.jpeg","type":"image\/jpeg"}],"author":"Sfhera Software","twitter_card":"summary_large_image","twitter_creator":"@sfhera","twitter_site":"@sfhera","twitter_misc":{"Escrito por":"Sfhera Software","Est. tempo de leitura":"3 minutos"},"schema":{"@context":"https:\/\/schema.org","@graph":[{"@type":"Article","@id":"https:\/\/sfhera.com.br\/blog\/primeiro-onibus-eletrico-produzido-no-brasil-circulara-pelas-ruas-de-sao-paulo\/#article","isPartOf":{"@id":"https:\/\/sfhera.com.br\/blog\/primeiro-onibus-eletrico-produzido-no-brasil-circulara-pelas-ruas-de-sao-paulo\/"},"author":{"name":"Sfhera Software","@id":"https:\/\/sfhera.com.br\/blog\/#\/schema\/person\/0a21d0c7b6b15bda9d9c072dde915f2a"},"headline":"Primeiro \u00f4nibus el\u00e9trico produzido no Brasil circular\u00e1 pelas ruas de S\u00e3o Paulo","datePublished":"2017-07-14T17:36:13+00:00","mainEntityOfPage":{"@id":"https:\/\/sfhera.com.br\/blog\/primeiro-onibus-eletrico-produzido-no-brasil-circulara-pelas-ruas-de-sao-paulo\/"},"wordCount":531,"publisher":{"@id":"https:\/\/sfhera.com.br\/blog\/#organization"},"image":{"@id":"https:\/\/sfhera.com.br\/blog\/primeiro-onibus-eletrico-produzido-no-brasil-circulara-pelas-ruas-de-sao-paulo\/#primaryimage"},"thumbnailUrl":"https:\/\/sfhera.com.br\/blog\/wp-content\/uploads\/2017\/07\/15330437.jpeg","keywords":["\u00f4nibus el\u00e9trico"],"articleSection":["Tecnologia"],"inLanguage":"pt-BR"},{"@type":"WebPage","@id":"https:\/\/sfhera.com.br\/blog\/primeiro-onibus-eletrico-produzido-no-brasil-circulara-pelas-ruas-de-sao-paulo\/","url":"https:\/\/sfhera.com.br\/blog\/primeiro-onibus-eletrico-produzido-no-brasil-circulara-pelas-ruas-de-sao-paulo\/","name":"Primeiro \u00f4nibus el\u00e9trico produzido no Brasil circular\u00e1 pelas ruas de S\u00e3o Paulo - Sfhera Software","isPartOf":{"@id":"https:\/\/sfhera.com.br\/blog\/#website"},"primaryImageOfPage":{"@id":"https:\/\/sfhera.com.br\/blog\/primeiro-onibus-eletrico-produzido-no-brasil-circulara-pelas-ruas-de-sao-paulo\/#primaryimage"},"image":{"@id":"https:\/\/sfhera.com.br\/blog\/primeiro-onibus-eletrico-produzido-no-brasil-circulara-pelas-ruas-de-sao-paulo\/#primaryimage"},"thumbnailUrl":"https:\/\/sfhera.com.br\/blog\/wp-content\/uploads\/2017\/07\/15330437.jpeg","datePublished":"2017-07-14T17:36:13+00:00","breadcrumb":{"@id":"https:\/\/sfhera.com.br\/blog\/primeiro-onibus-eletrico-produzido-no-brasil-circulara-pelas-ruas-de-sao-paulo\/#breadcrumb"},"inLanguage":"pt-BR","potentialAction":[{"@type":"ReadAction","target":["https:\/\/sfhera.com.br\/blog\/primeiro-onibus-eletrico-produzido-no-brasil-circulara-pelas-ruas-de-sao-paulo\/"]}]},{"@type":"ImageObject","inLanguage":"pt-BR","@id":"https:\/\/sfhera.com.br\/blog\/primeiro-onibus-eletrico-produzido-no-brasil-circulara-pelas-ruas-de-sao-paulo\/#primaryimage","url":"https:\/\/sfhera.com.br\/blog\/wp-content\/uploads\/2017\/07\/15330437.jpeg","contentUrl":"https:\/\/sfhera.com.br\/blog\/wp-content\/uploads\/2017\/07\/15330437.jpeg","width":635,"height":423,"caption":"\u00f4nibus el\u00e9trico"},{"@type":"BreadcrumbList","@id":"https:\/\/sfhera.com.br\/blog\/primeiro-onibus-eletrico-produzido-no-brasil-circulara-pelas-ruas-de-sao-paulo\/#breadcrumb","itemListElement":[{"@type":"ListItem","position":1,"name":"In\u00edcio","item":"https:\/\/sfhera.com.br\/blog\/"},{"@type":"ListItem","position":2,"name":"Primeiro \u00f4nibus el\u00e9trico produzido no Brasil circular\u00e1 pelas ruas de S\u00e3o Paulo"}]},{"@type":"WebSite","@id":"https:\/\/sfhera.com.br\/blog\/#website","url":"https:\/\/sfhera.com.br\/blog\/","name":"Sfhera Software","description":"Aplicativos de Gest\u00e3o para o Varejo","publisher":{"@id":"https:\/\/sfhera.com.br\/blog\/#organization"},"potentialAction":[{"@type":"SearchAction","target":{"@type":"EntryPoint","urlTemplate":"https:\/\/sfhera.com.br\/blog\/?s={search_term_string}"},"query-input":{"@type":"PropertyValueSpecification","valueRequired":true,"valueName":"search_term_string"}}],"inLanguage":"pt-BR"},{"@type":"Organization","@id":"https:\/\/sfhera.com.br\/blog\/#organization","name":"Sfhera Software","url":"https:\/\/sfhera.com.br\/blog\/","logo":{"@type":"ImageObject","inLanguage":"pt-BR","@id":"https:\/\/sfhera.com.br\/blog\/#\/schema\/logo\/image\/","url":"https:\/\/www.sfhera.com.br\/blog\/wp-content\/uploads\/2017\/06\/logo.png","contentUrl":"https:\/\/www.sfhera.com.br\/blog\/wp-content\/uploads\/2017\/06\/logo.png","width":200,"height":65,"caption":"Sfhera Software"},"image":{"@id":"https:\/\/sfhera.com.br\/blog\/#\/schema\/logo\/image\/"},"sameAs":["https:\/\/www.facebook.com\/sfhera","https:\/\/x.com\/sfhera","https:\/\/br.linkedin.com\/company\/sfhera-software"]},{"@type":"Person","@id":"https:\/\/sfhera.com.br\/blog\/#\/schema\/person\/0a21d0c7b6b15bda9d9c072dde915f2a","name":"Sfhera Software","image":{"@type":"ImageObject","inLanguage":"pt-BR","@id":"https:\/\/secure.gravatar.com\/avatar\/b1d1b13f14dd2dc5b3fb21e60579548fa4f79040171567f49ae19080fb354524?s=96&d=mm&r=g","url":"https:\/\/secure.gravatar.com\/avatar\/b1d1b13f14dd2dc5b3fb21e60579548fa4f79040171567f49ae19080fb354524?s=96&d=mm&r=g","contentUrl":"https:\/\/secure.gravatar.com\/avatar\/b1d1b13f14dd2dc5b3fb21e60579548fa4f79040171567f49ae19080fb354524?s=96&d=mm&r=g","caption":"Sfhera Software"},"url":"https:\/\/sfhera.com.br\/blog\/author\/admin\/"}]}},"_links":{"self":[{"href":"https:\/\/sfhera.com.br\/blog\/wp-json\/wp\/v2\/posts\/349","targetHints":{"allow":["GET"]}}],"collection":[{"href":"https:\/\/sfhera.com.br\/blog\/wp-json\/wp\/v2\/posts"}],"about":[{"href":"https:\/\/sfhera.com.br\/blog\/wp-json\/wp\/v2\/types\/post"}],"author":[{"embeddable":true,"href":"https:\/\/sfhera.com.br\/blog\/wp-json\/wp\/v2\/users\/1"}],"replies":[{"embeddable":true,"href":"https:\/\/sfhera.com.br\/blog\/wp-json\/wp\/v2\/comments?post=349"}],"version-history":[{"count":1,"href":"https:\/\/sfhera.com.br\/blog\/wp-json\/wp\/v2\/posts\/349\/revisions"}],"predecessor-version":[{"id":351,"href":"https:\/\/sfhera.com.br\/blog\/wp-json\/wp\/v2\/posts\/349\/revisions\/351"}],"wp:featuredmedia":[{"embeddable":true,"href":"https:\/\/sfhera.com.br\/blog\/wp-json\/wp\/v2\/media\/350"}],"wp:attachment":[{"href":"https:\/\/sfhera.com.br\/blog\/wp-json\/wp\/v2\/media?parent=349"}],"wp:term":[{"taxonomy":"category","embeddable":true,"href":"https:\/\/sfhera.com.br\/blog\/wp-json\/wp\/v2\/categories?post=349"},{"taxonomy":"post_tag","embeddable":true,"href":"https:\/\/sfhera.com.br\/blog\/wp-json\/wp\/v2\/tags?post=349"}],"curies":[{"name":"wp","href":"https:\/\/api.w.org\/{rel}","templated":true}]}}