{"id":360,"date":"2017-07-17T14:41:31","date_gmt":"2017-07-17T17:41:31","guid":{"rendered":"https:\/\/sfhera.com.br\/blog\/?p=360"},"modified":"2017-07-17T14:41:31","modified_gmt":"2017-07-17T17:41:31","slug":"ministerio-da-fazenda-altera-regras-para-parcelamento-dos-debitos-dos-entes-com-os-regimes-proprios","status":"publish","type":"post","link":"https:\/\/sfhera.com.br\/blog\/ministerio-da-fazenda-altera-regras-para-parcelamento-dos-debitos-dos-entes-com-os-regimes-proprios\/","title":{"rendered":"Minist\u00e9rio da Fazenda altera regras para parcelamento dos d\u00e9bitos dos entes com os regimes pr\u00f3prios"},"content":{"rendered":"<h5 class=\"subtitulo\">Houve altera\u00e7\u00e3o no prazo de entrega do Demonstrativo de Aplica\u00e7\u00f5es e Investimentos de Recursos e nas exig\u00eancias para envio dos demonstrativos cont\u00e1beis.<\/h5>\n<p>Houve altera\u00e7\u00e3o no prazo de entrega do Demonstrativo de Aplica\u00e7\u00f5es e Investimentos de Recursos e nas exig\u00eancias para envio dos demonstrativos cont\u00e1beis. Agora, os entes federativos poder\u00e3o parcelar os d\u00e9bitos com os regimes pr\u00f3prios em at\u00e9 200 presta\u00e7\u00f5es mensais, iguais e sucessivas, de contribui\u00e7\u00f5es devidas pelo ente federativo; de contribui\u00e7\u00f5es descontadas dos segurados ativos, aposentados e pensionistas; e de outros d\u00e9bitos n\u00e3o decorrentes de contribui\u00e7\u00f5es previdenci\u00e1rias, relativos a compet\u00eancias at\u00e9 mar\u00e7o de 2017. O parcelamento estar\u00e1 sujeito \u00e0 edi\u00e7\u00e3o de lei dos pr\u00f3prios entes.<\/p>\n<p><strong>Nova Portaria<\/strong><\/p>\n<p>A Portaria do Minist\u00e9rio da Fazenda n\u00ba 333, de 11 de julho de 2017, que altera as regras dos parcelamentos de d\u00e9bitos dos entes federativos com os seus Regimes Pr\u00f3prios de Previd\u00eancia Social previstas no art. 5\u00ba-A da Portaria MPS n\u00ba 402\/2008, foi publicada no Di\u00e1rio Oficial da Uni\u00e3o desta quarta-feira (12\/07).<\/p>\n<p>Como as novas regras dos parcelamentos especiais exige adequa\u00e7\u00e3o do sistema CADPREV, a portaria estabelece o prazo de at\u00e9 30 dias para que o CADPREV passe a contemplar os novos requisitos, per\u00edodo em que os entes federativos podem encaminhar os projetos de lei autorizativa \u00e0s suas casas legislativas.<\/p>\n<p>A Subsecretaria dos Regimes Pr\u00f3prios de Previd\u00eancia Social (SRPPS) ir\u00e1 divulgar nos pr\u00f3ximos dias no endere\u00e7o eletr\u00f4nico da Previd\u00eancia Social modelo dos projetos de lei autorizativos de parcelamento para auxiliar os entes federativos na edi\u00e7\u00e3o de suas normas.<\/p>\n<p><strong>Demonstrativos<\/strong><\/p>\n<p>Al\u00e9m de autorizar o parcelamento especial, a Portaria MF n\u00ba 333, prorrogou tamb\u00e9m o prazo para envio do Demonstrativo de Aplica\u00e7\u00f5es e Investimentos de Recursos (DAIR) relativo aos meses de janeiro, fevereiro e mar\u00e7o de 2017 para at\u00e9 30 de junho de 2017, e de abril e maio de 2017 para at\u00e9 31 de julho de 2017.<\/p>\n<p>Tamb\u00e9m houve uma altera\u00e7\u00e3o na exig\u00eancia dos Demonstrativos Cont\u00e1beis. A partir do exerc\u00edcio de 2018, o envio das informa\u00e7\u00f5es e dados cont\u00e1beis, or\u00e7ament\u00e1rios e fiscais poder\u00e1 ser realizado pelo Sistema de Informa\u00e7\u00f5es Cont\u00e1beis e Fiscais do Setor P\u00fablico Brasileiro (SICONFI).<\/p>\n<p>A partir da compet\u00eancia de janeiro de 2018, poder\u00e3o ser utilizadas as informa\u00e7\u00f5es do SICONFI dos estados, Distrito Federal e capitais e, a partir da compet\u00eancia julho de 2018, dos demais munic\u00edpios. O envio dos demonstrativos cont\u00e1beis pelo CADPREV-Web continuar\u00e1 sendo exigido em rela\u00e7\u00e3o ao encerramento do exerc\u00edcio de 2017.<\/p>\n<p style=\"text-align: right;\">Fonte: Contadores.cnt.br<\/p>\n","protected":false},"excerpt":{"rendered":"<p>Houve altera\u00e7\u00e3o no prazo de entrega do Demonstrativo de Aplica\u00e7\u00f5es e Investimentos de Recursos e nas exig\u00eancias para envio dos demonstrativos cont\u00e1beis.&hellip;<\/p>\n","protected":false},"author":1,"featured_media":361,"comment_status":"closed","ping_status":"open","sticky":false,"template":"","format":"standard","meta":{"footnotes":""},"categories":[6],"tags":[184],"class_list":["post-360","post","type-post","status-publish","format-standard","has-post-thumbnail","hentry","category-legislacao-fiscal","tag-parcelamento-de-debitos"],"yoast_head":"<!-- This site is optimized with the Yoast SEO plugin v27.5 - https:\/\/yoast.com\/product\/yoast-seo-wordpress\/ -->\n<title>Minist\u00e9rio da Fazenda altera regras para parcelamento dos d\u00e9bitos dos entes com os regimes pr\u00f3prios - Sfhera Software<\/title>\n<meta name=\"robots\" content=\"index, follow, max-snippet:-1, max-image-preview:large, max-video-preview:-1\" \/>\n<link rel=\"canonical\" href=\"https:\/\/sfhera.com.br\/blog\/ministerio-da-fazenda-altera-regras-para-parcelamento-dos-debitos-dos-entes-com-os-regimes-proprios\/\" \/>\n<meta property=\"og:locale\" content=\"pt_BR\" \/>\n<meta property=\"og:type\" content=\"article\" \/>\n<meta property=\"og:title\" content=\"Minist\u00e9rio da Fazenda altera regras para parcelamento dos d\u00e9bitos dos entes com os regimes pr\u00f3prios - Sfhera Software\" \/>\n<meta property=\"og:description\" content=\"Houve altera\u00e7\u00e3o no prazo de entrega do Demonstrativo de Aplica\u00e7\u00f5es e Investimentos de Recursos e nas exig\u00eancias para envio dos demonstrativos cont\u00e1beis.&hellip;\" \/>\n<meta property=\"og:url\" content=\"https:\/\/sfhera.com.br\/blog\/ministerio-da-fazenda-altera-regras-para-parcelamento-dos-debitos-dos-entes-com-os-regimes-proprios\/\" \/>\n<meta property=\"og:site_name\" content=\"Sfhera Software\" \/>\n<meta property=\"article:publisher\" content=\"https:\/\/www.facebook.com\/sfhera\" \/>\n<meta property=\"article:published_time\" content=\"2017-07-17T17:41:31+00:00\" \/>\n<meta property=\"og:image\" content=\"https:\/\/sfhera.com.br\/blog\/wp-content\/uploads\/2017\/07\/debito.jpg\" \/>\n\t<meta property=\"og:image:width\" content=\"2000\" \/>\n\t<meta property=\"og:image:height\" content=\"1000\" \/>\n\t<meta property=\"og:image:type\" content=\"image\/jpeg\" \/>\n<meta name=\"author\" content=\"Sfhera Software\" \/>\n<meta name=\"twitter:card\" content=\"summary_large_image\" \/>\n<meta name=\"twitter:creator\" content=\"@sfhera\" \/>\n<meta name=\"twitter:site\" content=\"@sfhera\" \/>\n<meta name=\"twitter:label1\" content=\"Escrito por\" \/>\n\t<meta name=\"twitter:data1\" content=\"Sfhera Software\" \/>\n\t<meta name=\"twitter:label2\" content=\"Est. tempo de leitura\" \/>\n\t<meta name=\"twitter:data2\" content=\"2 minutos\" \/>\n<script type=\"application\/ld+json\" class=\"yoast-schema-graph\">{\"@context\":\"https:\\\/\\\/schema.org\",\"@graph\":[{\"@type\":\"Article\",\"@id\":\"https:\\\/\\\/sfhera.com.br\\\/blog\\\/ministerio-da-fazenda-altera-regras-para-parcelamento-dos-debitos-dos-entes-com-os-regimes-proprios\\\/#article\",\"isPartOf\":{\"@id\":\"https:\\\/\\\/sfhera.com.br\\\/blog\\\/ministerio-da-fazenda-altera-regras-para-parcelamento-dos-debitos-dos-entes-com-os-regimes-proprios\\\/\"},\"author\":{\"name\":\"Sfhera Software\",\"@id\":\"https:\\\/\\\/sfhera.com.br\\\/blog\\\/#\\\/schema\\\/person\\\/0a21d0c7b6b15bda9d9c072dde915f2a\"},\"headline\":\"Minist\u00e9rio da Fazenda altera regras para parcelamento dos d\u00e9bitos dos entes com os regimes pr\u00f3prios\",\"datePublished\":\"2017-07-17T17:41:31+00:00\",\"mainEntityOfPage\":{\"@id\":\"https:\\\/\\\/sfhera.com.br\\\/blog\\\/ministerio-da-fazenda-altera-regras-para-parcelamento-dos-debitos-dos-entes-com-os-regimes-proprios\\\/\"},\"wordCount\":457,\"publisher\":{\"@id\":\"https:\\\/\\\/sfhera.com.br\\\/blog\\\/#organization\"},\"image\":{\"@id\":\"https:\\\/\\\/sfhera.com.br\\\/blog\\\/ministerio-da-fazenda-altera-regras-para-parcelamento-dos-debitos-dos-entes-com-os-regimes-proprios\\\/#primaryimage\"},\"thumbnailUrl\":\"https:\\\/\\\/sfhera.com.br\\\/blog\\\/wp-content\\\/uploads\\\/2017\\\/07\\\/debito.jpg\",\"keywords\":[\"parcelamento de d\u00e9bitos\"],\"articleSection\":[\"Legisla\u00e7\u00e3o Fiscal\"],\"inLanguage\":\"pt-BR\"},{\"@type\":\"WebPage\",\"@id\":\"https:\\\/\\\/sfhera.com.br\\\/blog\\\/ministerio-da-fazenda-altera-regras-para-parcelamento-dos-debitos-dos-entes-com-os-regimes-proprios\\\/\",\"url\":\"https:\\\/\\\/sfhera.com.br\\\/blog\\\/ministerio-da-fazenda-altera-regras-para-parcelamento-dos-debitos-dos-entes-com-os-regimes-proprios\\\/\",\"name\":\"Minist\u00e9rio da Fazenda altera regras para parcelamento dos d\u00e9bitos dos entes com os regimes pr\u00f3prios - Sfhera Software\",\"isPartOf\":{\"@id\":\"https:\\\/\\\/sfhera.com.br\\\/blog\\\/#website\"},\"primaryImageOfPage\":{\"@id\":\"https:\\\/\\\/sfhera.com.br\\\/blog\\\/ministerio-da-fazenda-altera-regras-para-parcelamento-dos-debitos-dos-entes-com-os-regimes-proprios\\\/#primaryimage\"},\"image\":{\"@id\":\"https:\\\/\\\/sfhera.com.br\\\/blog\\\/ministerio-da-fazenda-altera-regras-para-parcelamento-dos-debitos-dos-entes-com-os-regimes-proprios\\\/#primaryimage\"},\"thumbnailUrl\":\"https:\\\/\\\/sfhera.com.br\\\/blog\\\/wp-content\\\/uploads\\\/2017\\\/07\\\/debito.jpg\",\"datePublished\":\"2017-07-17T17:41:31+00:00\",\"breadcrumb\":{\"@id\":\"https:\\\/\\\/sfhera.com.br\\\/blog\\\/ministerio-da-fazenda-altera-regras-para-parcelamento-dos-debitos-dos-entes-com-os-regimes-proprios\\\/#breadcrumb\"},\"inLanguage\":\"pt-BR\",\"potentialAction\":[{\"@type\":\"ReadAction\",\"target\":[\"https:\\\/\\\/sfhera.com.br\\\/blog\\\/ministerio-da-fazenda-altera-regras-para-parcelamento-dos-debitos-dos-entes-com-os-regimes-proprios\\\/\"]}]},{\"@type\":\"ImageObject\",\"inLanguage\":\"pt-BR\",\"@id\":\"https:\\\/\\\/sfhera.com.br\\\/blog\\\/ministerio-da-fazenda-altera-regras-para-parcelamento-dos-debitos-dos-entes-com-os-regimes-proprios\\\/#primaryimage\",\"url\":\"https:\\\/\\\/sfhera.com.br\\\/blog\\\/wp-content\\\/uploads\\\/2017\\\/07\\\/debito.jpg\",\"contentUrl\":\"https:\\\/\\\/sfhera.com.br\\\/blog\\\/wp-content\\\/uploads\\\/2017\\\/07\\\/debito.jpg\",\"width\":2000,\"height\":1000,\"caption\":\"parcelamento de d\u00e9bitos\"},{\"@type\":\"BreadcrumbList\",\"@id\":\"https:\\\/\\\/sfhera.com.br\\\/blog\\\/ministerio-da-fazenda-altera-regras-para-parcelamento-dos-debitos-dos-entes-com-os-regimes-proprios\\\/#breadcrumb\",\"itemListElement\":[{\"@type\":\"ListItem\",\"position\":1,\"name\":\"In\u00edcio\",\"item\":\"https:\\\/\\\/sfhera.com.br\\\/blog\\\/\"},{\"@type\":\"ListItem\",\"position\":2,\"name\":\"Minist\u00e9rio da Fazenda altera regras para parcelamento dos d\u00e9bitos dos entes com os regimes pr\u00f3prios\"}]},{\"@type\":\"WebSite\",\"@id\":\"https:\\\/\\\/sfhera.com.br\\\/blog\\\/#website\",\"url\":\"https:\\\/\\\/sfhera.com.br\\\/blog\\\/\",\"name\":\"Sfhera Software\",\"description\":\"Aplicativos de Gest\u00e3o para o Varejo\",\"publisher\":{\"@id\":\"https:\\\/\\\/sfhera.com.br\\\/blog\\\/#organization\"},\"potentialAction\":[{\"@type\":\"SearchAction\",\"target\":{\"@type\":\"EntryPoint\",\"urlTemplate\":\"https:\\\/\\\/sfhera.com.br\\\/blog\\\/?s={search_term_string}\"},\"query-input\":{\"@type\":\"PropertyValueSpecification\",\"valueRequired\":true,\"valueName\":\"search_term_string\"}}],\"inLanguage\":\"pt-BR\"},{\"@type\":\"Organization\",\"@id\":\"https:\\\/\\\/sfhera.com.br\\\/blog\\\/#organization\",\"name\":\"Sfhera Software\",\"url\":\"https:\\\/\\\/sfhera.com.br\\\/blog\\\/\",\"logo\":{\"@type\":\"ImageObject\",\"inLanguage\":\"pt-BR\",\"@id\":\"https:\\\/\\\/sfhera.com.br\\\/blog\\\/#\\\/schema\\\/logo\\\/image\\\/\",\"url\":\"https:\\\/\\\/www.sfhera.com.br\\\/blog\\\/wp-content\\\/uploads\\\/2017\\\/06\\\/logo.png\",\"contentUrl\":\"https:\\\/\\\/www.sfhera.com.br\\\/blog\\\/wp-content\\\/uploads\\\/2017\\\/06\\\/logo.png\",\"width\":200,\"height\":65,\"caption\":\"Sfhera Software\"},\"image\":{\"@id\":\"https:\\\/\\\/sfhera.com.br\\\/blog\\\/#\\\/schema\\\/logo\\\/image\\\/\"},\"sameAs\":[\"https:\\\/\\\/www.facebook.com\\\/sfhera\",\"https:\\\/\\\/x.com\\\/sfhera\",\"https:\\\/\\\/br.linkedin.com\\\/company\\\/sfhera-software\"]},{\"@type\":\"Person\",\"@id\":\"https:\\\/\\\/sfhera.com.br\\\/blog\\\/#\\\/schema\\\/person\\\/0a21d0c7b6b15bda9d9c072dde915f2a\",\"name\":\"Sfhera Software\",\"image\":{\"@type\":\"ImageObject\",\"inLanguage\":\"pt-BR\",\"@id\":\"https:\\\/\\\/secure.gravatar.com\\\/avatar\\\/b1d1b13f14dd2dc5b3fb21e60579548fa4f79040171567f49ae19080fb354524?s=96&d=mm&r=g\",\"url\":\"https:\\\/\\\/secure.gravatar.com\\\/avatar\\\/b1d1b13f14dd2dc5b3fb21e60579548fa4f79040171567f49ae19080fb354524?s=96&d=mm&r=g\",\"contentUrl\":\"https:\\\/\\\/secure.gravatar.com\\\/avatar\\\/b1d1b13f14dd2dc5b3fb21e60579548fa4f79040171567f49ae19080fb354524?s=96&d=mm&r=g\",\"caption\":\"Sfhera Software\"},\"url\":\"https:\\\/\\\/sfhera.com.br\\\/blog\\\/author\\\/admin\\\/\"}]}<\/script>\n<!-- \/ Yoast SEO plugin. -->","yoast_head_json":{"title":"Minist\u00e9rio da Fazenda altera regras para parcelamento dos d\u00e9bitos dos entes com os regimes pr\u00f3prios - Sfhera Software","robots":{"index":"index","follow":"follow","max-snippet":"max-snippet:-1","max-image-preview":"max-image-preview:large","max-video-preview":"max-video-preview:-1"},"canonical":"https:\/\/sfhera.com.br\/blog\/ministerio-da-fazenda-altera-regras-para-parcelamento-dos-debitos-dos-entes-com-os-regimes-proprios\/","og_locale":"pt_BR","og_type":"article","og_title":"Minist\u00e9rio da Fazenda altera regras para parcelamento dos d\u00e9bitos dos entes com os regimes pr\u00f3prios - Sfhera Software","og_description":"Houve altera\u00e7\u00e3o no prazo de entrega do Demonstrativo de Aplica\u00e7\u00f5es e Investimentos de Recursos e nas exig\u00eancias para envio dos demonstrativos cont\u00e1beis.&hellip;","og_url":"https:\/\/sfhera.com.br\/blog\/ministerio-da-fazenda-altera-regras-para-parcelamento-dos-debitos-dos-entes-com-os-regimes-proprios\/","og_site_name":"Sfhera Software","article_publisher":"https:\/\/www.facebook.com\/sfhera","article_published_time":"2017-07-17T17:41:31+00:00","og_image":[{"width":2000,"height":1000,"url":"https:\/\/sfhera.com.br\/blog\/wp-content\/uploads\/2017\/07\/debito.jpg","type":"image\/jpeg"}],"author":"Sfhera Software","twitter_card":"summary_large_image","twitter_creator":"@sfhera","twitter_site":"@sfhera","twitter_misc":{"Escrito por":"Sfhera Software","Est. tempo de leitura":"2 minutos"},"schema":{"@context":"https:\/\/schema.org","@graph":[{"@type":"Article","@id":"https:\/\/sfhera.com.br\/blog\/ministerio-da-fazenda-altera-regras-para-parcelamento-dos-debitos-dos-entes-com-os-regimes-proprios\/#article","isPartOf":{"@id":"https:\/\/sfhera.com.br\/blog\/ministerio-da-fazenda-altera-regras-para-parcelamento-dos-debitos-dos-entes-com-os-regimes-proprios\/"},"author":{"name":"Sfhera Software","@id":"https:\/\/sfhera.com.br\/blog\/#\/schema\/person\/0a21d0c7b6b15bda9d9c072dde915f2a"},"headline":"Minist\u00e9rio da Fazenda altera regras para parcelamento dos d\u00e9bitos dos entes com os regimes pr\u00f3prios","datePublished":"2017-07-17T17:41:31+00:00","mainEntityOfPage":{"@id":"https:\/\/sfhera.com.br\/blog\/ministerio-da-fazenda-altera-regras-para-parcelamento-dos-debitos-dos-entes-com-os-regimes-proprios\/"},"wordCount":457,"publisher":{"@id":"https:\/\/sfhera.com.br\/blog\/#organization"},"image":{"@id":"https:\/\/sfhera.com.br\/blog\/ministerio-da-fazenda-altera-regras-para-parcelamento-dos-debitos-dos-entes-com-os-regimes-proprios\/#primaryimage"},"thumbnailUrl":"https:\/\/sfhera.com.br\/blog\/wp-content\/uploads\/2017\/07\/debito.jpg","keywords":["parcelamento de d\u00e9bitos"],"articleSection":["Legisla\u00e7\u00e3o Fiscal"],"inLanguage":"pt-BR"},{"@type":"WebPage","@id":"https:\/\/sfhera.com.br\/blog\/ministerio-da-fazenda-altera-regras-para-parcelamento-dos-debitos-dos-entes-com-os-regimes-proprios\/","url":"https:\/\/sfhera.com.br\/blog\/ministerio-da-fazenda-altera-regras-para-parcelamento-dos-debitos-dos-entes-com-os-regimes-proprios\/","name":"Minist\u00e9rio da Fazenda altera regras para parcelamento dos d\u00e9bitos dos entes com os regimes pr\u00f3prios - Sfhera Software","isPartOf":{"@id":"https:\/\/sfhera.com.br\/blog\/#website"},"primaryImageOfPage":{"@id":"https:\/\/sfhera.com.br\/blog\/ministerio-da-fazenda-altera-regras-para-parcelamento-dos-debitos-dos-entes-com-os-regimes-proprios\/#primaryimage"},"image":{"@id":"https:\/\/sfhera.com.br\/blog\/ministerio-da-fazenda-altera-regras-para-parcelamento-dos-debitos-dos-entes-com-os-regimes-proprios\/#primaryimage"},"thumbnailUrl":"https:\/\/sfhera.com.br\/blog\/wp-content\/uploads\/2017\/07\/debito.jpg","datePublished":"2017-07-17T17:41:31+00:00","breadcrumb":{"@id":"https:\/\/sfhera.com.br\/blog\/ministerio-da-fazenda-altera-regras-para-parcelamento-dos-debitos-dos-entes-com-os-regimes-proprios\/#breadcrumb"},"inLanguage":"pt-BR","potentialAction":[{"@type":"ReadAction","target":["https:\/\/sfhera.com.br\/blog\/ministerio-da-fazenda-altera-regras-para-parcelamento-dos-debitos-dos-entes-com-os-regimes-proprios\/"]}]},{"@type":"ImageObject","inLanguage":"pt-BR","@id":"https:\/\/sfhera.com.br\/blog\/ministerio-da-fazenda-altera-regras-para-parcelamento-dos-debitos-dos-entes-com-os-regimes-proprios\/#primaryimage","url":"https:\/\/sfhera.com.br\/blog\/wp-content\/uploads\/2017\/07\/debito.jpg","contentUrl":"https:\/\/sfhera.com.br\/blog\/wp-content\/uploads\/2017\/07\/debito.jpg","width":2000,"height":1000,"caption":"parcelamento de d\u00e9bitos"},{"@type":"BreadcrumbList","@id":"https:\/\/sfhera.com.br\/blog\/ministerio-da-fazenda-altera-regras-para-parcelamento-dos-debitos-dos-entes-com-os-regimes-proprios\/#breadcrumb","itemListElement":[{"@type":"ListItem","position":1,"name":"In\u00edcio","item":"https:\/\/sfhera.com.br\/blog\/"},{"@type":"ListItem","position":2,"name":"Minist\u00e9rio da Fazenda altera regras para parcelamento dos d\u00e9bitos dos entes com os regimes pr\u00f3prios"}]},{"@type":"WebSite","@id":"https:\/\/sfhera.com.br\/blog\/#website","url":"https:\/\/sfhera.com.br\/blog\/","name":"Sfhera Software","description":"Aplicativos de Gest\u00e3o para o Varejo","publisher":{"@id":"https:\/\/sfhera.com.br\/blog\/#organization"},"potentialAction":[{"@type":"SearchAction","target":{"@type":"EntryPoint","urlTemplate":"https:\/\/sfhera.com.br\/blog\/?s={search_term_string}"},"query-input":{"@type":"PropertyValueSpecification","valueRequired":true,"valueName":"search_term_string"}}],"inLanguage":"pt-BR"},{"@type":"Organization","@id":"https:\/\/sfhera.com.br\/blog\/#organization","name":"Sfhera Software","url":"https:\/\/sfhera.com.br\/blog\/","logo":{"@type":"ImageObject","inLanguage":"pt-BR","@id":"https:\/\/sfhera.com.br\/blog\/#\/schema\/logo\/image\/","url":"https:\/\/www.sfhera.com.br\/blog\/wp-content\/uploads\/2017\/06\/logo.png","contentUrl":"https:\/\/www.sfhera.com.br\/blog\/wp-content\/uploads\/2017\/06\/logo.png","width":200,"height":65,"caption":"Sfhera Software"},"image":{"@id":"https:\/\/sfhera.com.br\/blog\/#\/schema\/logo\/image\/"},"sameAs":["https:\/\/www.facebook.com\/sfhera","https:\/\/x.com\/sfhera","https:\/\/br.linkedin.com\/company\/sfhera-software"]},{"@type":"Person","@id":"https:\/\/sfhera.com.br\/blog\/#\/schema\/person\/0a21d0c7b6b15bda9d9c072dde915f2a","name":"Sfhera Software","image":{"@type":"ImageObject","inLanguage":"pt-BR","@id":"https:\/\/secure.gravatar.com\/avatar\/b1d1b13f14dd2dc5b3fb21e60579548fa4f79040171567f49ae19080fb354524?s=96&d=mm&r=g","url":"https:\/\/secure.gravatar.com\/avatar\/b1d1b13f14dd2dc5b3fb21e60579548fa4f79040171567f49ae19080fb354524?s=96&d=mm&r=g","contentUrl":"https:\/\/secure.gravatar.com\/avatar\/b1d1b13f14dd2dc5b3fb21e60579548fa4f79040171567f49ae19080fb354524?s=96&d=mm&r=g","caption":"Sfhera Software"},"url":"https:\/\/sfhera.com.br\/blog\/author\/admin\/"}]}},"_links":{"self":[{"href":"https:\/\/sfhera.com.br\/blog\/wp-json\/wp\/v2\/posts\/360","targetHints":{"allow":["GET"]}}],"collection":[{"href":"https:\/\/sfhera.com.br\/blog\/wp-json\/wp\/v2\/posts"}],"about":[{"href":"https:\/\/sfhera.com.br\/blog\/wp-json\/wp\/v2\/types\/post"}],"author":[{"embeddable":true,"href":"https:\/\/sfhera.com.br\/blog\/wp-json\/wp\/v2\/users\/1"}],"replies":[{"embeddable":true,"href":"https:\/\/sfhera.com.br\/blog\/wp-json\/wp\/v2\/comments?post=360"}],"version-history":[{"count":1,"href":"https:\/\/sfhera.com.br\/blog\/wp-json\/wp\/v2\/posts\/360\/revisions"}],"predecessor-version":[{"id":362,"href":"https:\/\/sfhera.com.br\/blog\/wp-json\/wp\/v2\/posts\/360\/revisions\/362"}],"wp:featuredmedia":[{"embeddable":true,"href":"https:\/\/sfhera.com.br\/blog\/wp-json\/wp\/v2\/media\/361"}],"wp:attachment":[{"href":"https:\/\/sfhera.com.br\/blog\/wp-json\/wp\/v2\/media?parent=360"}],"wp:term":[{"taxonomy":"category","embeddable":true,"href":"https:\/\/sfhera.com.br\/blog\/wp-json\/wp\/v2\/categories?post=360"},{"taxonomy":"post_tag","embeddable":true,"href":"https:\/\/sfhera.com.br\/blog\/wp-json\/wp\/v2\/tags?post=360"}],"curies":[{"name":"wp","href":"https:\/\/api.w.org\/{rel}","templated":true}]}}