{"id":366,"date":"2017-07-18T10:12:53","date_gmt":"2017-07-18T13:12:53","guid":{"rendered":"https:\/\/sfhera.com.br\/blog\/?p=366"},"modified":"2017-07-18T10:12:53","modified_gmt":"2017-07-18T13:12:53","slug":"varejo-se-prepara-para-vender-casa-conectada","status":"publish","type":"post","link":"https:\/\/sfhera.com.br\/blog\/varejo-se-prepara-para-vender-casa-conectada\/","title":{"rendered":"Varejo se prepara para vender \u2018casa conectada\u2019"},"content":{"rendered":"<h3 class=\"article-subtitle\">Feira de eletroeletr\u00f4nicos apresenta prot\u00f3tipo de casa conectada e dados do setor; venda de TVs cresce com desligamento de sinal anal\u00f3gico.<\/h3>\n<p>Ligar ou desligar a luz com a voz, controlar portas e janelas pelo celular, conectar eletrodom\u00e9sticos \u00e0 nuvem. Parece inevit\u00e1vel que a\u00a0<strong>Internet das Coisas<\/strong>\u00a0(IoT, sigla para Internet of Things) ganhe espa\u00e7o nos lares brasileiros. A pergunta \u00e9: quando? E a que pre\u00e7o?<\/p>\n<p>\u201cEsse \u2018futuro\u2019 j\u00e1 \u00e9 real nos Estados Unidos. Acreditamos que isso comece forte no Brasil a partir de 2019\u201d, afirma\u00a0Rafael Assa, diretor executivo da Alfacomex, importadora e distribuidora do segmento eletr\u00f4nico.<\/p>\n<p>A empresa apresenta um prot\u00f3tipo de casa conectada durante a\u00a012\u00aa\u00a0<strong><span class=\"il\">Eletrolar<\/span>\u00a0<\/strong><span class=\"il\"><strong>Show<\/strong>, feira da ind\u00fastria e do varejo de e<\/span>letroeletr\u00f4nicos, eletrodom\u00e9sticos, celulares e tecnologia da informa\u00e7\u00e3o que come\u00e7a nesta segunda-feira em S\u00e3o Paulo.<\/p>\n<p>No projeto, a Alfacomex exibe uma s\u00e9rie de produtos desenvolvidos para funcionar com o sistema operacional da Apple. S\u00e3o sensores de movimento, de fuma\u00e7a, c\u00e2meras, ilumina\u00e7\u00e3o e controladores de acesso de marcas distintas, mas que podem ser controlados pelo aplicativo HomeKit.<\/p>\n<p>\u201cA pessoa consegue criar v\u00e1rios cen\u00e1rios. Por exemplo, programar para que quando um sensor de porta seja acionado, uma c\u00e2mera e a ilumina\u00e7\u00e3o sejam ligadas\u201d, explica Assa.<\/p>\n<p>A l\u00e2mpada Hue, da Philips, que integra o sistema, j\u00e1 \u00e9 comercializada, mas outros produtos, como sensores e fechaduras, devem chegar ao mercado em agosto.<\/p>\n<p>Segundo Assa, a automa\u00e7\u00e3o \u201cainda est\u00e1 destinada a um p\u00fablico AA, porque s\u00e3o produtos caros\u201d, mas isso pode mudar.<\/p>\n<p>\u201cN\u00e3o \u00e9 que os itens do HomeKit sejam baratos, mas s\u00e3o produtos de f\u00e1cil instala\u00e7\u00e3o, e a pessoa pode ir comprando gradativamente, priorizando aquilo que \u00e9 mais importante para ela. \u00c9 o come\u00e7o da automa\u00e7\u00e3o sendo vendida no varejo. A empresas est\u00e3o em uma corrida para desenvolver produtos dentro desse formato, porque sabem que h\u00e1 potencial para ser algo de larga escala, e n\u00e3o mais t\u00e3o de nicho\u201d, afirma Assa.<\/p>\n<p>Em 2016, o pequeno setor de automa\u00e7\u00e3o residencial e predial brasileiro demonstrou estabilidade, apesar da crise. Uma\u00a0pesquisa da Associa\u00e7\u00e3o Brasileira de Automa\u00e7\u00e3o Residencial e Predial (Aureside) feita com 160 empresas do segmento apontou que para metade delas (53,2%) o n\u00edvel de neg\u00f3cios ficou estacionado em rela\u00e7\u00e3o ao ano anterior, enquanto para 24,1% diminuiu, e para 22,8%, aumentou.<\/p>\n<p>A Aureside estima que apenas 3% das casas brasileiras sejam automatizadas \u2014n\u00edvel que ficaria entre 20% e 25% em pa\u00edses europeus e nos Estados Unidos.<\/p>\n<p>Os itens conectados ao HomeKit podem ser comprados separadamente, mas o kit completo apresentado pela Alfacomex custaria cerca de R$ 5.000.<\/p>\n<section class=\"article-content\">\n<h3>P\u00e9 no ch\u00e3o<\/h3>\n<p>Para segmentos de eletroeletr\u00f4nicos j\u00e1 consolidados, o primeiro semestre de 2017 foi de resist\u00eancia\u00a0diante do cen\u00e1rio pol\u00edtico e econ\u00f4mico turbulento no Brasil.<\/p>\n<p>O volume de vendas do setor aumentou 18,5% na primeira metade deste ano, na compara\u00e7\u00e3o com o mesmo per\u00edodo de 2016. S\u00f3 a comercializa\u00e7\u00e3o de televisores cresceu 30,3%.<\/p>\n<p>\u201cO aumento se explica, em parte, pela melhoria do cen\u00e1rio para o consumo e, em parte, pelo desejo da popula\u00e7\u00e3o de se antecipar ao desligamento do sinal anal\u00f3gico no pa\u00eds\u201d, explica Lourival Ki\u00e7ula, presidente da Associa\u00e7\u00e3o Nacional de Fabricantes de Produtos Eletroeletr\u00f4nicos, a Eletros.<\/p>\n<p>Na linha de port\u00e1teis, foram vendidas 26,5 milh\u00f5es de unidades em 2017, volume 23% superior ao de 2016.\u00a0J\u00e1 a linha branca teve uma retra\u00e7\u00e3o de 2,97%, na mesma base de compara\u00e7\u00e3o.<\/p>\n<p>Outro dado reflete as expectativas dos fabricantes de eletroeletr\u00f4nicos para os pr\u00f3ximos meses. Segundo pesquisa da Eletros, em junho, 36,7% dos produtores afirmaram estar otimistas que 2017 ser\u00e1 melhor do que o ano passado. Em janeiro, 25% dos entrevistados mostraram a mesma confian\u00e7a.<\/p>\n<p>\u201cCom a manuten\u00e7\u00e3o da agenda de reformas positivas, acreditamos que o segundo semestre poderia ser ainda melhor\u201d, afirma Ki\u00e7ula.<\/p>\n<p>Os dados foram apresentados pela associa\u00e7\u00e3o durante a Eletrolar Show, que \u00e9 voltada para profissionais do setor e segue aberta at\u00e9 quinta-feira no\u00a0Transamerica Expo Center.<\/p>\n<p>Fonte: Veja.com<\/p>\n<\/section>\n","protected":false},"excerpt":{"rendered":"<p>Feira de eletroeletr\u00f4nicos apresenta prot\u00f3tipo de casa conectada e dados do setor; venda de TVs cresce com desligamento de sinal anal\u00f3gico. Ligar&hellip;<\/p>\n","protected":false},"author":1,"featured_media":367,"comment_status":"closed","ping_status":"open","sticky":false,"template":"","format":"standard","meta":{"footnotes":""},"categories":[1,3,5],"tags":[18,187,188],"class_list":["post-366","post","type-post","status-publish","format-standard","has-post-thumbnail","hentry","category-novidades","category-empreendorismo","category-tecnologia","tag-tecnologia","tag-casa-conectada","tag-assa"],"yoast_head":"<!-- This site is optimized with the Yoast SEO plugin v27.5 - https:\/\/yoast.com\/product\/yoast-seo-wordpress\/ -->\n<title>Varejo se prepara para vender \u2018casa conectada\u2019 - Sfhera Software<\/title>\n<meta name=\"robots\" content=\"index, follow, max-snippet:-1, max-image-preview:large, max-video-preview:-1\" \/>\n<link rel=\"canonical\" href=\"https:\/\/sfhera.com.br\/blog\/varejo-se-prepara-para-vender-casa-conectada\/\" \/>\n<meta property=\"og:locale\" content=\"pt_BR\" \/>\n<meta property=\"og:type\" content=\"article\" \/>\n<meta property=\"og:title\" content=\"Varejo se prepara para vender \u2018casa conectada\u2019 - Sfhera Software\" \/>\n<meta property=\"og:description\" content=\"Feira de eletroeletr\u00f4nicos apresenta prot\u00f3tipo de casa conectada e dados do setor; venda de TVs cresce com desligamento de sinal anal\u00f3gico. Ligar&hellip;\" \/>\n<meta property=\"og:url\" content=\"https:\/\/sfhera.com.br\/blog\/varejo-se-prepara-para-vender-casa-conectada\/\" \/>\n<meta property=\"og:site_name\" content=\"Sfhera Software\" \/>\n<meta property=\"article:publisher\" content=\"https:\/\/www.facebook.com\/sfhera\" \/>\n<meta property=\"article:published_time\" content=\"2017-07-18T13:12:53+00:00\" \/>\n<meta property=\"og:image\" content=\"https:\/\/sfhera.com.br\/blog\/wp-content\/uploads\/2017\/07\/437a0951-2-dewen.jpg\" \/>\n\t<meta property=\"og:image:width\" content=\"920\" \/>\n\t<meta property=\"og:image:height\" content=\"613\" \/>\n\t<meta property=\"og:image:type\" content=\"image\/jpeg\" \/>\n<meta name=\"author\" content=\"Sfhera Software\" \/>\n<meta name=\"twitter:card\" content=\"summary_large_image\" \/>\n<meta name=\"twitter:creator\" content=\"@sfhera\" \/>\n<meta name=\"twitter:site\" content=\"@sfhera\" \/>\n<meta name=\"twitter:label1\" content=\"Escrito por\" \/>\n\t<meta name=\"twitter:data1\" content=\"Sfhera Software\" \/>\n\t<meta name=\"twitter:label2\" content=\"Est. tempo de leitura\" \/>\n\t<meta name=\"twitter:data2\" content=\"3 minutos\" \/>\n<script type=\"application\/ld+json\" class=\"yoast-schema-graph\">{\"@context\":\"https:\\\/\\\/schema.org\",\"@graph\":[{\"@type\":\"Article\",\"@id\":\"https:\\\/\\\/sfhera.com.br\\\/blog\\\/varejo-se-prepara-para-vender-casa-conectada\\\/#article\",\"isPartOf\":{\"@id\":\"https:\\\/\\\/sfhera.com.br\\\/blog\\\/varejo-se-prepara-para-vender-casa-conectada\\\/\"},\"author\":{\"name\":\"Sfhera Software\",\"@id\":\"https:\\\/\\\/sfhera.com.br\\\/blog\\\/#\\\/schema\\\/person\\\/0a21d0c7b6b15bda9d9c072dde915f2a\"},\"headline\":\"Varejo se prepara para vender \u2018casa conectada\u2019\",\"datePublished\":\"2017-07-18T13:12:53+00:00\",\"mainEntityOfPage\":{\"@id\":\"https:\\\/\\\/sfhera.com.br\\\/blog\\\/varejo-se-prepara-para-vender-casa-conectada\\\/\"},\"wordCount\":685,\"publisher\":{\"@id\":\"https:\\\/\\\/sfhera.com.br\\\/blog\\\/#organization\"},\"image\":{\"@id\":\"https:\\\/\\\/sfhera.com.br\\\/blog\\\/varejo-se-prepara-para-vender-casa-conectada\\\/#primaryimage\"},\"thumbnailUrl\":\"https:\\\/\\\/sfhera.com.br\\\/blog\\\/wp-content\\\/uploads\\\/2017\\\/07\\\/437a0951-2-dewen.jpg\",\"keywords\":[\"tecnologia\",\"casa conectada\",\"assa\"],\"articleSection\":[\"Novidades\",\"Empreendedorismo\",\"Tecnologia\"],\"inLanguage\":\"pt-BR\"},{\"@type\":\"WebPage\",\"@id\":\"https:\\\/\\\/sfhera.com.br\\\/blog\\\/varejo-se-prepara-para-vender-casa-conectada\\\/\",\"url\":\"https:\\\/\\\/sfhera.com.br\\\/blog\\\/varejo-se-prepara-para-vender-casa-conectada\\\/\",\"name\":\"Varejo se prepara para vender \u2018casa conectada\u2019 - Sfhera Software\",\"isPartOf\":{\"@id\":\"https:\\\/\\\/sfhera.com.br\\\/blog\\\/#website\"},\"primaryImageOfPage\":{\"@id\":\"https:\\\/\\\/sfhera.com.br\\\/blog\\\/varejo-se-prepara-para-vender-casa-conectada\\\/#primaryimage\"},\"image\":{\"@id\":\"https:\\\/\\\/sfhera.com.br\\\/blog\\\/varejo-se-prepara-para-vender-casa-conectada\\\/#primaryimage\"},\"thumbnailUrl\":\"https:\\\/\\\/sfhera.com.br\\\/blog\\\/wp-content\\\/uploads\\\/2017\\\/07\\\/437a0951-2-dewen.jpg\",\"datePublished\":\"2017-07-18T13:12:53+00:00\",\"breadcrumb\":{\"@id\":\"https:\\\/\\\/sfhera.com.br\\\/blog\\\/varejo-se-prepara-para-vender-casa-conectada\\\/#breadcrumb\"},\"inLanguage\":\"pt-BR\",\"potentialAction\":[{\"@type\":\"ReadAction\",\"target\":[\"https:\\\/\\\/sfhera.com.br\\\/blog\\\/varejo-se-prepara-para-vender-casa-conectada\\\/\"]}]},{\"@type\":\"ImageObject\",\"inLanguage\":\"pt-BR\",\"@id\":\"https:\\\/\\\/sfhera.com.br\\\/blog\\\/varejo-se-prepara-para-vender-casa-conectada\\\/#primaryimage\",\"url\":\"https:\\\/\\\/sfhera.com.br\\\/blog\\\/wp-content\\\/uploads\\\/2017\\\/07\\\/437a0951-2-dewen.jpg\",\"contentUrl\":\"https:\\\/\\\/sfhera.com.br\\\/blog\\\/wp-content\\\/uploads\\\/2017\\\/07\\\/437a0951-2-dewen.jpg\",\"width\":920,\"height\":613,\"caption\":\"casa conectada\"},{\"@type\":\"BreadcrumbList\",\"@id\":\"https:\\\/\\\/sfhera.com.br\\\/blog\\\/varejo-se-prepara-para-vender-casa-conectada\\\/#breadcrumb\",\"itemListElement\":[{\"@type\":\"ListItem\",\"position\":1,\"name\":\"In\u00edcio\",\"item\":\"https:\\\/\\\/sfhera.com.br\\\/blog\\\/\"},{\"@type\":\"ListItem\",\"position\":2,\"name\":\"Varejo se prepara para vender \u2018casa conectada\u2019\"}]},{\"@type\":\"WebSite\",\"@id\":\"https:\\\/\\\/sfhera.com.br\\\/blog\\\/#website\",\"url\":\"https:\\\/\\\/sfhera.com.br\\\/blog\\\/\",\"name\":\"Sfhera Software\",\"description\":\"Aplicativos de Gest\u00e3o para o Varejo\",\"publisher\":{\"@id\":\"https:\\\/\\\/sfhera.com.br\\\/blog\\\/#organization\"},\"potentialAction\":[{\"@type\":\"SearchAction\",\"target\":{\"@type\":\"EntryPoint\",\"urlTemplate\":\"https:\\\/\\\/sfhera.com.br\\\/blog\\\/?s={search_term_string}\"},\"query-input\":{\"@type\":\"PropertyValueSpecification\",\"valueRequired\":true,\"valueName\":\"search_term_string\"}}],\"inLanguage\":\"pt-BR\"},{\"@type\":\"Organization\",\"@id\":\"https:\\\/\\\/sfhera.com.br\\\/blog\\\/#organization\",\"name\":\"Sfhera Software\",\"url\":\"https:\\\/\\\/sfhera.com.br\\\/blog\\\/\",\"logo\":{\"@type\":\"ImageObject\",\"inLanguage\":\"pt-BR\",\"@id\":\"https:\\\/\\\/sfhera.com.br\\\/blog\\\/#\\\/schema\\\/logo\\\/image\\\/\",\"url\":\"https:\\\/\\\/www.sfhera.com.br\\\/blog\\\/wp-content\\\/uploads\\\/2017\\\/06\\\/logo.png\",\"contentUrl\":\"https:\\\/\\\/www.sfhera.com.br\\\/blog\\\/wp-content\\\/uploads\\\/2017\\\/06\\\/logo.png\",\"width\":200,\"height\":65,\"caption\":\"Sfhera Software\"},\"image\":{\"@id\":\"https:\\\/\\\/sfhera.com.br\\\/blog\\\/#\\\/schema\\\/logo\\\/image\\\/\"},\"sameAs\":[\"https:\\\/\\\/www.facebook.com\\\/sfhera\",\"https:\\\/\\\/x.com\\\/sfhera\",\"https:\\\/\\\/br.linkedin.com\\\/company\\\/sfhera-software\"]},{\"@type\":\"Person\",\"@id\":\"https:\\\/\\\/sfhera.com.br\\\/blog\\\/#\\\/schema\\\/person\\\/0a21d0c7b6b15bda9d9c072dde915f2a\",\"name\":\"Sfhera Software\",\"image\":{\"@type\":\"ImageObject\",\"inLanguage\":\"pt-BR\",\"@id\":\"https:\\\/\\\/secure.gravatar.com\\\/avatar\\\/b1d1b13f14dd2dc5b3fb21e60579548fa4f79040171567f49ae19080fb354524?s=96&d=mm&r=g\",\"url\":\"https:\\\/\\\/secure.gravatar.com\\\/avatar\\\/b1d1b13f14dd2dc5b3fb21e60579548fa4f79040171567f49ae19080fb354524?s=96&d=mm&r=g\",\"contentUrl\":\"https:\\\/\\\/secure.gravatar.com\\\/avatar\\\/b1d1b13f14dd2dc5b3fb21e60579548fa4f79040171567f49ae19080fb354524?s=96&d=mm&r=g\",\"caption\":\"Sfhera Software\"},\"url\":\"https:\\\/\\\/sfhera.com.br\\\/blog\\\/author\\\/admin\\\/\"}]}<\/script>\n<!-- \/ Yoast SEO plugin. -->","yoast_head_json":{"title":"Varejo se prepara para vender \u2018casa conectada\u2019 - Sfhera Software","robots":{"index":"index","follow":"follow","max-snippet":"max-snippet:-1","max-image-preview":"max-image-preview:large","max-video-preview":"max-video-preview:-1"},"canonical":"https:\/\/sfhera.com.br\/blog\/varejo-se-prepara-para-vender-casa-conectada\/","og_locale":"pt_BR","og_type":"article","og_title":"Varejo se prepara para vender \u2018casa conectada\u2019 - Sfhera Software","og_description":"Feira de eletroeletr\u00f4nicos apresenta prot\u00f3tipo de casa conectada e dados do setor; venda de TVs cresce com desligamento de sinal anal\u00f3gico. Ligar&hellip;","og_url":"https:\/\/sfhera.com.br\/blog\/varejo-se-prepara-para-vender-casa-conectada\/","og_site_name":"Sfhera Software","article_publisher":"https:\/\/www.facebook.com\/sfhera","article_published_time":"2017-07-18T13:12:53+00:00","og_image":[{"width":920,"height":613,"url":"https:\/\/sfhera.com.br\/blog\/wp-content\/uploads\/2017\/07\/437a0951-2-dewen.jpg","type":"image\/jpeg"}],"author":"Sfhera Software","twitter_card":"summary_large_image","twitter_creator":"@sfhera","twitter_site":"@sfhera","twitter_misc":{"Escrito por":"Sfhera Software","Est. tempo de leitura":"3 minutos"},"schema":{"@context":"https:\/\/schema.org","@graph":[{"@type":"Article","@id":"https:\/\/sfhera.com.br\/blog\/varejo-se-prepara-para-vender-casa-conectada\/#article","isPartOf":{"@id":"https:\/\/sfhera.com.br\/blog\/varejo-se-prepara-para-vender-casa-conectada\/"},"author":{"name":"Sfhera Software","@id":"https:\/\/sfhera.com.br\/blog\/#\/schema\/person\/0a21d0c7b6b15bda9d9c072dde915f2a"},"headline":"Varejo se prepara para vender \u2018casa conectada\u2019","datePublished":"2017-07-18T13:12:53+00:00","mainEntityOfPage":{"@id":"https:\/\/sfhera.com.br\/blog\/varejo-se-prepara-para-vender-casa-conectada\/"},"wordCount":685,"publisher":{"@id":"https:\/\/sfhera.com.br\/blog\/#organization"},"image":{"@id":"https:\/\/sfhera.com.br\/blog\/varejo-se-prepara-para-vender-casa-conectada\/#primaryimage"},"thumbnailUrl":"https:\/\/sfhera.com.br\/blog\/wp-content\/uploads\/2017\/07\/437a0951-2-dewen.jpg","keywords":["tecnologia","casa conectada","assa"],"articleSection":["Novidades","Empreendedorismo","Tecnologia"],"inLanguage":"pt-BR"},{"@type":"WebPage","@id":"https:\/\/sfhera.com.br\/blog\/varejo-se-prepara-para-vender-casa-conectada\/","url":"https:\/\/sfhera.com.br\/blog\/varejo-se-prepara-para-vender-casa-conectada\/","name":"Varejo se prepara para vender \u2018casa conectada\u2019 - Sfhera Software","isPartOf":{"@id":"https:\/\/sfhera.com.br\/blog\/#website"},"primaryImageOfPage":{"@id":"https:\/\/sfhera.com.br\/blog\/varejo-se-prepara-para-vender-casa-conectada\/#primaryimage"},"image":{"@id":"https:\/\/sfhera.com.br\/blog\/varejo-se-prepara-para-vender-casa-conectada\/#primaryimage"},"thumbnailUrl":"https:\/\/sfhera.com.br\/blog\/wp-content\/uploads\/2017\/07\/437a0951-2-dewen.jpg","datePublished":"2017-07-18T13:12:53+00:00","breadcrumb":{"@id":"https:\/\/sfhera.com.br\/blog\/varejo-se-prepara-para-vender-casa-conectada\/#breadcrumb"},"inLanguage":"pt-BR","potentialAction":[{"@type":"ReadAction","target":["https:\/\/sfhera.com.br\/blog\/varejo-se-prepara-para-vender-casa-conectada\/"]}]},{"@type":"ImageObject","inLanguage":"pt-BR","@id":"https:\/\/sfhera.com.br\/blog\/varejo-se-prepara-para-vender-casa-conectada\/#primaryimage","url":"https:\/\/sfhera.com.br\/blog\/wp-content\/uploads\/2017\/07\/437a0951-2-dewen.jpg","contentUrl":"https:\/\/sfhera.com.br\/blog\/wp-content\/uploads\/2017\/07\/437a0951-2-dewen.jpg","width":920,"height":613,"caption":"casa conectada"},{"@type":"BreadcrumbList","@id":"https:\/\/sfhera.com.br\/blog\/varejo-se-prepara-para-vender-casa-conectada\/#breadcrumb","itemListElement":[{"@type":"ListItem","position":1,"name":"In\u00edcio","item":"https:\/\/sfhera.com.br\/blog\/"},{"@type":"ListItem","position":2,"name":"Varejo se prepara para vender \u2018casa conectada\u2019"}]},{"@type":"WebSite","@id":"https:\/\/sfhera.com.br\/blog\/#website","url":"https:\/\/sfhera.com.br\/blog\/","name":"Sfhera Software","description":"Aplicativos de Gest\u00e3o para o Varejo","publisher":{"@id":"https:\/\/sfhera.com.br\/blog\/#organization"},"potentialAction":[{"@type":"SearchAction","target":{"@type":"EntryPoint","urlTemplate":"https:\/\/sfhera.com.br\/blog\/?s={search_term_string}"},"query-input":{"@type":"PropertyValueSpecification","valueRequired":true,"valueName":"search_term_string"}}],"inLanguage":"pt-BR"},{"@type":"Organization","@id":"https:\/\/sfhera.com.br\/blog\/#organization","name":"Sfhera Software","url":"https:\/\/sfhera.com.br\/blog\/","logo":{"@type":"ImageObject","inLanguage":"pt-BR","@id":"https:\/\/sfhera.com.br\/blog\/#\/schema\/logo\/image\/","url":"https:\/\/www.sfhera.com.br\/blog\/wp-content\/uploads\/2017\/06\/logo.png","contentUrl":"https:\/\/www.sfhera.com.br\/blog\/wp-content\/uploads\/2017\/06\/logo.png","width":200,"height":65,"caption":"Sfhera Software"},"image":{"@id":"https:\/\/sfhera.com.br\/blog\/#\/schema\/logo\/image\/"},"sameAs":["https:\/\/www.facebook.com\/sfhera","https:\/\/x.com\/sfhera","https:\/\/br.linkedin.com\/company\/sfhera-software"]},{"@type":"Person","@id":"https:\/\/sfhera.com.br\/blog\/#\/schema\/person\/0a21d0c7b6b15bda9d9c072dde915f2a","name":"Sfhera Software","image":{"@type":"ImageObject","inLanguage":"pt-BR","@id":"https:\/\/secure.gravatar.com\/avatar\/b1d1b13f14dd2dc5b3fb21e60579548fa4f79040171567f49ae19080fb354524?s=96&d=mm&r=g","url":"https:\/\/secure.gravatar.com\/avatar\/b1d1b13f14dd2dc5b3fb21e60579548fa4f79040171567f49ae19080fb354524?s=96&d=mm&r=g","contentUrl":"https:\/\/secure.gravatar.com\/avatar\/b1d1b13f14dd2dc5b3fb21e60579548fa4f79040171567f49ae19080fb354524?s=96&d=mm&r=g","caption":"Sfhera Software"},"url":"https:\/\/sfhera.com.br\/blog\/author\/admin\/"}]}},"_links":{"self":[{"href":"https:\/\/sfhera.com.br\/blog\/wp-json\/wp\/v2\/posts\/366","targetHints":{"allow":["GET"]}}],"collection":[{"href":"https:\/\/sfhera.com.br\/blog\/wp-json\/wp\/v2\/posts"}],"about":[{"href":"https:\/\/sfhera.com.br\/blog\/wp-json\/wp\/v2\/types\/post"}],"author":[{"embeddable":true,"href":"https:\/\/sfhera.com.br\/blog\/wp-json\/wp\/v2\/users\/1"}],"replies":[{"embeddable":true,"href":"https:\/\/sfhera.com.br\/blog\/wp-json\/wp\/v2\/comments?post=366"}],"version-history":[{"count":1,"href":"https:\/\/sfhera.com.br\/blog\/wp-json\/wp\/v2\/posts\/366\/revisions"}],"predecessor-version":[{"id":368,"href":"https:\/\/sfhera.com.br\/blog\/wp-json\/wp\/v2\/posts\/366\/revisions\/368"}],"wp:featuredmedia":[{"embeddable":true,"href":"https:\/\/sfhera.com.br\/blog\/wp-json\/wp\/v2\/media\/367"}],"wp:attachment":[{"href":"https:\/\/sfhera.com.br\/blog\/wp-json\/wp\/v2\/media?parent=366"}],"wp:term":[{"taxonomy":"category","embeddable":true,"href":"https:\/\/sfhera.com.br\/blog\/wp-json\/wp\/v2\/categories?post=366"},{"taxonomy":"post_tag","embeddable":true,"href":"https:\/\/sfhera.com.br\/blog\/wp-json\/wp\/v2\/tags?post=366"}],"curies":[{"name":"wp","href":"https:\/\/api.w.org\/{rel}","templated":true}]}}