{"id":397,"date":"2017-07-24T09:32:55","date_gmt":"2017-07-24T12:32:55","guid":{"rendered":"https:\/\/sfhera.com.br\/blog\/?p=397"},"modified":"2017-07-24T09:32:55","modified_gmt":"2017-07-24T12:32:55","slug":"aumento-de-impostos-nao-deve-impactar-inflacao-afirmam-consultorias","status":"publish","type":"post","link":"https:\/\/sfhera.com.br\/blog\/aumento-de-impostos-nao-deve-impactar-inflacao-afirmam-consultorias\/","title":{"rendered":"Aumento de impostos n\u00e3o deve impactar infla\u00e7\u00e3o, afirmam consultorias"},"content":{"rendered":"<h2 class=\"subtitulo\">Estudo divulgado no dia em que aumento de tributos passou a vigorar mostra tamb\u00e9m um crescimento entre brasileiros que reconhecem pagar impostos<\/h2>\n<p>A eleva\u00e7\u00e3o de impostos sobre os combust\u00edveis, que entrou em vigor na \u00fatlima sexta-feira (21), ter\u00e1 impacto de forma moment\u00e2nea sobre a infla\u00e7\u00e3o, fazendo com que o \u00cdndice Nacional de Pre\u00e7os ao Consumidor Amplo (IPCA) n\u00e3o feche o ano acima do centro da meta, de 4,5%. A avalia\u00e7\u00e3o \u00e9 de consultorias e de especialistas.<\/p>\n<p>Apesar de haver varia\u00e7\u00e3o nas proje\u00e7\u00f5es, a infla\u00e7\u00e3o oficial dever\u00e1 encerrar 2017 quase um ponto percentual abaixo do centro da meta. O aumento dos\u00a0<strong>impostos<\/strong>do Programa de Integra\u00e7\u00e3o Social (PIS) e da Contribui\u00e7\u00e3o para o Financiamento da Seguridade Social (Cofins) sobre a gasolina, o etanol e o diesel tem efeito cascata sobre outros pre\u00e7os, como frete, transporte p\u00fablico e alimenta\u00e7\u00e3o. Mesmo assim, os economistas avaliam que o impacto ser\u00e1 marginal na infla\u00e7\u00e3o do ano.<\/p>\n<p>Por meio de relat\u00f3rio, a Tend\u00eancias Consultoria informou que o reajuste de tributos ter\u00e1 impacto de 0,63 ponto percentual no IPCA em julho e agosto. Para 2017, a estimativa para o IPCA passou de 3,6% para 3,8%.<\/p>\n<p>Apesar do aumento de impostos sobre combust\u00edveis, consultorias acreditam que infla\u00e7\u00e3o fechar\u00e1 2017 no centro da meta<\/p>\n<p>De acordo com outras proje\u00e7\u00f5es, o efeito da medida \u00e9 tempor\u00e1rio e a press\u00e3o sobre o n\u00edvel geral de pre\u00e7os se diluir\u00e1 nos pr\u00f3ximos meses. O banco de investimentos Haitong alterou a estimativa de infla\u00e7\u00e3o para este ano de 3,6% para 3,7% ap\u00f3s o reajuste dos combust\u00edveis.<\/p>\n<p>Para o Instituto Brasileiro de Economia da Funda\u00e7\u00e3o Getulio Vargas (Ibre\/FGV), a infla\u00e7\u00e3o oficial dever\u00e1 fechar o ano entre 3,3% e 3,5%. De acordo com a entidade, as novas al\u00edquotas sobre a gasolina, o diesel e o etanol ter\u00e3o impacto de 0,4 ponto percentual sobre o IPCA, mesmo com a influ\u00eancia indireta sobre outros setores da economia.<\/p>\n<p>Na pr\u00f3xima segunda-feira (24), o Banco Central, divulgar\u00e1 a nova previs\u00e3o das institui\u00e7\u00f5es financeiras para a infla\u00e7\u00e3o oficial este ano. At\u00e9 esta semana, o Boletim Focus, pesquisa semanal feita pela autoridade monet\u00e1ria com especialistas de mercado, apontava estimativa de 3,29% para o IPCA este ano, pr\u00f3ximo do piso da meta: 3%. O aumento dos\u00a0<strong>combust\u00edveis<\/strong>\u00a0veio em um momento em que a infla\u00e7\u00e3o est\u00e1 em queda.<\/p>\n<p>No per\u00edodo de 12 meses encerrado em junho, o IPCA acumulava 3%, no n\u00edvel mais baixo da hist\u00f3ria, registrando varia\u00e7\u00e3o negativa para o m\u00eas de 0,23%. Ontem (20), o Instituto Brasileiro de Geografia e Estat\u00edstica (IBGE) divulgou que o IPCA-15, que funciona como pr\u00e9via da\u00a0<strong>infla\u00e7\u00e3o<\/strong>\u00a0oficial, registrou 2,78% no acumulado de 12 meses terminados em julho e defla\u00e7\u00e3o no m\u00eas de 0,18%, a menor taxa em quase 20 anos.<\/p>\n<p>Brasileiro reconhece pagar tributos<\/p>\n<p>A pesquisa nacional da Federa\u00e7\u00e3o do Com\u00e9rcio do Estado do Rio de Janeiro (Fecom\u00e9rcio-RJ) e do Instituto Ipsos, tamb\u00e9m divulgada na \u00faltima sexta-feira, mostra que 79% dos brasileiros consultados reconhecem pagar tributos. Esse \u00e9 o maior n\u00edvel registrado na s\u00e9rie hist\u00f3rica da sondagem, iniciada em 2007, quando o n\u00famero atingiu 45%. Segundo o levantamento, oito em cada dez pessoas atualmente t\u00eam essa consci\u00eancia.<\/p>\n<p>O estudo foi realizado ao longo dos 13 primeiros dias de maio, com amostra de 1,2 mil entrevistados em S\u00e3o Paulo, Rio de Janeiro, Bras\u00edlia, Salvador, Recife, Porto Alegre, Belo Horizonte, Florian\u00f3polis e outros 64 munic\u00edpios brasileiros.<\/p>\n<p>Christian Travassos, gerente de economia da Fecom\u00e9rcio-RJ, afirmou que a percep\u00e7\u00e3o \u00e9 crescente no Pa\u00eds quanto ao pagamento de tributos. \u201cS\u00e3o dez anos de pesquisa e, a cada ano, a gente percebe uma consci\u00eancia maior\u201d. Ele destacou que dois fatores contribuem para isso. O primeiro \u00e9 a informa\u00e7\u00e3o. \u201cO brasileiro passou a discutir temas como esses nas redes sociais. Hoje as pessoas est\u00e3o mais bem informadas sobre o que impacta no seu dia a dia\u201d.<\/p>\n<p>O segundo fator \u00e9 o maior acesso da popula\u00e7\u00e3o a bens, como ve\u00edculos e im\u00f3veis. \u201cTem mais brasileiros hoje que pagam impostos como o IPTU (Imposto Predial e Territorial Urbano), IPVA (Imposto sobre a Propriedade de Ve\u00edculos Automotores) e Imposto de Renda\u201d, disse o economista.<\/p>\n<p>Na pesquisa, Fecom\u00e9rcio-RJ e Ipsos tamb\u00e9m mostram que, entre os que reconhecem o pagamento, 48% s\u00e3o homens e 52% mulheres. Do total consultado, 51% disseram ter ensino m\u00e9dio e superior, enquanto 44% t\u00eam ensino fundamental e 5% n\u00e3o t\u00eam instru\u00e7\u00e3o. A divis\u00e3o por classe econ\u00f4mica indica que o maior percentual de brasileiros que reconhecem pagar tributos pertence \u00e0s classes A e B (87%). O \u00edndice cai para 79% na classe C e para 69% nas classes D e E.<\/p>\n<p>Travassos observou que quanto maior a informa\u00e7\u00e3o e o n\u00edvel de ensino e renda das pessoas, maior a probabilidade de pagar IPVA e Imposto de Renda. Ele lembrou que mesmo as pessoas sem instru\u00e7\u00e3o pagam tributos quando consomem produtos e servi\u00e7os.<\/p>\n<p>Entre os entrevistados, 66% disseram estar conscientes do pagamento de tributos municipais, como IPTU e taxas de ilumina\u00e7\u00e3o e lixo; 58% citaram taxas sobre produtos e servi\u00e7os e 37% os tributos estaduais, como IPVA. Os tributos federais, como Imposto de Renda, foram citados por 12%.<\/p>\n<p>Segundo Traveassos disse que o brasileiro lembra do pagamento do imposto quando estimulado. Nesse caso, 96% reconhecem o pagamento de impostos na conta de energia; 95% identificam os tributos na compra de alimentos. H\u00e1 consci\u00eancia tamb\u00e9m sobre o pagamento de tributos nos setores de telefonia (92%), vestu\u00e1rio (91%), higiene (89%), servi\u00e7os pessoais (87%), servi\u00e7os banc\u00e1rios (86%), produtos de sa\u00fade (86%), combust\u00edveis (83%) e habita\u00e7\u00e3o (83%).<\/p>\n<p>Fonte: Contadores.cnt.br<\/p>\n","protected":false},"excerpt":{"rendered":"<p>Estudo divulgado no dia em que aumento de tributos passou a vigorar mostra tamb\u00e9m um crescimento entre brasileiros que reconhecem pagar impostos&hellip;<\/p>\n","protected":false},"author":1,"featured_media":398,"comment_status":"closed","ping_status":"open","sticky":false,"template":"","format":"standard","meta":{"footnotes":""},"categories":[6],"tags":[84,197,208],"class_list":["post-397","post","type-post","status-publish","format-standard","has-post-thumbnail","hentry","category-legislacao-fiscal","tag-inflacao","tag-tributos","tag-aumento-combustiveis"],"yoast_head":"<!-- This site is optimized with the Yoast SEO plugin v27.5 - https:\/\/yoast.com\/product\/yoast-seo-wordpress\/ -->\n<title>Aumento de impostos n\u00e3o deve impactar infla\u00e7\u00e3o, afirmam consultorias - Sfhera Software<\/title>\n<meta name=\"robots\" content=\"index, follow, max-snippet:-1, max-image-preview:large, max-video-preview:-1\" \/>\n<link rel=\"canonical\" href=\"https:\/\/sfhera.com.br\/blog\/aumento-de-impostos-nao-deve-impactar-inflacao-afirmam-consultorias\/\" \/>\n<meta property=\"og:locale\" content=\"pt_BR\" \/>\n<meta property=\"og:type\" content=\"article\" \/>\n<meta property=\"og:title\" content=\"Aumento de impostos n\u00e3o deve impactar infla\u00e7\u00e3o, afirmam consultorias - Sfhera Software\" \/>\n<meta property=\"og:description\" content=\"Estudo divulgado no dia em que aumento de tributos passou a vigorar mostra tamb\u00e9m um crescimento entre brasileiros que reconhecem pagar impostos&hellip;\" \/>\n<meta property=\"og:url\" content=\"https:\/\/sfhera.com.br\/blog\/aumento-de-impostos-nao-deve-impactar-inflacao-afirmam-consultorias\/\" \/>\n<meta property=\"og:site_name\" content=\"Sfhera Software\" \/>\n<meta property=\"article:publisher\" content=\"https:\/\/www.facebook.com\/sfhera\" \/>\n<meta property=\"article:published_time\" content=\"2017-07-24T12:32:55+00:00\" \/>\n<meta property=\"og:image\" content=\"https:\/\/sfhera.com.br\/blog\/wp-content\/uploads\/2017\/07\/gasolinacombustiveis-1200x600.jpg\" \/>\n\t<meta property=\"og:image:width\" content=\"1200\" \/>\n\t<meta property=\"og:image:height\" content=\"600\" \/>\n\t<meta property=\"og:image:type\" content=\"image\/jpeg\" \/>\n<meta name=\"author\" content=\"Sfhera Software\" \/>\n<meta name=\"twitter:card\" content=\"summary_large_image\" \/>\n<meta name=\"twitter:creator\" content=\"@sfhera\" \/>\n<meta name=\"twitter:site\" content=\"@sfhera\" \/>\n<meta name=\"twitter:label1\" content=\"Escrito por\" \/>\n\t<meta name=\"twitter:data1\" content=\"Sfhera Software\" \/>\n\t<meta name=\"twitter:label2\" content=\"Est. tempo de leitura\" \/>\n\t<meta name=\"twitter:data2\" content=\"5 minutos\" \/>\n<script type=\"application\/ld+json\" class=\"yoast-schema-graph\">{\"@context\":\"https:\\\/\\\/schema.org\",\"@graph\":[{\"@type\":\"Article\",\"@id\":\"https:\\\/\\\/sfhera.com.br\\\/blog\\\/aumento-de-impostos-nao-deve-impactar-inflacao-afirmam-consultorias\\\/#article\",\"isPartOf\":{\"@id\":\"https:\\\/\\\/sfhera.com.br\\\/blog\\\/aumento-de-impostos-nao-deve-impactar-inflacao-afirmam-consultorias\\\/\"},\"author\":{\"name\":\"Sfhera Software\",\"@id\":\"https:\\\/\\\/sfhera.com.br\\\/blog\\\/#\\\/schema\\\/person\\\/0a21d0c7b6b15bda9d9c072dde915f2a\"},\"headline\":\"Aumento de impostos n\u00e3o deve impactar infla\u00e7\u00e3o, afirmam consultorias\",\"datePublished\":\"2017-07-24T12:32:55+00:00\",\"mainEntityOfPage\":{\"@id\":\"https:\\\/\\\/sfhera.com.br\\\/blog\\\/aumento-de-impostos-nao-deve-impactar-inflacao-afirmam-consultorias\\\/\"},\"wordCount\":959,\"publisher\":{\"@id\":\"https:\\\/\\\/sfhera.com.br\\\/blog\\\/#organization\"},\"image\":{\"@id\":\"https:\\\/\\\/sfhera.com.br\\\/blog\\\/aumento-de-impostos-nao-deve-impactar-inflacao-afirmam-consultorias\\\/#primaryimage\"},\"thumbnailUrl\":\"https:\\\/\\\/sfhera.com.br\\\/blog\\\/wp-content\\\/uploads\\\/2017\\\/07\\\/gasolinacombustiveis-1200x600.jpg\",\"keywords\":[\"infla\u00e7\u00e3o\",\"tributos\",\"aumento combust\u00edveis\"],\"articleSection\":[\"Legisla\u00e7\u00e3o Fiscal\"],\"inLanguage\":\"pt-BR\"},{\"@type\":\"WebPage\",\"@id\":\"https:\\\/\\\/sfhera.com.br\\\/blog\\\/aumento-de-impostos-nao-deve-impactar-inflacao-afirmam-consultorias\\\/\",\"url\":\"https:\\\/\\\/sfhera.com.br\\\/blog\\\/aumento-de-impostos-nao-deve-impactar-inflacao-afirmam-consultorias\\\/\",\"name\":\"Aumento de impostos n\u00e3o deve impactar infla\u00e7\u00e3o, afirmam consultorias - Sfhera Software\",\"isPartOf\":{\"@id\":\"https:\\\/\\\/sfhera.com.br\\\/blog\\\/#website\"},\"primaryImageOfPage\":{\"@id\":\"https:\\\/\\\/sfhera.com.br\\\/blog\\\/aumento-de-impostos-nao-deve-impactar-inflacao-afirmam-consultorias\\\/#primaryimage\"},\"image\":{\"@id\":\"https:\\\/\\\/sfhera.com.br\\\/blog\\\/aumento-de-impostos-nao-deve-impactar-inflacao-afirmam-consultorias\\\/#primaryimage\"},\"thumbnailUrl\":\"https:\\\/\\\/sfhera.com.br\\\/blog\\\/wp-content\\\/uploads\\\/2017\\\/07\\\/gasolinacombustiveis-1200x600.jpg\",\"datePublished\":\"2017-07-24T12:32:55+00:00\",\"breadcrumb\":{\"@id\":\"https:\\\/\\\/sfhera.com.br\\\/blog\\\/aumento-de-impostos-nao-deve-impactar-inflacao-afirmam-consultorias\\\/#breadcrumb\"},\"inLanguage\":\"pt-BR\",\"potentialAction\":[{\"@type\":\"ReadAction\",\"target\":[\"https:\\\/\\\/sfhera.com.br\\\/blog\\\/aumento-de-impostos-nao-deve-impactar-inflacao-afirmam-consultorias\\\/\"]}]},{\"@type\":\"ImageObject\",\"inLanguage\":\"pt-BR\",\"@id\":\"https:\\\/\\\/sfhera.com.br\\\/blog\\\/aumento-de-impostos-nao-deve-impactar-inflacao-afirmam-consultorias\\\/#primaryimage\",\"url\":\"https:\\\/\\\/sfhera.com.br\\\/blog\\\/wp-content\\\/uploads\\\/2017\\\/07\\\/gasolinacombustiveis-1200x600.jpg\",\"contentUrl\":\"https:\\\/\\\/sfhera.com.br\\\/blog\\\/wp-content\\\/uploads\\\/2017\\\/07\\\/gasolinacombustiveis-1200x600.jpg\",\"width\":1200,\"height\":600,\"caption\":\"aumento combust\u00edveis\"},{\"@type\":\"BreadcrumbList\",\"@id\":\"https:\\\/\\\/sfhera.com.br\\\/blog\\\/aumento-de-impostos-nao-deve-impactar-inflacao-afirmam-consultorias\\\/#breadcrumb\",\"itemListElement\":[{\"@type\":\"ListItem\",\"position\":1,\"name\":\"In\u00edcio\",\"item\":\"https:\\\/\\\/sfhera.com.br\\\/blog\\\/\"},{\"@type\":\"ListItem\",\"position\":2,\"name\":\"Aumento de impostos n\u00e3o deve impactar infla\u00e7\u00e3o, afirmam consultorias\"}]},{\"@type\":\"WebSite\",\"@id\":\"https:\\\/\\\/sfhera.com.br\\\/blog\\\/#website\",\"url\":\"https:\\\/\\\/sfhera.com.br\\\/blog\\\/\",\"name\":\"Sfhera Software\",\"description\":\"Aplicativos de Gest\u00e3o para o Varejo\",\"publisher\":{\"@id\":\"https:\\\/\\\/sfhera.com.br\\\/blog\\\/#organization\"},\"potentialAction\":[{\"@type\":\"SearchAction\",\"target\":{\"@type\":\"EntryPoint\",\"urlTemplate\":\"https:\\\/\\\/sfhera.com.br\\\/blog\\\/?s={search_term_string}\"},\"query-input\":{\"@type\":\"PropertyValueSpecification\",\"valueRequired\":true,\"valueName\":\"search_term_string\"}}],\"inLanguage\":\"pt-BR\"},{\"@type\":\"Organization\",\"@id\":\"https:\\\/\\\/sfhera.com.br\\\/blog\\\/#organization\",\"name\":\"Sfhera Software\",\"url\":\"https:\\\/\\\/sfhera.com.br\\\/blog\\\/\",\"logo\":{\"@type\":\"ImageObject\",\"inLanguage\":\"pt-BR\",\"@id\":\"https:\\\/\\\/sfhera.com.br\\\/blog\\\/#\\\/schema\\\/logo\\\/image\\\/\",\"url\":\"https:\\\/\\\/www.sfhera.com.br\\\/blog\\\/wp-content\\\/uploads\\\/2017\\\/06\\\/logo.png\",\"contentUrl\":\"https:\\\/\\\/www.sfhera.com.br\\\/blog\\\/wp-content\\\/uploads\\\/2017\\\/06\\\/logo.png\",\"width\":200,\"height\":65,\"caption\":\"Sfhera Software\"},\"image\":{\"@id\":\"https:\\\/\\\/sfhera.com.br\\\/blog\\\/#\\\/schema\\\/logo\\\/image\\\/\"},\"sameAs\":[\"https:\\\/\\\/www.facebook.com\\\/sfhera\",\"https:\\\/\\\/x.com\\\/sfhera\",\"https:\\\/\\\/br.linkedin.com\\\/company\\\/sfhera-software\"]},{\"@type\":\"Person\",\"@id\":\"https:\\\/\\\/sfhera.com.br\\\/blog\\\/#\\\/schema\\\/person\\\/0a21d0c7b6b15bda9d9c072dde915f2a\",\"name\":\"Sfhera Software\",\"image\":{\"@type\":\"ImageObject\",\"inLanguage\":\"pt-BR\",\"@id\":\"https:\\\/\\\/secure.gravatar.com\\\/avatar\\\/b1d1b13f14dd2dc5b3fb21e60579548fa4f79040171567f49ae19080fb354524?s=96&d=mm&r=g\",\"url\":\"https:\\\/\\\/secure.gravatar.com\\\/avatar\\\/b1d1b13f14dd2dc5b3fb21e60579548fa4f79040171567f49ae19080fb354524?s=96&d=mm&r=g\",\"contentUrl\":\"https:\\\/\\\/secure.gravatar.com\\\/avatar\\\/b1d1b13f14dd2dc5b3fb21e60579548fa4f79040171567f49ae19080fb354524?s=96&d=mm&r=g\",\"caption\":\"Sfhera Software\"},\"url\":\"https:\\\/\\\/sfhera.com.br\\\/blog\\\/author\\\/admin\\\/\"}]}<\/script>\n<!-- \/ Yoast SEO plugin. -->","yoast_head_json":{"title":"Aumento de impostos n\u00e3o deve impactar infla\u00e7\u00e3o, afirmam consultorias - Sfhera Software","robots":{"index":"index","follow":"follow","max-snippet":"max-snippet:-1","max-image-preview":"max-image-preview:large","max-video-preview":"max-video-preview:-1"},"canonical":"https:\/\/sfhera.com.br\/blog\/aumento-de-impostos-nao-deve-impactar-inflacao-afirmam-consultorias\/","og_locale":"pt_BR","og_type":"article","og_title":"Aumento de impostos n\u00e3o deve impactar infla\u00e7\u00e3o, afirmam consultorias - Sfhera Software","og_description":"Estudo divulgado no dia em que aumento de tributos passou a vigorar mostra tamb\u00e9m um crescimento entre brasileiros que reconhecem pagar impostos&hellip;","og_url":"https:\/\/sfhera.com.br\/blog\/aumento-de-impostos-nao-deve-impactar-inflacao-afirmam-consultorias\/","og_site_name":"Sfhera Software","article_publisher":"https:\/\/www.facebook.com\/sfhera","article_published_time":"2017-07-24T12:32:55+00:00","og_image":[{"width":1200,"height":600,"url":"https:\/\/sfhera.com.br\/blog\/wp-content\/uploads\/2017\/07\/gasolinacombustiveis-1200x600.jpg","type":"image\/jpeg"}],"author":"Sfhera Software","twitter_card":"summary_large_image","twitter_creator":"@sfhera","twitter_site":"@sfhera","twitter_misc":{"Escrito por":"Sfhera Software","Est. tempo de leitura":"5 minutos"},"schema":{"@context":"https:\/\/schema.org","@graph":[{"@type":"Article","@id":"https:\/\/sfhera.com.br\/blog\/aumento-de-impostos-nao-deve-impactar-inflacao-afirmam-consultorias\/#article","isPartOf":{"@id":"https:\/\/sfhera.com.br\/blog\/aumento-de-impostos-nao-deve-impactar-inflacao-afirmam-consultorias\/"},"author":{"name":"Sfhera Software","@id":"https:\/\/sfhera.com.br\/blog\/#\/schema\/person\/0a21d0c7b6b15bda9d9c072dde915f2a"},"headline":"Aumento de impostos n\u00e3o deve impactar infla\u00e7\u00e3o, afirmam consultorias","datePublished":"2017-07-24T12:32:55+00:00","mainEntityOfPage":{"@id":"https:\/\/sfhera.com.br\/blog\/aumento-de-impostos-nao-deve-impactar-inflacao-afirmam-consultorias\/"},"wordCount":959,"publisher":{"@id":"https:\/\/sfhera.com.br\/blog\/#organization"},"image":{"@id":"https:\/\/sfhera.com.br\/blog\/aumento-de-impostos-nao-deve-impactar-inflacao-afirmam-consultorias\/#primaryimage"},"thumbnailUrl":"https:\/\/sfhera.com.br\/blog\/wp-content\/uploads\/2017\/07\/gasolinacombustiveis-1200x600.jpg","keywords":["infla\u00e7\u00e3o","tributos","aumento combust\u00edveis"],"articleSection":["Legisla\u00e7\u00e3o Fiscal"],"inLanguage":"pt-BR"},{"@type":"WebPage","@id":"https:\/\/sfhera.com.br\/blog\/aumento-de-impostos-nao-deve-impactar-inflacao-afirmam-consultorias\/","url":"https:\/\/sfhera.com.br\/blog\/aumento-de-impostos-nao-deve-impactar-inflacao-afirmam-consultorias\/","name":"Aumento de impostos n\u00e3o deve impactar infla\u00e7\u00e3o, afirmam consultorias - Sfhera Software","isPartOf":{"@id":"https:\/\/sfhera.com.br\/blog\/#website"},"primaryImageOfPage":{"@id":"https:\/\/sfhera.com.br\/blog\/aumento-de-impostos-nao-deve-impactar-inflacao-afirmam-consultorias\/#primaryimage"},"image":{"@id":"https:\/\/sfhera.com.br\/blog\/aumento-de-impostos-nao-deve-impactar-inflacao-afirmam-consultorias\/#primaryimage"},"thumbnailUrl":"https:\/\/sfhera.com.br\/blog\/wp-content\/uploads\/2017\/07\/gasolinacombustiveis-1200x600.jpg","datePublished":"2017-07-24T12:32:55+00:00","breadcrumb":{"@id":"https:\/\/sfhera.com.br\/blog\/aumento-de-impostos-nao-deve-impactar-inflacao-afirmam-consultorias\/#breadcrumb"},"inLanguage":"pt-BR","potentialAction":[{"@type":"ReadAction","target":["https:\/\/sfhera.com.br\/blog\/aumento-de-impostos-nao-deve-impactar-inflacao-afirmam-consultorias\/"]}]},{"@type":"ImageObject","inLanguage":"pt-BR","@id":"https:\/\/sfhera.com.br\/blog\/aumento-de-impostos-nao-deve-impactar-inflacao-afirmam-consultorias\/#primaryimage","url":"https:\/\/sfhera.com.br\/blog\/wp-content\/uploads\/2017\/07\/gasolinacombustiveis-1200x600.jpg","contentUrl":"https:\/\/sfhera.com.br\/blog\/wp-content\/uploads\/2017\/07\/gasolinacombustiveis-1200x600.jpg","width":1200,"height":600,"caption":"aumento combust\u00edveis"},{"@type":"BreadcrumbList","@id":"https:\/\/sfhera.com.br\/blog\/aumento-de-impostos-nao-deve-impactar-inflacao-afirmam-consultorias\/#breadcrumb","itemListElement":[{"@type":"ListItem","position":1,"name":"In\u00edcio","item":"https:\/\/sfhera.com.br\/blog\/"},{"@type":"ListItem","position":2,"name":"Aumento de impostos n\u00e3o deve impactar infla\u00e7\u00e3o, afirmam consultorias"}]},{"@type":"WebSite","@id":"https:\/\/sfhera.com.br\/blog\/#website","url":"https:\/\/sfhera.com.br\/blog\/","name":"Sfhera Software","description":"Aplicativos de Gest\u00e3o para o Varejo","publisher":{"@id":"https:\/\/sfhera.com.br\/blog\/#organization"},"potentialAction":[{"@type":"SearchAction","target":{"@type":"EntryPoint","urlTemplate":"https:\/\/sfhera.com.br\/blog\/?s={search_term_string}"},"query-input":{"@type":"PropertyValueSpecification","valueRequired":true,"valueName":"search_term_string"}}],"inLanguage":"pt-BR"},{"@type":"Organization","@id":"https:\/\/sfhera.com.br\/blog\/#organization","name":"Sfhera Software","url":"https:\/\/sfhera.com.br\/blog\/","logo":{"@type":"ImageObject","inLanguage":"pt-BR","@id":"https:\/\/sfhera.com.br\/blog\/#\/schema\/logo\/image\/","url":"https:\/\/www.sfhera.com.br\/blog\/wp-content\/uploads\/2017\/06\/logo.png","contentUrl":"https:\/\/www.sfhera.com.br\/blog\/wp-content\/uploads\/2017\/06\/logo.png","width":200,"height":65,"caption":"Sfhera Software"},"image":{"@id":"https:\/\/sfhera.com.br\/blog\/#\/schema\/logo\/image\/"},"sameAs":["https:\/\/www.facebook.com\/sfhera","https:\/\/x.com\/sfhera","https:\/\/br.linkedin.com\/company\/sfhera-software"]},{"@type":"Person","@id":"https:\/\/sfhera.com.br\/blog\/#\/schema\/person\/0a21d0c7b6b15bda9d9c072dde915f2a","name":"Sfhera Software","image":{"@type":"ImageObject","inLanguage":"pt-BR","@id":"https:\/\/secure.gravatar.com\/avatar\/b1d1b13f14dd2dc5b3fb21e60579548fa4f79040171567f49ae19080fb354524?s=96&d=mm&r=g","url":"https:\/\/secure.gravatar.com\/avatar\/b1d1b13f14dd2dc5b3fb21e60579548fa4f79040171567f49ae19080fb354524?s=96&d=mm&r=g","contentUrl":"https:\/\/secure.gravatar.com\/avatar\/b1d1b13f14dd2dc5b3fb21e60579548fa4f79040171567f49ae19080fb354524?s=96&d=mm&r=g","caption":"Sfhera Software"},"url":"https:\/\/sfhera.com.br\/blog\/author\/admin\/"}]}},"_links":{"self":[{"href":"https:\/\/sfhera.com.br\/blog\/wp-json\/wp\/v2\/posts\/397","targetHints":{"allow":["GET"]}}],"collection":[{"href":"https:\/\/sfhera.com.br\/blog\/wp-json\/wp\/v2\/posts"}],"about":[{"href":"https:\/\/sfhera.com.br\/blog\/wp-json\/wp\/v2\/types\/post"}],"author":[{"embeddable":true,"href":"https:\/\/sfhera.com.br\/blog\/wp-json\/wp\/v2\/users\/1"}],"replies":[{"embeddable":true,"href":"https:\/\/sfhera.com.br\/blog\/wp-json\/wp\/v2\/comments?post=397"}],"version-history":[{"count":1,"href":"https:\/\/sfhera.com.br\/blog\/wp-json\/wp\/v2\/posts\/397\/revisions"}],"predecessor-version":[{"id":399,"href":"https:\/\/sfhera.com.br\/blog\/wp-json\/wp\/v2\/posts\/397\/revisions\/399"}],"wp:featuredmedia":[{"embeddable":true,"href":"https:\/\/sfhera.com.br\/blog\/wp-json\/wp\/v2\/media\/398"}],"wp:attachment":[{"href":"https:\/\/sfhera.com.br\/blog\/wp-json\/wp\/v2\/media?parent=397"}],"wp:term":[{"taxonomy":"category","embeddable":true,"href":"https:\/\/sfhera.com.br\/blog\/wp-json\/wp\/v2\/categories?post=397"},{"taxonomy":"post_tag","embeddable":true,"href":"https:\/\/sfhera.com.br\/blog\/wp-json\/wp\/v2\/tags?post=397"}],"curies":[{"name":"wp","href":"https:\/\/api.w.org\/{rel}","templated":true}]}}