{"id":415,"date":"2017-07-27T10:55:13","date_gmt":"2017-07-27T13:55:13","guid":{"rendered":"https:\/\/sfhera.com.br\/blog\/?p=415"},"modified":"2017-07-27T10:55:13","modified_gmt":"2017-07-27T13:55:13","slug":"cnh-digital-e-aprovada-pelo-contran-e-deve-valer-partir-de-fevereiro-diz-governo","status":"publish","type":"post","link":"https:\/\/sfhera.com.br\/blog\/cnh-digital-e-aprovada-pelo-contran-e-deve-valer-partir-de-fevereiro-diz-governo\/","title":{"rendered":"CNH digital \u00e9 aprovada pelo Contran e deve valer a partir de fevereiro, diz governo"},"content":{"rendered":"<h2 class=\"content-head__subtitle\">ocumento poder\u00e1 ser apresentado em smartphones e vai valer tanto quanto a vers\u00e3o impressa, que continuar\u00e1 sendo emitida.<\/h2>\n<div class=\"mc-column content-text active-extra-styles active-capital-letter\" data-block-type=\"unstyled\" data-block-weight=\"18\">\n<p class=\"content-text__container theme-color-primary-first-letter\" data-track-category=\"Link no Texto\" data-track-links=\"\">Carteira Nacional de Habilita\u00e7\u00e3o Eletr\u00f4nica (CNH-e) foi aprovada nesta ter\u00e7a-feira (25) pelo Conselho Nacional de Tr\u00e2nsito (Contran).<\/p>\n<\/div>\n<div class=\"mc-column content-text active-extra-styles \" data-block-type=\"unstyled\" data-block-weight=\"29\">\n<p class=\"content-text__container \" data-track-category=\"Link no Texto\" data-track-links=\"\">Segundo o Minist\u00e9rio das Cidades, a CNH digital ser\u00e1 uma vers\u00e3o do documento com o mesmo valor jur\u00eddico da CNH impressa e estar\u00e1 dispon\u00edvel a partir de fevereiro pr\u00f3ximo.<\/p>\n<\/div>\n<div class=\"mc-column content-text active-extra-styles \" data-block-type=\"unstyled\" data-block-weight=\"17\">\n<p class=\"content-text__container \" data-track-category=\"Link no Texto\" data-track-links=\"\">Os motoristas poder\u00e3o apresentar o documento de porte obrigat\u00f3rio tanto impresso quanto em formato digital, no smartphone.<\/p>\n<\/div>\n<div class=\"mc-column content-text active-extra-styles \" data-block-type=\"unstyled\" data-block-weight=\"21\">\n<p class=\"content-text__container \" data-track-category=\"Link no Texto\" data-track-links=\"\">O minist\u00e9rio afirma que h\u00e1 um conjunto de padr\u00f5es t\u00e9cnicos para suportar um sistema criptogr\u00e1fico que assegura a validade do documento.<\/p>\n<\/div>\n<div class=\"mc-column content-text active-extra-styles \" data-block-type=\"unstyled\" data-block-weight=\"22\">\n<p class=\"content-text__container \" data-track-category=\"Link no Texto\" data-track-links=\"\">A autenticidade da CNH digital poder\u00e1 ser comprovada pela assinatura com certificado digital do emissor ou com a leitura de um QRCode.<\/p>\n<\/div>\n<div class=\"mc-column content-media content-media--normal content-photo\" data-block-type=\"backstage-photo\">\n<div class=\"content-media__container\">\n<div class=\"content-media__image-centered\">\n<div class=\"progressive-img can-open-lightbox\" data-min-size=\"1008x616\" data-min-size-url=\"https:\/\/s2.glbimg.com\/Ar6SL9f7omGupndiEh-vpDhn810=\/0x0:1400x856\/1008x0\/smart\/filters:strip_icc()\/i.s3.glbimg.com\/v1\/AUTH_59edd422c0c84a879bd37670ae4f538a\/internal_photos\/bs\/2017\/0\/I\/IzTMrcRuAtfdId7H17Aw\/cnhdigital-2.jpg\" data-max-size=\"1600x978\" data-max-size-url=\"https:\/\/s2.glbimg.com\/5ULpAsQWywkOFolwgiqKA4iB4dc=\/0x0:1400x856\/1600x0\/smart\/filters:strip_icc()\/i.s3.glbimg.com\/v1\/AUTH_59edd422c0c84a879bd37670ae4f538a\/internal_photos\/bs\/2017\/0\/I\/IzTMrcRuAtfdId7H17Aw\/cnhdigital-2.jpg\" data-media-index=\"0\">\n<div class=\"placeholder-container\">\u00a0<picture style=\"font-size: 1rem;\"><img decoding=\"async\" class=\"image content-media__image progressive-loaded\" title=\"Contran aprova CNH digital (Foto: Reprodu\u00e7\u00e3o \/ Jornal Hoje)\" src=\"https:\/\/s2.glbimg.com\/rHTUZ2j-Q2T_7qbnrkkxUnXZQvU=\/0x0:1400x856\/984x0\/smart\/filters:strip_icc()\/i.s3.glbimg.com\/v1\/AUTH_59edd422c0c84a879bd37670ae4f538a\/internal_photos\/bs\/2017\/0\/I\/IzTMrcRuAtfdId7H17Aw\/cnhdigital-2.jpg\" alt=\"Contran aprova CNH digital (Foto: Reprodu\u00e7\u00e3o \/ Jornal Hoje)\" data-src=\"https:\/\/s2.glbimg.com\/rHTUZ2j-Q2T_7qbnrkkxUnXZQvU=\/0x0:1400x856\/984x0\/smart\/filters:strip_icc()\/i.s3.glbimg.com\/v1\/AUTH_59edd422c0c84a879bd37670ae4f538a\/internal_photos\/bs\/2017\/0\/I\/IzTMrcRuAtfdId7H17Aw\/cnhdigital-2.jpg\" \/><\/picture><\/div>\n<\/div>\n<\/div>\n<div class=\"content-media__description-centered \">\n<p class=\"content-media__description\"><i class=\"content-media__description__icon theme-color-primary\"><\/i><span class=\"content-media__description__caption\">Contran aprova CNH digital (Foto: Reprodu\u00e7\u00e3o \/ Jornal Hoje)<\/span><\/p>\n<\/div>\n<\/div>\n<\/div>\n<div class=\"mc-column content-text active-extra-styles \" data-block-type=\"unstyled\" data-block-weight=\"43\">\n<p class=\"content-text__container \" data-track-category=\"Link no Texto\" data-track-links=\"\">Com esse dispositivo, os agentes de tr\u00e2nsito tamb\u00e9m poder\u00e3o consultar os dados dos documentos por meio de um aplicativo de celular, que ainda est\u00e1 em fase de testes. O app far\u00e1 a leitura do QRCode,\u00a0como j\u00e1 \u00e9 realizado com a CNH impressa.<\/p>\n<\/div>\n<div class=\"mc-column content-text active-extra-styles\" data-block-type=\"raw\" data-block-weight=\"29\">\n<blockquote class=\"content-blockquote theme-border-color-primary-before\"><p>&#8220;Com isso, quem esquece a CNH em casa n\u00e3o estar\u00e1 sujeito a multa e pontos na carteira. Basta apresentar o documento digital\u201d, diz o ministro das Cidades, Bruno Ara\u00fajo.<\/p><\/blockquote>\n<\/div>\n<div class=\"mc-column content-text active-extra-styles \" data-block-type=\"unstyled\" data-block-weight=\"11\">\n<p class=\"content-text__container \" data-track-category=\"Link no Texto\" data-track-links=\"\">O Contran ressalta que a CNH impressa continuar\u00e1 sendo emitida normalmente.<\/p>\n<\/div>\n<div class=\"mc-column content-text active-extra-styles\" data-block-type=\"raw\" data-block-weight=\"3\">\n<div class=\"content-intertitle\">\n<h2>Como vai funcionar<\/h2>\n<\/div>\n<\/div>\n<div class=\"mc-column content-text active-extra-styles \" data-block-type=\"unstyled\" data-block-weight=\"50\">\n<p class=\"content-text__container \" data-track-category=\"Link no Texto\" data-track-links=\"\">\u2022\u00a0<strong>Cadastro\u00a0<\/strong>&#8211; O usu\u00e1rio realizar\u00e1 o cadastro no Portal de Servi\u00e7o do Denatran e confirma seu email com o uso de certificado digital. Para isso, o acesso deve ser efetuado por um equipamento que permite o uso desse certificado; ou por meio do seu e-mail, no balc\u00e3o do Detran.<\/p>\n<\/div>\n<div class=\"content-ads content-ads--reveal\"><\/div>\n<div class=\"mc-column content-text active-extra-styles \" data-block-type=\"unstyled\" data-block-weight=\"29\">\n<p class=\"content-text__container \" data-track-category=\"Link no Texto\" data-track-links=\"\">\u2022\u00a0<strong>Ativa\u00e7\u00e3o do cadastro<\/strong>\u00a0&#8211; Ser\u00e1 enviado um link para o email informado. Em seguida, o motorista dever\u00e1 realizar o login pelo aparelho onde deseja ter sua CNH digital.<\/p>\n<\/div>\n<div class=\"mc-column content-text active-extra-styles \" data-block-type=\"unstyled\" data-block-weight=\"29\">\n<p class=\"content-text__container \" data-track-category=\"Link no Texto\" data-track-links=\"\">\u2022\u00a0<strong>Seguran\u00e7a<\/strong>\u00a0&#8211; No primeiro acesso, ser\u00e1 preciso criar um PIN (c\u00f3digo) para armazenar os documentos com seguran\u00e7a. Ser\u00e1 preciso inserir o PIN criado para poder visualizar os documentos.<\/p>\n<\/div>\n<div class=\"mc-column content-text active-extra-styles \" data-block-type=\"unstyled\" data-block-weight=\"38\">\n<p class=\"content-text__container \" data-track-category=\"Link no Texto\" data-track-links=\"\">\u2022\u00a0<strong>Bloqueio\u00a0<\/strong>\u2013 Caso necessite bloquear o aparelho para impedir o uso de sua conta e acesso aos seus documentos, o usu\u00e1rio deve acessar o Portal de servi\u00e7os do Denatran com o certificado digital e solicitar o bloqueio.<\/p>\n<p data-track-category=\"Link no Texto\" data-track-links=\"\">Fonte: G1.com<\/p>\n<\/div>\n","protected":false},"excerpt":{"rendered":"<p>ocumento poder\u00e1 ser apresentado em smartphones e vai valer tanto quanto a vers\u00e3o impressa, que continuar\u00e1 sendo emitida. Carteira Nacional de Habilita\u00e7\u00e3o&hellip;<\/p>\n","protected":false},"author":1,"featured_media":416,"comment_status":"closed","ping_status":"open","sticky":false,"template":"","format":"standard","meta":{"footnotes":""},"categories":[1,6],"tags":[216,217,218,219],"class_list":["post-415","post","type-post","status-publish","format-standard","has-post-thumbnail","hentry","category-novidades","category-legislacao-fiscal","tag-cotran","tag-denatran","tag-detran","tag-cnh"],"yoast_head":"<!-- This site is optimized with the Yoast SEO plugin v27.5 - https:\/\/yoast.com\/product\/yoast-seo-wordpress\/ -->\n<title>CNH digital \u00e9 aprovada pelo Contran e deve valer a partir de fevereiro, diz governo - Sfhera Software<\/title>\n<meta name=\"robots\" content=\"index, follow, max-snippet:-1, max-image-preview:large, max-video-preview:-1\" \/>\n<link rel=\"canonical\" href=\"https:\/\/sfhera.com.br\/blog\/cnh-digital-e-aprovada-pelo-contran-e-deve-valer-partir-de-fevereiro-diz-governo\/\" \/>\n<meta property=\"og:locale\" content=\"pt_BR\" \/>\n<meta property=\"og:type\" content=\"article\" \/>\n<meta property=\"og:title\" content=\"CNH digital \u00e9 aprovada pelo Contran e deve valer a partir de fevereiro, diz governo - Sfhera Software\" \/>\n<meta property=\"og:description\" content=\"ocumento poder\u00e1 ser apresentado em smartphones e vai valer tanto quanto a vers\u00e3o impressa, que continuar\u00e1 sendo emitida. Carteira Nacional de Habilita\u00e7\u00e3o&hellip;\" \/>\n<meta property=\"og:url\" content=\"https:\/\/sfhera.com.br\/blog\/cnh-digital-e-aprovada-pelo-contran-e-deve-valer-partir-de-fevereiro-diz-governo\/\" \/>\n<meta property=\"og:site_name\" content=\"Sfhera Software\" \/>\n<meta property=\"article:publisher\" content=\"https:\/\/www.facebook.com\/sfhera\" \/>\n<meta property=\"article:published_time\" content=\"2017-07-27T13:55:13+00:00\" \/>\n<meta property=\"og:image\" content=\"https:\/\/sfhera.com.br\/blog\/wp-content\/uploads\/2017\/07\/cnhdigital-2.jpg\" \/>\n\t<meta property=\"og:image:width\" content=\"1000\" \/>\n\t<meta property=\"og:image:height\" content=\"611\" \/>\n\t<meta property=\"og:image:type\" content=\"image\/jpeg\" \/>\n<meta name=\"author\" content=\"Sfhera Software\" \/>\n<meta name=\"twitter:card\" content=\"summary_large_image\" \/>\n<meta name=\"twitter:creator\" content=\"@sfhera\" \/>\n<meta name=\"twitter:site\" content=\"@sfhera\" \/>\n<meta name=\"twitter:label1\" content=\"Escrito por\" \/>\n\t<meta name=\"twitter:data1\" content=\"Sfhera Software\" \/>\n\t<meta name=\"twitter:label2\" content=\"Est. tempo de leitura\" \/>\n\t<meta name=\"twitter:data2\" content=\"2 minutos\" \/>\n<script type=\"application\/ld+json\" class=\"yoast-schema-graph\">{\"@context\":\"https:\\\/\\\/schema.org\",\"@graph\":[{\"@type\":\"Article\",\"@id\":\"https:\\\/\\\/sfhera.com.br\\\/blog\\\/cnh-digital-e-aprovada-pelo-contran-e-deve-valer-partir-de-fevereiro-diz-governo\\\/#article\",\"isPartOf\":{\"@id\":\"https:\\\/\\\/sfhera.com.br\\\/blog\\\/cnh-digital-e-aprovada-pelo-contran-e-deve-valer-partir-de-fevereiro-diz-governo\\\/\"},\"author\":{\"name\":\"Sfhera Software\",\"@id\":\"https:\\\/\\\/sfhera.com.br\\\/blog\\\/#\\\/schema\\\/person\\\/0a21d0c7b6b15bda9d9c072dde915f2a\"},\"headline\":\"CNH digital \u00e9 aprovada pelo Contran e deve valer a partir de fevereiro, diz governo\",\"datePublished\":\"2017-07-27T13:55:13+00:00\",\"mainEntityOfPage\":{\"@id\":\"https:\\\/\\\/sfhera.com.br\\\/blog\\\/cnh-digital-e-aprovada-pelo-contran-e-deve-valer-partir-de-fevereiro-diz-governo\\\/\"},\"wordCount\":405,\"publisher\":{\"@id\":\"https:\\\/\\\/sfhera.com.br\\\/blog\\\/#organization\"},\"image\":{\"@id\":\"https:\\\/\\\/sfhera.com.br\\\/blog\\\/cnh-digital-e-aprovada-pelo-contran-e-deve-valer-partir-de-fevereiro-diz-governo\\\/#primaryimage\"},\"thumbnailUrl\":\"https:\\\/\\\/sfhera.com.br\\\/blog\\\/wp-content\\\/uploads\\\/2017\\\/07\\\/cnhdigital-2.jpg\",\"keywords\":[\"cotran\",\"denatran\",\"detran\",\"cnh\"],\"articleSection\":[\"Novidades\",\"Legisla\u00e7\u00e3o Fiscal\"],\"inLanguage\":\"pt-BR\"},{\"@type\":\"WebPage\",\"@id\":\"https:\\\/\\\/sfhera.com.br\\\/blog\\\/cnh-digital-e-aprovada-pelo-contran-e-deve-valer-partir-de-fevereiro-diz-governo\\\/\",\"url\":\"https:\\\/\\\/sfhera.com.br\\\/blog\\\/cnh-digital-e-aprovada-pelo-contran-e-deve-valer-partir-de-fevereiro-diz-governo\\\/\",\"name\":\"CNH digital \u00e9 aprovada pelo Contran e deve valer a partir de fevereiro, diz governo - Sfhera Software\",\"isPartOf\":{\"@id\":\"https:\\\/\\\/sfhera.com.br\\\/blog\\\/#website\"},\"primaryImageOfPage\":{\"@id\":\"https:\\\/\\\/sfhera.com.br\\\/blog\\\/cnh-digital-e-aprovada-pelo-contran-e-deve-valer-partir-de-fevereiro-diz-governo\\\/#primaryimage\"},\"image\":{\"@id\":\"https:\\\/\\\/sfhera.com.br\\\/blog\\\/cnh-digital-e-aprovada-pelo-contran-e-deve-valer-partir-de-fevereiro-diz-governo\\\/#primaryimage\"},\"thumbnailUrl\":\"https:\\\/\\\/sfhera.com.br\\\/blog\\\/wp-content\\\/uploads\\\/2017\\\/07\\\/cnhdigital-2.jpg\",\"datePublished\":\"2017-07-27T13:55:13+00:00\",\"breadcrumb\":{\"@id\":\"https:\\\/\\\/sfhera.com.br\\\/blog\\\/cnh-digital-e-aprovada-pelo-contran-e-deve-valer-partir-de-fevereiro-diz-governo\\\/#breadcrumb\"},\"inLanguage\":\"pt-BR\",\"potentialAction\":[{\"@type\":\"ReadAction\",\"target\":[\"https:\\\/\\\/sfhera.com.br\\\/blog\\\/cnh-digital-e-aprovada-pelo-contran-e-deve-valer-partir-de-fevereiro-diz-governo\\\/\"]}]},{\"@type\":\"ImageObject\",\"inLanguage\":\"pt-BR\",\"@id\":\"https:\\\/\\\/sfhera.com.br\\\/blog\\\/cnh-digital-e-aprovada-pelo-contran-e-deve-valer-partir-de-fevereiro-diz-governo\\\/#primaryimage\",\"url\":\"https:\\\/\\\/sfhera.com.br\\\/blog\\\/wp-content\\\/uploads\\\/2017\\\/07\\\/cnhdigital-2.jpg\",\"contentUrl\":\"https:\\\/\\\/sfhera.com.br\\\/blog\\\/wp-content\\\/uploads\\\/2017\\\/07\\\/cnhdigital-2.jpg\",\"width\":1000,\"height\":611,\"caption\":\"cnh digital\"},{\"@type\":\"BreadcrumbList\",\"@id\":\"https:\\\/\\\/sfhera.com.br\\\/blog\\\/cnh-digital-e-aprovada-pelo-contran-e-deve-valer-partir-de-fevereiro-diz-governo\\\/#breadcrumb\",\"itemListElement\":[{\"@type\":\"ListItem\",\"position\":1,\"name\":\"In\u00edcio\",\"item\":\"https:\\\/\\\/sfhera.com.br\\\/blog\\\/\"},{\"@type\":\"ListItem\",\"position\":2,\"name\":\"CNH digital \u00e9 aprovada pelo Contran e deve valer a partir de fevereiro, diz governo\"}]},{\"@type\":\"WebSite\",\"@id\":\"https:\\\/\\\/sfhera.com.br\\\/blog\\\/#website\",\"url\":\"https:\\\/\\\/sfhera.com.br\\\/blog\\\/\",\"name\":\"Sfhera Software\",\"description\":\"Aplicativos de Gest\u00e3o para o Varejo\",\"publisher\":{\"@id\":\"https:\\\/\\\/sfhera.com.br\\\/blog\\\/#organization\"},\"potentialAction\":[{\"@type\":\"SearchAction\",\"target\":{\"@type\":\"EntryPoint\",\"urlTemplate\":\"https:\\\/\\\/sfhera.com.br\\\/blog\\\/?s={search_term_string}\"},\"query-input\":{\"@type\":\"PropertyValueSpecification\",\"valueRequired\":true,\"valueName\":\"search_term_string\"}}],\"inLanguage\":\"pt-BR\"},{\"@type\":\"Organization\",\"@id\":\"https:\\\/\\\/sfhera.com.br\\\/blog\\\/#organization\",\"name\":\"Sfhera Software\",\"url\":\"https:\\\/\\\/sfhera.com.br\\\/blog\\\/\",\"logo\":{\"@type\":\"ImageObject\",\"inLanguage\":\"pt-BR\",\"@id\":\"https:\\\/\\\/sfhera.com.br\\\/blog\\\/#\\\/schema\\\/logo\\\/image\\\/\",\"url\":\"https:\\\/\\\/www.sfhera.com.br\\\/blog\\\/wp-content\\\/uploads\\\/2017\\\/06\\\/logo.png\",\"contentUrl\":\"https:\\\/\\\/www.sfhera.com.br\\\/blog\\\/wp-content\\\/uploads\\\/2017\\\/06\\\/logo.png\",\"width\":200,\"height\":65,\"caption\":\"Sfhera Software\"},\"image\":{\"@id\":\"https:\\\/\\\/sfhera.com.br\\\/blog\\\/#\\\/schema\\\/logo\\\/image\\\/\"},\"sameAs\":[\"https:\\\/\\\/www.facebook.com\\\/sfhera\",\"https:\\\/\\\/x.com\\\/sfhera\",\"https:\\\/\\\/br.linkedin.com\\\/company\\\/sfhera-software\"]},{\"@type\":\"Person\",\"@id\":\"https:\\\/\\\/sfhera.com.br\\\/blog\\\/#\\\/schema\\\/person\\\/0a21d0c7b6b15bda9d9c072dde915f2a\",\"name\":\"Sfhera Software\",\"image\":{\"@type\":\"ImageObject\",\"inLanguage\":\"pt-BR\",\"@id\":\"https:\\\/\\\/secure.gravatar.com\\\/avatar\\\/b1d1b13f14dd2dc5b3fb21e60579548fa4f79040171567f49ae19080fb354524?s=96&d=mm&r=g\",\"url\":\"https:\\\/\\\/secure.gravatar.com\\\/avatar\\\/b1d1b13f14dd2dc5b3fb21e60579548fa4f79040171567f49ae19080fb354524?s=96&d=mm&r=g\",\"contentUrl\":\"https:\\\/\\\/secure.gravatar.com\\\/avatar\\\/b1d1b13f14dd2dc5b3fb21e60579548fa4f79040171567f49ae19080fb354524?s=96&d=mm&r=g\",\"caption\":\"Sfhera Software\"},\"url\":\"https:\\\/\\\/sfhera.com.br\\\/blog\\\/author\\\/admin\\\/\"}]}<\/script>\n<!-- \/ Yoast SEO plugin. -->","yoast_head_json":{"title":"CNH digital \u00e9 aprovada pelo Contran e deve valer a partir de fevereiro, diz governo - Sfhera Software","robots":{"index":"index","follow":"follow","max-snippet":"max-snippet:-1","max-image-preview":"max-image-preview:large","max-video-preview":"max-video-preview:-1"},"canonical":"https:\/\/sfhera.com.br\/blog\/cnh-digital-e-aprovada-pelo-contran-e-deve-valer-partir-de-fevereiro-diz-governo\/","og_locale":"pt_BR","og_type":"article","og_title":"CNH digital \u00e9 aprovada pelo Contran e deve valer a partir de fevereiro, diz governo - Sfhera Software","og_description":"ocumento poder\u00e1 ser apresentado em smartphones e vai valer tanto quanto a vers\u00e3o impressa, que continuar\u00e1 sendo emitida. Carteira Nacional de Habilita\u00e7\u00e3o&hellip;","og_url":"https:\/\/sfhera.com.br\/blog\/cnh-digital-e-aprovada-pelo-contran-e-deve-valer-partir-de-fevereiro-diz-governo\/","og_site_name":"Sfhera Software","article_publisher":"https:\/\/www.facebook.com\/sfhera","article_published_time":"2017-07-27T13:55:13+00:00","og_image":[{"width":1000,"height":611,"url":"https:\/\/sfhera.com.br\/blog\/wp-content\/uploads\/2017\/07\/cnhdigital-2.jpg","type":"image\/jpeg"}],"author":"Sfhera Software","twitter_card":"summary_large_image","twitter_creator":"@sfhera","twitter_site":"@sfhera","twitter_misc":{"Escrito por":"Sfhera Software","Est. tempo de leitura":"2 minutos"},"schema":{"@context":"https:\/\/schema.org","@graph":[{"@type":"Article","@id":"https:\/\/sfhera.com.br\/blog\/cnh-digital-e-aprovada-pelo-contran-e-deve-valer-partir-de-fevereiro-diz-governo\/#article","isPartOf":{"@id":"https:\/\/sfhera.com.br\/blog\/cnh-digital-e-aprovada-pelo-contran-e-deve-valer-partir-de-fevereiro-diz-governo\/"},"author":{"name":"Sfhera Software","@id":"https:\/\/sfhera.com.br\/blog\/#\/schema\/person\/0a21d0c7b6b15bda9d9c072dde915f2a"},"headline":"CNH digital \u00e9 aprovada pelo Contran e deve valer a partir de fevereiro, diz governo","datePublished":"2017-07-27T13:55:13+00:00","mainEntityOfPage":{"@id":"https:\/\/sfhera.com.br\/blog\/cnh-digital-e-aprovada-pelo-contran-e-deve-valer-partir-de-fevereiro-diz-governo\/"},"wordCount":405,"publisher":{"@id":"https:\/\/sfhera.com.br\/blog\/#organization"},"image":{"@id":"https:\/\/sfhera.com.br\/blog\/cnh-digital-e-aprovada-pelo-contran-e-deve-valer-partir-de-fevereiro-diz-governo\/#primaryimage"},"thumbnailUrl":"https:\/\/sfhera.com.br\/blog\/wp-content\/uploads\/2017\/07\/cnhdigital-2.jpg","keywords":["cotran","denatran","detran","cnh"],"articleSection":["Novidades","Legisla\u00e7\u00e3o Fiscal"],"inLanguage":"pt-BR"},{"@type":"WebPage","@id":"https:\/\/sfhera.com.br\/blog\/cnh-digital-e-aprovada-pelo-contran-e-deve-valer-partir-de-fevereiro-diz-governo\/","url":"https:\/\/sfhera.com.br\/blog\/cnh-digital-e-aprovada-pelo-contran-e-deve-valer-partir-de-fevereiro-diz-governo\/","name":"CNH digital \u00e9 aprovada pelo Contran e deve valer a partir de fevereiro, diz governo - Sfhera Software","isPartOf":{"@id":"https:\/\/sfhera.com.br\/blog\/#website"},"primaryImageOfPage":{"@id":"https:\/\/sfhera.com.br\/blog\/cnh-digital-e-aprovada-pelo-contran-e-deve-valer-partir-de-fevereiro-diz-governo\/#primaryimage"},"image":{"@id":"https:\/\/sfhera.com.br\/blog\/cnh-digital-e-aprovada-pelo-contran-e-deve-valer-partir-de-fevereiro-diz-governo\/#primaryimage"},"thumbnailUrl":"https:\/\/sfhera.com.br\/blog\/wp-content\/uploads\/2017\/07\/cnhdigital-2.jpg","datePublished":"2017-07-27T13:55:13+00:00","breadcrumb":{"@id":"https:\/\/sfhera.com.br\/blog\/cnh-digital-e-aprovada-pelo-contran-e-deve-valer-partir-de-fevereiro-diz-governo\/#breadcrumb"},"inLanguage":"pt-BR","potentialAction":[{"@type":"ReadAction","target":["https:\/\/sfhera.com.br\/blog\/cnh-digital-e-aprovada-pelo-contran-e-deve-valer-partir-de-fevereiro-diz-governo\/"]}]},{"@type":"ImageObject","inLanguage":"pt-BR","@id":"https:\/\/sfhera.com.br\/blog\/cnh-digital-e-aprovada-pelo-contran-e-deve-valer-partir-de-fevereiro-diz-governo\/#primaryimage","url":"https:\/\/sfhera.com.br\/blog\/wp-content\/uploads\/2017\/07\/cnhdigital-2.jpg","contentUrl":"https:\/\/sfhera.com.br\/blog\/wp-content\/uploads\/2017\/07\/cnhdigital-2.jpg","width":1000,"height":611,"caption":"cnh digital"},{"@type":"BreadcrumbList","@id":"https:\/\/sfhera.com.br\/blog\/cnh-digital-e-aprovada-pelo-contran-e-deve-valer-partir-de-fevereiro-diz-governo\/#breadcrumb","itemListElement":[{"@type":"ListItem","position":1,"name":"In\u00edcio","item":"https:\/\/sfhera.com.br\/blog\/"},{"@type":"ListItem","position":2,"name":"CNH digital \u00e9 aprovada pelo Contran e deve valer a partir de fevereiro, diz governo"}]},{"@type":"WebSite","@id":"https:\/\/sfhera.com.br\/blog\/#website","url":"https:\/\/sfhera.com.br\/blog\/","name":"Sfhera Software","description":"Aplicativos de Gest\u00e3o para o Varejo","publisher":{"@id":"https:\/\/sfhera.com.br\/blog\/#organization"},"potentialAction":[{"@type":"SearchAction","target":{"@type":"EntryPoint","urlTemplate":"https:\/\/sfhera.com.br\/blog\/?s={search_term_string}"},"query-input":{"@type":"PropertyValueSpecification","valueRequired":true,"valueName":"search_term_string"}}],"inLanguage":"pt-BR"},{"@type":"Organization","@id":"https:\/\/sfhera.com.br\/blog\/#organization","name":"Sfhera Software","url":"https:\/\/sfhera.com.br\/blog\/","logo":{"@type":"ImageObject","inLanguage":"pt-BR","@id":"https:\/\/sfhera.com.br\/blog\/#\/schema\/logo\/image\/","url":"https:\/\/www.sfhera.com.br\/blog\/wp-content\/uploads\/2017\/06\/logo.png","contentUrl":"https:\/\/www.sfhera.com.br\/blog\/wp-content\/uploads\/2017\/06\/logo.png","width":200,"height":65,"caption":"Sfhera Software"},"image":{"@id":"https:\/\/sfhera.com.br\/blog\/#\/schema\/logo\/image\/"},"sameAs":["https:\/\/www.facebook.com\/sfhera","https:\/\/x.com\/sfhera","https:\/\/br.linkedin.com\/company\/sfhera-software"]},{"@type":"Person","@id":"https:\/\/sfhera.com.br\/blog\/#\/schema\/person\/0a21d0c7b6b15bda9d9c072dde915f2a","name":"Sfhera Software","image":{"@type":"ImageObject","inLanguage":"pt-BR","@id":"https:\/\/secure.gravatar.com\/avatar\/b1d1b13f14dd2dc5b3fb21e60579548fa4f79040171567f49ae19080fb354524?s=96&d=mm&r=g","url":"https:\/\/secure.gravatar.com\/avatar\/b1d1b13f14dd2dc5b3fb21e60579548fa4f79040171567f49ae19080fb354524?s=96&d=mm&r=g","contentUrl":"https:\/\/secure.gravatar.com\/avatar\/b1d1b13f14dd2dc5b3fb21e60579548fa4f79040171567f49ae19080fb354524?s=96&d=mm&r=g","caption":"Sfhera Software"},"url":"https:\/\/sfhera.com.br\/blog\/author\/admin\/"}]}},"_links":{"self":[{"href":"https:\/\/sfhera.com.br\/blog\/wp-json\/wp\/v2\/posts\/415","targetHints":{"allow":["GET"]}}],"collection":[{"href":"https:\/\/sfhera.com.br\/blog\/wp-json\/wp\/v2\/posts"}],"about":[{"href":"https:\/\/sfhera.com.br\/blog\/wp-json\/wp\/v2\/types\/post"}],"author":[{"embeddable":true,"href":"https:\/\/sfhera.com.br\/blog\/wp-json\/wp\/v2\/users\/1"}],"replies":[{"embeddable":true,"href":"https:\/\/sfhera.com.br\/blog\/wp-json\/wp\/v2\/comments?post=415"}],"version-history":[{"count":1,"href":"https:\/\/sfhera.com.br\/blog\/wp-json\/wp\/v2\/posts\/415\/revisions"}],"predecessor-version":[{"id":417,"href":"https:\/\/sfhera.com.br\/blog\/wp-json\/wp\/v2\/posts\/415\/revisions\/417"}],"wp:featuredmedia":[{"embeddable":true,"href":"https:\/\/sfhera.com.br\/blog\/wp-json\/wp\/v2\/media\/416"}],"wp:attachment":[{"href":"https:\/\/sfhera.com.br\/blog\/wp-json\/wp\/v2\/media?parent=415"}],"wp:term":[{"taxonomy":"category","embeddable":true,"href":"https:\/\/sfhera.com.br\/blog\/wp-json\/wp\/v2\/categories?post=415"},{"taxonomy":"post_tag","embeddable":true,"href":"https:\/\/sfhera.com.br\/blog\/wp-json\/wp\/v2\/tags?post=415"}],"curies":[{"name":"wp","href":"https:\/\/api.w.org\/{rel}","templated":true}]}}