{"id":451,"date":"2017-08-08T16:02:58","date_gmt":"2017-08-08T19:02:58","guid":{"rendered":"https:\/\/sfhera.com.br\/blog\/?p=451"},"modified":"2017-08-08T16:03:13","modified_gmt":"2017-08-08T19:03:13","slug":"temer-admite-estudos-sobre-aumento-da-aliquota-do-imposto-de-renda","status":"publish","type":"post","link":"https:\/\/sfhera.com.br\/blog\/temer-admite-estudos-sobre-aumento-da-aliquota-do-imposto-de-renda\/","title":{"rendered":"Temer admite estudos sobre aumento da al\u00edquota do Imposto de Renda"},"content":{"rendered":"<h2 class=\"summary\">Temer falou tamb\u00e9m sobre a possibilidade de ado\u00e7\u00e3o do parlamentarismo como sistema de governo em 2018<\/h2>\n<p>O presidente Michel Temer admitiu hoje (8), em entrevista em S\u00e3o Paulo, que existem estudos sobre o aumento da al\u00edquota do Imposto de Renda, mas disse que n\u00e3o h\u00e1 nada decidido.<\/p>\n<p>&#8220;H\u00e1 estudos, os mais variados estudos, estudos que se fazem rotineiramente. A todo o momento a Fazenda, o Planejamento, os setores da economia, fazem esses estudos. E este \u00e9 um dos estudos que est\u00e1 sendo feito, mas nada decidido&#8221;, disse Temer ap\u00f3s participar da abertura do 27\u00ba Congresso Fenabrave (Federa\u00e7\u00e3o Nacional da Distribui\u00e7\u00e3o de Ve\u00edculos Automotores).<\/p>\n<p>Temer falou tamb\u00e9m sobre a possibilidade de ado\u00e7\u00e3o do parlamentarismo como sistema de governo em 2018. Ao dizer que tem muita simpatia pelo sistema, Temer argumentou que o Brasil j\u00e1 fazendo \u201cquase um pr\u00e9-exerc\u00edcio de parlamentarismo\u201d. Segundo o presidente, o Poder Legislativo era visto como um ap\u00eandice do Poder Executivo e, em seu governo, os dois trabalham juntos.<\/p>\n<div id=\"aniplayerWrapper\"><\/div>\n<p>\u201cN\u00e3o \u00e9 improv\u00e1vel que este exemplo que estamos dando possa em breve tempo se converter em um sistema semipresidencialista ou semiparlamentarista. H\u00e1 de ser um sistema parlamentarista do tipo portugu\u00eas ou franc\u00eas, em que tamb\u00e9m o presidente da Rep\u00fablica, sobre ser eleito diretamente, ainda tem uma presen\u00e7a muito ativa no espectro governativo. Se [o parlamentarismo] puder vir em 2018, seria \u00f3timo, mas, se n\u00e3o vier, quem sabe prepara-se para 2022.\u201d<\/p>\n<p>Reformas<\/p>\n<p>Em discurso na abertura do congresso, o presidente elogiou as reformas j\u00e1 feitas em sua administra\u00e7\u00e3o e as que ainda est\u00e3o em andamento. Ele afirmou que faz um governo reformista, que busca colocar o pa\u00eds nos trilhos. \u201cEste \u00e9 um governo reformista, que busca colocar os trilhos no lugar para que quem chegar em 2018 possa apanhar a locomotiva e caminhar com naturalidade.\u201d<\/p>\n<div id=\"player-wrapper-92358025272559300\" class=\"jw-ad-visible\">\n<div>\u00a0<span style=\"font-size: 1rem;\">\u00a0<\/span><span style=\"font-size: 1rem;\">Temer lembrou que, quando chegou ao governo, o pa\u00eds registrava infla\u00e7\u00e3o de quase 10% e que atualmente o \u00edndice est\u00e1 em 3%. \u201cA taxa Selic, que estava em 14,25%, hoje est\u00e1 em 9,25% devendo chegar a 7,5% no final deste ano. Isso exigir\u00e1 que a taxa de juros real tamb\u00e9m caia e isso vai significar possibilidade de cr\u00e9dito mais aberto\u201d, disse.<\/span><\/div>\n<\/div>\n<p>O presidente destacou tamb\u00e9m que fazer a reforma da Previd\u00eancia \u00e9 prever o futuro e garantir a aposentadoria no futuro em um pa\u00eds como o Brasil no qual o d\u00e9ficit previdenci\u00e1rio foi de R$ 184 bilh\u00f5es este ano e que deve chegar a R$ 205 bilh\u00f5es no ano que vem, caso nada seja feito. \u201cSe n\u00e3o fizermos nada. ser\u00e1 dific\u00edlimo enfrentar os pr\u00f3ximos anos. Pois s\u00f3 haver\u00e1 recursos para pagar o funcionalismo p\u00fablico e a Previd\u00eancia\u201d.<\/p>\n<p>Ele lembrou ainda que, no in\u00edcio do governo, n\u00e3o foi f\u00e1cil propor o teto para os gastos p\u00fablicos, que significa cortar na pr\u00f3pria carne. \u201cMuitos chamaram isso de PEC [proposta de emenda \u00e0 Constitui\u00e7\u00e3o] da Morte, que iria acabar com a educa\u00e7\u00e3o e a sa\u00fade. Passou o tempo e constru\u00edmos o or\u00e7amento pautados pela PEC da Morte e aumentamos a verba para R$10 milh\u00f5es para cada \u00e1rea\u201d. Quanto \u00e0 reforma do ensino m\u00e9dio, Temer ressaltou que a proposta foi feita com base em trechos de v\u00e1rios projetos de lei propostos no Congresso Nacional. \u201cHouve oposi\u00e7\u00e3o e cr\u00edtica, mas foi aprovada por mais de 95% de todos os setores\u201d.<\/p>\n<p>Temer disse tamb\u00e9m que foi positiva a reforma trabalhista. Ele ressaltou que a moderniza\u00e7\u00e3o da legisla\u00e7\u00e3o foi obtida com di\u00e1logo aberto entre governo, empres\u00e1rios e centrais sindicais. Segundo o presidente, ao longo dos \u00faltimos 14 meses, seu governo tem prestigiado a iniciativa privada com a convic\u00e7\u00e3o de que o combate ao desemprego ocorre pelo est\u00edmulo \u00e0 atividade do setor privado.<\/p>\n<p>\u201cUma das tarefas \u00e9 tentar mudar a cultura do Brasil dizendo que h\u00e1 desemprego, mas n\u00e3o querer que haja produ\u00e7\u00e3o. Se voc\u00ea n\u00e3o incentivar a ind\u00fastria, o setor de servi\u00e7os, o agroneg\u00f3cio, como se criar\u00e1 emprego? \u00c9 preciso incentivar a atividade conjugada de todos os setores da iniciativa privada\u201d. Ele ressaltou ainda que o estado n\u00e3o pode prosperar se n\u00e3o transferir v\u00e1rias de suas atividades para a iniciativa privada. \u201c\u00c9 o que estamos fazendo. Estamos modernizando o pa\u00eds,\u201d afirmou o presidente.<\/p>\n<p>Fonte: Administradores.com<\/p>\n","protected":false},"excerpt":{"rendered":"<p>Temer falou tamb\u00e9m sobre a possibilidade de ado\u00e7\u00e3o do parlamentarismo como sistema de governo em 2018 O presidente Michel Temer admitiu hoje&hellip;<\/p>\n","protected":false},"author":1,"featured_media":452,"comment_status":"closed","ping_status":"open","sticky":false,"template":"","format":"standard","meta":{"footnotes":""},"categories":[6,4],"tags":[229,230,231],"class_list":["post-451","post","type-post","status-publish","format-standard","has-post-thumbnail","hentry","category-legislacao-fiscal","category-gestaoenegocios","tag-reformas","tag-temer","tag-aumento-aliquota-do-imposto-de-renda"],"yoast_head":"<!-- This site is optimized with the Yoast SEO plugin v27.5 - https:\/\/yoast.com\/product\/yoast-seo-wordpress\/ -->\n<title>Temer admite estudos sobre aumento da al\u00edquota do Imposto de Renda - Sfhera Software<\/title>\n<meta name=\"robots\" content=\"index, follow, max-snippet:-1, max-image-preview:large, max-video-preview:-1\" \/>\n<link rel=\"canonical\" href=\"https:\/\/sfhera.com.br\/blog\/temer-admite-estudos-sobre-aumento-da-aliquota-do-imposto-de-renda\/\" \/>\n<meta property=\"og:locale\" content=\"pt_BR\" \/>\n<meta property=\"og:type\" content=\"article\" \/>\n<meta property=\"og:title\" content=\"Temer admite estudos sobre aumento da al\u00edquota do Imposto de Renda - Sfhera Software\" \/>\n<meta property=\"og:description\" content=\"Temer falou tamb\u00e9m sobre a possibilidade de ado\u00e7\u00e3o do parlamentarismo como sistema de governo em 2018 O presidente Michel Temer admitiu hoje&hellip;\" \/>\n<meta property=\"og:url\" content=\"https:\/\/sfhera.com.br\/blog\/temer-admite-estudos-sobre-aumento-da-aliquota-do-imposto-de-renda\/\" \/>\n<meta property=\"og:site_name\" content=\"Sfhera Software\" \/>\n<meta property=\"article:publisher\" content=\"https:\/\/www.facebook.com\/sfhera\" \/>\n<meta property=\"article:published_time\" content=\"2017-08-08T19:02:58+00:00\" \/>\n<meta property=\"article:modified_time\" content=\"2017-08-08T19:03:13+00:00\" \/>\n<meta property=\"og:image\" content=\"https:\/\/sfhera.com.br\/blog\/wp-content\/uploads\/2017\/08\/michel-temer.jpg\" \/>\n\t<meta property=\"og:image:width\" content=\"1500\" \/>\n\t<meta property=\"og:image:height\" content=\"652\" \/>\n\t<meta property=\"og:image:type\" content=\"image\/jpeg\" \/>\n<meta name=\"author\" content=\"Sfhera Software\" \/>\n<meta name=\"twitter:card\" content=\"summary_large_image\" \/>\n<meta name=\"twitter:creator\" content=\"@sfhera\" \/>\n<meta name=\"twitter:site\" content=\"@sfhera\" \/>\n<meta name=\"twitter:label1\" content=\"Escrito por\" \/>\n\t<meta name=\"twitter:data1\" content=\"Sfhera Software\" \/>\n\t<meta name=\"twitter:label2\" content=\"Est. tempo de leitura\" \/>\n\t<meta name=\"twitter:data2\" content=\"4 minutos\" \/>\n<script type=\"application\/ld+json\" class=\"yoast-schema-graph\">{\"@context\":\"https:\\\/\\\/schema.org\",\"@graph\":[{\"@type\":\"Article\",\"@id\":\"https:\\\/\\\/sfhera.com.br\\\/blog\\\/temer-admite-estudos-sobre-aumento-da-aliquota-do-imposto-de-renda\\\/#article\",\"isPartOf\":{\"@id\":\"https:\\\/\\\/sfhera.com.br\\\/blog\\\/temer-admite-estudos-sobre-aumento-da-aliquota-do-imposto-de-renda\\\/\"},\"author\":{\"name\":\"Sfhera Software\",\"@id\":\"https:\\\/\\\/sfhera.com.br\\\/blog\\\/#\\\/schema\\\/person\\\/0a21d0c7b6b15bda9d9c072dde915f2a\"},\"headline\":\"Temer admite estudos sobre aumento da al\u00edquota do Imposto de Renda\",\"datePublished\":\"2017-08-08T19:02:58+00:00\",\"dateModified\":\"2017-08-08T19:03:13+00:00\",\"mainEntityOfPage\":{\"@id\":\"https:\\\/\\\/sfhera.com.br\\\/blog\\\/temer-admite-estudos-sobre-aumento-da-aliquota-do-imposto-de-renda\\\/\"},\"wordCount\":743,\"publisher\":{\"@id\":\"https:\\\/\\\/sfhera.com.br\\\/blog\\\/#organization\"},\"image\":{\"@id\":\"https:\\\/\\\/sfhera.com.br\\\/blog\\\/temer-admite-estudos-sobre-aumento-da-aliquota-do-imposto-de-renda\\\/#primaryimage\"},\"thumbnailUrl\":\"https:\\\/\\\/sfhera.com.br\\\/blog\\\/wp-content\\\/uploads\\\/2017\\\/08\\\/michel-temer.jpg\",\"keywords\":[\"reformas\",\"Temer\",\"aumento al\u00edquota do imposto de renda\"],\"articleSection\":[\"Legisla\u00e7\u00e3o Fiscal\",\"Gest\u00e3o e Neg\u00f3cios\"],\"inLanguage\":\"pt-BR\"},{\"@type\":\"WebPage\",\"@id\":\"https:\\\/\\\/sfhera.com.br\\\/blog\\\/temer-admite-estudos-sobre-aumento-da-aliquota-do-imposto-de-renda\\\/\",\"url\":\"https:\\\/\\\/sfhera.com.br\\\/blog\\\/temer-admite-estudos-sobre-aumento-da-aliquota-do-imposto-de-renda\\\/\",\"name\":\"Temer admite estudos sobre aumento da al\u00edquota do Imposto de Renda - Sfhera Software\",\"isPartOf\":{\"@id\":\"https:\\\/\\\/sfhera.com.br\\\/blog\\\/#website\"},\"primaryImageOfPage\":{\"@id\":\"https:\\\/\\\/sfhera.com.br\\\/blog\\\/temer-admite-estudos-sobre-aumento-da-aliquota-do-imposto-de-renda\\\/#primaryimage\"},\"image\":{\"@id\":\"https:\\\/\\\/sfhera.com.br\\\/blog\\\/temer-admite-estudos-sobre-aumento-da-aliquota-do-imposto-de-renda\\\/#primaryimage\"},\"thumbnailUrl\":\"https:\\\/\\\/sfhera.com.br\\\/blog\\\/wp-content\\\/uploads\\\/2017\\\/08\\\/michel-temer.jpg\",\"datePublished\":\"2017-08-08T19:02:58+00:00\",\"dateModified\":\"2017-08-08T19:03:13+00:00\",\"breadcrumb\":{\"@id\":\"https:\\\/\\\/sfhera.com.br\\\/blog\\\/temer-admite-estudos-sobre-aumento-da-aliquota-do-imposto-de-renda\\\/#breadcrumb\"},\"inLanguage\":\"pt-BR\",\"potentialAction\":[{\"@type\":\"ReadAction\",\"target\":[\"https:\\\/\\\/sfhera.com.br\\\/blog\\\/temer-admite-estudos-sobre-aumento-da-aliquota-do-imposto-de-renda\\\/\"]}]},{\"@type\":\"ImageObject\",\"inLanguage\":\"pt-BR\",\"@id\":\"https:\\\/\\\/sfhera.com.br\\\/blog\\\/temer-admite-estudos-sobre-aumento-da-aliquota-do-imposto-de-renda\\\/#primaryimage\",\"url\":\"https:\\\/\\\/sfhera.com.br\\\/blog\\\/wp-content\\\/uploads\\\/2017\\\/08\\\/michel-temer.jpg\",\"contentUrl\":\"https:\\\/\\\/sfhera.com.br\\\/blog\\\/wp-content\\\/uploads\\\/2017\\\/08\\\/michel-temer.jpg\",\"width\":1500,\"height\":652,\"caption\":\"Temer\"},{\"@type\":\"BreadcrumbList\",\"@id\":\"https:\\\/\\\/sfhera.com.br\\\/blog\\\/temer-admite-estudos-sobre-aumento-da-aliquota-do-imposto-de-renda\\\/#breadcrumb\",\"itemListElement\":[{\"@type\":\"ListItem\",\"position\":1,\"name\":\"In\u00edcio\",\"item\":\"https:\\\/\\\/sfhera.com.br\\\/blog\\\/\"},{\"@type\":\"ListItem\",\"position\":2,\"name\":\"Temer admite estudos sobre aumento da al\u00edquota do Imposto de Renda\"}]},{\"@type\":\"WebSite\",\"@id\":\"https:\\\/\\\/sfhera.com.br\\\/blog\\\/#website\",\"url\":\"https:\\\/\\\/sfhera.com.br\\\/blog\\\/\",\"name\":\"Sfhera Software\",\"description\":\"Aplicativos de Gest\u00e3o para o Varejo\",\"publisher\":{\"@id\":\"https:\\\/\\\/sfhera.com.br\\\/blog\\\/#organization\"},\"potentialAction\":[{\"@type\":\"SearchAction\",\"target\":{\"@type\":\"EntryPoint\",\"urlTemplate\":\"https:\\\/\\\/sfhera.com.br\\\/blog\\\/?s={search_term_string}\"},\"query-input\":{\"@type\":\"PropertyValueSpecification\",\"valueRequired\":true,\"valueName\":\"search_term_string\"}}],\"inLanguage\":\"pt-BR\"},{\"@type\":\"Organization\",\"@id\":\"https:\\\/\\\/sfhera.com.br\\\/blog\\\/#organization\",\"name\":\"Sfhera Software\",\"url\":\"https:\\\/\\\/sfhera.com.br\\\/blog\\\/\",\"logo\":{\"@type\":\"ImageObject\",\"inLanguage\":\"pt-BR\",\"@id\":\"https:\\\/\\\/sfhera.com.br\\\/blog\\\/#\\\/schema\\\/logo\\\/image\\\/\",\"url\":\"https:\\\/\\\/www.sfhera.com.br\\\/blog\\\/wp-content\\\/uploads\\\/2017\\\/06\\\/logo.png\",\"contentUrl\":\"https:\\\/\\\/www.sfhera.com.br\\\/blog\\\/wp-content\\\/uploads\\\/2017\\\/06\\\/logo.png\",\"width\":200,\"height\":65,\"caption\":\"Sfhera Software\"},\"image\":{\"@id\":\"https:\\\/\\\/sfhera.com.br\\\/blog\\\/#\\\/schema\\\/logo\\\/image\\\/\"},\"sameAs\":[\"https:\\\/\\\/www.facebook.com\\\/sfhera\",\"https:\\\/\\\/x.com\\\/sfhera\",\"https:\\\/\\\/br.linkedin.com\\\/company\\\/sfhera-software\"]},{\"@type\":\"Person\",\"@id\":\"https:\\\/\\\/sfhera.com.br\\\/blog\\\/#\\\/schema\\\/person\\\/0a21d0c7b6b15bda9d9c072dde915f2a\",\"name\":\"Sfhera Software\",\"image\":{\"@type\":\"ImageObject\",\"inLanguage\":\"pt-BR\",\"@id\":\"https:\\\/\\\/secure.gravatar.com\\\/avatar\\\/b1d1b13f14dd2dc5b3fb21e60579548fa4f79040171567f49ae19080fb354524?s=96&d=mm&r=g\",\"url\":\"https:\\\/\\\/secure.gravatar.com\\\/avatar\\\/b1d1b13f14dd2dc5b3fb21e60579548fa4f79040171567f49ae19080fb354524?s=96&d=mm&r=g\",\"contentUrl\":\"https:\\\/\\\/secure.gravatar.com\\\/avatar\\\/b1d1b13f14dd2dc5b3fb21e60579548fa4f79040171567f49ae19080fb354524?s=96&d=mm&r=g\",\"caption\":\"Sfhera Software\"},\"url\":\"https:\\\/\\\/sfhera.com.br\\\/blog\\\/author\\\/admin\\\/\"}]}<\/script>\n<!-- \/ Yoast SEO plugin. -->","yoast_head_json":{"title":"Temer admite estudos sobre aumento da al\u00edquota do Imposto de Renda - Sfhera Software","robots":{"index":"index","follow":"follow","max-snippet":"max-snippet:-1","max-image-preview":"max-image-preview:large","max-video-preview":"max-video-preview:-1"},"canonical":"https:\/\/sfhera.com.br\/blog\/temer-admite-estudos-sobre-aumento-da-aliquota-do-imposto-de-renda\/","og_locale":"pt_BR","og_type":"article","og_title":"Temer admite estudos sobre aumento da al\u00edquota do Imposto de Renda - Sfhera Software","og_description":"Temer falou tamb\u00e9m sobre a possibilidade de ado\u00e7\u00e3o do parlamentarismo como sistema de governo em 2018 O presidente Michel Temer admitiu hoje&hellip;","og_url":"https:\/\/sfhera.com.br\/blog\/temer-admite-estudos-sobre-aumento-da-aliquota-do-imposto-de-renda\/","og_site_name":"Sfhera Software","article_publisher":"https:\/\/www.facebook.com\/sfhera","article_published_time":"2017-08-08T19:02:58+00:00","article_modified_time":"2017-08-08T19:03:13+00:00","og_image":[{"width":1500,"height":652,"url":"https:\/\/sfhera.com.br\/blog\/wp-content\/uploads\/2017\/08\/michel-temer.jpg","type":"image\/jpeg"}],"author":"Sfhera Software","twitter_card":"summary_large_image","twitter_creator":"@sfhera","twitter_site":"@sfhera","twitter_misc":{"Escrito por":"Sfhera Software","Est. tempo de leitura":"4 minutos"},"schema":{"@context":"https:\/\/schema.org","@graph":[{"@type":"Article","@id":"https:\/\/sfhera.com.br\/blog\/temer-admite-estudos-sobre-aumento-da-aliquota-do-imposto-de-renda\/#article","isPartOf":{"@id":"https:\/\/sfhera.com.br\/blog\/temer-admite-estudos-sobre-aumento-da-aliquota-do-imposto-de-renda\/"},"author":{"name":"Sfhera Software","@id":"https:\/\/sfhera.com.br\/blog\/#\/schema\/person\/0a21d0c7b6b15bda9d9c072dde915f2a"},"headline":"Temer admite estudos sobre aumento da al\u00edquota do Imposto de Renda","datePublished":"2017-08-08T19:02:58+00:00","dateModified":"2017-08-08T19:03:13+00:00","mainEntityOfPage":{"@id":"https:\/\/sfhera.com.br\/blog\/temer-admite-estudos-sobre-aumento-da-aliquota-do-imposto-de-renda\/"},"wordCount":743,"publisher":{"@id":"https:\/\/sfhera.com.br\/blog\/#organization"},"image":{"@id":"https:\/\/sfhera.com.br\/blog\/temer-admite-estudos-sobre-aumento-da-aliquota-do-imposto-de-renda\/#primaryimage"},"thumbnailUrl":"https:\/\/sfhera.com.br\/blog\/wp-content\/uploads\/2017\/08\/michel-temer.jpg","keywords":["reformas","Temer","aumento al\u00edquota do imposto de renda"],"articleSection":["Legisla\u00e7\u00e3o Fiscal","Gest\u00e3o e Neg\u00f3cios"],"inLanguage":"pt-BR"},{"@type":"WebPage","@id":"https:\/\/sfhera.com.br\/blog\/temer-admite-estudos-sobre-aumento-da-aliquota-do-imposto-de-renda\/","url":"https:\/\/sfhera.com.br\/blog\/temer-admite-estudos-sobre-aumento-da-aliquota-do-imposto-de-renda\/","name":"Temer admite estudos sobre aumento da al\u00edquota do Imposto de Renda - Sfhera Software","isPartOf":{"@id":"https:\/\/sfhera.com.br\/blog\/#website"},"primaryImageOfPage":{"@id":"https:\/\/sfhera.com.br\/blog\/temer-admite-estudos-sobre-aumento-da-aliquota-do-imposto-de-renda\/#primaryimage"},"image":{"@id":"https:\/\/sfhera.com.br\/blog\/temer-admite-estudos-sobre-aumento-da-aliquota-do-imposto-de-renda\/#primaryimage"},"thumbnailUrl":"https:\/\/sfhera.com.br\/blog\/wp-content\/uploads\/2017\/08\/michel-temer.jpg","datePublished":"2017-08-08T19:02:58+00:00","dateModified":"2017-08-08T19:03:13+00:00","breadcrumb":{"@id":"https:\/\/sfhera.com.br\/blog\/temer-admite-estudos-sobre-aumento-da-aliquota-do-imposto-de-renda\/#breadcrumb"},"inLanguage":"pt-BR","potentialAction":[{"@type":"ReadAction","target":["https:\/\/sfhera.com.br\/blog\/temer-admite-estudos-sobre-aumento-da-aliquota-do-imposto-de-renda\/"]}]},{"@type":"ImageObject","inLanguage":"pt-BR","@id":"https:\/\/sfhera.com.br\/blog\/temer-admite-estudos-sobre-aumento-da-aliquota-do-imposto-de-renda\/#primaryimage","url":"https:\/\/sfhera.com.br\/blog\/wp-content\/uploads\/2017\/08\/michel-temer.jpg","contentUrl":"https:\/\/sfhera.com.br\/blog\/wp-content\/uploads\/2017\/08\/michel-temer.jpg","width":1500,"height":652,"caption":"Temer"},{"@type":"BreadcrumbList","@id":"https:\/\/sfhera.com.br\/blog\/temer-admite-estudos-sobre-aumento-da-aliquota-do-imposto-de-renda\/#breadcrumb","itemListElement":[{"@type":"ListItem","position":1,"name":"In\u00edcio","item":"https:\/\/sfhera.com.br\/blog\/"},{"@type":"ListItem","position":2,"name":"Temer admite estudos sobre aumento da al\u00edquota do Imposto de Renda"}]},{"@type":"WebSite","@id":"https:\/\/sfhera.com.br\/blog\/#website","url":"https:\/\/sfhera.com.br\/blog\/","name":"Sfhera Software","description":"Aplicativos de Gest\u00e3o para o Varejo","publisher":{"@id":"https:\/\/sfhera.com.br\/blog\/#organization"},"potentialAction":[{"@type":"SearchAction","target":{"@type":"EntryPoint","urlTemplate":"https:\/\/sfhera.com.br\/blog\/?s={search_term_string}"},"query-input":{"@type":"PropertyValueSpecification","valueRequired":true,"valueName":"search_term_string"}}],"inLanguage":"pt-BR"},{"@type":"Organization","@id":"https:\/\/sfhera.com.br\/blog\/#organization","name":"Sfhera Software","url":"https:\/\/sfhera.com.br\/blog\/","logo":{"@type":"ImageObject","inLanguage":"pt-BR","@id":"https:\/\/sfhera.com.br\/blog\/#\/schema\/logo\/image\/","url":"https:\/\/www.sfhera.com.br\/blog\/wp-content\/uploads\/2017\/06\/logo.png","contentUrl":"https:\/\/www.sfhera.com.br\/blog\/wp-content\/uploads\/2017\/06\/logo.png","width":200,"height":65,"caption":"Sfhera Software"},"image":{"@id":"https:\/\/sfhera.com.br\/blog\/#\/schema\/logo\/image\/"},"sameAs":["https:\/\/www.facebook.com\/sfhera","https:\/\/x.com\/sfhera","https:\/\/br.linkedin.com\/company\/sfhera-software"]},{"@type":"Person","@id":"https:\/\/sfhera.com.br\/blog\/#\/schema\/person\/0a21d0c7b6b15bda9d9c072dde915f2a","name":"Sfhera Software","image":{"@type":"ImageObject","inLanguage":"pt-BR","@id":"https:\/\/secure.gravatar.com\/avatar\/b1d1b13f14dd2dc5b3fb21e60579548fa4f79040171567f49ae19080fb354524?s=96&d=mm&r=g","url":"https:\/\/secure.gravatar.com\/avatar\/b1d1b13f14dd2dc5b3fb21e60579548fa4f79040171567f49ae19080fb354524?s=96&d=mm&r=g","contentUrl":"https:\/\/secure.gravatar.com\/avatar\/b1d1b13f14dd2dc5b3fb21e60579548fa4f79040171567f49ae19080fb354524?s=96&d=mm&r=g","caption":"Sfhera Software"},"url":"https:\/\/sfhera.com.br\/blog\/author\/admin\/"}]}},"_links":{"self":[{"href":"https:\/\/sfhera.com.br\/blog\/wp-json\/wp\/v2\/posts\/451","targetHints":{"allow":["GET"]}}],"collection":[{"href":"https:\/\/sfhera.com.br\/blog\/wp-json\/wp\/v2\/posts"}],"about":[{"href":"https:\/\/sfhera.com.br\/blog\/wp-json\/wp\/v2\/types\/post"}],"author":[{"embeddable":true,"href":"https:\/\/sfhera.com.br\/blog\/wp-json\/wp\/v2\/users\/1"}],"replies":[{"embeddable":true,"href":"https:\/\/sfhera.com.br\/blog\/wp-json\/wp\/v2\/comments?post=451"}],"version-history":[{"count":1,"href":"https:\/\/sfhera.com.br\/blog\/wp-json\/wp\/v2\/posts\/451\/revisions"}],"predecessor-version":[{"id":453,"href":"https:\/\/sfhera.com.br\/blog\/wp-json\/wp\/v2\/posts\/451\/revisions\/453"}],"wp:featuredmedia":[{"embeddable":true,"href":"https:\/\/sfhera.com.br\/blog\/wp-json\/wp\/v2\/media\/452"}],"wp:attachment":[{"href":"https:\/\/sfhera.com.br\/blog\/wp-json\/wp\/v2\/media?parent=451"}],"wp:term":[{"taxonomy":"category","embeddable":true,"href":"https:\/\/sfhera.com.br\/blog\/wp-json\/wp\/v2\/categories?post=451"},{"taxonomy":"post_tag","embeddable":true,"href":"https:\/\/sfhera.com.br\/blog\/wp-json\/wp\/v2\/tags?post=451"}],"curies":[{"name":"wp","href":"https:\/\/api.w.org\/{rel}","templated":true}]}}