{"id":471,"date":"2017-08-14T11:51:43","date_gmt":"2017-08-14T14:51:43","guid":{"rendered":"https:\/\/sfhera.com.br\/blog\/?p=471"},"modified":"2017-08-14T11:51:43","modified_gmt":"2017-08-14T14:51:43","slug":"governo-deve-anunciar-hoje-mudanca-da-meta-fiscal","status":"publish","type":"post","link":"https:\/\/sfhera.com.br\/blog\/governo-deve-anunciar-hoje-mudanca-da-meta-fiscal\/","title":{"rendered":"Governo deve anunciar hoje mudan\u00e7a da meta fiscal"},"content":{"rendered":"<h2 class=\"summary\">O d\u00e9ficit prim\u00e1rio \u00e9 o resultado negativo nas contas do governo, desconsiderando os juros da d\u00edvida p\u00fablica<\/h2>\n<p>O presidente Michel Temer e os ministros da Fazenda, Henrique Meirelles, e do Planejamento, Dyogo Oliveira, ter\u00e3o hoje (14) a reuni\u00e3o final para definir em quanto vai aumentar a meta de d\u00e9ficit prim\u00e1rio para este ano e para 2018. Em nota conjunta enviada na \u00faltima quinta-feira (10), as duas pastas informaram que qualquer decis\u00e3o ser\u00e1 anunciada imediatamente depois de tomada.<\/p>\n<p>O d\u00e9ficit prim\u00e1rio \u00e9 o resultado negativo nas contas do governo, desconsiderando os juros da d\u00edvida p\u00fablica. Originalmente, a meta de d\u00e9ficit estava fixada em R$ 139 bilh\u00f5es para este ano e em R$ 129 bilh\u00f5es para o pr\u00f3ximo. No entanto, a arrecada\u00e7\u00e3o ainda em queda e uma s\u00e9rie de frustra\u00e7\u00f5es de receitas dificultaram o cumprimento da meta original.<\/p>\n<p>Primeiramente, o Tribunal de Contas da Uni\u00e3o (TCU) mandou a Ag\u00eancia Nacional de Energia El\u00e9trica (Aneel) refazer o edital do leil\u00e3o de renova\u00e7\u00e3o de concess\u00e3o de usinas hidrel\u00e9tricas da Companhia Energ\u00e9tica de Minas Gerais (Cemig), que renderia R$ 11 bilh\u00f5es aos cofres federais este ano.<\/p>\n<p>A segunda vers\u00e3o do programa de regulariza\u00e7\u00e3o de ativos no exterior, conhecida como repatria\u00e7\u00e3o, arrecadou apenas R$ 1,61 bilh\u00e3o, contra R$ 13 bilh\u00f5es inicialmente previstos. As altera\u00e7\u00f5es na medida provis\u00f3ria que criou a renegocia\u00e7\u00e3o especial de d\u00edvidas com a Uni\u00e3o tamb\u00e9m podem diminuir a previs\u00e3o de arrecada\u00e7\u00e3o, caso o governo n\u00e3o consiga reverter essas mudan\u00e7as.<\/p>\n<div id=\"player-wrapper-50524067251580500\" class=\"jw-ad-visible\">\u00a0Por fim, o governo teve de recuar de duas medidas que elevariam as receitas. O aumento do Programa de Integra\u00e7\u00e3o Social e da Contribui\u00e7\u00e3o para o Financiamento da Seguridade Social (PIS\/Cofins) sobre o etanol foi parcialmente revertido, reduzindo a previs\u00e3o de arrecada\u00e7\u00e3o em R$ 501 milh\u00f5es.<\/div>\n<p>Na semana passada, o governo revogou a medida provis\u00f3ria (MP) que acabaria com a desonera\u00e7\u00e3o da folha de pagamento para 46 dos 52 setores beneficiados pela pol\u00edtica. A MP, que trancava a pauta da C\u00e2mara dos Deputados, perdeu a validade na \u00faltima quinta-feira (10) e foi revogada sem passar por vota\u00e7\u00e3o. O governo enviar\u00e1 um projeto de lei sobre o assunto. A revoga\u00e7\u00e3o resultar\u00e1 em perda de R$ 4,8 bilh\u00f5es.<\/p>\n<p>O governo enfrenta ainda incertezas com receitas extraordin\u00e1rias. Em julho, o TCU emitiu um alerta de que a Uni\u00e3o ter\u00e1 dificuldades em arrecadar R$ 19,3 bilh\u00f5es por causa de receitas de concess\u00f5es que podem n\u00e3o entrar no caixa do governo em 2017. Al\u00e9m dos R$ 11 bilh\u00f5es dos leil\u00f5es de hidrel\u00e9tricas, que n\u00e3o v\u00e3o mais entrar nos cofres federais este ano, o governo far\u00e1 um leil\u00e3o de R$ 8 bilh\u00f5es de concess\u00f5es de petr\u00f3leo e g\u00e1s no pr\u00f3ximo m\u00eas.<\/p>\n<p>A equipe econ\u00f4mica tamb\u00e9m pretende concluir a venda de a\u00e7\u00f5es do Tesouro no IRB-Brasil, empresa que det\u00e9m o monop\u00f3lio do mercado de resseguros no pa\u00eds, e privatizar a Caixa Seguridade e a Lotex, empresa de loterias. As vendas, no entanto, precisam ser conclu\u00eddas at\u00e9 outubro para que os recursos ingressem no caixa do governo ainda este ano.<\/p>\n<p>Fonte: Administradores.com<\/p>\n","protected":false},"excerpt":{"rendered":"<p>O d\u00e9ficit prim\u00e1rio \u00e9 o resultado negativo nas contas do governo, desconsiderando os juros da d\u00edvida p\u00fablica O presidente Michel Temer e&hellip;<\/p>\n","protected":false},"author":1,"featured_media":473,"comment_status":"closed","ping_status":"open","sticky":false,"template":"","format":"standard","meta":{"footnotes":""},"categories":[6],"tags":[239],"class_list":["post-471","post","type-post","status-publish","format-standard","has-post-thumbnail","hentry","category-legislacao-fiscal","tag-meta-fiscal"],"yoast_head":"<!-- This site is optimized with the Yoast SEO plugin v27.5 - https:\/\/yoast.com\/product\/yoast-seo-wordpress\/ -->\n<title>Governo deve anunciar hoje mudan\u00e7a da meta fiscal - Sfhera Software<\/title>\n<meta name=\"robots\" content=\"index, follow, max-snippet:-1, max-image-preview:large, max-video-preview:-1\" \/>\n<link rel=\"canonical\" href=\"https:\/\/sfhera.com.br\/blog\/governo-deve-anunciar-hoje-mudanca-da-meta-fiscal\/\" \/>\n<meta property=\"og:locale\" content=\"pt_BR\" \/>\n<meta property=\"og:type\" content=\"article\" \/>\n<meta property=\"og:title\" content=\"Governo deve anunciar hoje mudan\u00e7a da meta fiscal - Sfhera Software\" \/>\n<meta property=\"og:description\" content=\"O d\u00e9ficit prim\u00e1rio \u00e9 o resultado negativo nas contas do governo, desconsiderando os juros da d\u00edvida p\u00fablica O presidente Michel Temer e&hellip;\" \/>\n<meta property=\"og:url\" content=\"https:\/\/sfhera.com.br\/blog\/governo-deve-anunciar-hoje-mudanca-da-meta-fiscal\/\" \/>\n<meta property=\"og:site_name\" content=\"Sfhera Software\" \/>\n<meta property=\"article:publisher\" content=\"https:\/\/www.facebook.com\/sfhera\" \/>\n<meta property=\"article:published_time\" content=\"2017-08-14T14:51:43+00:00\" \/>\n<meta property=\"og:image\" content=\"https:\/\/sfhera.com.br\/blog\/wp-content\/uploads\/2017\/08\/img_artigo_15.jpg\" \/>\n\t<meta property=\"og:image:width\" content=\"900\" \/>\n\t<meta property=\"og:image:height\" content=\"563\" \/>\n\t<meta property=\"og:image:type\" content=\"image\/jpeg\" \/>\n<meta name=\"author\" content=\"Sfhera Software\" \/>\n<meta name=\"twitter:card\" content=\"summary_large_image\" \/>\n<meta name=\"twitter:creator\" content=\"@sfhera\" \/>\n<meta name=\"twitter:site\" content=\"@sfhera\" \/>\n<meta name=\"twitter:label1\" content=\"Escrito por\" \/>\n\t<meta name=\"twitter:data1\" content=\"Sfhera Software\" \/>\n\t<meta name=\"twitter:label2\" content=\"Est. tempo de leitura\" \/>\n\t<meta name=\"twitter:data2\" content=\"3 minutos\" \/>\n<script type=\"application\/ld+json\" class=\"yoast-schema-graph\">{\"@context\":\"https:\\\/\\\/schema.org\",\"@graph\":[{\"@type\":\"Article\",\"@id\":\"https:\\\/\\\/sfhera.com.br\\\/blog\\\/governo-deve-anunciar-hoje-mudanca-da-meta-fiscal\\\/#article\",\"isPartOf\":{\"@id\":\"https:\\\/\\\/sfhera.com.br\\\/blog\\\/governo-deve-anunciar-hoje-mudanca-da-meta-fiscal\\\/\"},\"author\":{\"name\":\"Sfhera Software\",\"@id\":\"https:\\\/\\\/sfhera.com.br\\\/blog\\\/#\\\/schema\\\/person\\\/0a21d0c7b6b15bda9d9c072dde915f2a\"},\"headline\":\"Governo deve anunciar hoje mudan\u00e7a da meta fiscal\",\"datePublished\":\"2017-08-14T14:51:43+00:00\",\"mainEntityOfPage\":{\"@id\":\"https:\\\/\\\/sfhera.com.br\\\/blog\\\/governo-deve-anunciar-hoje-mudanca-da-meta-fiscal\\\/\"},\"wordCount\":563,\"publisher\":{\"@id\":\"https:\\\/\\\/sfhera.com.br\\\/blog\\\/#organization\"},\"image\":{\"@id\":\"https:\\\/\\\/sfhera.com.br\\\/blog\\\/governo-deve-anunciar-hoje-mudanca-da-meta-fiscal\\\/#primaryimage\"},\"thumbnailUrl\":\"https:\\\/\\\/sfhera.com.br\\\/blog\\\/wp-content\\\/uploads\\\/2017\\\/08\\\/img_artigo_15.jpg\",\"keywords\":[\"meta fiscal\"],\"articleSection\":[\"Legisla\u00e7\u00e3o Fiscal\"],\"inLanguage\":\"pt-BR\"},{\"@type\":\"WebPage\",\"@id\":\"https:\\\/\\\/sfhera.com.br\\\/blog\\\/governo-deve-anunciar-hoje-mudanca-da-meta-fiscal\\\/\",\"url\":\"https:\\\/\\\/sfhera.com.br\\\/blog\\\/governo-deve-anunciar-hoje-mudanca-da-meta-fiscal\\\/\",\"name\":\"Governo deve anunciar hoje mudan\u00e7a da meta fiscal - Sfhera Software\",\"isPartOf\":{\"@id\":\"https:\\\/\\\/sfhera.com.br\\\/blog\\\/#website\"},\"primaryImageOfPage\":{\"@id\":\"https:\\\/\\\/sfhera.com.br\\\/blog\\\/governo-deve-anunciar-hoje-mudanca-da-meta-fiscal\\\/#primaryimage\"},\"image\":{\"@id\":\"https:\\\/\\\/sfhera.com.br\\\/blog\\\/governo-deve-anunciar-hoje-mudanca-da-meta-fiscal\\\/#primaryimage\"},\"thumbnailUrl\":\"https:\\\/\\\/sfhera.com.br\\\/blog\\\/wp-content\\\/uploads\\\/2017\\\/08\\\/img_artigo_15.jpg\",\"datePublished\":\"2017-08-14T14:51:43+00:00\",\"breadcrumb\":{\"@id\":\"https:\\\/\\\/sfhera.com.br\\\/blog\\\/governo-deve-anunciar-hoje-mudanca-da-meta-fiscal\\\/#breadcrumb\"},\"inLanguage\":\"pt-BR\",\"potentialAction\":[{\"@type\":\"ReadAction\",\"target\":[\"https:\\\/\\\/sfhera.com.br\\\/blog\\\/governo-deve-anunciar-hoje-mudanca-da-meta-fiscal\\\/\"]}]},{\"@type\":\"ImageObject\",\"inLanguage\":\"pt-BR\",\"@id\":\"https:\\\/\\\/sfhera.com.br\\\/blog\\\/governo-deve-anunciar-hoje-mudanca-da-meta-fiscal\\\/#primaryimage\",\"url\":\"https:\\\/\\\/sfhera.com.br\\\/blog\\\/wp-content\\\/uploads\\\/2017\\\/08\\\/img_artigo_15.jpg\",\"contentUrl\":\"https:\\\/\\\/sfhera.com.br\\\/blog\\\/wp-content\\\/uploads\\\/2017\\\/08\\\/img_artigo_15.jpg\",\"width\":900,\"height\":563,\"caption\":\"meta fiscal\"},{\"@type\":\"BreadcrumbList\",\"@id\":\"https:\\\/\\\/sfhera.com.br\\\/blog\\\/governo-deve-anunciar-hoje-mudanca-da-meta-fiscal\\\/#breadcrumb\",\"itemListElement\":[{\"@type\":\"ListItem\",\"position\":1,\"name\":\"In\u00edcio\",\"item\":\"https:\\\/\\\/sfhera.com.br\\\/blog\\\/\"},{\"@type\":\"ListItem\",\"position\":2,\"name\":\"Governo deve anunciar hoje mudan\u00e7a da meta fiscal\"}]},{\"@type\":\"WebSite\",\"@id\":\"https:\\\/\\\/sfhera.com.br\\\/blog\\\/#website\",\"url\":\"https:\\\/\\\/sfhera.com.br\\\/blog\\\/\",\"name\":\"Sfhera Software\",\"description\":\"Aplicativos de Gest\u00e3o para o Varejo\",\"publisher\":{\"@id\":\"https:\\\/\\\/sfhera.com.br\\\/blog\\\/#organization\"},\"potentialAction\":[{\"@type\":\"SearchAction\",\"target\":{\"@type\":\"EntryPoint\",\"urlTemplate\":\"https:\\\/\\\/sfhera.com.br\\\/blog\\\/?s={search_term_string}\"},\"query-input\":{\"@type\":\"PropertyValueSpecification\",\"valueRequired\":true,\"valueName\":\"search_term_string\"}}],\"inLanguage\":\"pt-BR\"},{\"@type\":\"Organization\",\"@id\":\"https:\\\/\\\/sfhera.com.br\\\/blog\\\/#organization\",\"name\":\"Sfhera Software\",\"url\":\"https:\\\/\\\/sfhera.com.br\\\/blog\\\/\",\"logo\":{\"@type\":\"ImageObject\",\"inLanguage\":\"pt-BR\",\"@id\":\"https:\\\/\\\/sfhera.com.br\\\/blog\\\/#\\\/schema\\\/logo\\\/image\\\/\",\"url\":\"https:\\\/\\\/www.sfhera.com.br\\\/blog\\\/wp-content\\\/uploads\\\/2017\\\/06\\\/logo.png\",\"contentUrl\":\"https:\\\/\\\/www.sfhera.com.br\\\/blog\\\/wp-content\\\/uploads\\\/2017\\\/06\\\/logo.png\",\"width\":200,\"height\":65,\"caption\":\"Sfhera Software\"},\"image\":{\"@id\":\"https:\\\/\\\/sfhera.com.br\\\/blog\\\/#\\\/schema\\\/logo\\\/image\\\/\"},\"sameAs\":[\"https:\\\/\\\/www.facebook.com\\\/sfhera\",\"https:\\\/\\\/x.com\\\/sfhera\",\"https:\\\/\\\/br.linkedin.com\\\/company\\\/sfhera-software\"]},{\"@type\":\"Person\",\"@id\":\"https:\\\/\\\/sfhera.com.br\\\/blog\\\/#\\\/schema\\\/person\\\/0a21d0c7b6b15bda9d9c072dde915f2a\",\"name\":\"Sfhera Software\",\"image\":{\"@type\":\"ImageObject\",\"inLanguage\":\"pt-BR\",\"@id\":\"https:\\\/\\\/secure.gravatar.com\\\/avatar\\\/b1d1b13f14dd2dc5b3fb21e60579548fa4f79040171567f49ae19080fb354524?s=96&d=mm&r=g\",\"url\":\"https:\\\/\\\/secure.gravatar.com\\\/avatar\\\/b1d1b13f14dd2dc5b3fb21e60579548fa4f79040171567f49ae19080fb354524?s=96&d=mm&r=g\",\"contentUrl\":\"https:\\\/\\\/secure.gravatar.com\\\/avatar\\\/b1d1b13f14dd2dc5b3fb21e60579548fa4f79040171567f49ae19080fb354524?s=96&d=mm&r=g\",\"caption\":\"Sfhera Software\"},\"url\":\"https:\\\/\\\/sfhera.com.br\\\/blog\\\/author\\\/admin\\\/\"}]}<\/script>\n<!-- \/ Yoast SEO plugin. -->","yoast_head_json":{"title":"Governo deve anunciar hoje mudan\u00e7a da meta fiscal - Sfhera Software","robots":{"index":"index","follow":"follow","max-snippet":"max-snippet:-1","max-image-preview":"max-image-preview:large","max-video-preview":"max-video-preview:-1"},"canonical":"https:\/\/sfhera.com.br\/blog\/governo-deve-anunciar-hoje-mudanca-da-meta-fiscal\/","og_locale":"pt_BR","og_type":"article","og_title":"Governo deve anunciar hoje mudan\u00e7a da meta fiscal - Sfhera Software","og_description":"O d\u00e9ficit prim\u00e1rio \u00e9 o resultado negativo nas contas do governo, desconsiderando os juros da d\u00edvida p\u00fablica O presidente Michel Temer e&hellip;","og_url":"https:\/\/sfhera.com.br\/blog\/governo-deve-anunciar-hoje-mudanca-da-meta-fiscal\/","og_site_name":"Sfhera Software","article_publisher":"https:\/\/www.facebook.com\/sfhera","article_published_time":"2017-08-14T14:51:43+00:00","og_image":[{"width":900,"height":563,"url":"https:\/\/sfhera.com.br\/blog\/wp-content\/uploads\/2017\/08\/img_artigo_15.jpg","type":"image\/jpeg"}],"author":"Sfhera Software","twitter_card":"summary_large_image","twitter_creator":"@sfhera","twitter_site":"@sfhera","twitter_misc":{"Escrito por":"Sfhera Software","Est. tempo de leitura":"3 minutos"},"schema":{"@context":"https:\/\/schema.org","@graph":[{"@type":"Article","@id":"https:\/\/sfhera.com.br\/blog\/governo-deve-anunciar-hoje-mudanca-da-meta-fiscal\/#article","isPartOf":{"@id":"https:\/\/sfhera.com.br\/blog\/governo-deve-anunciar-hoje-mudanca-da-meta-fiscal\/"},"author":{"name":"Sfhera Software","@id":"https:\/\/sfhera.com.br\/blog\/#\/schema\/person\/0a21d0c7b6b15bda9d9c072dde915f2a"},"headline":"Governo deve anunciar hoje mudan\u00e7a da meta fiscal","datePublished":"2017-08-14T14:51:43+00:00","mainEntityOfPage":{"@id":"https:\/\/sfhera.com.br\/blog\/governo-deve-anunciar-hoje-mudanca-da-meta-fiscal\/"},"wordCount":563,"publisher":{"@id":"https:\/\/sfhera.com.br\/blog\/#organization"},"image":{"@id":"https:\/\/sfhera.com.br\/blog\/governo-deve-anunciar-hoje-mudanca-da-meta-fiscal\/#primaryimage"},"thumbnailUrl":"https:\/\/sfhera.com.br\/blog\/wp-content\/uploads\/2017\/08\/img_artigo_15.jpg","keywords":["meta fiscal"],"articleSection":["Legisla\u00e7\u00e3o Fiscal"],"inLanguage":"pt-BR"},{"@type":"WebPage","@id":"https:\/\/sfhera.com.br\/blog\/governo-deve-anunciar-hoje-mudanca-da-meta-fiscal\/","url":"https:\/\/sfhera.com.br\/blog\/governo-deve-anunciar-hoje-mudanca-da-meta-fiscal\/","name":"Governo deve anunciar hoje mudan\u00e7a da meta fiscal - Sfhera Software","isPartOf":{"@id":"https:\/\/sfhera.com.br\/blog\/#website"},"primaryImageOfPage":{"@id":"https:\/\/sfhera.com.br\/blog\/governo-deve-anunciar-hoje-mudanca-da-meta-fiscal\/#primaryimage"},"image":{"@id":"https:\/\/sfhera.com.br\/blog\/governo-deve-anunciar-hoje-mudanca-da-meta-fiscal\/#primaryimage"},"thumbnailUrl":"https:\/\/sfhera.com.br\/blog\/wp-content\/uploads\/2017\/08\/img_artigo_15.jpg","datePublished":"2017-08-14T14:51:43+00:00","breadcrumb":{"@id":"https:\/\/sfhera.com.br\/blog\/governo-deve-anunciar-hoje-mudanca-da-meta-fiscal\/#breadcrumb"},"inLanguage":"pt-BR","potentialAction":[{"@type":"ReadAction","target":["https:\/\/sfhera.com.br\/blog\/governo-deve-anunciar-hoje-mudanca-da-meta-fiscal\/"]}]},{"@type":"ImageObject","inLanguage":"pt-BR","@id":"https:\/\/sfhera.com.br\/blog\/governo-deve-anunciar-hoje-mudanca-da-meta-fiscal\/#primaryimage","url":"https:\/\/sfhera.com.br\/blog\/wp-content\/uploads\/2017\/08\/img_artigo_15.jpg","contentUrl":"https:\/\/sfhera.com.br\/blog\/wp-content\/uploads\/2017\/08\/img_artigo_15.jpg","width":900,"height":563,"caption":"meta fiscal"},{"@type":"BreadcrumbList","@id":"https:\/\/sfhera.com.br\/blog\/governo-deve-anunciar-hoje-mudanca-da-meta-fiscal\/#breadcrumb","itemListElement":[{"@type":"ListItem","position":1,"name":"In\u00edcio","item":"https:\/\/sfhera.com.br\/blog\/"},{"@type":"ListItem","position":2,"name":"Governo deve anunciar hoje mudan\u00e7a da meta fiscal"}]},{"@type":"WebSite","@id":"https:\/\/sfhera.com.br\/blog\/#website","url":"https:\/\/sfhera.com.br\/blog\/","name":"Sfhera Software","description":"Aplicativos de Gest\u00e3o para o Varejo","publisher":{"@id":"https:\/\/sfhera.com.br\/blog\/#organization"},"potentialAction":[{"@type":"SearchAction","target":{"@type":"EntryPoint","urlTemplate":"https:\/\/sfhera.com.br\/blog\/?s={search_term_string}"},"query-input":{"@type":"PropertyValueSpecification","valueRequired":true,"valueName":"search_term_string"}}],"inLanguage":"pt-BR"},{"@type":"Organization","@id":"https:\/\/sfhera.com.br\/blog\/#organization","name":"Sfhera Software","url":"https:\/\/sfhera.com.br\/blog\/","logo":{"@type":"ImageObject","inLanguage":"pt-BR","@id":"https:\/\/sfhera.com.br\/blog\/#\/schema\/logo\/image\/","url":"https:\/\/www.sfhera.com.br\/blog\/wp-content\/uploads\/2017\/06\/logo.png","contentUrl":"https:\/\/www.sfhera.com.br\/blog\/wp-content\/uploads\/2017\/06\/logo.png","width":200,"height":65,"caption":"Sfhera Software"},"image":{"@id":"https:\/\/sfhera.com.br\/blog\/#\/schema\/logo\/image\/"},"sameAs":["https:\/\/www.facebook.com\/sfhera","https:\/\/x.com\/sfhera","https:\/\/br.linkedin.com\/company\/sfhera-software"]},{"@type":"Person","@id":"https:\/\/sfhera.com.br\/blog\/#\/schema\/person\/0a21d0c7b6b15bda9d9c072dde915f2a","name":"Sfhera Software","image":{"@type":"ImageObject","inLanguage":"pt-BR","@id":"https:\/\/secure.gravatar.com\/avatar\/b1d1b13f14dd2dc5b3fb21e60579548fa4f79040171567f49ae19080fb354524?s=96&d=mm&r=g","url":"https:\/\/secure.gravatar.com\/avatar\/b1d1b13f14dd2dc5b3fb21e60579548fa4f79040171567f49ae19080fb354524?s=96&d=mm&r=g","contentUrl":"https:\/\/secure.gravatar.com\/avatar\/b1d1b13f14dd2dc5b3fb21e60579548fa4f79040171567f49ae19080fb354524?s=96&d=mm&r=g","caption":"Sfhera Software"},"url":"https:\/\/sfhera.com.br\/blog\/author\/admin\/"}]}},"_links":{"self":[{"href":"https:\/\/sfhera.com.br\/blog\/wp-json\/wp\/v2\/posts\/471","targetHints":{"allow":["GET"]}}],"collection":[{"href":"https:\/\/sfhera.com.br\/blog\/wp-json\/wp\/v2\/posts"}],"about":[{"href":"https:\/\/sfhera.com.br\/blog\/wp-json\/wp\/v2\/types\/post"}],"author":[{"embeddable":true,"href":"https:\/\/sfhera.com.br\/blog\/wp-json\/wp\/v2\/users\/1"}],"replies":[{"embeddable":true,"href":"https:\/\/sfhera.com.br\/blog\/wp-json\/wp\/v2\/comments?post=471"}],"version-history":[{"count":1,"href":"https:\/\/sfhera.com.br\/blog\/wp-json\/wp\/v2\/posts\/471\/revisions"}],"predecessor-version":[{"id":474,"href":"https:\/\/sfhera.com.br\/blog\/wp-json\/wp\/v2\/posts\/471\/revisions\/474"}],"wp:featuredmedia":[{"embeddable":true,"href":"https:\/\/sfhera.com.br\/blog\/wp-json\/wp\/v2\/media\/473"}],"wp:attachment":[{"href":"https:\/\/sfhera.com.br\/blog\/wp-json\/wp\/v2\/media?parent=471"}],"wp:term":[{"taxonomy":"category","embeddable":true,"href":"https:\/\/sfhera.com.br\/blog\/wp-json\/wp\/v2\/categories?post=471"},{"taxonomy":"post_tag","embeddable":true,"href":"https:\/\/sfhera.com.br\/blog\/wp-json\/wp\/v2\/tags?post=471"}],"curies":[{"name":"wp","href":"https:\/\/api.w.org\/{rel}","templated":true}]}}