{"id":479,"date":"2017-08-15T09:05:17","date_gmt":"2017-08-15T12:05:17","guid":{"rendered":"https:\/\/sfhera.com.br\/blog\/?p=479"},"modified":"2017-08-15T09:05:17","modified_gmt":"2017-08-15T12:05:17","slug":"tecnologia-e-as-acoes-diferenciadas-na-apresentacao-do-talento-profissional","status":"publish","type":"post","link":"https:\/\/sfhera.com.br\/blog\/tecnologia-e-as-acoes-diferenciadas-na-apresentacao-do-talento-profissional\/","title":{"rendered":"A tecnologia e as a\u00e7\u00f5es diferenciadas na apresenta\u00e7\u00e3o do talento profissional"},"content":{"rendered":"<h3 class=\"summary\">Como utilizar todas as op\u00e7\u00f5es de ferramentas tecnol\u00f3gicas em benef\u00edcio pr\u00f3prio?<\/h3>\n<p>A revolu\u00e7\u00e3o tecnol\u00f3gica do s\u00e9culo XXI resultou na globaliza\u00e7\u00e3o e acesso a recursos que anteriormente eram inalcan\u00e7\u00e1veis por muitos profissionais, o que trouxe uma gama de possibilidades ao contribuir no networking pessoal, trazer novos modelos de capacita\u00e7\u00e3o, realizar cursos \u00e0 dist\u00e2ncia e tamb\u00e9m permitir melhor acompanhamento das a\u00e7\u00f5es feitas por outros profissionais. As mudan\u00e7as tamb\u00e9m ocorreram nos processos seletivos, onde a atra\u00e7\u00e3o de talentos torna-se diferenciada e com mais foco em resultados de m\u00e9dio e longo prazos para as empresas. Mas como utilizar todas as op\u00e7\u00f5es em benef\u00edcio pr\u00f3prio?<\/p>\n<p>Nota-se que diversas empresas e consultorias optaram, nos \u00faltimos anos, por realizar entrevistas virtuais para reduzir custos e otimizar o recrutamento dos melhores candidatos sem aplicar um processo tradicional. O uso de ferramentas como o LinkedIn aumentou a fim de compreender a experi\u00eancia de profissionais que n\u00e3o necessariamente se candidataram \u00e0 uma vaga ou enviaram um curr\u00edculo, mas que podem ser um futuro talento para aquela organiza\u00e7\u00e3o. Com este f\u00e1cil acesso, \u00e9 um grande diferencial que o indiv\u00edduo defina e estabele\u00e7a a sua marca no mercado e a exponha nas redes sociais, seja por experi\u00eancia ou por a\u00e7\u00f5es, planejando o acompanhamento de poss\u00edveis contratantes. Manter o LinkedIn sempre atualizado e administrar os conte\u00fados lan\u00e7ados \u00e9 fundamental para consolidar a pr\u00f3pria imagem junto aos empregadores.<\/p>\n<p>Recentes ferramentas como v\u00eddeos de curta dura\u00e7\u00e3o, pequenas apresenta\u00e7\u00f5es de cunho profissional e plataformas que possibilitam a exposi\u00e7\u00e3o das atribui\u00e7\u00f5es de maneira diferenciada tamb\u00e9m costumam ser solicitadas pelo recrutador. Caso trabalhadas de forma independente pelo profissional ser\u00e3o grandes aliadas ao candidato em sua divulga\u00e7\u00e3o \u00e0 potenciais empregadores, uma vez que levam a experi\u00eancia para fora do papel por meio de compet\u00eancias intr\u00ednsecas, t\u00e9cnicas, de gerenciamento e comportamento.<\/p>\n<p>Apesar das novas inclus\u00f5es, o curr\u00edculo permanece como um dos itens mais importantes e beneficia-se com os avan\u00e7os da tecnologia e a diversidade de informa\u00e7\u00f5es. Aplicar formata\u00e7\u00f5es diferenciadas com terminologias de mercado e textos que facilitem a compreens\u00e3o das experi\u00eancias \u00e9 uma a\u00e7\u00e3o que colabora, e muito, com a apresenta\u00e7\u00e3o e ades\u00e3o do profissional \u00e0s empresas. Apesar de n\u00e3o existir uma regra na elabora\u00e7\u00e3o do documento, vale ressaltar que os dados precisam ser coerentes \u00e0 realidade e pertinentes ao que ser\u00e1 dito na entrevista.<\/p>\n<p>Ainda que os processos conduzidos de forma tradicional permane\u00e7am em atividade, estas mudan\u00e7as e inclus\u00f5es notavelmente revolucionaram a procura e a capta\u00e7\u00e3o de talentos. Se aplicadas corretamente, estas viabilizar\u00e3o que a tecnologia trabalhe a favor de quem est\u00e1 em busca de novas coloca\u00e7\u00f5es, novas oportunidades, novos projetos ou desenvolvimento profissional, contribuindo para que profissionais se destaquem no mercado de trabalho.<\/p>\n<p>Fonte: Administradores.com<\/p>\n","protected":false},"excerpt":{"rendered":"<p>Como utilizar todas as op\u00e7\u00f5es de ferramentas tecnol\u00f3gicas em benef\u00edcio pr\u00f3prio? A revolu\u00e7\u00e3o tecnol\u00f3gica do s\u00e9culo XXI resultou na globaliza\u00e7\u00e3o e acesso&hellip;<\/p>\n","protected":false},"author":1,"featured_media":481,"comment_status":"closed","ping_status":"open","sticky":false,"template":"","format":"standard","meta":{"footnotes":""},"categories":[4,3,5],"tags":[18,240],"class_list":["post-479","post","type-post","status-publish","format-standard","has-post-thumbnail","hentry","category-gestaoenegocios","category-empreendorismo","category-tecnologia","tag-tecnologia","tag-carreira"],"yoast_head":"<!-- This site is optimized with the Yoast SEO plugin v27.5 - https:\/\/yoast.com\/product\/yoast-seo-wordpress\/ -->\n<title>A tecnologia e as a\u00e7\u00f5es diferenciadas na apresenta\u00e7\u00e3o do talento profissional - Sfhera Software<\/title>\n<meta name=\"robots\" content=\"index, follow, max-snippet:-1, max-image-preview:large, max-video-preview:-1\" \/>\n<link rel=\"canonical\" href=\"https:\/\/sfhera.com.br\/blog\/tecnologia-e-as-acoes-diferenciadas-na-apresentacao-do-talento-profissional\/\" \/>\n<meta property=\"og:locale\" content=\"pt_BR\" \/>\n<meta property=\"og:type\" content=\"article\" \/>\n<meta property=\"og:title\" content=\"A tecnologia e as a\u00e7\u00f5es diferenciadas na apresenta\u00e7\u00e3o do talento profissional - Sfhera Software\" \/>\n<meta property=\"og:description\" content=\"Como utilizar todas as op\u00e7\u00f5es de ferramentas tecnol\u00f3gicas em benef\u00edcio pr\u00f3prio? A revolu\u00e7\u00e3o tecnol\u00f3gica do s\u00e9culo XXI resultou na globaliza\u00e7\u00e3o e acesso&hellip;\" \/>\n<meta property=\"og:url\" content=\"https:\/\/sfhera.com.br\/blog\/tecnologia-e-as-acoes-diferenciadas-na-apresentacao-do-talento-profissional\/\" \/>\n<meta property=\"og:site_name\" content=\"Sfhera Software\" \/>\n<meta property=\"article:publisher\" content=\"https:\/\/www.facebook.com\/sfhera\" \/>\n<meta property=\"article:published_time\" content=\"2017-08-15T12:05:17+00:00\" \/>\n<meta property=\"og:image\" content=\"https:\/\/sfhera.com.br\/blog\/wp-content\/uploads\/2017\/08\/noticia_120656.jpeg\" \/>\n\t<meta property=\"og:image:width\" content=\"640\" \/>\n\t<meta property=\"og:image:height\" content=\"454\" \/>\n\t<meta property=\"og:image:type\" content=\"image\/jpeg\" \/>\n<meta name=\"author\" content=\"Sfhera Software\" \/>\n<meta name=\"twitter:card\" content=\"summary_large_image\" \/>\n<meta name=\"twitter:creator\" content=\"@sfhera\" \/>\n<meta name=\"twitter:site\" content=\"@sfhera\" \/>\n<meta name=\"twitter:label1\" content=\"Escrito por\" \/>\n\t<meta name=\"twitter:data1\" content=\"Sfhera Software\" \/>\n\t<meta name=\"twitter:label2\" content=\"Est. tempo de leitura\" \/>\n\t<meta name=\"twitter:data2\" content=\"2 minutos\" \/>\n<script type=\"application\/ld+json\" class=\"yoast-schema-graph\">{\"@context\":\"https:\\\/\\\/schema.org\",\"@graph\":[{\"@type\":\"Article\",\"@id\":\"https:\\\/\\\/sfhera.com.br\\\/blog\\\/tecnologia-e-as-acoes-diferenciadas-na-apresentacao-do-talento-profissional\\\/#article\",\"isPartOf\":{\"@id\":\"https:\\\/\\\/sfhera.com.br\\\/blog\\\/tecnologia-e-as-acoes-diferenciadas-na-apresentacao-do-talento-profissional\\\/\"},\"author\":{\"name\":\"Sfhera Software\",\"@id\":\"https:\\\/\\\/sfhera.com.br\\\/blog\\\/#\\\/schema\\\/person\\\/0a21d0c7b6b15bda9d9c072dde915f2a\"},\"headline\":\"A tecnologia e as a\u00e7\u00f5es diferenciadas na apresenta\u00e7\u00e3o do talento profissional\",\"datePublished\":\"2017-08-15T12:05:17+00:00\",\"mainEntityOfPage\":{\"@id\":\"https:\\\/\\\/sfhera.com.br\\\/blog\\\/tecnologia-e-as-acoes-diferenciadas-na-apresentacao-do-talento-profissional\\\/\"},\"wordCount\":507,\"publisher\":{\"@id\":\"https:\\\/\\\/sfhera.com.br\\\/blog\\\/#organization\"},\"image\":{\"@id\":\"https:\\\/\\\/sfhera.com.br\\\/blog\\\/tecnologia-e-as-acoes-diferenciadas-na-apresentacao-do-talento-profissional\\\/#primaryimage\"},\"thumbnailUrl\":\"https:\\\/\\\/sfhera.com.br\\\/blog\\\/wp-content\\\/uploads\\\/2017\\\/08\\\/noticia_120656.jpeg\",\"keywords\":[\"tecnologia\",\"carreira\"],\"articleSection\":[\"Gest\u00e3o e Neg\u00f3cios\",\"Empreendedorismo\",\"Tecnologia\"],\"inLanguage\":\"pt-BR\"},{\"@type\":\"WebPage\",\"@id\":\"https:\\\/\\\/sfhera.com.br\\\/blog\\\/tecnologia-e-as-acoes-diferenciadas-na-apresentacao-do-talento-profissional\\\/\",\"url\":\"https:\\\/\\\/sfhera.com.br\\\/blog\\\/tecnologia-e-as-acoes-diferenciadas-na-apresentacao-do-talento-profissional\\\/\",\"name\":\"A tecnologia e as a\u00e7\u00f5es diferenciadas na apresenta\u00e7\u00e3o do talento profissional - Sfhera Software\",\"isPartOf\":{\"@id\":\"https:\\\/\\\/sfhera.com.br\\\/blog\\\/#website\"},\"primaryImageOfPage\":{\"@id\":\"https:\\\/\\\/sfhera.com.br\\\/blog\\\/tecnologia-e-as-acoes-diferenciadas-na-apresentacao-do-talento-profissional\\\/#primaryimage\"},\"image\":{\"@id\":\"https:\\\/\\\/sfhera.com.br\\\/blog\\\/tecnologia-e-as-acoes-diferenciadas-na-apresentacao-do-talento-profissional\\\/#primaryimage\"},\"thumbnailUrl\":\"https:\\\/\\\/sfhera.com.br\\\/blog\\\/wp-content\\\/uploads\\\/2017\\\/08\\\/noticia_120656.jpeg\",\"datePublished\":\"2017-08-15T12:05:17+00:00\",\"breadcrumb\":{\"@id\":\"https:\\\/\\\/sfhera.com.br\\\/blog\\\/tecnologia-e-as-acoes-diferenciadas-na-apresentacao-do-talento-profissional\\\/#breadcrumb\"},\"inLanguage\":\"pt-BR\",\"potentialAction\":[{\"@type\":\"ReadAction\",\"target\":[\"https:\\\/\\\/sfhera.com.br\\\/blog\\\/tecnologia-e-as-acoes-diferenciadas-na-apresentacao-do-talento-profissional\\\/\"]}]},{\"@type\":\"ImageObject\",\"inLanguage\":\"pt-BR\",\"@id\":\"https:\\\/\\\/sfhera.com.br\\\/blog\\\/tecnologia-e-as-acoes-diferenciadas-na-apresentacao-do-talento-profissional\\\/#primaryimage\",\"url\":\"https:\\\/\\\/sfhera.com.br\\\/blog\\\/wp-content\\\/uploads\\\/2017\\\/08\\\/noticia_120656.jpeg\",\"contentUrl\":\"https:\\\/\\\/sfhera.com.br\\\/blog\\\/wp-content\\\/uploads\\\/2017\\\/08\\\/noticia_120656.jpeg\",\"width\":640,\"height\":454,\"caption\":\"Shot of people talking together over their laptops in a large office\"},{\"@type\":\"BreadcrumbList\",\"@id\":\"https:\\\/\\\/sfhera.com.br\\\/blog\\\/tecnologia-e-as-acoes-diferenciadas-na-apresentacao-do-talento-profissional\\\/#breadcrumb\",\"itemListElement\":[{\"@type\":\"ListItem\",\"position\":1,\"name\":\"In\u00edcio\",\"item\":\"https:\\\/\\\/sfhera.com.br\\\/blog\\\/\"},{\"@type\":\"ListItem\",\"position\":2,\"name\":\"A tecnologia e as a\u00e7\u00f5es diferenciadas na apresenta\u00e7\u00e3o do talento profissional\"}]},{\"@type\":\"WebSite\",\"@id\":\"https:\\\/\\\/sfhera.com.br\\\/blog\\\/#website\",\"url\":\"https:\\\/\\\/sfhera.com.br\\\/blog\\\/\",\"name\":\"Sfhera Software\",\"description\":\"Aplicativos de Gest\u00e3o para o Varejo\",\"publisher\":{\"@id\":\"https:\\\/\\\/sfhera.com.br\\\/blog\\\/#organization\"},\"potentialAction\":[{\"@type\":\"SearchAction\",\"target\":{\"@type\":\"EntryPoint\",\"urlTemplate\":\"https:\\\/\\\/sfhera.com.br\\\/blog\\\/?s={search_term_string}\"},\"query-input\":{\"@type\":\"PropertyValueSpecification\",\"valueRequired\":true,\"valueName\":\"search_term_string\"}}],\"inLanguage\":\"pt-BR\"},{\"@type\":\"Organization\",\"@id\":\"https:\\\/\\\/sfhera.com.br\\\/blog\\\/#organization\",\"name\":\"Sfhera Software\",\"url\":\"https:\\\/\\\/sfhera.com.br\\\/blog\\\/\",\"logo\":{\"@type\":\"ImageObject\",\"inLanguage\":\"pt-BR\",\"@id\":\"https:\\\/\\\/sfhera.com.br\\\/blog\\\/#\\\/schema\\\/logo\\\/image\\\/\",\"url\":\"https:\\\/\\\/www.sfhera.com.br\\\/blog\\\/wp-content\\\/uploads\\\/2017\\\/06\\\/logo.png\",\"contentUrl\":\"https:\\\/\\\/www.sfhera.com.br\\\/blog\\\/wp-content\\\/uploads\\\/2017\\\/06\\\/logo.png\",\"width\":200,\"height\":65,\"caption\":\"Sfhera Software\"},\"image\":{\"@id\":\"https:\\\/\\\/sfhera.com.br\\\/blog\\\/#\\\/schema\\\/logo\\\/image\\\/\"},\"sameAs\":[\"https:\\\/\\\/www.facebook.com\\\/sfhera\",\"https:\\\/\\\/x.com\\\/sfhera\",\"https:\\\/\\\/br.linkedin.com\\\/company\\\/sfhera-software\"]},{\"@type\":\"Person\",\"@id\":\"https:\\\/\\\/sfhera.com.br\\\/blog\\\/#\\\/schema\\\/person\\\/0a21d0c7b6b15bda9d9c072dde915f2a\",\"name\":\"Sfhera Software\",\"image\":{\"@type\":\"ImageObject\",\"inLanguage\":\"pt-BR\",\"@id\":\"https:\\\/\\\/secure.gravatar.com\\\/avatar\\\/b1d1b13f14dd2dc5b3fb21e60579548fa4f79040171567f49ae19080fb354524?s=96&d=mm&r=g\",\"url\":\"https:\\\/\\\/secure.gravatar.com\\\/avatar\\\/b1d1b13f14dd2dc5b3fb21e60579548fa4f79040171567f49ae19080fb354524?s=96&d=mm&r=g\",\"contentUrl\":\"https:\\\/\\\/secure.gravatar.com\\\/avatar\\\/b1d1b13f14dd2dc5b3fb21e60579548fa4f79040171567f49ae19080fb354524?s=96&d=mm&r=g\",\"caption\":\"Sfhera Software\"},\"url\":\"https:\\\/\\\/sfhera.com.br\\\/blog\\\/author\\\/admin\\\/\"}]}<\/script>\n<!-- \/ Yoast SEO plugin. -->","yoast_head_json":{"title":"A tecnologia e as a\u00e7\u00f5es diferenciadas na apresenta\u00e7\u00e3o do talento profissional - Sfhera Software","robots":{"index":"index","follow":"follow","max-snippet":"max-snippet:-1","max-image-preview":"max-image-preview:large","max-video-preview":"max-video-preview:-1"},"canonical":"https:\/\/sfhera.com.br\/blog\/tecnologia-e-as-acoes-diferenciadas-na-apresentacao-do-talento-profissional\/","og_locale":"pt_BR","og_type":"article","og_title":"A tecnologia e as a\u00e7\u00f5es diferenciadas na apresenta\u00e7\u00e3o do talento profissional - Sfhera Software","og_description":"Como utilizar todas as op\u00e7\u00f5es de ferramentas tecnol\u00f3gicas em benef\u00edcio pr\u00f3prio? A revolu\u00e7\u00e3o tecnol\u00f3gica do s\u00e9culo XXI resultou na globaliza\u00e7\u00e3o e acesso&hellip;","og_url":"https:\/\/sfhera.com.br\/blog\/tecnologia-e-as-acoes-diferenciadas-na-apresentacao-do-talento-profissional\/","og_site_name":"Sfhera Software","article_publisher":"https:\/\/www.facebook.com\/sfhera","article_published_time":"2017-08-15T12:05:17+00:00","og_image":[{"width":640,"height":454,"url":"https:\/\/sfhera.com.br\/blog\/wp-content\/uploads\/2017\/08\/noticia_120656.jpeg","type":"image\/jpeg"}],"author":"Sfhera Software","twitter_card":"summary_large_image","twitter_creator":"@sfhera","twitter_site":"@sfhera","twitter_misc":{"Escrito por":"Sfhera Software","Est. tempo de leitura":"2 minutos"},"schema":{"@context":"https:\/\/schema.org","@graph":[{"@type":"Article","@id":"https:\/\/sfhera.com.br\/blog\/tecnologia-e-as-acoes-diferenciadas-na-apresentacao-do-talento-profissional\/#article","isPartOf":{"@id":"https:\/\/sfhera.com.br\/blog\/tecnologia-e-as-acoes-diferenciadas-na-apresentacao-do-talento-profissional\/"},"author":{"name":"Sfhera Software","@id":"https:\/\/sfhera.com.br\/blog\/#\/schema\/person\/0a21d0c7b6b15bda9d9c072dde915f2a"},"headline":"A tecnologia e as a\u00e7\u00f5es diferenciadas na apresenta\u00e7\u00e3o do talento profissional","datePublished":"2017-08-15T12:05:17+00:00","mainEntityOfPage":{"@id":"https:\/\/sfhera.com.br\/blog\/tecnologia-e-as-acoes-diferenciadas-na-apresentacao-do-talento-profissional\/"},"wordCount":507,"publisher":{"@id":"https:\/\/sfhera.com.br\/blog\/#organization"},"image":{"@id":"https:\/\/sfhera.com.br\/blog\/tecnologia-e-as-acoes-diferenciadas-na-apresentacao-do-talento-profissional\/#primaryimage"},"thumbnailUrl":"https:\/\/sfhera.com.br\/blog\/wp-content\/uploads\/2017\/08\/noticia_120656.jpeg","keywords":["tecnologia","carreira"],"articleSection":["Gest\u00e3o e Neg\u00f3cios","Empreendedorismo","Tecnologia"],"inLanguage":"pt-BR"},{"@type":"WebPage","@id":"https:\/\/sfhera.com.br\/blog\/tecnologia-e-as-acoes-diferenciadas-na-apresentacao-do-talento-profissional\/","url":"https:\/\/sfhera.com.br\/blog\/tecnologia-e-as-acoes-diferenciadas-na-apresentacao-do-talento-profissional\/","name":"A tecnologia e as a\u00e7\u00f5es diferenciadas na apresenta\u00e7\u00e3o do talento profissional - Sfhera Software","isPartOf":{"@id":"https:\/\/sfhera.com.br\/blog\/#website"},"primaryImageOfPage":{"@id":"https:\/\/sfhera.com.br\/blog\/tecnologia-e-as-acoes-diferenciadas-na-apresentacao-do-talento-profissional\/#primaryimage"},"image":{"@id":"https:\/\/sfhera.com.br\/blog\/tecnologia-e-as-acoes-diferenciadas-na-apresentacao-do-talento-profissional\/#primaryimage"},"thumbnailUrl":"https:\/\/sfhera.com.br\/blog\/wp-content\/uploads\/2017\/08\/noticia_120656.jpeg","datePublished":"2017-08-15T12:05:17+00:00","breadcrumb":{"@id":"https:\/\/sfhera.com.br\/blog\/tecnologia-e-as-acoes-diferenciadas-na-apresentacao-do-talento-profissional\/#breadcrumb"},"inLanguage":"pt-BR","potentialAction":[{"@type":"ReadAction","target":["https:\/\/sfhera.com.br\/blog\/tecnologia-e-as-acoes-diferenciadas-na-apresentacao-do-talento-profissional\/"]}]},{"@type":"ImageObject","inLanguage":"pt-BR","@id":"https:\/\/sfhera.com.br\/blog\/tecnologia-e-as-acoes-diferenciadas-na-apresentacao-do-talento-profissional\/#primaryimage","url":"https:\/\/sfhera.com.br\/blog\/wp-content\/uploads\/2017\/08\/noticia_120656.jpeg","contentUrl":"https:\/\/sfhera.com.br\/blog\/wp-content\/uploads\/2017\/08\/noticia_120656.jpeg","width":640,"height":454,"caption":"Shot of people talking together over their laptops in a large office"},{"@type":"BreadcrumbList","@id":"https:\/\/sfhera.com.br\/blog\/tecnologia-e-as-acoes-diferenciadas-na-apresentacao-do-talento-profissional\/#breadcrumb","itemListElement":[{"@type":"ListItem","position":1,"name":"In\u00edcio","item":"https:\/\/sfhera.com.br\/blog\/"},{"@type":"ListItem","position":2,"name":"A tecnologia e as a\u00e7\u00f5es diferenciadas na apresenta\u00e7\u00e3o do talento profissional"}]},{"@type":"WebSite","@id":"https:\/\/sfhera.com.br\/blog\/#website","url":"https:\/\/sfhera.com.br\/blog\/","name":"Sfhera Software","description":"Aplicativos de Gest\u00e3o para o Varejo","publisher":{"@id":"https:\/\/sfhera.com.br\/blog\/#organization"},"potentialAction":[{"@type":"SearchAction","target":{"@type":"EntryPoint","urlTemplate":"https:\/\/sfhera.com.br\/blog\/?s={search_term_string}"},"query-input":{"@type":"PropertyValueSpecification","valueRequired":true,"valueName":"search_term_string"}}],"inLanguage":"pt-BR"},{"@type":"Organization","@id":"https:\/\/sfhera.com.br\/blog\/#organization","name":"Sfhera Software","url":"https:\/\/sfhera.com.br\/blog\/","logo":{"@type":"ImageObject","inLanguage":"pt-BR","@id":"https:\/\/sfhera.com.br\/blog\/#\/schema\/logo\/image\/","url":"https:\/\/www.sfhera.com.br\/blog\/wp-content\/uploads\/2017\/06\/logo.png","contentUrl":"https:\/\/www.sfhera.com.br\/blog\/wp-content\/uploads\/2017\/06\/logo.png","width":200,"height":65,"caption":"Sfhera Software"},"image":{"@id":"https:\/\/sfhera.com.br\/blog\/#\/schema\/logo\/image\/"},"sameAs":["https:\/\/www.facebook.com\/sfhera","https:\/\/x.com\/sfhera","https:\/\/br.linkedin.com\/company\/sfhera-software"]},{"@type":"Person","@id":"https:\/\/sfhera.com.br\/blog\/#\/schema\/person\/0a21d0c7b6b15bda9d9c072dde915f2a","name":"Sfhera Software","image":{"@type":"ImageObject","inLanguage":"pt-BR","@id":"https:\/\/secure.gravatar.com\/avatar\/b1d1b13f14dd2dc5b3fb21e60579548fa4f79040171567f49ae19080fb354524?s=96&d=mm&r=g","url":"https:\/\/secure.gravatar.com\/avatar\/b1d1b13f14dd2dc5b3fb21e60579548fa4f79040171567f49ae19080fb354524?s=96&d=mm&r=g","contentUrl":"https:\/\/secure.gravatar.com\/avatar\/b1d1b13f14dd2dc5b3fb21e60579548fa4f79040171567f49ae19080fb354524?s=96&d=mm&r=g","caption":"Sfhera Software"},"url":"https:\/\/sfhera.com.br\/blog\/author\/admin\/"}]}},"_links":{"self":[{"href":"https:\/\/sfhera.com.br\/blog\/wp-json\/wp\/v2\/posts\/479","targetHints":{"allow":["GET"]}}],"collection":[{"href":"https:\/\/sfhera.com.br\/blog\/wp-json\/wp\/v2\/posts"}],"about":[{"href":"https:\/\/sfhera.com.br\/blog\/wp-json\/wp\/v2\/types\/post"}],"author":[{"embeddable":true,"href":"https:\/\/sfhera.com.br\/blog\/wp-json\/wp\/v2\/users\/1"}],"replies":[{"embeddable":true,"href":"https:\/\/sfhera.com.br\/blog\/wp-json\/wp\/v2\/comments?post=479"}],"version-history":[{"count":1,"href":"https:\/\/sfhera.com.br\/blog\/wp-json\/wp\/v2\/posts\/479\/revisions"}],"predecessor-version":[{"id":482,"href":"https:\/\/sfhera.com.br\/blog\/wp-json\/wp\/v2\/posts\/479\/revisions\/482"}],"wp:featuredmedia":[{"embeddable":true,"href":"https:\/\/sfhera.com.br\/blog\/wp-json\/wp\/v2\/media\/481"}],"wp:attachment":[{"href":"https:\/\/sfhera.com.br\/blog\/wp-json\/wp\/v2\/media?parent=479"}],"wp:term":[{"taxonomy":"category","embeddable":true,"href":"https:\/\/sfhera.com.br\/blog\/wp-json\/wp\/v2\/categories?post=479"},{"taxonomy":"post_tag","embeddable":true,"href":"https:\/\/sfhera.com.br\/blog\/wp-json\/wp\/v2\/tags?post=479"}],"curies":[{"name":"wp","href":"https:\/\/api.w.org\/{rel}","templated":true}]}}