{"id":566,"date":"2017-09-15T15:29:10","date_gmt":"2017-09-15T18:29:10","guid":{"rendered":"https:\/\/sfhera.com.br\/blog\/?p=566"},"modified":"2017-09-15T15:37:24","modified_gmt":"2017-09-15T18:37:24","slug":"empresarios-e-investidores-europeus-apostam-no-brasil","status":"publish","type":"post","link":"https:\/\/sfhera.com.br\/blog\/empresarios-e-investidores-europeus-apostam-no-brasil\/","title":{"rendered":"Empres\u00e1rios e investidores europeus apostam no Brasil"},"content":{"rendered":"<p>O embaixador da Uni\u00e3o Europeia no Brasil, Jo\u00e3o Cravinho, chegou ao pa\u00eds h\u00e1 dois anos em meio \u00e0 crise econ\u00f4mica e pol\u00edtica e, mesmo assim, se mant\u00e9m otimista. Em visita \u00e0 Confedera\u00e7\u00e3o Nacional da Ind\u00fastria (CNI), na ter\u00e7a-feira (5), Cravinho afirmou que os europeus olham para o Brasil com vis\u00e3o de longo prazo. O embaixador ficar\u00e1 no posto at\u00e9 julho de 2019 e aposta no acordo Mercosul-Uni\u00e3o Europeia para ampliar a integra\u00e7\u00e3o entre os blocos. A Ag\u00eancia CNI de Not\u00edcias conversou com ele .<\/p>\n<p>Segundo o embaixador, h\u00e1 uma caracter\u00edstica muito importante do olhar europeu sobre o Brasil. &#8220;N\u00f3s olhamos para o longo prazo, n\u00f3s olhamos para o m\u00e9dio prazo, para o longo prazo. A turbul\u00eancia que possa existir no curto prazo n\u00e3o \u00e9 algo assustador&#8221;, destacou.<\/p>\n<p>Cravinho ressaltou ainda que, em 2017, o Brasil \u00e9 o pa\u00eds que mais recebe investimento estrangeiro europeu. &#8220;Isso significa que o investidor europeu, que o empres\u00e1rio europeu, tem confian\u00e7a no Brasil, tem confian\u00e7a no futuro do Brasil e aposta no Brasil&#8221;. Para ele, a situa\u00e7\u00e3o que o pa\u00edse vive \u00e9 dolorosa, mas passageira.<\/p>\n<p><strong>ACORDO UNI\u00c3O EUROPEIA\/MERCOSUL<\/strong>\u00a0&#8211; Sobre a aproxima\u00e7\u00e3o dos dois blocos, o embaixador Jo\u00e3o Cravinho destacou que o acordo &#8220;nos vai permitir n\u00e3o s\u00f3 reduzir as tarifas que afetam o com\u00e9rcio de um lado para o outro, como tamb\u00e9m permitir que os nossos empres\u00e1rios, nossas empresas e os nossos consumidores estejam mais interligados.&#8221;<\/p>\n<p>Como consequ\u00eancia do acordo, a perspectiva sobre a inova\u00e7\u00e3o tamb\u00e9m ser\u00e1 ampliada. &#8220;Hoje em dia [a inova\u00e7\u00e3o] n\u00e3o acontece s\u00f3 dentro das fronteiras de um pa\u00eds, hoje em dia a inova\u00e7\u00e3o est\u00e1 internacionalizada. Ent\u00e3o [o acordo] permite pensar em internacionaliza\u00e7\u00e3o de inova\u00e7\u00e3o entre a Europa e o Brasil ou o Mercosul, permite pensarmos em converg\u00eancia regulat\u00f3ria, por exemplo, que far\u00e1 com que os nossos produtos circulem mais facilmente, n\u00e3o s\u00f3 entre n\u00f3s, mas tamb\u00e9m para outras partes do mundo. Que os nossos padr\u00f5es sanit\u00e1rios e fitossanit\u00e1rios sejam iguais ou convergentes&#8221;, ressaltou.<\/p>\n<p>A partir do acordo entre Mercosul e Uni\u00e3o Europeia, Cravinho acredita que ser\u00e1 poss\u00edvel, tamb\u00e9m, aumentar a capacidade competitiva. &#8220;N\u00e3o \u00e9 um acordo \u00e0 moda antiga que simplesmente previa a redu\u00e7\u00e3o de tarifas, esses elementos estar\u00e3o l\u00e1 tamb\u00e9m, mas \u00e9 um acordo que perspectiva o aumento da nossa competitividade num cen\u00e1rio de globaliza\u00e7\u00e3o, num cen\u00e1rio j\u00e1 globalizado&#8221;, finalizou.<\/p>\n<p>Fonte: Contadores.cnt.br<\/p>\n","protected":false},"excerpt":{"rendered":"<p>O embaixador da Uni\u00e3o Europeia no Brasil, Jo\u00e3o Cravinho, chegou ao pa\u00eds h\u00e1 dois anos em meio \u00e0 crise econ\u00f4mica e pol\u00edtica&hellip;<\/p>\n","protected":false},"author":1,"featured_media":567,"comment_status":"closed","ping_status":"open","sticky":false,"template":"","format":"standard","meta":{"footnotes":""},"categories":[6],"tags":[269],"class_list":["post-566","post","type-post","status-publish","format-standard","has-post-thumbnail","hentry","category-legislacao-fiscal","tag-uniao-europeia-e-brasil"],"yoast_head":"<!-- This site is optimized with the Yoast SEO plugin v27.5 - https:\/\/yoast.com\/product\/yoast-seo-wordpress\/ -->\n<title>Empres\u00e1rios e investidores europeus apostam no Brasil - Sfhera Software<\/title>\n<meta name=\"robots\" content=\"index, follow, max-snippet:-1, max-image-preview:large, max-video-preview:-1\" \/>\n<link rel=\"canonical\" href=\"https:\/\/sfhera.com.br\/blog\/empresarios-e-investidores-europeus-apostam-no-brasil\/\" \/>\n<meta property=\"og:locale\" content=\"pt_BR\" \/>\n<meta property=\"og:type\" content=\"article\" \/>\n<meta property=\"og:title\" content=\"Empres\u00e1rios e investidores europeus apostam no Brasil - Sfhera Software\" \/>\n<meta property=\"og:description\" content=\"O embaixador da Uni\u00e3o Europeia no Brasil, Jo\u00e3o Cravinho, chegou ao pa\u00eds h\u00e1 dois anos em meio \u00e0 crise econ\u00f4mica e pol\u00edtica&hellip;\" \/>\n<meta property=\"og:url\" content=\"https:\/\/sfhera.com.br\/blog\/empresarios-e-investidores-europeus-apostam-no-brasil\/\" \/>\n<meta property=\"og:site_name\" content=\"Sfhera Software\" \/>\n<meta property=\"article:publisher\" content=\"https:\/\/www.facebook.com\/sfhera\" \/>\n<meta property=\"article:published_time\" content=\"2017-09-15T18:29:10+00:00\" \/>\n<meta property=\"article:modified_time\" content=\"2017-09-15T18:37:24+00:00\" \/>\n<meta property=\"og:image\" content=\"https:\/\/sfhera.com.br\/blog\/wp-content\/uploads\/2017\/09\/parceria.jpg\" \/>\n\t<meta property=\"og:image:width\" content=\"1113\" \/>\n\t<meta property=\"og:image:height\" content=\"733\" \/>\n\t<meta property=\"og:image:type\" content=\"image\/jpeg\" \/>\n<meta name=\"author\" content=\"Sfhera Software\" \/>\n<meta name=\"twitter:card\" content=\"summary_large_image\" \/>\n<meta name=\"twitter:creator\" content=\"@sfhera\" \/>\n<meta name=\"twitter:site\" content=\"@sfhera\" \/>\n<meta name=\"twitter:label1\" content=\"Escrito por\" \/>\n\t<meta name=\"twitter:data1\" content=\"Sfhera Software\" \/>\n\t<meta name=\"twitter:label2\" content=\"Est. tempo de leitura\" \/>\n\t<meta name=\"twitter:data2\" content=\"2 minutos\" \/>\n<script type=\"application\/ld+json\" class=\"yoast-schema-graph\">{\"@context\":\"https:\\\/\\\/schema.org\",\"@graph\":[{\"@type\":\"Article\",\"@id\":\"https:\\\/\\\/sfhera.com.br\\\/blog\\\/empresarios-e-investidores-europeus-apostam-no-brasil\\\/#article\",\"isPartOf\":{\"@id\":\"https:\\\/\\\/sfhera.com.br\\\/blog\\\/empresarios-e-investidores-europeus-apostam-no-brasil\\\/\"},\"author\":{\"name\":\"Sfhera Software\",\"@id\":\"https:\\\/\\\/sfhera.com.br\\\/blog\\\/#\\\/schema\\\/person\\\/0a21d0c7b6b15bda9d9c072dde915f2a\"},\"headline\":\"Empres\u00e1rios e investidores europeus apostam no Brasil\",\"datePublished\":\"2017-09-15T18:29:10+00:00\",\"dateModified\":\"2017-09-15T18:37:24+00:00\",\"mainEntityOfPage\":{\"@id\":\"https:\\\/\\\/sfhera.com.br\\\/blog\\\/empresarios-e-investidores-europeus-apostam-no-brasil\\\/\"},\"wordCount\":443,\"publisher\":{\"@id\":\"https:\\\/\\\/sfhera.com.br\\\/blog\\\/#organization\"},\"image\":{\"@id\":\"https:\\\/\\\/sfhera.com.br\\\/blog\\\/empresarios-e-investidores-europeus-apostam-no-brasil\\\/#primaryimage\"},\"thumbnailUrl\":\"https:\\\/\\\/sfhera.com.br\\\/blog\\\/wp-content\\\/uploads\\\/2017\\\/09\\\/parceria.jpg\",\"keywords\":[\"Uni\u00e3o Europ\u00e9ia e Brasil\"],\"articleSection\":[\"Legisla\u00e7\u00e3o Fiscal\"],\"inLanguage\":\"pt-BR\"},{\"@type\":\"WebPage\",\"@id\":\"https:\\\/\\\/sfhera.com.br\\\/blog\\\/empresarios-e-investidores-europeus-apostam-no-brasil\\\/\",\"url\":\"https:\\\/\\\/sfhera.com.br\\\/blog\\\/empresarios-e-investidores-europeus-apostam-no-brasil\\\/\",\"name\":\"Empres\u00e1rios e investidores europeus apostam no Brasil - Sfhera Software\",\"isPartOf\":{\"@id\":\"https:\\\/\\\/sfhera.com.br\\\/blog\\\/#website\"},\"primaryImageOfPage\":{\"@id\":\"https:\\\/\\\/sfhera.com.br\\\/blog\\\/empresarios-e-investidores-europeus-apostam-no-brasil\\\/#primaryimage\"},\"image\":{\"@id\":\"https:\\\/\\\/sfhera.com.br\\\/blog\\\/empresarios-e-investidores-europeus-apostam-no-brasil\\\/#primaryimage\"},\"thumbnailUrl\":\"https:\\\/\\\/sfhera.com.br\\\/blog\\\/wp-content\\\/uploads\\\/2017\\\/09\\\/parceria.jpg\",\"datePublished\":\"2017-09-15T18:29:10+00:00\",\"dateModified\":\"2017-09-15T18:37:24+00:00\",\"breadcrumb\":{\"@id\":\"https:\\\/\\\/sfhera.com.br\\\/blog\\\/empresarios-e-investidores-europeus-apostam-no-brasil\\\/#breadcrumb\"},\"inLanguage\":\"pt-BR\",\"potentialAction\":[{\"@type\":\"ReadAction\",\"target\":[\"https:\\\/\\\/sfhera.com.br\\\/blog\\\/empresarios-e-investidores-europeus-apostam-no-brasil\\\/\"]}]},{\"@type\":\"ImageObject\",\"inLanguage\":\"pt-BR\",\"@id\":\"https:\\\/\\\/sfhera.com.br\\\/blog\\\/empresarios-e-investidores-europeus-apostam-no-brasil\\\/#primaryimage\",\"url\":\"https:\\\/\\\/sfhera.com.br\\\/blog\\\/wp-content\\\/uploads\\\/2017\\\/09\\\/parceria.jpg\",\"contentUrl\":\"https:\\\/\\\/sfhera.com.br\\\/blog\\\/wp-content\\\/uploads\\\/2017\\\/09\\\/parceria.jpg\",\"width\":1113,\"height\":733,\"caption\":\"UNI\u00c3O\"},{\"@type\":\"BreadcrumbList\",\"@id\":\"https:\\\/\\\/sfhera.com.br\\\/blog\\\/empresarios-e-investidores-europeus-apostam-no-brasil\\\/#breadcrumb\",\"itemListElement\":[{\"@type\":\"ListItem\",\"position\":1,\"name\":\"In\u00edcio\",\"item\":\"https:\\\/\\\/sfhera.com.br\\\/blog\\\/\"},{\"@type\":\"ListItem\",\"position\":2,\"name\":\"Empres\u00e1rios e investidores europeus apostam no Brasil\"}]},{\"@type\":\"WebSite\",\"@id\":\"https:\\\/\\\/sfhera.com.br\\\/blog\\\/#website\",\"url\":\"https:\\\/\\\/sfhera.com.br\\\/blog\\\/\",\"name\":\"Sfhera Software\",\"description\":\"Aplicativos de Gest\u00e3o para o Varejo\",\"publisher\":{\"@id\":\"https:\\\/\\\/sfhera.com.br\\\/blog\\\/#organization\"},\"potentialAction\":[{\"@type\":\"SearchAction\",\"target\":{\"@type\":\"EntryPoint\",\"urlTemplate\":\"https:\\\/\\\/sfhera.com.br\\\/blog\\\/?s={search_term_string}\"},\"query-input\":{\"@type\":\"PropertyValueSpecification\",\"valueRequired\":true,\"valueName\":\"search_term_string\"}}],\"inLanguage\":\"pt-BR\"},{\"@type\":\"Organization\",\"@id\":\"https:\\\/\\\/sfhera.com.br\\\/blog\\\/#organization\",\"name\":\"Sfhera Software\",\"url\":\"https:\\\/\\\/sfhera.com.br\\\/blog\\\/\",\"logo\":{\"@type\":\"ImageObject\",\"inLanguage\":\"pt-BR\",\"@id\":\"https:\\\/\\\/sfhera.com.br\\\/blog\\\/#\\\/schema\\\/logo\\\/image\\\/\",\"url\":\"https:\\\/\\\/www.sfhera.com.br\\\/blog\\\/wp-content\\\/uploads\\\/2017\\\/06\\\/logo.png\",\"contentUrl\":\"https:\\\/\\\/www.sfhera.com.br\\\/blog\\\/wp-content\\\/uploads\\\/2017\\\/06\\\/logo.png\",\"width\":200,\"height\":65,\"caption\":\"Sfhera Software\"},\"image\":{\"@id\":\"https:\\\/\\\/sfhera.com.br\\\/blog\\\/#\\\/schema\\\/logo\\\/image\\\/\"},\"sameAs\":[\"https:\\\/\\\/www.facebook.com\\\/sfhera\",\"https:\\\/\\\/x.com\\\/sfhera\",\"https:\\\/\\\/br.linkedin.com\\\/company\\\/sfhera-software\"]},{\"@type\":\"Person\",\"@id\":\"https:\\\/\\\/sfhera.com.br\\\/blog\\\/#\\\/schema\\\/person\\\/0a21d0c7b6b15bda9d9c072dde915f2a\",\"name\":\"Sfhera Software\",\"image\":{\"@type\":\"ImageObject\",\"inLanguage\":\"pt-BR\",\"@id\":\"https:\\\/\\\/secure.gravatar.com\\\/avatar\\\/b1d1b13f14dd2dc5b3fb21e60579548fa4f79040171567f49ae19080fb354524?s=96&d=mm&r=g\",\"url\":\"https:\\\/\\\/secure.gravatar.com\\\/avatar\\\/b1d1b13f14dd2dc5b3fb21e60579548fa4f79040171567f49ae19080fb354524?s=96&d=mm&r=g\",\"contentUrl\":\"https:\\\/\\\/secure.gravatar.com\\\/avatar\\\/b1d1b13f14dd2dc5b3fb21e60579548fa4f79040171567f49ae19080fb354524?s=96&d=mm&r=g\",\"caption\":\"Sfhera Software\"},\"url\":\"https:\\\/\\\/sfhera.com.br\\\/blog\\\/author\\\/admin\\\/\"}]}<\/script>\n<!-- \/ Yoast SEO plugin. -->","yoast_head_json":{"title":"Empres\u00e1rios e investidores europeus apostam no Brasil - Sfhera Software","robots":{"index":"index","follow":"follow","max-snippet":"max-snippet:-1","max-image-preview":"max-image-preview:large","max-video-preview":"max-video-preview:-1"},"canonical":"https:\/\/sfhera.com.br\/blog\/empresarios-e-investidores-europeus-apostam-no-brasil\/","og_locale":"pt_BR","og_type":"article","og_title":"Empres\u00e1rios e investidores europeus apostam no Brasil - Sfhera Software","og_description":"O embaixador da Uni\u00e3o Europeia no Brasil, Jo\u00e3o Cravinho, chegou ao pa\u00eds h\u00e1 dois anos em meio \u00e0 crise econ\u00f4mica e pol\u00edtica&hellip;","og_url":"https:\/\/sfhera.com.br\/blog\/empresarios-e-investidores-europeus-apostam-no-brasil\/","og_site_name":"Sfhera Software","article_publisher":"https:\/\/www.facebook.com\/sfhera","article_published_time":"2017-09-15T18:29:10+00:00","article_modified_time":"2017-09-15T18:37:24+00:00","og_image":[{"width":1113,"height":733,"url":"https:\/\/sfhera.com.br\/blog\/wp-content\/uploads\/2017\/09\/parceria.jpg","type":"image\/jpeg"}],"author":"Sfhera Software","twitter_card":"summary_large_image","twitter_creator":"@sfhera","twitter_site":"@sfhera","twitter_misc":{"Escrito por":"Sfhera Software","Est. tempo de leitura":"2 minutos"},"schema":{"@context":"https:\/\/schema.org","@graph":[{"@type":"Article","@id":"https:\/\/sfhera.com.br\/blog\/empresarios-e-investidores-europeus-apostam-no-brasil\/#article","isPartOf":{"@id":"https:\/\/sfhera.com.br\/blog\/empresarios-e-investidores-europeus-apostam-no-brasil\/"},"author":{"name":"Sfhera Software","@id":"https:\/\/sfhera.com.br\/blog\/#\/schema\/person\/0a21d0c7b6b15bda9d9c072dde915f2a"},"headline":"Empres\u00e1rios e investidores europeus apostam no Brasil","datePublished":"2017-09-15T18:29:10+00:00","dateModified":"2017-09-15T18:37:24+00:00","mainEntityOfPage":{"@id":"https:\/\/sfhera.com.br\/blog\/empresarios-e-investidores-europeus-apostam-no-brasil\/"},"wordCount":443,"publisher":{"@id":"https:\/\/sfhera.com.br\/blog\/#organization"},"image":{"@id":"https:\/\/sfhera.com.br\/blog\/empresarios-e-investidores-europeus-apostam-no-brasil\/#primaryimage"},"thumbnailUrl":"https:\/\/sfhera.com.br\/blog\/wp-content\/uploads\/2017\/09\/parceria.jpg","keywords":["Uni\u00e3o Europ\u00e9ia e Brasil"],"articleSection":["Legisla\u00e7\u00e3o Fiscal"],"inLanguage":"pt-BR"},{"@type":"WebPage","@id":"https:\/\/sfhera.com.br\/blog\/empresarios-e-investidores-europeus-apostam-no-brasil\/","url":"https:\/\/sfhera.com.br\/blog\/empresarios-e-investidores-europeus-apostam-no-brasil\/","name":"Empres\u00e1rios e investidores europeus apostam no Brasil - Sfhera Software","isPartOf":{"@id":"https:\/\/sfhera.com.br\/blog\/#website"},"primaryImageOfPage":{"@id":"https:\/\/sfhera.com.br\/blog\/empresarios-e-investidores-europeus-apostam-no-brasil\/#primaryimage"},"image":{"@id":"https:\/\/sfhera.com.br\/blog\/empresarios-e-investidores-europeus-apostam-no-brasil\/#primaryimage"},"thumbnailUrl":"https:\/\/sfhera.com.br\/blog\/wp-content\/uploads\/2017\/09\/parceria.jpg","datePublished":"2017-09-15T18:29:10+00:00","dateModified":"2017-09-15T18:37:24+00:00","breadcrumb":{"@id":"https:\/\/sfhera.com.br\/blog\/empresarios-e-investidores-europeus-apostam-no-brasil\/#breadcrumb"},"inLanguage":"pt-BR","potentialAction":[{"@type":"ReadAction","target":["https:\/\/sfhera.com.br\/blog\/empresarios-e-investidores-europeus-apostam-no-brasil\/"]}]},{"@type":"ImageObject","inLanguage":"pt-BR","@id":"https:\/\/sfhera.com.br\/blog\/empresarios-e-investidores-europeus-apostam-no-brasil\/#primaryimage","url":"https:\/\/sfhera.com.br\/blog\/wp-content\/uploads\/2017\/09\/parceria.jpg","contentUrl":"https:\/\/sfhera.com.br\/blog\/wp-content\/uploads\/2017\/09\/parceria.jpg","width":1113,"height":733,"caption":"UNI\u00c3O"},{"@type":"BreadcrumbList","@id":"https:\/\/sfhera.com.br\/blog\/empresarios-e-investidores-europeus-apostam-no-brasil\/#breadcrumb","itemListElement":[{"@type":"ListItem","position":1,"name":"In\u00edcio","item":"https:\/\/sfhera.com.br\/blog\/"},{"@type":"ListItem","position":2,"name":"Empres\u00e1rios e investidores europeus apostam no Brasil"}]},{"@type":"WebSite","@id":"https:\/\/sfhera.com.br\/blog\/#website","url":"https:\/\/sfhera.com.br\/blog\/","name":"Sfhera Software","description":"Aplicativos de Gest\u00e3o para o Varejo","publisher":{"@id":"https:\/\/sfhera.com.br\/blog\/#organization"},"potentialAction":[{"@type":"SearchAction","target":{"@type":"EntryPoint","urlTemplate":"https:\/\/sfhera.com.br\/blog\/?s={search_term_string}"},"query-input":{"@type":"PropertyValueSpecification","valueRequired":true,"valueName":"search_term_string"}}],"inLanguage":"pt-BR"},{"@type":"Organization","@id":"https:\/\/sfhera.com.br\/blog\/#organization","name":"Sfhera Software","url":"https:\/\/sfhera.com.br\/blog\/","logo":{"@type":"ImageObject","inLanguage":"pt-BR","@id":"https:\/\/sfhera.com.br\/blog\/#\/schema\/logo\/image\/","url":"https:\/\/www.sfhera.com.br\/blog\/wp-content\/uploads\/2017\/06\/logo.png","contentUrl":"https:\/\/www.sfhera.com.br\/blog\/wp-content\/uploads\/2017\/06\/logo.png","width":200,"height":65,"caption":"Sfhera Software"},"image":{"@id":"https:\/\/sfhera.com.br\/blog\/#\/schema\/logo\/image\/"},"sameAs":["https:\/\/www.facebook.com\/sfhera","https:\/\/x.com\/sfhera","https:\/\/br.linkedin.com\/company\/sfhera-software"]},{"@type":"Person","@id":"https:\/\/sfhera.com.br\/blog\/#\/schema\/person\/0a21d0c7b6b15bda9d9c072dde915f2a","name":"Sfhera Software","image":{"@type":"ImageObject","inLanguage":"pt-BR","@id":"https:\/\/secure.gravatar.com\/avatar\/b1d1b13f14dd2dc5b3fb21e60579548fa4f79040171567f49ae19080fb354524?s=96&d=mm&r=g","url":"https:\/\/secure.gravatar.com\/avatar\/b1d1b13f14dd2dc5b3fb21e60579548fa4f79040171567f49ae19080fb354524?s=96&d=mm&r=g","contentUrl":"https:\/\/secure.gravatar.com\/avatar\/b1d1b13f14dd2dc5b3fb21e60579548fa4f79040171567f49ae19080fb354524?s=96&d=mm&r=g","caption":"Sfhera Software"},"url":"https:\/\/sfhera.com.br\/blog\/author\/admin\/"}]}},"_links":{"self":[{"href":"https:\/\/sfhera.com.br\/blog\/wp-json\/wp\/v2\/posts\/566","targetHints":{"allow":["GET"]}}],"collection":[{"href":"https:\/\/sfhera.com.br\/blog\/wp-json\/wp\/v2\/posts"}],"about":[{"href":"https:\/\/sfhera.com.br\/blog\/wp-json\/wp\/v2\/types\/post"}],"author":[{"embeddable":true,"href":"https:\/\/sfhera.com.br\/blog\/wp-json\/wp\/v2\/users\/1"}],"replies":[{"embeddable":true,"href":"https:\/\/sfhera.com.br\/blog\/wp-json\/wp\/v2\/comments?post=566"}],"version-history":[{"count":2,"href":"https:\/\/sfhera.com.br\/blog\/wp-json\/wp\/v2\/posts\/566\/revisions"}],"predecessor-version":[{"id":569,"href":"https:\/\/sfhera.com.br\/blog\/wp-json\/wp\/v2\/posts\/566\/revisions\/569"}],"wp:featuredmedia":[{"embeddable":true,"href":"https:\/\/sfhera.com.br\/blog\/wp-json\/wp\/v2\/media\/567"}],"wp:attachment":[{"href":"https:\/\/sfhera.com.br\/blog\/wp-json\/wp\/v2\/media?parent=566"}],"wp:term":[{"taxonomy":"category","embeddable":true,"href":"https:\/\/sfhera.com.br\/blog\/wp-json\/wp\/v2\/categories?post=566"},{"taxonomy":"post_tag","embeddable":true,"href":"https:\/\/sfhera.com.br\/blog\/wp-json\/wp\/v2\/tags?post=566"}],"curies":[{"name":"wp","href":"https:\/\/api.w.org\/{rel}","templated":true}]}}