{"id":621,"date":"2017-10-05T16:20:48","date_gmt":"2017-10-05T19:20:48","guid":{"rendered":"https:\/\/sfhera.com.br\/blog\/?p=621"},"modified":"2017-10-05T16:20:48","modified_gmt":"2017-10-05T19:20:48","slug":"governo-anuncia-medidas-para-incentivar-micro-e-pequena-empresas","status":"publish","type":"post","link":"https:\/\/sfhera.com.br\/blog\/governo-anuncia-medidas-para-incentivar-micro-e-pequena-empresas\/","title":{"rendered":"Governo anuncia medidas para incentivar micro e pequena empresas"},"content":{"rendered":"<p>O governo anunciou medidas para incentivar as micro e pequenas empresas, como a oferta de R$ 9 bilh\u00f5es em linhas de cr\u00e9dito ao longo do m\u00eas de outubro e a amplia\u00e7\u00e3o de a\u00e7\u00f5es de qualifica\u00e7\u00e3o para o segmento. Do total dos recursos, R$ 8 bilh\u00f5es ser\u00e3o para novos empr\u00e9stimos e R$ 1 bilh\u00e3o para renegocia\u00e7\u00e3o de d\u00edvidas. As linhas de cr\u00e9dito ser\u00e3o ofertadas por bancos p\u00fablicos e privados.<\/p>\n<p>As medidas foram apresentadas em cerim\u00f4nia no Pal\u00e1cio do Planalto, da qual participaram ministros e o presidente Michel Temer.<\/p>\n<p>Os R$ 9 bilh\u00f5es ser\u00e3o disponibilizados por sete institui\u00e7\u00f5es financeiras durante a Semana Nacional do Cr\u00e9dito, que ocorrer\u00e1 em dias diferentes em todo o pa\u00eds em outubro. De acordo com o secret\u00e1rio especial da Micro e Pequena Empresas, Jos\u00e9 Ricardo da Veiga, as linhas de cr\u00e9dito ser\u00e3o ofertadas pela Caixa Econ\u00f4mica e pelos bancos do Brasil, Santander, Ita\u00fa, Bradesco, Banco do Nordeste e Banco da Amaz\u00f4nia.<\/p>\n<p>Ao discursar no evento, o presidente Michel Temer falou sobre a import\u00e2ncia dos pequenos empres\u00e1rios para a economia do pa\u00eds. \u201cAli\u00e1s, que de pequenos n\u00e3o t\u00eam nada. S\u00e3o milh\u00f5es de brasileiros que dedicam seus recursos e sua criatividade \u00e0 gera\u00e7\u00e3o de um empreendimento\u201d. O presidente disse ainda que a cren\u00e7a no pa\u00eds aumenta cada vez mais, quando se pode prestigiar o micro e pequeno empres\u00e1rios.<\/p>\n<p>Portal do Empreendedor<span style=\"font-size: 1rem;\">\u00a0<\/span><\/p>\n<p>O governo tamb\u00e9m lan\u00e7ou uma nova vers\u00e3o do Portal do Empreendedor, que permite o cadastro dos microempreendedores individuais (MEI) junto ao governo federal. A nova vers\u00e3o do portal traz mais funcionalidade e facilidade para a navega\u00e7\u00e3o, afirmou o ministro da Ind\u00fastria, Com\u00e9rcio Exterior e Servi\u00e7os, Marcos Pereira.<\/p>\n<p>Outra a\u00e7\u00e3o voltada para as micro e pequenas empresas \u00e9 a expans\u00e3o do programa Institui\u00e7\u00e3o Amiga do Empreendedor. O programa busca qualificar e profissionalizar empres\u00e1rios de pequeno porte para o empreendedorismo, com o apoio de institui\u00e7\u00f5es de ensino p\u00fablicas e privadas.<\/p>\n<p>A expectativa \u00e9 credenciar 500 institui\u00e7\u00f5es a atender 100 mil empreendedores at\u00e9 o final de 2018.<\/p>\n<p>O programa \u00e9 uma parceria entre institui\u00e7\u00f5es como o Sebrae, a Funda\u00e7\u00e3o Get\u00falio Vargas, o Minist\u00e9rio da Educa\u00e7\u00e3o e a Secretaria Especial da Micro e Pequena Empresa, vinculada aoda Ind\u00fastria, Com\u00e9rcio Exterior e Servi\u00e7os.<\/p>\n<p>Redu\u00e7\u00e3o da pobreza<\/p>\n<p>O ministro do Desenvolvimento Social e Agr\u00e1rio, Osmar Terra, destacou que o incentivo aos pequenos empreendedores tem impacto direto na redu\u00e7\u00e3o da pobreza.<\/p>\n<p>\u201cN\u00e3o estamos falando apenas de empres\u00e1rios que v\u00e3o se desenvolver. Estamos falando de pobres que v\u00e3o poder sair da pobreza e progredir na vida. Fam\u00edlias hoje vinculadas a programas de transfer\u00eancia de renda que, num futuro pr\u00f3ximo, v\u00e3o deixar de ser dependentes dessa transfer\u00eancia para ter sua renda pr\u00f3pria, seu empreendimento\u201d, disse Terra.<\/p>\n<p>Dados do Minist\u00e9rio do Trabalho indicam que, entre janeiro e agosto deste ano, as micro e pequenas empresas foram respons\u00e1veis pela cria\u00e7\u00e3o de 327 mil postos de trabalho e j\u00e1 s\u00e3o respons\u00e1veis por mais da metade dos empregos formais no pa\u00eds. De manh\u00e3, o presidente Michel Temer usou o Twitter para destacar n\u00fameros das micro e pequenas empresas que \u201crepresentam mais de 98% das empresas brasileiras, 27% do Produto Interno Bruto [PIB] e s\u00e3o respons\u00e1veis por quase 60% do emprego no pa\u00eds\u201d.<\/p>\n<p>Fonte: Administradores.com<\/p>\n","protected":false},"excerpt":{"rendered":"<p>O governo anunciou medidas para incentivar as micro e pequenas empresas, como a oferta de R$ 9 bilh\u00f5es em linhas de cr\u00e9dito&hellip;<\/p>\n","protected":false},"author":1,"featured_media":622,"comment_status":"closed","ping_status":"open","sticky":false,"template":"","format":"standard","meta":{"footnotes":""},"categories":[6],"tags":[158],"class_list":["post-621","post","type-post","status-publish","format-standard","has-post-thumbnail","hentry","category-legislacao-fiscal","tag-micro-e-pequena-empresa"],"yoast_head":"<!-- This site is optimized with the Yoast SEO plugin v27.5 - https:\/\/yoast.com\/product\/yoast-seo-wordpress\/ -->\n<title>Governo anuncia medidas para incentivar micro e pequena empresas - Sfhera Software<\/title>\n<meta name=\"robots\" content=\"index, follow, max-snippet:-1, max-image-preview:large, max-video-preview:-1\" \/>\n<link rel=\"canonical\" href=\"https:\/\/sfhera.com.br\/blog\/governo-anuncia-medidas-para-incentivar-micro-e-pequena-empresas\/\" \/>\n<meta property=\"og:locale\" content=\"pt_BR\" \/>\n<meta property=\"og:type\" content=\"article\" \/>\n<meta property=\"og:title\" content=\"Governo anuncia medidas para incentivar micro e pequena empresas - Sfhera Software\" \/>\n<meta property=\"og:description\" content=\"O governo anunciou medidas para incentivar as micro e pequenas empresas, como a oferta de R$ 9 bilh\u00f5es em linhas de cr\u00e9dito&hellip;\" \/>\n<meta property=\"og:url\" content=\"https:\/\/sfhera.com.br\/blog\/governo-anuncia-medidas-para-incentivar-micro-e-pequena-empresas\/\" \/>\n<meta property=\"og:site_name\" content=\"Sfhera Software\" \/>\n<meta property=\"article:publisher\" content=\"https:\/\/www.facebook.com\/sfhera\" \/>\n<meta property=\"article:published_time\" content=\"2017-10-05T19:20:48+00:00\" \/>\n<meta property=\"og:image\" content=\"https:\/\/sfhera.com.br\/blog\/wp-content\/uploads\/2017\/10\/Governo-lan\u00e7a-linha-de-cr\u00e9dito-para-micro-e-pequenas-empresas-n\u00e3o-demitirem-funcion\u00e1rios-IMAGEM-DESTAQUE-13-05-2016-1.jpg\" \/>\n\t<meta property=\"og:image:width\" content=\"1000\" \/>\n\t<meta property=\"og:image:height\" content=\"649\" \/>\n\t<meta property=\"og:image:type\" content=\"image\/jpeg\" \/>\n<meta name=\"author\" content=\"Sfhera Software\" \/>\n<meta name=\"twitter:card\" content=\"summary_large_image\" \/>\n<meta name=\"twitter:creator\" content=\"@sfhera\" \/>\n<meta name=\"twitter:site\" content=\"@sfhera\" \/>\n<meta name=\"twitter:label1\" content=\"Escrito por\" \/>\n\t<meta name=\"twitter:data1\" content=\"Sfhera Software\" \/>\n\t<meta name=\"twitter:label2\" content=\"Est. tempo de leitura\" \/>\n\t<meta name=\"twitter:data2\" content=\"3 minutos\" \/>\n<script type=\"application\/ld+json\" class=\"yoast-schema-graph\">{\"@context\":\"https:\\\/\\\/schema.org\",\"@graph\":[{\"@type\":\"Article\",\"@id\":\"https:\\\/\\\/sfhera.com.br\\\/blog\\\/governo-anuncia-medidas-para-incentivar-micro-e-pequena-empresas\\\/#article\",\"isPartOf\":{\"@id\":\"https:\\\/\\\/sfhera.com.br\\\/blog\\\/governo-anuncia-medidas-para-incentivar-micro-e-pequena-empresas\\\/\"},\"author\":{\"name\":\"Sfhera Software\",\"@id\":\"https:\\\/\\\/sfhera.com.br\\\/blog\\\/#\\\/schema\\\/person\\\/0a21d0c7b6b15bda9d9c072dde915f2a\"},\"headline\":\"Governo anuncia medidas para incentivar micro e pequena empresas\",\"datePublished\":\"2017-10-05T19:20:48+00:00\",\"mainEntityOfPage\":{\"@id\":\"https:\\\/\\\/sfhera.com.br\\\/blog\\\/governo-anuncia-medidas-para-incentivar-micro-e-pequena-empresas\\\/\"},\"wordCount\":602,\"publisher\":{\"@id\":\"https:\\\/\\\/sfhera.com.br\\\/blog\\\/#organization\"},\"image\":{\"@id\":\"https:\\\/\\\/sfhera.com.br\\\/blog\\\/governo-anuncia-medidas-para-incentivar-micro-e-pequena-empresas\\\/#primaryimage\"},\"thumbnailUrl\":\"https:\\\/\\\/sfhera.com.br\\\/blog\\\/wp-content\\\/uploads\\\/2017\\\/10\\\/Governo-lan\u00e7a-linha-de-cr\u00e9dito-para-micro-e-pequenas-empresas-n\u00e3o-demitirem-funcion\u00e1rios-IMAGEM-DESTAQUE-13-05-2016-1.jpg\",\"keywords\":[\"micro e pequena empresa\"],\"articleSection\":[\"Legisla\u00e7\u00e3o Fiscal\"],\"inLanguage\":\"pt-BR\"},{\"@type\":\"WebPage\",\"@id\":\"https:\\\/\\\/sfhera.com.br\\\/blog\\\/governo-anuncia-medidas-para-incentivar-micro-e-pequena-empresas\\\/\",\"url\":\"https:\\\/\\\/sfhera.com.br\\\/blog\\\/governo-anuncia-medidas-para-incentivar-micro-e-pequena-empresas\\\/\",\"name\":\"Governo anuncia medidas para incentivar micro e pequena empresas - Sfhera Software\",\"isPartOf\":{\"@id\":\"https:\\\/\\\/sfhera.com.br\\\/blog\\\/#website\"},\"primaryImageOfPage\":{\"@id\":\"https:\\\/\\\/sfhera.com.br\\\/blog\\\/governo-anuncia-medidas-para-incentivar-micro-e-pequena-empresas\\\/#primaryimage\"},\"image\":{\"@id\":\"https:\\\/\\\/sfhera.com.br\\\/blog\\\/governo-anuncia-medidas-para-incentivar-micro-e-pequena-empresas\\\/#primaryimage\"},\"thumbnailUrl\":\"https:\\\/\\\/sfhera.com.br\\\/blog\\\/wp-content\\\/uploads\\\/2017\\\/10\\\/Governo-lan\u00e7a-linha-de-cr\u00e9dito-para-micro-e-pequenas-empresas-n\u00e3o-demitirem-funcion\u00e1rios-IMAGEM-DESTAQUE-13-05-2016-1.jpg\",\"datePublished\":\"2017-10-05T19:20:48+00:00\",\"breadcrumb\":{\"@id\":\"https:\\\/\\\/sfhera.com.br\\\/blog\\\/governo-anuncia-medidas-para-incentivar-micro-e-pequena-empresas\\\/#breadcrumb\"},\"inLanguage\":\"pt-BR\",\"potentialAction\":[{\"@type\":\"ReadAction\",\"target\":[\"https:\\\/\\\/sfhera.com.br\\\/blog\\\/governo-anuncia-medidas-para-incentivar-micro-e-pequena-empresas\\\/\"]}]},{\"@type\":\"ImageObject\",\"inLanguage\":\"pt-BR\",\"@id\":\"https:\\\/\\\/sfhera.com.br\\\/blog\\\/governo-anuncia-medidas-para-incentivar-micro-e-pequena-empresas\\\/#primaryimage\",\"url\":\"https:\\\/\\\/sfhera.com.br\\\/blog\\\/wp-content\\\/uploads\\\/2017\\\/10\\\/Governo-lan\u00e7a-linha-de-cr\u00e9dito-para-micro-e-pequenas-empresas-n\u00e3o-demitirem-funcion\u00e1rios-IMAGEM-DESTAQUE-13-05-2016-1.jpg\",\"contentUrl\":\"https:\\\/\\\/sfhera.com.br\\\/blog\\\/wp-content\\\/uploads\\\/2017\\\/10\\\/Governo-lan\u00e7a-linha-de-cr\u00e9dito-para-micro-e-pequenas-empresas-n\u00e3o-demitirem-funcion\u00e1rios-IMAGEM-DESTAQUE-13-05-2016-1.jpg\",\"width\":1000,\"height\":649,\"caption\":\"micro e pequena\"},{\"@type\":\"BreadcrumbList\",\"@id\":\"https:\\\/\\\/sfhera.com.br\\\/blog\\\/governo-anuncia-medidas-para-incentivar-micro-e-pequena-empresas\\\/#breadcrumb\",\"itemListElement\":[{\"@type\":\"ListItem\",\"position\":1,\"name\":\"In\u00edcio\",\"item\":\"https:\\\/\\\/sfhera.com.br\\\/blog\\\/\"},{\"@type\":\"ListItem\",\"position\":2,\"name\":\"Governo anuncia medidas para incentivar micro e pequena empresas\"}]},{\"@type\":\"WebSite\",\"@id\":\"https:\\\/\\\/sfhera.com.br\\\/blog\\\/#website\",\"url\":\"https:\\\/\\\/sfhera.com.br\\\/blog\\\/\",\"name\":\"Sfhera Software\",\"description\":\"Aplicativos de Gest\u00e3o para o Varejo\",\"publisher\":{\"@id\":\"https:\\\/\\\/sfhera.com.br\\\/blog\\\/#organization\"},\"potentialAction\":[{\"@type\":\"SearchAction\",\"target\":{\"@type\":\"EntryPoint\",\"urlTemplate\":\"https:\\\/\\\/sfhera.com.br\\\/blog\\\/?s={search_term_string}\"},\"query-input\":{\"@type\":\"PropertyValueSpecification\",\"valueRequired\":true,\"valueName\":\"search_term_string\"}}],\"inLanguage\":\"pt-BR\"},{\"@type\":\"Organization\",\"@id\":\"https:\\\/\\\/sfhera.com.br\\\/blog\\\/#organization\",\"name\":\"Sfhera Software\",\"url\":\"https:\\\/\\\/sfhera.com.br\\\/blog\\\/\",\"logo\":{\"@type\":\"ImageObject\",\"inLanguage\":\"pt-BR\",\"@id\":\"https:\\\/\\\/sfhera.com.br\\\/blog\\\/#\\\/schema\\\/logo\\\/image\\\/\",\"url\":\"https:\\\/\\\/www.sfhera.com.br\\\/blog\\\/wp-content\\\/uploads\\\/2017\\\/06\\\/logo.png\",\"contentUrl\":\"https:\\\/\\\/www.sfhera.com.br\\\/blog\\\/wp-content\\\/uploads\\\/2017\\\/06\\\/logo.png\",\"width\":200,\"height\":65,\"caption\":\"Sfhera Software\"},\"image\":{\"@id\":\"https:\\\/\\\/sfhera.com.br\\\/blog\\\/#\\\/schema\\\/logo\\\/image\\\/\"},\"sameAs\":[\"https:\\\/\\\/www.facebook.com\\\/sfhera\",\"https:\\\/\\\/x.com\\\/sfhera\",\"https:\\\/\\\/br.linkedin.com\\\/company\\\/sfhera-software\"]},{\"@type\":\"Person\",\"@id\":\"https:\\\/\\\/sfhera.com.br\\\/blog\\\/#\\\/schema\\\/person\\\/0a21d0c7b6b15bda9d9c072dde915f2a\",\"name\":\"Sfhera Software\",\"image\":{\"@type\":\"ImageObject\",\"inLanguage\":\"pt-BR\",\"@id\":\"https:\\\/\\\/secure.gravatar.com\\\/avatar\\\/b1d1b13f14dd2dc5b3fb21e60579548fa4f79040171567f49ae19080fb354524?s=96&d=mm&r=g\",\"url\":\"https:\\\/\\\/secure.gravatar.com\\\/avatar\\\/b1d1b13f14dd2dc5b3fb21e60579548fa4f79040171567f49ae19080fb354524?s=96&d=mm&r=g\",\"contentUrl\":\"https:\\\/\\\/secure.gravatar.com\\\/avatar\\\/b1d1b13f14dd2dc5b3fb21e60579548fa4f79040171567f49ae19080fb354524?s=96&d=mm&r=g\",\"caption\":\"Sfhera Software\"},\"url\":\"https:\\\/\\\/sfhera.com.br\\\/blog\\\/author\\\/admin\\\/\"}]}<\/script>\n<!-- \/ Yoast SEO plugin. -->","yoast_head_json":{"title":"Governo anuncia medidas para incentivar micro e pequena empresas - Sfhera Software","robots":{"index":"index","follow":"follow","max-snippet":"max-snippet:-1","max-image-preview":"max-image-preview:large","max-video-preview":"max-video-preview:-1"},"canonical":"https:\/\/sfhera.com.br\/blog\/governo-anuncia-medidas-para-incentivar-micro-e-pequena-empresas\/","og_locale":"pt_BR","og_type":"article","og_title":"Governo anuncia medidas para incentivar micro e pequena empresas - Sfhera Software","og_description":"O governo anunciou medidas para incentivar as micro e pequenas empresas, como a oferta de R$ 9 bilh\u00f5es em linhas de cr\u00e9dito&hellip;","og_url":"https:\/\/sfhera.com.br\/blog\/governo-anuncia-medidas-para-incentivar-micro-e-pequena-empresas\/","og_site_name":"Sfhera Software","article_publisher":"https:\/\/www.facebook.com\/sfhera","article_published_time":"2017-10-05T19:20:48+00:00","og_image":[{"width":1000,"height":649,"url":"https:\/\/sfhera.com.br\/blog\/wp-content\/uploads\/2017\/10\/Governo-lan\u00e7a-linha-de-cr\u00e9dito-para-micro-e-pequenas-empresas-n\u00e3o-demitirem-funcion\u00e1rios-IMAGEM-DESTAQUE-13-05-2016-1.jpg","type":"image\/jpeg"}],"author":"Sfhera Software","twitter_card":"summary_large_image","twitter_creator":"@sfhera","twitter_site":"@sfhera","twitter_misc":{"Escrito por":"Sfhera Software","Est. tempo de leitura":"3 minutos"},"schema":{"@context":"https:\/\/schema.org","@graph":[{"@type":"Article","@id":"https:\/\/sfhera.com.br\/blog\/governo-anuncia-medidas-para-incentivar-micro-e-pequena-empresas\/#article","isPartOf":{"@id":"https:\/\/sfhera.com.br\/blog\/governo-anuncia-medidas-para-incentivar-micro-e-pequena-empresas\/"},"author":{"name":"Sfhera Software","@id":"https:\/\/sfhera.com.br\/blog\/#\/schema\/person\/0a21d0c7b6b15bda9d9c072dde915f2a"},"headline":"Governo anuncia medidas para incentivar micro e pequena empresas","datePublished":"2017-10-05T19:20:48+00:00","mainEntityOfPage":{"@id":"https:\/\/sfhera.com.br\/blog\/governo-anuncia-medidas-para-incentivar-micro-e-pequena-empresas\/"},"wordCount":602,"publisher":{"@id":"https:\/\/sfhera.com.br\/blog\/#organization"},"image":{"@id":"https:\/\/sfhera.com.br\/blog\/governo-anuncia-medidas-para-incentivar-micro-e-pequena-empresas\/#primaryimage"},"thumbnailUrl":"https:\/\/sfhera.com.br\/blog\/wp-content\/uploads\/2017\/10\/Governo-lan\u00e7a-linha-de-cr\u00e9dito-para-micro-e-pequenas-empresas-n\u00e3o-demitirem-funcion\u00e1rios-IMAGEM-DESTAQUE-13-05-2016-1.jpg","keywords":["micro e pequena empresa"],"articleSection":["Legisla\u00e7\u00e3o Fiscal"],"inLanguage":"pt-BR"},{"@type":"WebPage","@id":"https:\/\/sfhera.com.br\/blog\/governo-anuncia-medidas-para-incentivar-micro-e-pequena-empresas\/","url":"https:\/\/sfhera.com.br\/blog\/governo-anuncia-medidas-para-incentivar-micro-e-pequena-empresas\/","name":"Governo anuncia medidas para incentivar micro e pequena empresas - Sfhera Software","isPartOf":{"@id":"https:\/\/sfhera.com.br\/blog\/#website"},"primaryImageOfPage":{"@id":"https:\/\/sfhera.com.br\/blog\/governo-anuncia-medidas-para-incentivar-micro-e-pequena-empresas\/#primaryimage"},"image":{"@id":"https:\/\/sfhera.com.br\/blog\/governo-anuncia-medidas-para-incentivar-micro-e-pequena-empresas\/#primaryimage"},"thumbnailUrl":"https:\/\/sfhera.com.br\/blog\/wp-content\/uploads\/2017\/10\/Governo-lan\u00e7a-linha-de-cr\u00e9dito-para-micro-e-pequenas-empresas-n\u00e3o-demitirem-funcion\u00e1rios-IMAGEM-DESTAQUE-13-05-2016-1.jpg","datePublished":"2017-10-05T19:20:48+00:00","breadcrumb":{"@id":"https:\/\/sfhera.com.br\/blog\/governo-anuncia-medidas-para-incentivar-micro-e-pequena-empresas\/#breadcrumb"},"inLanguage":"pt-BR","potentialAction":[{"@type":"ReadAction","target":["https:\/\/sfhera.com.br\/blog\/governo-anuncia-medidas-para-incentivar-micro-e-pequena-empresas\/"]}]},{"@type":"ImageObject","inLanguage":"pt-BR","@id":"https:\/\/sfhera.com.br\/blog\/governo-anuncia-medidas-para-incentivar-micro-e-pequena-empresas\/#primaryimage","url":"https:\/\/sfhera.com.br\/blog\/wp-content\/uploads\/2017\/10\/Governo-lan\u00e7a-linha-de-cr\u00e9dito-para-micro-e-pequenas-empresas-n\u00e3o-demitirem-funcion\u00e1rios-IMAGEM-DESTAQUE-13-05-2016-1.jpg","contentUrl":"https:\/\/sfhera.com.br\/blog\/wp-content\/uploads\/2017\/10\/Governo-lan\u00e7a-linha-de-cr\u00e9dito-para-micro-e-pequenas-empresas-n\u00e3o-demitirem-funcion\u00e1rios-IMAGEM-DESTAQUE-13-05-2016-1.jpg","width":1000,"height":649,"caption":"micro e pequena"},{"@type":"BreadcrumbList","@id":"https:\/\/sfhera.com.br\/blog\/governo-anuncia-medidas-para-incentivar-micro-e-pequena-empresas\/#breadcrumb","itemListElement":[{"@type":"ListItem","position":1,"name":"In\u00edcio","item":"https:\/\/sfhera.com.br\/blog\/"},{"@type":"ListItem","position":2,"name":"Governo anuncia medidas para incentivar micro e pequena empresas"}]},{"@type":"WebSite","@id":"https:\/\/sfhera.com.br\/blog\/#website","url":"https:\/\/sfhera.com.br\/blog\/","name":"Sfhera Software","description":"Aplicativos de Gest\u00e3o para o Varejo","publisher":{"@id":"https:\/\/sfhera.com.br\/blog\/#organization"},"potentialAction":[{"@type":"SearchAction","target":{"@type":"EntryPoint","urlTemplate":"https:\/\/sfhera.com.br\/blog\/?s={search_term_string}"},"query-input":{"@type":"PropertyValueSpecification","valueRequired":true,"valueName":"search_term_string"}}],"inLanguage":"pt-BR"},{"@type":"Organization","@id":"https:\/\/sfhera.com.br\/blog\/#organization","name":"Sfhera Software","url":"https:\/\/sfhera.com.br\/blog\/","logo":{"@type":"ImageObject","inLanguage":"pt-BR","@id":"https:\/\/sfhera.com.br\/blog\/#\/schema\/logo\/image\/","url":"https:\/\/www.sfhera.com.br\/blog\/wp-content\/uploads\/2017\/06\/logo.png","contentUrl":"https:\/\/www.sfhera.com.br\/blog\/wp-content\/uploads\/2017\/06\/logo.png","width":200,"height":65,"caption":"Sfhera Software"},"image":{"@id":"https:\/\/sfhera.com.br\/blog\/#\/schema\/logo\/image\/"},"sameAs":["https:\/\/www.facebook.com\/sfhera","https:\/\/x.com\/sfhera","https:\/\/br.linkedin.com\/company\/sfhera-software"]},{"@type":"Person","@id":"https:\/\/sfhera.com.br\/blog\/#\/schema\/person\/0a21d0c7b6b15bda9d9c072dde915f2a","name":"Sfhera Software","image":{"@type":"ImageObject","inLanguage":"pt-BR","@id":"https:\/\/secure.gravatar.com\/avatar\/b1d1b13f14dd2dc5b3fb21e60579548fa4f79040171567f49ae19080fb354524?s=96&d=mm&r=g","url":"https:\/\/secure.gravatar.com\/avatar\/b1d1b13f14dd2dc5b3fb21e60579548fa4f79040171567f49ae19080fb354524?s=96&d=mm&r=g","contentUrl":"https:\/\/secure.gravatar.com\/avatar\/b1d1b13f14dd2dc5b3fb21e60579548fa4f79040171567f49ae19080fb354524?s=96&d=mm&r=g","caption":"Sfhera Software"},"url":"https:\/\/sfhera.com.br\/blog\/author\/admin\/"}]}},"_links":{"self":[{"href":"https:\/\/sfhera.com.br\/blog\/wp-json\/wp\/v2\/posts\/621","targetHints":{"allow":["GET"]}}],"collection":[{"href":"https:\/\/sfhera.com.br\/blog\/wp-json\/wp\/v2\/posts"}],"about":[{"href":"https:\/\/sfhera.com.br\/blog\/wp-json\/wp\/v2\/types\/post"}],"author":[{"embeddable":true,"href":"https:\/\/sfhera.com.br\/blog\/wp-json\/wp\/v2\/users\/1"}],"replies":[{"embeddable":true,"href":"https:\/\/sfhera.com.br\/blog\/wp-json\/wp\/v2\/comments?post=621"}],"version-history":[{"count":1,"href":"https:\/\/sfhera.com.br\/blog\/wp-json\/wp\/v2\/posts\/621\/revisions"}],"predecessor-version":[{"id":623,"href":"https:\/\/sfhera.com.br\/blog\/wp-json\/wp\/v2\/posts\/621\/revisions\/623"}],"wp:featuredmedia":[{"embeddable":true,"href":"https:\/\/sfhera.com.br\/blog\/wp-json\/wp\/v2\/media\/622"}],"wp:attachment":[{"href":"https:\/\/sfhera.com.br\/blog\/wp-json\/wp\/v2\/media?parent=621"}],"wp:term":[{"taxonomy":"category","embeddable":true,"href":"https:\/\/sfhera.com.br\/blog\/wp-json\/wp\/v2\/categories?post=621"},{"taxonomy":"post_tag","embeddable":true,"href":"https:\/\/sfhera.com.br\/blog\/wp-json\/wp\/v2\/tags?post=621"}],"curies":[{"name":"wp","href":"https:\/\/api.w.org\/{rel}","templated":true}]}}