{"id":665,"date":"2017-10-26T17:25:25","date_gmt":"2017-10-26T19:25:25","guid":{"rendered":"https:\/\/sfhera.com.br\/blog\/?p=665"},"modified":"2017-10-26T17:29:47","modified_gmt":"2017-10-26T19:29:47","slug":"novo-formato-do-simples-nacional-pode-mudar-enquadramento-de-atividades","status":"publish","type":"post","link":"https:\/\/sfhera.com.br\/blog\/novo-formato-do-simples-nacional-pode-mudar-enquadramento-de-atividades\/","title":{"rendered":"Novo formato do Simples Nacional pode mudar enquadramento de atividades"},"content":{"rendered":"<div>Por contas das mudan\u00e7as que vir\u00e3o no Simples Nacional para o ano de 2018, al\u00e9m das mudan\u00e7as dos limites de faturamento, da cobran\u00e7a do ICMS e ISS por fora do DAS para quem passar o sublimite estabelecido em seu estado, e as novas tabelas, \u00e9 importante lembrar que teremos grandes altera\u00e7\u00f5es quanto ao enquadramento de atividades por anexo.<\/div>\n<div><\/div>\n<div>As mudan\u00e7as ser\u00e3o bem impactantes, principalmente para as empresas prestadoras de servi\u00e7os, que s\u00e3o as que sofrer\u00e3o o impacto destas altera\u00e7\u00f5es nos enquadramentos de atividades.<\/div>\n<div><\/div>\n<div>O anexo VI ser\u00e1 extinto, e praticamente todas as atividades dele v\u00e3o passar para o anexo V. Aten\u00e7\u00e3o ao fato de que as atividades que hoje est\u00e3o no anexo V, tamb\u00e9m ter\u00e3o altera\u00e7\u00f5es, elas ir\u00e3o compor as atividades do anexo III, junto as j\u00e1 existentes hoje.<\/div>\n<div><\/div>\n<div>Para as atividades de servi\u00e7os que est\u00e3o nos anexos V e VI hoje, e que passar\u00e3o para os anexos III e V respectivamente, \u00e9 importante prestar aten\u00e7\u00e3o a uma nova figura, o fator entre a folha e a receita dos \u00faltimos 12 meses anteriores ao per\u00edodo de apura\u00e7\u00e3o. Se a rela\u00e7\u00e3o da folha for menor que 28% ent\u00e3o a tributa\u00e7\u00e3o destas atividades ser\u00e1 pelo anexo V, sen\u00e3o pelo III.<\/div>\n<div><\/div>\n<div>Para as atividades que passaram do anexo V para o III, \u00e9 uma grande vantagem, pois \u00e9 um anexo bem menos oneroso que o V, mas sempre tem de se ter aten\u00e7\u00e3o a essa quest\u00e3o da folha de sal\u00e1rios, do contr\u00e1rio a empresa pode ter benef\u00edcio zero.<\/div>\n<div><\/div>\n<div>Entre os objetivos que o governo tem para ter feito essas mudan\u00e7as, est\u00e1 o interesse no crescimento destes setores, e tamb\u00e9m o de reorganizar e simplificar a metodologia de apura\u00e7\u00e3o destes impostos, o que no meu ponto de vista, n\u00e3o vai simplificar muita coisa.<\/div>\n<div><\/div>\n<div>Declarar e efetuar o c\u00e1lculo mensalmente do Simples Nacional \u00e9 uma obriga\u00e7\u00e3o de toda micro e pequena empresa que estiver enquadrada neste regime tribut\u00e1rio, mas ficar\u00e1 mais complexo entender a nova forma que o Simples assumir\u00e1 para 2018, o que para algumas empresas acarretar\u00e1 aumento na carga tribut\u00e1ria, e para outras uma redu\u00e7\u00e3o.<\/div>\n<div><\/div>\n<div>A mudan\u00e7a em 2018 nos anexos do Simples Nacional, n\u00e3o se concentra s\u00f3 na altera\u00e7\u00e3o de atividades, mas em muitas mais. \u00c9 importante estudar os novos anexos, as novas faixas para cada um, que antes eram 20 e agora s\u00e3o s\u00f3 6, e as dedu\u00e7\u00f5es de cada faixa tamb\u00e9m, para poder fazer um planejamento eficiente e entrar com tudo em 2018.<\/div>\n<div>Fonte: Contabilidade na TV.<\/div>\n","protected":false},"excerpt":{"rendered":"<p>Por contas das mudan\u00e7as que vir\u00e3o no Simples Nacional para o ano de 2018, al\u00e9m das mudan\u00e7as dos limites de faturamento, da&hellip;<\/p>\n","protected":false},"author":1,"featured_media":512,"comment_status":"closed","ping_status":"open","sticky":false,"template":"","format":"standard","meta":{"footnotes":""},"categories":[6],"tags":[],"class_list":["post-665","post","type-post","status-publish","format-standard","has-post-thumbnail","hentry","category-legislacao-fiscal"],"yoast_head":"<!-- This site is optimized with the Yoast SEO plugin v27.5 - https:\/\/yoast.com\/product\/yoast-seo-wordpress\/ -->\n<title>Novo formato do Simples Nacional pode mudar enquadramento de atividades - Sfhera Software<\/title>\n<meta name=\"robots\" content=\"index, follow, max-snippet:-1, max-image-preview:large, max-video-preview:-1\" \/>\n<link rel=\"canonical\" href=\"https:\/\/sfhera.com.br\/blog\/novo-formato-do-simples-nacional-pode-mudar-enquadramento-de-atividades\/\" \/>\n<meta property=\"og:locale\" content=\"pt_BR\" \/>\n<meta property=\"og:type\" content=\"article\" \/>\n<meta property=\"og:title\" content=\"Novo formato do Simples Nacional pode mudar enquadramento de atividades\" \/>\n<meta property=\"og:description\" content=\"As mudan\u00e7as ser\u00e3o bem impactantes, principalmente para as empresas prestadoras de servi\u00e7os, que s\u00e3o as que sofrer\u00e3o o impacto destas altera\u00e7\u00f5es nos enquadramentos de atividades.\" \/>\n<meta property=\"og:url\" content=\"https:\/\/sfhera.com.br\/blog\/novo-formato-do-simples-nacional-pode-mudar-enquadramento-de-atividades\/\" \/>\n<meta property=\"og:site_name\" content=\"Sfhera Software\" \/>\n<meta property=\"article:publisher\" content=\"https:\/\/www.facebook.com\/sfhera\" \/>\n<meta property=\"article:published_time\" content=\"2017-10-26T19:25:25+00:00\" \/>\n<meta property=\"article:modified_time\" content=\"2017-10-26T19:29:47+00:00\" \/>\n<meta name=\"author\" content=\"Sfhera Software\" \/>\n<meta name=\"twitter:card\" content=\"summary_large_image\" \/>\n<meta name=\"twitter:image\" content=\"https:\/\/sfhera.com.br\/blog\/wp-content\/uploads\/2017\/08\/simples-nacional-1080x628.png\" \/>\n<meta name=\"twitter:creator\" content=\"@sfhera\" \/>\n<meta name=\"twitter:site\" content=\"@sfhera\" \/>\n<meta name=\"twitter:label1\" content=\"Escrito por\" \/>\n\t<meta name=\"twitter:data1\" content=\"Sfhera Software\" \/>\n\t<meta name=\"twitter:label2\" content=\"Est. tempo de leitura\" \/>\n\t<meta name=\"twitter:data2\" content=\"2 minutos\" \/>\n<script type=\"application\/ld+json\" class=\"yoast-schema-graph\">{\"@context\":\"https:\\\/\\\/schema.org\",\"@graph\":[{\"@type\":\"Article\",\"@id\":\"https:\\\/\\\/sfhera.com.br\\\/blog\\\/novo-formato-do-simples-nacional-pode-mudar-enquadramento-de-atividades\\\/#article\",\"isPartOf\":{\"@id\":\"https:\\\/\\\/sfhera.com.br\\\/blog\\\/novo-formato-do-simples-nacional-pode-mudar-enquadramento-de-atividades\\\/\"},\"author\":{\"name\":\"Sfhera Software\",\"@id\":\"https:\\\/\\\/sfhera.com.br\\\/blog\\\/#\\\/schema\\\/person\\\/0a21d0c7b6b15bda9d9c072dde915f2a\"},\"headline\":\"Novo formato do Simples Nacional pode mudar enquadramento de atividades\",\"datePublished\":\"2017-10-26T19:25:25+00:00\",\"dateModified\":\"2017-10-26T19:29:47+00:00\",\"mainEntityOfPage\":{\"@id\":\"https:\\\/\\\/sfhera.com.br\\\/blog\\\/novo-formato-do-simples-nacional-pode-mudar-enquadramento-de-atividades\\\/\"},\"wordCount\":452,\"publisher\":{\"@id\":\"https:\\\/\\\/sfhera.com.br\\\/blog\\\/#organization\"},\"image\":{\"@id\":\"https:\\\/\\\/sfhera.com.br\\\/blog\\\/novo-formato-do-simples-nacional-pode-mudar-enquadramento-de-atividades\\\/#primaryimage\"},\"thumbnailUrl\":\"https:\\\/\\\/sfhera.com.br\\\/blog\\\/wp-content\\\/uploads\\\/2017\\\/08\\\/simples-nacional-1080x628.png\",\"articleSection\":[\"Legisla\u00e7\u00e3o Fiscal\"],\"inLanguage\":\"pt-BR\"},{\"@type\":\"WebPage\",\"@id\":\"https:\\\/\\\/sfhera.com.br\\\/blog\\\/novo-formato-do-simples-nacional-pode-mudar-enquadramento-de-atividades\\\/\",\"url\":\"https:\\\/\\\/sfhera.com.br\\\/blog\\\/novo-formato-do-simples-nacional-pode-mudar-enquadramento-de-atividades\\\/\",\"name\":\"Novo formato do Simples Nacional pode mudar enquadramento de atividades - Sfhera Software\",\"isPartOf\":{\"@id\":\"https:\\\/\\\/sfhera.com.br\\\/blog\\\/#website\"},\"primaryImageOfPage\":{\"@id\":\"https:\\\/\\\/sfhera.com.br\\\/blog\\\/novo-formato-do-simples-nacional-pode-mudar-enquadramento-de-atividades\\\/#primaryimage\"},\"image\":{\"@id\":\"https:\\\/\\\/sfhera.com.br\\\/blog\\\/novo-formato-do-simples-nacional-pode-mudar-enquadramento-de-atividades\\\/#primaryimage\"},\"thumbnailUrl\":\"https:\\\/\\\/sfhera.com.br\\\/blog\\\/wp-content\\\/uploads\\\/2017\\\/08\\\/simples-nacional-1080x628.png\",\"datePublished\":\"2017-10-26T19:25:25+00:00\",\"dateModified\":\"2017-10-26T19:29:47+00:00\",\"breadcrumb\":{\"@id\":\"https:\\\/\\\/sfhera.com.br\\\/blog\\\/novo-formato-do-simples-nacional-pode-mudar-enquadramento-de-atividades\\\/#breadcrumb\"},\"inLanguage\":\"pt-BR\",\"potentialAction\":[{\"@type\":\"ReadAction\",\"target\":[\"https:\\\/\\\/sfhera.com.br\\\/blog\\\/novo-formato-do-simples-nacional-pode-mudar-enquadramento-de-atividades\\\/\"]}]},{\"@type\":\"ImageObject\",\"inLanguage\":\"pt-BR\",\"@id\":\"https:\\\/\\\/sfhera.com.br\\\/blog\\\/novo-formato-do-simples-nacional-pode-mudar-enquadramento-de-atividades\\\/#primaryimage\",\"url\":\"https:\\\/\\\/sfhera.com.br\\\/blog\\\/wp-content\\\/uploads\\\/2017\\\/08\\\/simples-nacional-1080x628.png\",\"contentUrl\":\"https:\\\/\\\/sfhera.com.br\\\/blog\\\/wp-content\\\/uploads\\\/2017\\\/08\\\/simples-nacional-1080x628.png\",\"width\":1080,\"height\":628,\"caption\":\"simples nacional\"},{\"@type\":\"BreadcrumbList\",\"@id\":\"https:\\\/\\\/sfhera.com.br\\\/blog\\\/novo-formato-do-simples-nacional-pode-mudar-enquadramento-de-atividades\\\/#breadcrumb\",\"itemListElement\":[{\"@type\":\"ListItem\",\"position\":1,\"name\":\"In\u00edcio\",\"item\":\"https:\\\/\\\/sfhera.com.br\\\/blog\\\/\"},{\"@type\":\"ListItem\",\"position\":2,\"name\":\"Novo formato do Simples Nacional pode mudar enquadramento de atividades\"}]},{\"@type\":\"WebSite\",\"@id\":\"https:\\\/\\\/sfhera.com.br\\\/blog\\\/#website\",\"url\":\"https:\\\/\\\/sfhera.com.br\\\/blog\\\/\",\"name\":\"Sfhera Software\",\"description\":\"Aplicativos de Gest\u00e3o para o Varejo\",\"publisher\":{\"@id\":\"https:\\\/\\\/sfhera.com.br\\\/blog\\\/#organization\"},\"potentialAction\":[{\"@type\":\"SearchAction\",\"target\":{\"@type\":\"EntryPoint\",\"urlTemplate\":\"https:\\\/\\\/sfhera.com.br\\\/blog\\\/?s={search_term_string}\"},\"query-input\":{\"@type\":\"PropertyValueSpecification\",\"valueRequired\":true,\"valueName\":\"search_term_string\"}}],\"inLanguage\":\"pt-BR\"},{\"@type\":\"Organization\",\"@id\":\"https:\\\/\\\/sfhera.com.br\\\/blog\\\/#organization\",\"name\":\"Sfhera Software\",\"url\":\"https:\\\/\\\/sfhera.com.br\\\/blog\\\/\",\"logo\":{\"@type\":\"ImageObject\",\"inLanguage\":\"pt-BR\",\"@id\":\"https:\\\/\\\/sfhera.com.br\\\/blog\\\/#\\\/schema\\\/logo\\\/image\\\/\",\"url\":\"https:\\\/\\\/www.sfhera.com.br\\\/blog\\\/wp-content\\\/uploads\\\/2017\\\/06\\\/logo.png\",\"contentUrl\":\"https:\\\/\\\/www.sfhera.com.br\\\/blog\\\/wp-content\\\/uploads\\\/2017\\\/06\\\/logo.png\",\"width\":200,\"height\":65,\"caption\":\"Sfhera Software\"},\"image\":{\"@id\":\"https:\\\/\\\/sfhera.com.br\\\/blog\\\/#\\\/schema\\\/logo\\\/image\\\/\"},\"sameAs\":[\"https:\\\/\\\/www.facebook.com\\\/sfhera\",\"https:\\\/\\\/x.com\\\/sfhera\",\"https:\\\/\\\/br.linkedin.com\\\/company\\\/sfhera-software\"]},{\"@type\":\"Person\",\"@id\":\"https:\\\/\\\/sfhera.com.br\\\/blog\\\/#\\\/schema\\\/person\\\/0a21d0c7b6b15bda9d9c072dde915f2a\",\"name\":\"Sfhera Software\",\"image\":{\"@type\":\"ImageObject\",\"inLanguage\":\"pt-BR\",\"@id\":\"https:\\\/\\\/secure.gravatar.com\\\/avatar\\\/b1d1b13f14dd2dc5b3fb21e60579548fa4f79040171567f49ae19080fb354524?s=96&d=mm&r=g\",\"url\":\"https:\\\/\\\/secure.gravatar.com\\\/avatar\\\/b1d1b13f14dd2dc5b3fb21e60579548fa4f79040171567f49ae19080fb354524?s=96&d=mm&r=g\",\"contentUrl\":\"https:\\\/\\\/secure.gravatar.com\\\/avatar\\\/b1d1b13f14dd2dc5b3fb21e60579548fa4f79040171567f49ae19080fb354524?s=96&d=mm&r=g\",\"caption\":\"Sfhera Software\"},\"url\":\"https:\\\/\\\/sfhera.com.br\\\/blog\\\/author\\\/admin\\\/\"}]}<\/script>\n<!-- \/ Yoast SEO plugin. -->","yoast_head_json":{"title":"Novo formato do Simples Nacional pode mudar enquadramento de atividades - Sfhera Software","robots":{"index":"index","follow":"follow","max-snippet":"max-snippet:-1","max-image-preview":"max-image-preview:large","max-video-preview":"max-video-preview:-1"},"canonical":"https:\/\/sfhera.com.br\/blog\/novo-formato-do-simples-nacional-pode-mudar-enquadramento-de-atividades\/","og_locale":"pt_BR","og_type":"article","og_title":"Novo formato do Simples Nacional pode mudar enquadramento de atividades","og_description":"As mudan\u00e7as ser\u00e3o bem impactantes, principalmente para as empresas prestadoras de servi\u00e7os, que s\u00e3o as que sofrer\u00e3o o impacto destas altera\u00e7\u00f5es nos enquadramentos de atividades.","og_url":"https:\/\/sfhera.com.br\/blog\/novo-formato-do-simples-nacional-pode-mudar-enquadramento-de-atividades\/","og_site_name":"Sfhera Software","article_publisher":"https:\/\/www.facebook.com\/sfhera","article_published_time":"2017-10-26T19:25:25+00:00","article_modified_time":"2017-10-26T19:29:47+00:00","author":"Sfhera Software","twitter_card":"summary_large_image","twitter_image":"https:\/\/sfhera.com.br\/blog\/wp-content\/uploads\/2017\/08\/simples-nacional-1080x628.png","twitter_creator":"@sfhera","twitter_site":"@sfhera","twitter_misc":{"Escrito por":"Sfhera Software","Est. tempo de leitura":"2 minutos"},"schema":{"@context":"https:\/\/schema.org","@graph":[{"@type":"Article","@id":"https:\/\/sfhera.com.br\/blog\/novo-formato-do-simples-nacional-pode-mudar-enquadramento-de-atividades\/#article","isPartOf":{"@id":"https:\/\/sfhera.com.br\/blog\/novo-formato-do-simples-nacional-pode-mudar-enquadramento-de-atividades\/"},"author":{"name":"Sfhera Software","@id":"https:\/\/sfhera.com.br\/blog\/#\/schema\/person\/0a21d0c7b6b15bda9d9c072dde915f2a"},"headline":"Novo formato do Simples Nacional pode mudar enquadramento de atividades","datePublished":"2017-10-26T19:25:25+00:00","dateModified":"2017-10-26T19:29:47+00:00","mainEntityOfPage":{"@id":"https:\/\/sfhera.com.br\/blog\/novo-formato-do-simples-nacional-pode-mudar-enquadramento-de-atividades\/"},"wordCount":452,"publisher":{"@id":"https:\/\/sfhera.com.br\/blog\/#organization"},"image":{"@id":"https:\/\/sfhera.com.br\/blog\/novo-formato-do-simples-nacional-pode-mudar-enquadramento-de-atividades\/#primaryimage"},"thumbnailUrl":"https:\/\/sfhera.com.br\/blog\/wp-content\/uploads\/2017\/08\/simples-nacional-1080x628.png","articleSection":["Legisla\u00e7\u00e3o Fiscal"],"inLanguage":"pt-BR"},{"@type":"WebPage","@id":"https:\/\/sfhera.com.br\/blog\/novo-formato-do-simples-nacional-pode-mudar-enquadramento-de-atividades\/","url":"https:\/\/sfhera.com.br\/blog\/novo-formato-do-simples-nacional-pode-mudar-enquadramento-de-atividades\/","name":"Novo formato do Simples Nacional pode mudar enquadramento de atividades - Sfhera Software","isPartOf":{"@id":"https:\/\/sfhera.com.br\/blog\/#website"},"primaryImageOfPage":{"@id":"https:\/\/sfhera.com.br\/blog\/novo-formato-do-simples-nacional-pode-mudar-enquadramento-de-atividades\/#primaryimage"},"image":{"@id":"https:\/\/sfhera.com.br\/blog\/novo-formato-do-simples-nacional-pode-mudar-enquadramento-de-atividades\/#primaryimage"},"thumbnailUrl":"https:\/\/sfhera.com.br\/blog\/wp-content\/uploads\/2017\/08\/simples-nacional-1080x628.png","datePublished":"2017-10-26T19:25:25+00:00","dateModified":"2017-10-26T19:29:47+00:00","breadcrumb":{"@id":"https:\/\/sfhera.com.br\/blog\/novo-formato-do-simples-nacional-pode-mudar-enquadramento-de-atividades\/#breadcrumb"},"inLanguage":"pt-BR","potentialAction":[{"@type":"ReadAction","target":["https:\/\/sfhera.com.br\/blog\/novo-formato-do-simples-nacional-pode-mudar-enquadramento-de-atividades\/"]}]},{"@type":"ImageObject","inLanguage":"pt-BR","@id":"https:\/\/sfhera.com.br\/blog\/novo-formato-do-simples-nacional-pode-mudar-enquadramento-de-atividades\/#primaryimage","url":"https:\/\/sfhera.com.br\/blog\/wp-content\/uploads\/2017\/08\/simples-nacional-1080x628.png","contentUrl":"https:\/\/sfhera.com.br\/blog\/wp-content\/uploads\/2017\/08\/simples-nacional-1080x628.png","width":1080,"height":628,"caption":"simples nacional"},{"@type":"BreadcrumbList","@id":"https:\/\/sfhera.com.br\/blog\/novo-formato-do-simples-nacional-pode-mudar-enquadramento-de-atividades\/#breadcrumb","itemListElement":[{"@type":"ListItem","position":1,"name":"In\u00edcio","item":"https:\/\/sfhera.com.br\/blog\/"},{"@type":"ListItem","position":2,"name":"Novo formato do Simples Nacional pode mudar enquadramento de atividades"}]},{"@type":"WebSite","@id":"https:\/\/sfhera.com.br\/blog\/#website","url":"https:\/\/sfhera.com.br\/blog\/","name":"Sfhera Software","description":"Aplicativos de Gest\u00e3o para o Varejo","publisher":{"@id":"https:\/\/sfhera.com.br\/blog\/#organization"},"potentialAction":[{"@type":"SearchAction","target":{"@type":"EntryPoint","urlTemplate":"https:\/\/sfhera.com.br\/blog\/?s={search_term_string}"},"query-input":{"@type":"PropertyValueSpecification","valueRequired":true,"valueName":"search_term_string"}}],"inLanguage":"pt-BR"},{"@type":"Organization","@id":"https:\/\/sfhera.com.br\/blog\/#organization","name":"Sfhera Software","url":"https:\/\/sfhera.com.br\/blog\/","logo":{"@type":"ImageObject","inLanguage":"pt-BR","@id":"https:\/\/sfhera.com.br\/blog\/#\/schema\/logo\/image\/","url":"https:\/\/www.sfhera.com.br\/blog\/wp-content\/uploads\/2017\/06\/logo.png","contentUrl":"https:\/\/www.sfhera.com.br\/blog\/wp-content\/uploads\/2017\/06\/logo.png","width":200,"height":65,"caption":"Sfhera Software"},"image":{"@id":"https:\/\/sfhera.com.br\/blog\/#\/schema\/logo\/image\/"},"sameAs":["https:\/\/www.facebook.com\/sfhera","https:\/\/x.com\/sfhera","https:\/\/br.linkedin.com\/company\/sfhera-software"]},{"@type":"Person","@id":"https:\/\/sfhera.com.br\/blog\/#\/schema\/person\/0a21d0c7b6b15bda9d9c072dde915f2a","name":"Sfhera Software","image":{"@type":"ImageObject","inLanguage":"pt-BR","@id":"https:\/\/secure.gravatar.com\/avatar\/b1d1b13f14dd2dc5b3fb21e60579548fa4f79040171567f49ae19080fb354524?s=96&d=mm&r=g","url":"https:\/\/secure.gravatar.com\/avatar\/b1d1b13f14dd2dc5b3fb21e60579548fa4f79040171567f49ae19080fb354524?s=96&d=mm&r=g","contentUrl":"https:\/\/secure.gravatar.com\/avatar\/b1d1b13f14dd2dc5b3fb21e60579548fa4f79040171567f49ae19080fb354524?s=96&d=mm&r=g","caption":"Sfhera Software"},"url":"https:\/\/sfhera.com.br\/blog\/author\/admin\/"}]}},"_links":{"self":[{"href":"https:\/\/sfhera.com.br\/blog\/wp-json\/wp\/v2\/posts\/665","targetHints":{"allow":["GET"]}}],"collection":[{"href":"https:\/\/sfhera.com.br\/blog\/wp-json\/wp\/v2\/posts"}],"about":[{"href":"https:\/\/sfhera.com.br\/blog\/wp-json\/wp\/v2\/types\/post"}],"author":[{"embeddable":true,"href":"https:\/\/sfhera.com.br\/blog\/wp-json\/wp\/v2\/users\/1"}],"replies":[{"embeddable":true,"href":"https:\/\/sfhera.com.br\/blog\/wp-json\/wp\/v2\/comments?post=665"}],"version-history":[{"count":1,"href":"https:\/\/sfhera.com.br\/blog\/wp-json\/wp\/v2\/posts\/665\/revisions"}],"predecessor-version":[{"id":666,"href":"https:\/\/sfhera.com.br\/blog\/wp-json\/wp\/v2\/posts\/665\/revisions\/666"}],"wp:featuredmedia":[{"embeddable":true,"href":"https:\/\/sfhera.com.br\/blog\/wp-json\/wp\/v2\/media\/512"}],"wp:attachment":[{"href":"https:\/\/sfhera.com.br\/blog\/wp-json\/wp\/v2\/media?parent=665"}],"wp:term":[{"taxonomy":"category","embeddable":true,"href":"https:\/\/sfhera.com.br\/blog\/wp-json\/wp\/v2\/categories?post=665"},{"taxonomy":"post_tag","embeddable":true,"href":"https:\/\/sfhera.com.br\/blog\/wp-json\/wp\/v2\/tags?post=665"}],"curies":[{"name":"wp","href":"https:\/\/api.w.org\/{rel}","templated":true}]}}