{"id":673,"date":"2017-11-01T15:49:02","date_gmt":"2017-11-01T17:49:02","guid":{"rendered":"https:\/\/sfhera.com.br\/blog\/?p=673"},"modified":"2017-11-01T15:49:02","modified_gmt":"2017-11-01T17:49:02","slug":"quem-aderir-ao-novo-refis-tera-de-pagar-parcelas-de-agosto-setembro-e-outubro","status":"publish","type":"post","link":"https:\/\/sfhera.com.br\/blog\/quem-aderir-ao-novo-refis-tera-de-pagar-parcelas-de-agosto-setembro-e-outubro\/","title":{"rendered":"Quem aderir ao novo Refis ter\u00e1 de pagar parcelas de agosto, setembro e outubro"},"content":{"rendered":"<p>Os contribuintes que aderirem ao Programa Especial de Regulariza\u00e7\u00e3o Tribut\u00e1ria (Pert) a partir de hoje (1\u00ba) ter\u00e3o que pagar as parcelas referentes aos meses de agosto, setembro e outubro. O prazo para ades\u00e3o que terminaria ontem (31) foi prorrogado at\u00e9 o pr\u00f3ximo dia 14.<\/p>\n<p>O pagamento das parcelas referente a esses meses pode ser feito at\u00e9 o dia 14. J\u00e1 a parcela de novembro, poder\u00e1 ser paga at\u00e9 o \u00faltimo dia \u00fatil do m\u00eas, ou seja, dia 30. A parcela de dezembro poder\u00e1 ser paga at\u00e9 o dia 29 do pr\u00f3ximo m\u00eas.<\/p>\n<p>A Lei n\u00ba 13.496 de 2017, que institui o Pert, conhecido como novo Refis, foi publicada no Di\u00e1rio Oficial da Uni\u00e3o, no \u00faltimo dia 25. Ontem (31), o governo publicou uma medida provis\u00f3ria em edi\u00e7\u00e3o extra do Di\u00e1rio Oficial para prorrogar o prazo de ades\u00e3o.<span style=\"font-size: 1rem;\">\u00a0<\/span><\/p>\n<p>Segundo a Receita, entre as novidades da lei destaca-se a possibilidade de parcelar d\u00e9bitos provenientes de tributos retidos na fonte ou descontados de segurados; d\u00e9bitos lan\u00e7ados diante da constata\u00e7\u00e3o de pr\u00e1tica de crime de sonega\u00e7\u00e3o, fraude ou conluio; e d\u00e9bitos devidos por incorporadora optante do Regime Especial Tribut\u00e1rio do Patrim\u00f4nio de Afeta\u00e7\u00e3o. No texto original da medida provis\u00f3ria, esses d\u00e9bitos n\u00e3o podiam ser parcelados no Pert.<\/p>\n<p>A lei traz nova modalidade de pagamento da d\u00edvida n\u00e3o prevista no texto original: 24% de entrada, em 24 parcelas, podendo o restante ser amortizado com cr\u00e9ditos que porventura o contribuinte tenha na Receita, inclusive provenientes de Preju\u00edzo Fiscal ou Base de C\u00e1lculo Negativa da Contribui\u00e7\u00e3o Social sobre Lucro L\u00edquido (CSLL).<\/p>\n<p>Para d\u00edvidas inferiores a R$ 15 milh\u00f5es, o percentual a ser pago em 2017, sem descontos, foi reduzido de 7,5% para 5%.<\/p>\n<p>Outra mudan\u00e7a feita no Congresso foi o aumento dos descontos sobre multas: ap\u00f3s pagamento da entrada em 2017 (5% ou 20%, conforme o valor da d\u00edvida seja maior ou menor que R$ 15 milh\u00f5es), se o contribuinte optar por pagar todo o saldo da d\u00edvida em janeiro de 2018, ter\u00e1 desconto de 90% sobre os juros e 70% sobre as multas; se optar por pagar o saldo da d\u00edvida em 145 parcelas, os descontos ser\u00e3o de 80% sobre os juros e de 50% sobre as multas; se optar por pagar o saldo da d\u00edvida em 175 parcelas, permanecem os descontos de 50% dos juros e de 25% das multas.<\/p>\n<p>Fonte: Administradores.com<\/p>\n","protected":false},"excerpt":{"rendered":"<p>Os contribuintes que aderirem ao Programa Especial de Regulariza\u00e7\u00e3o Tribut\u00e1ria (Pert) a partir de hoje (1\u00ba) ter\u00e3o que pagar as parcelas referentes&hellip;<\/p>\n","protected":false},"author":1,"featured_media":339,"comment_status":"closed","ping_status":"open","sticky":false,"template":"","format":"standard","meta":{"footnotes":""},"categories":[6],"tags":[],"class_list":["post-673","post","type-post","status-publish","format-standard","has-post-thumbnail","hentry","category-legislacao-fiscal"],"yoast_head":"<!-- This site is optimized with the Yoast SEO plugin v27.5 - https:\/\/yoast.com\/product\/yoast-seo-wordpress\/ -->\n<title>Quem aderir ao novo Refis ter\u00e1 de pagar parcelas de agosto, setembro e outubro - Sfhera Software<\/title>\n<meta name=\"robots\" content=\"index, follow, max-snippet:-1, max-image-preview:large, max-video-preview:-1\" \/>\n<link rel=\"canonical\" href=\"https:\/\/sfhera.com.br\/blog\/quem-aderir-ao-novo-refis-tera-de-pagar-parcelas-de-agosto-setembro-e-outubro\/\" \/>\n<meta property=\"og:locale\" content=\"pt_BR\" \/>\n<meta property=\"og:type\" content=\"article\" \/>\n<meta property=\"og:title\" content=\"Quem aderir ao novo Refis ter\u00e1 de pagar parcelas de agosto, setembro e outubro - Sfhera Software\" \/>\n<meta property=\"og:description\" content=\"Os contribuintes que aderirem ao Programa Especial de Regulariza\u00e7\u00e3o Tribut\u00e1ria (Pert) a partir de hoje (1\u00ba) ter\u00e3o que pagar as parcelas referentes&hellip;\" \/>\n<meta property=\"og:url\" content=\"https:\/\/sfhera.com.br\/blog\/quem-aderir-ao-novo-refis-tera-de-pagar-parcelas-de-agosto-setembro-e-outubro\/\" \/>\n<meta property=\"og:site_name\" content=\"Sfhera Software\" \/>\n<meta property=\"article:publisher\" content=\"https:\/\/www.facebook.com\/sfhera\" \/>\n<meta property=\"article:published_time\" content=\"2017-11-01T17:49:02+00:00\" \/>\n<meta property=\"og:image\" content=\"https:\/\/sfhera.com.br\/blog\/wp-content\/uploads\/2017\/07\/REFIS-2017-PRT-1.png\" \/>\n\t<meta property=\"og:image:width\" content=\"560\" \/>\n\t<meta property=\"og:image:height\" content=\"315\" \/>\n\t<meta property=\"og:image:type\" content=\"image\/png\" \/>\n<meta name=\"author\" content=\"Sfhera Software\" \/>\n<meta name=\"twitter:card\" content=\"summary_large_image\" \/>\n<meta name=\"twitter:creator\" content=\"@sfhera\" \/>\n<meta name=\"twitter:site\" content=\"@sfhera\" \/>\n<meta name=\"twitter:label1\" content=\"Escrito por\" \/>\n\t<meta name=\"twitter:data1\" content=\"Sfhera Software\" \/>\n\t<meta name=\"twitter:label2\" content=\"Est. tempo de leitura\" \/>\n\t<meta name=\"twitter:data2\" content=\"2 minutos\" \/>\n<script type=\"application\/ld+json\" class=\"yoast-schema-graph\">{\"@context\":\"https:\\\/\\\/schema.org\",\"@graph\":[{\"@type\":\"Article\",\"@id\":\"https:\\\/\\\/sfhera.com.br\\\/blog\\\/quem-aderir-ao-novo-refis-tera-de-pagar-parcelas-de-agosto-setembro-e-outubro\\\/#article\",\"isPartOf\":{\"@id\":\"https:\\\/\\\/sfhera.com.br\\\/blog\\\/quem-aderir-ao-novo-refis-tera-de-pagar-parcelas-de-agosto-setembro-e-outubro\\\/\"},\"author\":{\"name\":\"Sfhera Software\",\"@id\":\"https:\\\/\\\/sfhera.com.br\\\/blog\\\/#\\\/schema\\\/person\\\/0a21d0c7b6b15bda9d9c072dde915f2a\"},\"headline\":\"Quem aderir ao novo Refis ter\u00e1 de pagar parcelas de agosto, setembro e outubro\",\"datePublished\":\"2017-11-01T17:49:02+00:00\",\"mainEntityOfPage\":{\"@id\":\"https:\\\/\\\/sfhera.com.br\\\/blog\\\/quem-aderir-ao-novo-refis-tera-de-pagar-parcelas-de-agosto-setembro-e-outubro\\\/\"},\"wordCount\":417,\"publisher\":{\"@id\":\"https:\\\/\\\/sfhera.com.br\\\/blog\\\/#organization\"},\"image\":{\"@id\":\"https:\\\/\\\/sfhera.com.br\\\/blog\\\/quem-aderir-ao-novo-refis-tera-de-pagar-parcelas-de-agosto-setembro-e-outubro\\\/#primaryimage\"},\"thumbnailUrl\":\"https:\\\/\\\/sfhera.com.br\\\/blog\\\/wp-content\\\/uploads\\\/2017\\\/07\\\/REFIS-2017-PRT-1.png\",\"articleSection\":[\"Legisla\u00e7\u00e3o Fiscal\"],\"inLanguage\":\"pt-BR\"},{\"@type\":\"WebPage\",\"@id\":\"https:\\\/\\\/sfhera.com.br\\\/blog\\\/quem-aderir-ao-novo-refis-tera-de-pagar-parcelas-de-agosto-setembro-e-outubro\\\/\",\"url\":\"https:\\\/\\\/sfhera.com.br\\\/blog\\\/quem-aderir-ao-novo-refis-tera-de-pagar-parcelas-de-agosto-setembro-e-outubro\\\/\",\"name\":\"Quem aderir ao novo Refis ter\u00e1 de pagar parcelas de agosto, setembro e outubro - Sfhera Software\",\"isPartOf\":{\"@id\":\"https:\\\/\\\/sfhera.com.br\\\/blog\\\/#website\"},\"primaryImageOfPage\":{\"@id\":\"https:\\\/\\\/sfhera.com.br\\\/blog\\\/quem-aderir-ao-novo-refis-tera-de-pagar-parcelas-de-agosto-setembro-e-outubro\\\/#primaryimage\"},\"image\":{\"@id\":\"https:\\\/\\\/sfhera.com.br\\\/blog\\\/quem-aderir-ao-novo-refis-tera-de-pagar-parcelas-de-agosto-setembro-e-outubro\\\/#primaryimage\"},\"thumbnailUrl\":\"https:\\\/\\\/sfhera.com.br\\\/blog\\\/wp-content\\\/uploads\\\/2017\\\/07\\\/REFIS-2017-PRT-1.png\",\"datePublished\":\"2017-11-01T17:49:02+00:00\",\"breadcrumb\":{\"@id\":\"https:\\\/\\\/sfhera.com.br\\\/blog\\\/quem-aderir-ao-novo-refis-tera-de-pagar-parcelas-de-agosto-setembro-e-outubro\\\/#breadcrumb\"},\"inLanguage\":\"pt-BR\",\"potentialAction\":[{\"@type\":\"ReadAction\",\"target\":[\"https:\\\/\\\/sfhera.com.br\\\/blog\\\/quem-aderir-ao-novo-refis-tera-de-pagar-parcelas-de-agosto-setembro-e-outubro\\\/\"]}]},{\"@type\":\"ImageObject\",\"inLanguage\":\"pt-BR\",\"@id\":\"https:\\\/\\\/sfhera.com.br\\\/blog\\\/quem-aderir-ao-novo-refis-tera-de-pagar-parcelas-de-agosto-setembro-e-outubro\\\/#primaryimage\",\"url\":\"https:\\\/\\\/sfhera.com.br\\\/blog\\\/wp-content\\\/uploads\\\/2017\\\/07\\\/REFIS-2017-PRT-1.png\",\"contentUrl\":\"https:\\\/\\\/sfhera.com.br\\\/blog\\\/wp-content\\\/uploads\\\/2017\\\/07\\\/REFIS-2017-PRT-1.png\",\"width\":560,\"height\":315,\"caption\":\"novo refis\"},{\"@type\":\"BreadcrumbList\",\"@id\":\"https:\\\/\\\/sfhera.com.br\\\/blog\\\/quem-aderir-ao-novo-refis-tera-de-pagar-parcelas-de-agosto-setembro-e-outubro\\\/#breadcrumb\",\"itemListElement\":[{\"@type\":\"ListItem\",\"position\":1,\"name\":\"In\u00edcio\",\"item\":\"https:\\\/\\\/sfhera.com.br\\\/blog\\\/\"},{\"@type\":\"ListItem\",\"position\":2,\"name\":\"Quem aderir ao novo Refis ter\u00e1 de pagar parcelas de agosto, setembro e outubro\"}]},{\"@type\":\"WebSite\",\"@id\":\"https:\\\/\\\/sfhera.com.br\\\/blog\\\/#website\",\"url\":\"https:\\\/\\\/sfhera.com.br\\\/blog\\\/\",\"name\":\"Sfhera Software\",\"description\":\"Aplicativos de Gest\u00e3o para o Varejo\",\"publisher\":{\"@id\":\"https:\\\/\\\/sfhera.com.br\\\/blog\\\/#organization\"},\"potentialAction\":[{\"@type\":\"SearchAction\",\"target\":{\"@type\":\"EntryPoint\",\"urlTemplate\":\"https:\\\/\\\/sfhera.com.br\\\/blog\\\/?s={search_term_string}\"},\"query-input\":{\"@type\":\"PropertyValueSpecification\",\"valueRequired\":true,\"valueName\":\"search_term_string\"}}],\"inLanguage\":\"pt-BR\"},{\"@type\":\"Organization\",\"@id\":\"https:\\\/\\\/sfhera.com.br\\\/blog\\\/#organization\",\"name\":\"Sfhera Software\",\"url\":\"https:\\\/\\\/sfhera.com.br\\\/blog\\\/\",\"logo\":{\"@type\":\"ImageObject\",\"inLanguage\":\"pt-BR\",\"@id\":\"https:\\\/\\\/sfhera.com.br\\\/blog\\\/#\\\/schema\\\/logo\\\/image\\\/\",\"url\":\"https:\\\/\\\/www.sfhera.com.br\\\/blog\\\/wp-content\\\/uploads\\\/2017\\\/06\\\/logo.png\",\"contentUrl\":\"https:\\\/\\\/www.sfhera.com.br\\\/blog\\\/wp-content\\\/uploads\\\/2017\\\/06\\\/logo.png\",\"width\":200,\"height\":65,\"caption\":\"Sfhera Software\"},\"image\":{\"@id\":\"https:\\\/\\\/sfhera.com.br\\\/blog\\\/#\\\/schema\\\/logo\\\/image\\\/\"},\"sameAs\":[\"https:\\\/\\\/www.facebook.com\\\/sfhera\",\"https:\\\/\\\/x.com\\\/sfhera\",\"https:\\\/\\\/br.linkedin.com\\\/company\\\/sfhera-software\"]},{\"@type\":\"Person\",\"@id\":\"https:\\\/\\\/sfhera.com.br\\\/blog\\\/#\\\/schema\\\/person\\\/0a21d0c7b6b15bda9d9c072dde915f2a\",\"name\":\"Sfhera Software\",\"image\":{\"@type\":\"ImageObject\",\"inLanguage\":\"pt-BR\",\"@id\":\"https:\\\/\\\/secure.gravatar.com\\\/avatar\\\/b1d1b13f14dd2dc5b3fb21e60579548fa4f79040171567f49ae19080fb354524?s=96&d=mm&r=g\",\"url\":\"https:\\\/\\\/secure.gravatar.com\\\/avatar\\\/b1d1b13f14dd2dc5b3fb21e60579548fa4f79040171567f49ae19080fb354524?s=96&d=mm&r=g\",\"contentUrl\":\"https:\\\/\\\/secure.gravatar.com\\\/avatar\\\/b1d1b13f14dd2dc5b3fb21e60579548fa4f79040171567f49ae19080fb354524?s=96&d=mm&r=g\",\"caption\":\"Sfhera Software\"},\"url\":\"https:\\\/\\\/sfhera.com.br\\\/blog\\\/author\\\/admin\\\/\"}]}<\/script>\n<!-- \/ Yoast SEO plugin. -->","yoast_head_json":{"title":"Quem aderir ao novo Refis ter\u00e1 de pagar parcelas de agosto, setembro e outubro - Sfhera Software","robots":{"index":"index","follow":"follow","max-snippet":"max-snippet:-1","max-image-preview":"max-image-preview:large","max-video-preview":"max-video-preview:-1"},"canonical":"https:\/\/sfhera.com.br\/blog\/quem-aderir-ao-novo-refis-tera-de-pagar-parcelas-de-agosto-setembro-e-outubro\/","og_locale":"pt_BR","og_type":"article","og_title":"Quem aderir ao novo Refis ter\u00e1 de pagar parcelas de agosto, setembro e outubro - Sfhera Software","og_description":"Os contribuintes que aderirem ao Programa Especial de Regulariza\u00e7\u00e3o Tribut\u00e1ria (Pert) a partir de hoje (1\u00ba) ter\u00e3o que pagar as parcelas referentes&hellip;","og_url":"https:\/\/sfhera.com.br\/blog\/quem-aderir-ao-novo-refis-tera-de-pagar-parcelas-de-agosto-setembro-e-outubro\/","og_site_name":"Sfhera Software","article_publisher":"https:\/\/www.facebook.com\/sfhera","article_published_time":"2017-11-01T17:49:02+00:00","og_image":[{"width":560,"height":315,"url":"https:\/\/sfhera.com.br\/blog\/wp-content\/uploads\/2017\/07\/REFIS-2017-PRT-1.png","type":"image\/png"}],"author":"Sfhera Software","twitter_card":"summary_large_image","twitter_creator":"@sfhera","twitter_site":"@sfhera","twitter_misc":{"Escrito por":"Sfhera Software","Est. tempo de leitura":"2 minutos"},"schema":{"@context":"https:\/\/schema.org","@graph":[{"@type":"Article","@id":"https:\/\/sfhera.com.br\/blog\/quem-aderir-ao-novo-refis-tera-de-pagar-parcelas-de-agosto-setembro-e-outubro\/#article","isPartOf":{"@id":"https:\/\/sfhera.com.br\/blog\/quem-aderir-ao-novo-refis-tera-de-pagar-parcelas-de-agosto-setembro-e-outubro\/"},"author":{"name":"Sfhera Software","@id":"https:\/\/sfhera.com.br\/blog\/#\/schema\/person\/0a21d0c7b6b15bda9d9c072dde915f2a"},"headline":"Quem aderir ao novo Refis ter\u00e1 de pagar parcelas de agosto, setembro e outubro","datePublished":"2017-11-01T17:49:02+00:00","mainEntityOfPage":{"@id":"https:\/\/sfhera.com.br\/blog\/quem-aderir-ao-novo-refis-tera-de-pagar-parcelas-de-agosto-setembro-e-outubro\/"},"wordCount":417,"publisher":{"@id":"https:\/\/sfhera.com.br\/blog\/#organization"},"image":{"@id":"https:\/\/sfhera.com.br\/blog\/quem-aderir-ao-novo-refis-tera-de-pagar-parcelas-de-agosto-setembro-e-outubro\/#primaryimage"},"thumbnailUrl":"https:\/\/sfhera.com.br\/blog\/wp-content\/uploads\/2017\/07\/REFIS-2017-PRT-1.png","articleSection":["Legisla\u00e7\u00e3o Fiscal"],"inLanguage":"pt-BR"},{"@type":"WebPage","@id":"https:\/\/sfhera.com.br\/blog\/quem-aderir-ao-novo-refis-tera-de-pagar-parcelas-de-agosto-setembro-e-outubro\/","url":"https:\/\/sfhera.com.br\/blog\/quem-aderir-ao-novo-refis-tera-de-pagar-parcelas-de-agosto-setembro-e-outubro\/","name":"Quem aderir ao novo Refis ter\u00e1 de pagar parcelas de agosto, setembro e outubro - Sfhera Software","isPartOf":{"@id":"https:\/\/sfhera.com.br\/blog\/#website"},"primaryImageOfPage":{"@id":"https:\/\/sfhera.com.br\/blog\/quem-aderir-ao-novo-refis-tera-de-pagar-parcelas-de-agosto-setembro-e-outubro\/#primaryimage"},"image":{"@id":"https:\/\/sfhera.com.br\/blog\/quem-aderir-ao-novo-refis-tera-de-pagar-parcelas-de-agosto-setembro-e-outubro\/#primaryimage"},"thumbnailUrl":"https:\/\/sfhera.com.br\/blog\/wp-content\/uploads\/2017\/07\/REFIS-2017-PRT-1.png","datePublished":"2017-11-01T17:49:02+00:00","breadcrumb":{"@id":"https:\/\/sfhera.com.br\/blog\/quem-aderir-ao-novo-refis-tera-de-pagar-parcelas-de-agosto-setembro-e-outubro\/#breadcrumb"},"inLanguage":"pt-BR","potentialAction":[{"@type":"ReadAction","target":["https:\/\/sfhera.com.br\/blog\/quem-aderir-ao-novo-refis-tera-de-pagar-parcelas-de-agosto-setembro-e-outubro\/"]}]},{"@type":"ImageObject","inLanguage":"pt-BR","@id":"https:\/\/sfhera.com.br\/blog\/quem-aderir-ao-novo-refis-tera-de-pagar-parcelas-de-agosto-setembro-e-outubro\/#primaryimage","url":"https:\/\/sfhera.com.br\/blog\/wp-content\/uploads\/2017\/07\/REFIS-2017-PRT-1.png","contentUrl":"https:\/\/sfhera.com.br\/blog\/wp-content\/uploads\/2017\/07\/REFIS-2017-PRT-1.png","width":560,"height":315,"caption":"novo refis"},{"@type":"BreadcrumbList","@id":"https:\/\/sfhera.com.br\/blog\/quem-aderir-ao-novo-refis-tera-de-pagar-parcelas-de-agosto-setembro-e-outubro\/#breadcrumb","itemListElement":[{"@type":"ListItem","position":1,"name":"In\u00edcio","item":"https:\/\/sfhera.com.br\/blog\/"},{"@type":"ListItem","position":2,"name":"Quem aderir ao novo Refis ter\u00e1 de pagar parcelas de agosto, setembro e outubro"}]},{"@type":"WebSite","@id":"https:\/\/sfhera.com.br\/blog\/#website","url":"https:\/\/sfhera.com.br\/blog\/","name":"Sfhera Software","description":"Aplicativos de Gest\u00e3o para o Varejo","publisher":{"@id":"https:\/\/sfhera.com.br\/blog\/#organization"},"potentialAction":[{"@type":"SearchAction","target":{"@type":"EntryPoint","urlTemplate":"https:\/\/sfhera.com.br\/blog\/?s={search_term_string}"},"query-input":{"@type":"PropertyValueSpecification","valueRequired":true,"valueName":"search_term_string"}}],"inLanguage":"pt-BR"},{"@type":"Organization","@id":"https:\/\/sfhera.com.br\/blog\/#organization","name":"Sfhera Software","url":"https:\/\/sfhera.com.br\/blog\/","logo":{"@type":"ImageObject","inLanguage":"pt-BR","@id":"https:\/\/sfhera.com.br\/blog\/#\/schema\/logo\/image\/","url":"https:\/\/www.sfhera.com.br\/blog\/wp-content\/uploads\/2017\/06\/logo.png","contentUrl":"https:\/\/www.sfhera.com.br\/blog\/wp-content\/uploads\/2017\/06\/logo.png","width":200,"height":65,"caption":"Sfhera Software"},"image":{"@id":"https:\/\/sfhera.com.br\/blog\/#\/schema\/logo\/image\/"},"sameAs":["https:\/\/www.facebook.com\/sfhera","https:\/\/x.com\/sfhera","https:\/\/br.linkedin.com\/company\/sfhera-software"]},{"@type":"Person","@id":"https:\/\/sfhera.com.br\/blog\/#\/schema\/person\/0a21d0c7b6b15bda9d9c072dde915f2a","name":"Sfhera Software","image":{"@type":"ImageObject","inLanguage":"pt-BR","@id":"https:\/\/secure.gravatar.com\/avatar\/b1d1b13f14dd2dc5b3fb21e60579548fa4f79040171567f49ae19080fb354524?s=96&d=mm&r=g","url":"https:\/\/secure.gravatar.com\/avatar\/b1d1b13f14dd2dc5b3fb21e60579548fa4f79040171567f49ae19080fb354524?s=96&d=mm&r=g","contentUrl":"https:\/\/secure.gravatar.com\/avatar\/b1d1b13f14dd2dc5b3fb21e60579548fa4f79040171567f49ae19080fb354524?s=96&d=mm&r=g","caption":"Sfhera Software"},"url":"https:\/\/sfhera.com.br\/blog\/author\/admin\/"}]}},"_links":{"self":[{"href":"https:\/\/sfhera.com.br\/blog\/wp-json\/wp\/v2\/posts\/673","targetHints":{"allow":["GET"]}}],"collection":[{"href":"https:\/\/sfhera.com.br\/blog\/wp-json\/wp\/v2\/posts"}],"about":[{"href":"https:\/\/sfhera.com.br\/blog\/wp-json\/wp\/v2\/types\/post"}],"author":[{"embeddable":true,"href":"https:\/\/sfhera.com.br\/blog\/wp-json\/wp\/v2\/users\/1"}],"replies":[{"embeddable":true,"href":"https:\/\/sfhera.com.br\/blog\/wp-json\/wp\/v2\/comments?post=673"}],"version-history":[{"count":1,"href":"https:\/\/sfhera.com.br\/blog\/wp-json\/wp\/v2\/posts\/673\/revisions"}],"predecessor-version":[{"id":674,"href":"https:\/\/sfhera.com.br\/blog\/wp-json\/wp\/v2\/posts\/673\/revisions\/674"}],"wp:featuredmedia":[{"embeddable":true,"href":"https:\/\/sfhera.com.br\/blog\/wp-json\/wp\/v2\/media\/339"}],"wp:attachment":[{"href":"https:\/\/sfhera.com.br\/blog\/wp-json\/wp\/v2\/media?parent=673"}],"wp:term":[{"taxonomy":"category","embeddable":true,"href":"https:\/\/sfhera.com.br\/blog\/wp-json\/wp\/v2\/categories?post=673"},{"taxonomy":"post_tag","embeddable":true,"href":"https:\/\/sfhera.com.br\/blog\/wp-json\/wp\/v2\/tags?post=673"}],"curies":[{"name":"wp","href":"https:\/\/api.w.org\/{rel}","templated":true}]}}