{"id":678,"date":"2017-11-09T15:58:33","date_gmt":"2017-11-09T17:58:33","guid":{"rendered":"https:\/\/sfhera.com.br\/blog\/?p=678"},"modified":"2018-01-16T15:03:34","modified_gmt":"2018-01-16T17:03:34","slug":"sua-empresa-esta-preparada-para-o-esocial","status":"publish","type":"post","link":"https:\/\/sfhera.com.br\/blog\/sua-empresa-esta-preparada-para-o-esocial\/","title":{"rendered":"A sua empresa est\u00e1 preparada para o eSocial?"},"content":{"rendered":"<p>Dez anos ap\u00f3s o in\u00edcio da implanta\u00e7\u00e3o do Sistema P\u00fablico de Escritura\u00e7\u00e3o Digital (SPED), o sistema tribut\u00e1rio brasileiro conta uma inovadora ferramenta tecnol\u00f3gica, o eSocial (Sistema de Escritura\u00e7\u00e3o Digital das Obriga\u00e7\u00f5es Fiscais, Previdenci\u00e1rias e Trabalhistas), institu\u00eddo pelo Decreto 8.373\/2014, com o objetivo de facilitar e desburocratizar a administra\u00e7\u00e3o de informa\u00e7\u00f5es relativas aos trabalhadores. Nele, os empregadores passar\u00e3o a comunicar digitalmente aos \u00f3rg\u00e3os competentes, de forma simplificada e unificada, as informa\u00e7\u00f5es relativas \u00e0s suas obriga\u00e7\u00f5es fiscais, previdenci\u00e1rias e trabalhistas em face de seus empregados.<\/p>\n<p>A transmiss\u00e3o eletr\u00f4nica desses dados unificar\u00e1 a execu\u00e7\u00e3o de 15 obriga\u00e7\u00f5es acess\u00f3rias \u00e0s empresas: GFIP, CAGED, RAIS, LRE, CAT, CD, CTPS, PPP, DIRF, DCTF, QHT, MANAD, Folha de Pagamento, GRF e GPS.<\/p>\n<p>Vale lembrar que a implanta\u00e7\u00e3o do eSocial n\u00e3o altera, nem revoga nenhuma lei ou normatiza\u00e7\u00e3o espec\u00edfica dessas obriga\u00e7\u00f5es. Ela somente unifica e instrumentaliza o seu cumprimento. Da mesma forma, os \u00f3rg\u00e3os competentes continuam os mesmos: Secretaria da Receita Federal do Brasil, Caixa Econ\u00f4mica Federal, Instituto Nacional de Seguridade Social (INSS) e Minist\u00e9rio do Trabalho e Emprego \u2013 todos atuando e fiscalizando de forma conjunta.<\/p>\n<p>De acordo com a Resolu\u00e7\u00e3o do Comit\u00ea Diretivo do eSocial n\u00ba 2, publicada no dia 31\/8\/2016, no DOU, a obrigatoriedade da implanta\u00e7\u00e3o do sistema ser\u00e1 realizada em duas etapas: a partir de 1\u00ba de janeiro de 2018 para os empregadores e contribuintes com faturamento apurado, no ano de 2016, superior a R$ 78 milh\u00f5es; e a partir de 1\u00ba de julho de 2018 para os demais, independentemente do valor de faturamento anual.<\/p>\n<p>Mesmo com a proximidade do prazo de ades\u00e3o ao sistema, um levantamento da FENACON (Federa\u00e7\u00e3o Nacional das Empresas de Servi\u00e7os Cont\u00e1beis e das Empresas de Assessoramento, Per\u00edcias, Informa\u00e7\u00f5es e Pesquisas), que entrevistou 1,33 mil empresas, apontou que apenas 4,4% est\u00e3o aptas a operar o novo sistema; 29,1% j\u00e1 iniciaram o registro dos dados na plataforma e 23,7% est\u00e3o em uma fase intermedi\u00e1ria do processo.<\/p>\n<p>Enquanto isso, 42,9% nem come\u00e7aram a implanta\u00e7\u00e3o dessa plataforma em seus respectivos neg\u00f3cios. No mesmo entendimento, segundo fontes da \u00c9POCA, nos primeiros 30 dias de teste do sistema, somente 800 companhias se cadastraram na plataforma da RFB. O n\u00famero representa 0,01% das 8 milh\u00f5es de empresas, que empregam mais de 40 milh\u00f5es de trabalhadores.<\/p>\n<p>A complexidade para a implanta\u00e7\u00e3o do eSocial \u00e9 mais evidente nas pequenas empresas, que normalmente atuam com estruturas menores, em compara\u00e7\u00e3o \u00e0s grandes empresas. Contudo, \u00e9 muito importante que as empresas se planejem para a implanta\u00e7\u00e3o do eSocial, tanto as PMEs, quanto as grandes organiza\u00e7\u00f5es, uma vez que o sistema \u00e9 repleto de informa\u00e7\u00f5es cadastrais dos trabalhadores, antes n\u00e3o exigidas da mesma forma pela SEFIP, por exemplo.<\/p>\n<p>A Previd\u00eancia, assim como o Minist\u00e9rio do Trabalho poder\u00e3o fiscalizar as empresas \u00e0 dist\u00e2ncia, diante do volume e qualidade de informa\u00e7\u00f5es transmitidas por meio do eSocial. O planejamento tardio poder\u00e1 culminar em muitos erros de informa\u00e7\u00f5es transmitidas \u00e0 Uni\u00e3o, portanto as empresas precisam se organizar.<\/p>\n<p>O eSocial consistir\u00e1 na ferramenta que detectar\u00e1 as infra\u00e7\u00f5es \u00e0s normas previdenci\u00e1rias e trabalhistas e permitir\u00e1 \u00e0 fiscaliza\u00e7\u00e3o evidenci\u00e1-las. Como exemplo, a admiss\u00e3o de novos funcion\u00e1rios dever\u00e1 ser informada at\u00e9 o dia anterior ao in\u00edcio dos trabalhos por parte do empregado. A multa para a n\u00e3o informa\u00e7\u00e3o no referido prazo, importar\u00e1 em R$ R$ 402,53 a R$ 805,06 por empregado. Caso o empregador reincida em aus\u00eancia de informa\u00e7\u00e3o, o valor da multa aplicada poder\u00e1 dobrar.<\/p>\n<p>No eSocial, quando administrado com compet\u00eancia, ganham as empresas ao simplificar e unificar seus processos, o que gera ganho de produtividade e garantia de uma maior seguran\u00e7a jur\u00eddica, ganham tamb\u00e9m os empregados na garantia e efetiva\u00e7\u00e3o de seus direitos trabalhistas e previdenci\u00e1rios e ganham a popula\u00e7\u00e3o em geral, como tamb\u00e9m os \u00f3rg\u00e3os da administra\u00e7\u00e3o, por se tratar de um sistema transparente, resultando na redu\u00e7\u00e3o dos \u00edndices de sonega\u00e7\u00e3o e contribuindo na tomada de decis\u00f5es em pol\u00edticas p\u00fablicas. Resumindo, se todos se prepararem em tempo, todos saem ganhando!<\/p>\n<p>Fonte: administradores.com<\/p>\n","protected":false},"excerpt":{"rendered":"<p>Dez anos ap\u00f3s o in\u00edcio da implanta\u00e7\u00e3o do Sistema P\u00fablico de Escritura\u00e7\u00e3o Digital (SPED), o sistema tribut\u00e1rio brasileiro conta uma inovadora ferramenta&hellip;<\/p>\n","protected":false},"author":1,"featured_media":219,"comment_status":"closed","ping_status":"open","sticky":false,"template":"","format":"standard","meta":{"footnotes":""},"categories":[6],"tags":[111],"class_list":["post-678","post","type-post","status-publish","format-standard","has-post-thumbnail","hentry","category-legislacao-fiscal","tag-esocial"],"yoast_head":"<!-- This site is optimized with the Yoast SEO plugin v27.5 - https:\/\/yoast.com\/product\/yoast-seo-wordpress\/ -->\n<title>A sua empresa est\u00e1 preparada para o eSocial? - Sfhera Software<\/title>\n<meta name=\"robots\" content=\"index, follow, max-snippet:-1, max-image-preview:large, max-video-preview:-1\" \/>\n<link rel=\"canonical\" href=\"https:\/\/sfhera.com.br\/blog\/sua-empresa-esta-preparada-para-o-esocial\/\" \/>\n<meta property=\"og:locale\" content=\"pt_BR\" \/>\n<meta property=\"og:type\" content=\"article\" \/>\n<meta property=\"og:title\" content=\"A sua empresa est\u00e1 preparada para o eSocial? - Sfhera Software\" \/>\n<meta property=\"og:description\" content=\"Dez anos ap\u00f3s o in\u00edcio da implanta\u00e7\u00e3o do Sistema P\u00fablico de Escritura\u00e7\u00e3o Digital (SPED), o sistema tribut\u00e1rio brasileiro conta uma inovadora ferramenta&hellip;\" \/>\n<meta property=\"og:url\" content=\"https:\/\/sfhera.com.br\/blog\/sua-empresa-esta-preparada-para-o-esocial\/\" \/>\n<meta property=\"og:site_name\" content=\"Sfhera Software\" \/>\n<meta property=\"article:publisher\" content=\"https:\/\/www.facebook.com\/sfhera\" \/>\n<meta property=\"article:published_time\" content=\"2017-11-09T17:58:33+00:00\" \/>\n<meta property=\"article:modified_time\" content=\"2018-01-16T17:03:34+00:00\" \/>\n<meta property=\"og:image\" content=\"https:\/\/sfhera.com.br\/blog\/wp-content\/uploads\/2017\/07\/rh.jpg\" \/>\n\t<meta property=\"og:image:width\" content=\"810\" \/>\n\t<meta property=\"og:image:height\" content=\"460\" \/>\n\t<meta property=\"og:image:type\" content=\"image\/jpeg\" \/>\n<meta name=\"author\" content=\"Sfhera Software\" \/>\n<meta name=\"twitter:card\" content=\"summary_large_image\" \/>\n<meta name=\"twitter:creator\" content=\"@sfhera\" \/>\n<meta name=\"twitter:site\" content=\"@sfhera\" \/>\n<meta name=\"twitter:label1\" content=\"Escrito por\" \/>\n\t<meta name=\"twitter:data1\" content=\"Sfhera Software\" \/>\n\t<meta name=\"twitter:label2\" content=\"Est. tempo de leitura\" \/>\n\t<meta name=\"twitter:data2\" content=\"4 minutos\" \/>\n<script type=\"application\/ld+json\" class=\"yoast-schema-graph\">{\"@context\":\"https:\\\/\\\/schema.org\",\"@graph\":[{\"@type\":\"Article\",\"@id\":\"https:\\\/\\\/sfhera.com.br\\\/blog\\\/sua-empresa-esta-preparada-para-o-esocial\\\/#article\",\"isPartOf\":{\"@id\":\"https:\\\/\\\/sfhera.com.br\\\/blog\\\/sua-empresa-esta-preparada-para-o-esocial\\\/\"},\"author\":{\"name\":\"Sfhera Software\",\"@id\":\"https:\\\/\\\/sfhera.com.br\\\/blog\\\/#\\\/schema\\\/person\\\/0a21d0c7b6b15bda9d9c072dde915f2a\"},\"headline\":\"A sua empresa est\u00e1 preparada para o eSocial?\",\"datePublished\":\"2017-11-09T17:58:33+00:00\",\"dateModified\":\"2018-01-16T17:03:34+00:00\",\"mainEntityOfPage\":{\"@id\":\"https:\\\/\\\/sfhera.com.br\\\/blog\\\/sua-empresa-esta-preparada-para-o-esocial\\\/\"},\"wordCount\":713,\"publisher\":{\"@id\":\"https:\\\/\\\/sfhera.com.br\\\/blog\\\/#organization\"},\"image\":{\"@id\":\"https:\\\/\\\/sfhera.com.br\\\/blog\\\/sua-empresa-esta-preparada-para-o-esocial\\\/#primaryimage\"},\"thumbnailUrl\":\"https:\\\/\\\/sfhera.com.br\\\/blog\\\/wp-content\\\/uploads\\\/2017\\\/07\\\/rh.jpg\",\"keywords\":[\"eSocial\"],\"articleSection\":[\"Legisla\u00e7\u00e3o Fiscal\"],\"inLanguage\":\"pt-BR\"},{\"@type\":\"WebPage\",\"@id\":\"https:\\\/\\\/sfhera.com.br\\\/blog\\\/sua-empresa-esta-preparada-para-o-esocial\\\/\",\"url\":\"https:\\\/\\\/sfhera.com.br\\\/blog\\\/sua-empresa-esta-preparada-para-o-esocial\\\/\",\"name\":\"A sua empresa est\u00e1 preparada para o eSocial? - Sfhera Software\",\"isPartOf\":{\"@id\":\"https:\\\/\\\/sfhera.com.br\\\/blog\\\/#website\"},\"primaryImageOfPage\":{\"@id\":\"https:\\\/\\\/sfhera.com.br\\\/blog\\\/sua-empresa-esta-preparada-para-o-esocial\\\/#primaryimage\"},\"image\":{\"@id\":\"https:\\\/\\\/sfhera.com.br\\\/blog\\\/sua-empresa-esta-preparada-para-o-esocial\\\/#primaryimage\"},\"thumbnailUrl\":\"https:\\\/\\\/sfhera.com.br\\\/blog\\\/wp-content\\\/uploads\\\/2017\\\/07\\\/rh.jpg\",\"datePublished\":\"2017-11-09T17:58:33+00:00\",\"dateModified\":\"2018-01-16T17:03:34+00:00\",\"breadcrumb\":{\"@id\":\"https:\\\/\\\/sfhera.com.br\\\/blog\\\/sua-empresa-esta-preparada-para-o-esocial\\\/#breadcrumb\"},\"inLanguage\":\"pt-BR\",\"potentialAction\":[{\"@type\":\"ReadAction\",\"target\":[\"https:\\\/\\\/sfhera.com.br\\\/blog\\\/sua-empresa-esta-preparada-para-o-esocial\\\/\"]}]},{\"@type\":\"ImageObject\",\"inLanguage\":\"pt-BR\",\"@id\":\"https:\\\/\\\/sfhera.com.br\\\/blog\\\/sua-empresa-esta-preparada-para-o-esocial\\\/#primaryimage\",\"url\":\"https:\\\/\\\/sfhera.com.br\\\/blog\\\/wp-content\\\/uploads\\\/2017\\\/07\\\/rh.jpg\",\"contentUrl\":\"https:\\\/\\\/sfhera.com.br\\\/blog\\\/wp-content\\\/uploads\\\/2017\\\/07\\\/rh.jpg\",\"width\":810,\"height\":460,\"caption\":\"esocial\"},{\"@type\":\"BreadcrumbList\",\"@id\":\"https:\\\/\\\/sfhera.com.br\\\/blog\\\/sua-empresa-esta-preparada-para-o-esocial\\\/#breadcrumb\",\"itemListElement\":[{\"@type\":\"ListItem\",\"position\":1,\"name\":\"In\u00edcio\",\"item\":\"https:\\\/\\\/sfhera.com.br\\\/blog\\\/\"},{\"@type\":\"ListItem\",\"position\":2,\"name\":\"A sua empresa est\u00e1 preparada para o eSocial?\"}]},{\"@type\":\"WebSite\",\"@id\":\"https:\\\/\\\/sfhera.com.br\\\/blog\\\/#website\",\"url\":\"https:\\\/\\\/sfhera.com.br\\\/blog\\\/\",\"name\":\"Sfhera Software\",\"description\":\"Aplicativos de Gest\u00e3o para o Varejo\",\"publisher\":{\"@id\":\"https:\\\/\\\/sfhera.com.br\\\/blog\\\/#organization\"},\"potentialAction\":[{\"@type\":\"SearchAction\",\"target\":{\"@type\":\"EntryPoint\",\"urlTemplate\":\"https:\\\/\\\/sfhera.com.br\\\/blog\\\/?s={search_term_string}\"},\"query-input\":{\"@type\":\"PropertyValueSpecification\",\"valueRequired\":true,\"valueName\":\"search_term_string\"}}],\"inLanguage\":\"pt-BR\"},{\"@type\":\"Organization\",\"@id\":\"https:\\\/\\\/sfhera.com.br\\\/blog\\\/#organization\",\"name\":\"Sfhera Software\",\"url\":\"https:\\\/\\\/sfhera.com.br\\\/blog\\\/\",\"logo\":{\"@type\":\"ImageObject\",\"inLanguage\":\"pt-BR\",\"@id\":\"https:\\\/\\\/sfhera.com.br\\\/blog\\\/#\\\/schema\\\/logo\\\/image\\\/\",\"url\":\"https:\\\/\\\/www.sfhera.com.br\\\/blog\\\/wp-content\\\/uploads\\\/2017\\\/06\\\/logo.png\",\"contentUrl\":\"https:\\\/\\\/www.sfhera.com.br\\\/blog\\\/wp-content\\\/uploads\\\/2017\\\/06\\\/logo.png\",\"width\":200,\"height\":65,\"caption\":\"Sfhera Software\"},\"image\":{\"@id\":\"https:\\\/\\\/sfhera.com.br\\\/blog\\\/#\\\/schema\\\/logo\\\/image\\\/\"},\"sameAs\":[\"https:\\\/\\\/www.facebook.com\\\/sfhera\",\"https:\\\/\\\/x.com\\\/sfhera\",\"https:\\\/\\\/br.linkedin.com\\\/company\\\/sfhera-software\"]},{\"@type\":\"Person\",\"@id\":\"https:\\\/\\\/sfhera.com.br\\\/blog\\\/#\\\/schema\\\/person\\\/0a21d0c7b6b15bda9d9c072dde915f2a\",\"name\":\"Sfhera Software\",\"image\":{\"@type\":\"ImageObject\",\"inLanguage\":\"pt-BR\",\"@id\":\"https:\\\/\\\/secure.gravatar.com\\\/avatar\\\/b1d1b13f14dd2dc5b3fb21e60579548fa4f79040171567f49ae19080fb354524?s=96&d=mm&r=g\",\"url\":\"https:\\\/\\\/secure.gravatar.com\\\/avatar\\\/b1d1b13f14dd2dc5b3fb21e60579548fa4f79040171567f49ae19080fb354524?s=96&d=mm&r=g\",\"contentUrl\":\"https:\\\/\\\/secure.gravatar.com\\\/avatar\\\/b1d1b13f14dd2dc5b3fb21e60579548fa4f79040171567f49ae19080fb354524?s=96&d=mm&r=g\",\"caption\":\"Sfhera Software\"},\"url\":\"https:\\\/\\\/sfhera.com.br\\\/blog\\\/author\\\/admin\\\/\"}]}<\/script>\n<!-- \/ Yoast SEO plugin. -->","yoast_head_json":{"title":"A sua empresa est\u00e1 preparada para o eSocial? - Sfhera Software","robots":{"index":"index","follow":"follow","max-snippet":"max-snippet:-1","max-image-preview":"max-image-preview:large","max-video-preview":"max-video-preview:-1"},"canonical":"https:\/\/sfhera.com.br\/blog\/sua-empresa-esta-preparada-para-o-esocial\/","og_locale":"pt_BR","og_type":"article","og_title":"A sua empresa est\u00e1 preparada para o eSocial? - Sfhera Software","og_description":"Dez anos ap\u00f3s o in\u00edcio da implanta\u00e7\u00e3o do Sistema P\u00fablico de Escritura\u00e7\u00e3o Digital (SPED), o sistema tribut\u00e1rio brasileiro conta uma inovadora ferramenta&hellip;","og_url":"https:\/\/sfhera.com.br\/blog\/sua-empresa-esta-preparada-para-o-esocial\/","og_site_name":"Sfhera Software","article_publisher":"https:\/\/www.facebook.com\/sfhera","article_published_time":"2017-11-09T17:58:33+00:00","article_modified_time":"2018-01-16T17:03:34+00:00","og_image":[{"width":810,"height":460,"url":"https:\/\/sfhera.com.br\/blog\/wp-content\/uploads\/2017\/07\/rh.jpg","type":"image\/jpeg"}],"author":"Sfhera Software","twitter_card":"summary_large_image","twitter_creator":"@sfhera","twitter_site":"@sfhera","twitter_misc":{"Escrito por":"Sfhera Software","Est. tempo de leitura":"4 minutos"},"schema":{"@context":"https:\/\/schema.org","@graph":[{"@type":"Article","@id":"https:\/\/sfhera.com.br\/blog\/sua-empresa-esta-preparada-para-o-esocial\/#article","isPartOf":{"@id":"https:\/\/sfhera.com.br\/blog\/sua-empresa-esta-preparada-para-o-esocial\/"},"author":{"name":"Sfhera Software","@id":"https:\/\/sfhera.com.br\/blog\/#\/schema\/person\/0a21d0c7b6b15bda9d9c072dde915f2a"},"headline":"A sua empresa est\u00e1 preparada para o eSocial?","datePublished":"2017-11-09T17:58:33+00:00","dateModified":"2018-01-16T17:03:34+00:00","mainEntityOfPage":{"@id":"https:\/\/sfhera.com.br\/blog\/sua-empresa-esta-preparada-para-o-esocial\/"},"wordCount":713,"publisher":{"@id":"https:\/\/sfhera.com.br\/blog\/#organization"},"image":{"@id":"https:\/\/sfhera.com.br\/blog\/sua-empresa-esta-preparada-para-o-esocial\/#primaryimage"},"thumbnailUrl":"https:\/\/sfhera.com.br\/blog\/wp-content\/uploads\/2017\/07\/rh.jpg","keywords":["eSocial"],"articleSection":["Legisla\u00e7\u00e3o Fiscal"],"inLanguage":"pt-BR"},{"@type":"WebPage","@id":"https:\/\/sfhera.com.br\/blog\/sua-empresa-esta-preparada-para-o-esocial\/","url":"https:\/\/sfhera.com.br\/blog\/sua-empresa-esta-preparada-para-o-esocial\/","name":"A sua empresa est\u00e1 preparada para o eSocial? - Sfhera Software","isPartOf":{"@id":"https:\/\/sfhera.com.br\/blog\/#website"},"primaryImageOfPage":{"@id":"https:\/\/sfhera.com.br\/blog\/sua-empresa-esta-preparada-para-o-esocial\/#primaryimage"},"image":{"@id":"https:\/\/sfhera.com.br\/blog\/sua-empresa-esta-preparada-para-o-esocial\/#primaryimage"},"thumbnailUrl":"https:\/\/sfhera.com.br\/blog\/wp-content\/uploads\/2017\/07\/rh.jpg","datePublished":"2017-11-09T17:58:33+00:00","dateModified":"2018-01-16T17:03:34+00:00","breadcrumb":{"@id":"https:\/\/sfhera.com.br\/blog\/sua-empresa-esta-preparada-para-o-esocial\/#breadcrumb"},"inLanguage":"pt-BR","potentialAction":[{"@type":"ReadAction","target":["https:\/\/sfhera.com.br\/blog\/sua-empresa-esta-preparada-para-o-esocial\/"]}]},{"@type":"ImageObject","inLanguage":"pt-BR","@id":"https:\/\/sfhera.com.br\/blog\/sua-empresa-esta-preparada-para-o-esocial\/#primaryimage","url":"https:\/\/sfhera.com.br\/blog\/wp-content\/uploads\/2017\/07\/rh.jpg","contentUrl":"https:\/\/sfhera.com.br\/blog\/wp-content\/uploads\/2017\/07\/rh.jpg","width":810,"height":460,"caption":"esocial"},{"@type":"BreadcrumbList","@id":"https:\/\/sfhera.com.br\/blog\/sua-empresa-esta-preparada-para-o-esocial\/#breadcrumb","itemListElement":[{"@type":"ListItem","position":1,"name":"In\u00edcio","item":"https:\/\/sfhera.com.br\/blog\/"},{"@type":"ListItem","position":2,"name":"A sua empresa est\u00e1 preparada para o eSocial?"}]},{"@type":"WebSite","@id":"https:\/\/sfhera.com.br\/blog\/#website","url":"https:\/\/sfhera.com.br\/blog\/","name":"Sfhera Software","description":"Aplicativos de Gest\u00e3o para o Varejo","publisher":{"@id":"https:\/\/sfhera.com.br\/blog\/#organization"},"potentialAction":[{"@type":"SearchAction","target":{"@type":"EntryPoint","urlTemplate":"https:\/\/sfhera.com.br\/blog\/?s={search_term_string}"},"query-input":{"@type":"PropertyValueSpecification","valueRequired":true,"valueName":"search_term_string"}}],"inLanguage":"pt-BR"},{"@type":"Organization","@id":"https:\/\/sfhera.com.br\/blog\/#organization","name":"Sfhera Software","url":"https:\/\/sfhera.com.br\/blog\/","logo":{"@type":"ImageObject","inLanguage":"pt-BR","@id":"https:\/\/sfhera.com.br\/blog\/#\/schema\/logo\/image\/","url":"https:\/\/www.sfhera.com.br\/blog\/wp-content\/uploads\/2017\/06\/logo.png","contentUrl":"https:\/\/www.sfhera.com.br\/blog\/wp-content\/uploads\/2017\/06\/logo.png","width":200,"height":65,"caption":"Sfhera Software"},"image":{"@id":"https:\/\/sfhera.com.br\/blog\/#\/schema\/logo\/image\/"},"sameAs":["https:\/\/www.facebook.com\/sfhera","https:\/\/x.com\/sfhera","https:\/\/br.linkedin.com\/company\/sfhera-software"]},{"@type":"Person","@id":"https:\/\/sfhera.com.br\/blog\/#\/schema\/person\/0a21d0c7b6b15bda9d9c072dde915f2a","name":"Sfhera Software","image":{"@type":"ImageObject","inLanguage":"pt-BR","@id":"https:\/\/secure.gravatar.com\/avatar\/b1d1b13f14dd2dc5b3fb21e60579548fa4f79040171567f49ae19080fb354524?s=96&d=mm&r=g","url":"https:\/\/secure.gravatar.com\/avatar\/b1d1b13f14dd2dc5b3fb21e60579548fa4f79040171567f49ae19080fb354524?s=96&d=mm&r=g","contentUrl":"https:\/\/secure.gravatar.com\/avatar\/b1d1b13f14dd2dc5b3fb21e60579548fa4f79040171567f49ae19080fb354524?s=96&d=mm&r=g","caption":"Sfhera Software"},"url":"https:\/\/sfhera.com.br\/blog\/author\/admin\/"}]}},"_links":{"self":[{"href":"https:\/\/sfhera.com.br\/blog\/wp-json\/wp\/v2\/posts\/678","targetHints":{"allow":["GET"]}}],"collection":[{"href":"https:\/\/sfhera.com.br\/blog\/wp-json\/wp\/v2\/posts"}],"about":[{"href":"https:\/\/sfhera.com.br\/blog\/wp-json\/wp\/v2\/types\/post"}],"author":[{"embeddable":true,"href":"https:\/\/sfhera.com.br\/blog\/wp-json\/wp\/v2\/users\/1"}],"replies":[{"embeddable":true,"href":"https:\/\/sfhera.com.br\/blog\/wp-json\/wp\/v2\/comments?post=678"}],"version-history":[{"count":1,"href":"https:\/\/sfhera.com.br\/blog\/wp-json\/wp\/v2\/posts\/678\/revisions"}],"predecessor-version":[{"id":679,"href":"https:\/\/sfhera.com.br\/blog\/wp-json\/wp\/v2\/posts\/678\/revisions\/679"}],"wp:featuredmedia":[{"embeddable":true,"href":"https:\/\/sfhera.com.br\/blog\/wp-json\/wp\/v2\/media\/219"}],"wp:attachment":[{"href":"https:\/\/sfhera.com.br\/blog\/wp-json\/wp\/v2\/media?parent=678"}],"wp:term":[{"taxonomy":"category","embeddable":true,"href":"https:\/\/sfhera.com.br\/blog\/wp-json\/wp\/v2\/categories?post=678"},{"taxonomy":"post_tag","embeddable":true,"href":"https:\/\/sfhera.com.br\/blog\/wp-json\/wp\/v2\/tags?post=678"}],"curies":[{"name":"wp","href":"https:\/\/api.w.org\/{rel}","templated":true}]}}