{"id":697,"date":"2017-11-25T10:36:11","date_gmt":"2017-11-25T12:36:11","guid":{"rendered":"https:\/\/sfhera.com.br\/blog\/?p=697"},"modified":"2017-11-25T10:36:11","modified_gmt":"2017-11-25T12:36:11","slug":"empresas-do-regime-nao-cumulativo-nao-precisam-mais-tributar-pis-e-cofins-das-indenizacoes","status":"publish","type":"post","link":"https:\/\/sfhera.com.br\/blog\/empresas-do-regime-nao-cumulativo-nao-precisam-mais-tributar-pis-e-cofins-das-indenizacoes\/","title":{"rendered":"Empresas do regime n\u00e3o cumulativo n\u00e3o precisam mais tributar PIS e COFINS das indeniza\u00e7\u00f5es"},"content":{"rendered":"<div>Agora as empresas que romperam contratos por falta de pagamento e que devem receber indeniza\u00e7\u00f5es de seguro contratado n\u00e3o precisam mais se preocupar com o tributo destes valores. Foi publicada pela Receita Federal a\u00a0Solu\u00e7\u00e3o de Consulta Cosit 455\u00a0onde \u00e9 estabelecida a n\u00e3o incid\u00eancia do Imposto de Renda (IRPJ), CSLL, PIS e Cofins sobre o valor indenizado, desde que n\u00e3o exceda o preju\u00edzo causado para empresa no regime n\u00e3o cumulativo.<\/div>\n<div><\/div>\n<div>Para as empresas, o montante n\u00e3o incidiria PIS e COFINS e nem seria computado como receita. Nestes casos, quando o valor recebido exceder ao dano, este dever\u00e1 ser computado como acr\u00e9scimo patrimonial e contabilizado na base de c\u00e1lculo do imposto. No Rio Grande do Sul foram proferidas cinco solu\u00e7\u00f5es de consultas neste ano, seguindo esta mesma linha.<\/div>\n<div><\/div>\n<div>Antes, existiam muitas d\u00favidas por parte das empresas do regime n\u00e3o cumulativo na hora de considerar uma receita para fins de incid\u00eancia de PIS, COFINS, CSLL e IR. Por este motivo a Receita Federal tratou de deixar claro que, quando o valor ressarcido for menor que o preju\u00edzo causado, este n\u00e3o ter\u00e1 incid\u00eancia destes impostos.<\/div>\n<div><\/div>\n<div>Carla Lidiane M\u00fcller, analista de neg\u00f3cios da SCI Sistemas Cont\u00e1beis, afirma que com este esclarecimento o sistema melhorou bastante, pois antes da decis\u00e3o era comum tributar pelo menos o PIS e o COFINS. \u201cQuebras de contratos ou danos nunca \u00e9 algo bom, e a indeniza\u00e7\u00e3o n\u00e3o tem uma origem muito boa porque vem da compensa\u00e7\u00e3o de um preju\u00edzo. Saber que ela est\u00e1 livre destes impostos significa um saldo mais positivo para o caixa da empresa\u201d, explica.<\/div>\n<div><\/div>\n<div>Esta resolu\u00e7\u00e3o tamb\u00e9m trouxe mais seguran\u00e7a para os empres\u00e1rios, pois est\u00e1 melhor esclarecido o que \u00e9 acrescimento patrimonial. Carla ainda complementa que \u201cmuitas empresas est\u00e3o passando por situa\u00e7\u00f5es de n\u00e3o cumprimento de contratos, o que consequentemente as fazem ir atr\u00e1s de suas indeniza\u00e7\u00f5es. Estes reembolsos, quando est\u00e3o livre de tributa\u00e7\u00e3o, ajudam muito\u201d.<\/div>\n<div><\/div>\n<div>Com a\u00a0Solu\u00e7\u00e3o de Consulta Cosit 455\u00a0outras decis\u00f5es ser\u00e3o julgadas da mesma forma, criando uma linha nos tribunais que tende a ser fortalecia a favor dos contribuintes.<\/div>\n<div>Fonte: Contabilidade na TV.<\/div>\n","protected":false},"excerpt":{"rendered":"<p>Agora as empresas que romperam contratos por falta de pagamento e que devem receber indeniza\u00e7\u00f5es de seguro contratado n\u00e3o precisam mais se&hellip;<\/p>\n","protected":false},"author":1,"featured_media":698,"comment_status":"closed","ping_status":"open","sticky":false,"template":"","format":"standard","meta":{"footnotes":""},"categories":[6],"tags":[286,300],"class_list":["post-697","post","type-post","status-publish","format-standard","has-post-thumbnail","hentry","category-legislacao-fiscal","tag-pis-cofins","tag-regime-nao-cumulativo"],"yoast_head":"<!-- This site is optimized with the Yoast SEO plugin v27.5 - https:\/\/yoast.com\/product\/yoast-seo-wordpress\/ -->\n<title>Empresas do regime n\u00e3o cumulativo n\u00e3o precisam mais tributar PIS e COFINS das indeniza\u00e7\u00f5es - Sfhera Software<\/title>\n<meta name=\"robots\" content=\"index, follow, max-snippet:-1, max-image-preview:large, max-video-preview:-1\" \/>\n<link rel=\"canonical\" href=\"https:\/\/sfhera.com.br\/blog\/empresas-do-regime-nao-cumulativo-nao-precisam-mais-tributar-pis-e-cofins-das-indenizacoes\/\" \/>\n<meta property=\"og:locale\" content=\"pt_BR\" \/>\n<meta property=\"og:type\" content=\"article\" \/>\n<meta property=\"og:title\" content=\"Empresas do regime n\u00e3o cumulativo n\u00e3o precisam mais tributar PIS e COFINS das indeniza\u00e7\u00f5es - Sfhera Software\" \/>\n<meta property=\"og:description\" content=\"Agora as empresas que romperam contratos por falta de pagamento e que devem receber indeniza\u00e7\u00f5es de seguro contratado n\u00e3o precisam mais se&hellip;\" \/>\n<meta property=\"og:url\" content=\"https:\/\/sfhera.com.br\/blog\/empresas-do-regime-nao-cumulativo-nao-precisam-mais-tributar-pis-e-cofins-das-indenizacoes\/\" \/>\n<meta property=\"og:site_name\" content=\"Sfhera Software\" \/>\n<meta property=\"article:publisher\" content=\"https:\/\/www.facebook.com\/sfhera\" \/>\n<meta property=\"article:published_time\" content=\"2017-11-25T12:36:11+00:00\" \/>\n<meta property=\"og:image\" content=\"https:\/\/sfhera.com.br\/blog\/wp-content\/uploads\/2017\/11\/PIS-Cofins.png\" \/>\n\t<meta property=\"og:image:width\" content=\"1200\" \/>\n\t<meta property=\"og:image:height\" content=\"630\" \/>\n\t<meta property=\"og:image:type\" content=\"image\/png\" \/>\n<meta name=\"author\" content=\"Sfhera Software\" \/>\n<meta name=\"twitter:card\" content=\"summary_large_image\" \/>\n<meta name=\"twitter:creator\" content=\"@sfhera\" \/>\n<meta name=\"twitter:site\" content=\"@sfhera\" \/>\n<meta name=\"twitter:label1\" content=\"Escrito por\" \/>\n\t<meta name=\"twitter:data1\" content=\"Sfhera Software\" \/>\n\t<meta name=\"twitter:label2\" content=\"Est. tempo de leitura\" \/>\n\t<meta name=\"twitter:data2\" content=\"2 minutos\" \/>\n<script type=\"application\/ld+json\" class=\"yoast-schema-graph\">{\"@context\":\"https:\\\/\\\/schema.org\",\"@graph\":[{\"@type\":\"Article\",\"@id\":\"https:\\\/\\\/sfhera.com.br\\\/blog\\\/empresas-do-regime-nao-cumulativo-nao-precisam-mais-tributar-pis-e-cofins-das-indenizacoes\\\/#article\",\"isPartOf\":{\"@id\":\"https:\\\/\\\/sfhera.com.br\\\/blog\\\/empresas-do-regime-nao-cumulativo-nao-precisam-mais-tributar-pis-e-cofins-das-indenizacoes\\\/\"},\"author\":{\"name\":\"Sfhera Software\",\"@id\":\"https:\\\/\\\/sfhera.com.br\\\/blog\\\/#\\\/schema\\\/person\\\/0a21d0c7b6b15bda9d9c072dde915f2a\"},\"headline\":\"Empresas do regime n\u00e3o cumulativo n\u00e3o precisam mais tributar PIS e COFINS das indeniza\u00e7\u00f5es\",\"datePublished\":\"2017-11-25T12:36:11+00:00\",\"mainEntityOfPage\":{\"@id\":\"https:\\\/\\\/sfhera.com.br\\\/blog\\\/empresas-do-regime-nao-cumulativo-nao-precisam-mais-tributar-pis-e-cofins-das-indenizacoes\\\/\"},\"wordCount\":395,\"publisher\":{\"@id\":\"https:\\\/\\\/sfhera.com.br\\\/blog\\\/#organization\"},\"image\":{\"@id\":\"https:\\\/\\\/sfhera.com.br\\\/blog\\\/empresas-do-regime-nao-cumulativo-nao-precisam-mais-tributar-pis-e-cofins-das-indenizacoes\\\/#primaryimage\"},\"thumbnailUrl\":\"https:\\\/\\\/sfhera.com.br\\\/blog\\\/wp-content\\\/uploads\\\/2017\\\/11\\\/PIS-Cofins.png\",\"keywords\":[\"PIS COFINS\",\"regime n\u00e3o cumulativo\"],\"articleSection\":[\"Legisla\u00e7\u00e3o Fiscal\"],\"inLanguage\":\"pt-BR\"},{\"@type\":\"WebPage\",\"@id\":\"https:\\\/\\\/sfhera.com.br\\\/blog\\\/empresas-do-regime-nao-cumulativo-nao-precisam-mais-tributar-pis-e-cofins-das-indenizacoes\\\/\",\"url\":\"https:\\\/\\\/sfhera.com.br\\\/blog\\\/empresas-do-regime-nao-cumulativo-nao-precisam-mais-tributar-pis-e-cofins-das-indenizacoes\\\/\",\"name\":\"Empresas do regime n\u00e3o cumulativo n\u00e3o precisam mais tributar PIS e COFINS das indeniza\u00e7\u00f5es - Sfhera Software\",\"isPartOf\":{\"@id\":\"https:\\\/\\\/sfhera.com.br\\\/blog\\\/#website\"},\"primaryImageOfPage\":{\"@id\":\"https:\\\/\\\/sfhera.com.br\\\/blog\\\/empresas-do-regime-nao-cumulativo-nao-precisam-mais-tributar-pis-e-cofins-das-indenizacoes\\\/#primaryimage\"},\"image\":{\"@id\":\"https:\\\/\\\/sfhera.com.br\\\/blog\\\/empresas-do-regime-nao-cumulativo-nao-precisam-mais-tributar-pis-e-cofins-das-indenizacoes\\\/#primaryimage\"},\"thumbnailUrl\":\"https:\\\/\\\/sfhera.com.br\\\/blog\\\/wp-content\\\/uploads\\\/2017\\\/11\\\/PIS-Cofins.png\",\"datePublished\":\"2017-11-25T12:36:11+00:00\",\"breadcrumb\":{\"@id\":\"https:\\\/\\\/sfhera.com.br\\\/blog\\\/empresas-do-regime-nao-cumulativo-nao-precisam-mais-tributar-pis-e-cofins-das-indenizacoes\\\/#breadcrumb\"},\"inLanguage\":\"pt-BR\",\"potentialAction\":[{\"@type\":\"ReadAction\",\"target\":[\"https:\\\/\\\/sfhera.com.br\\\/blog\\\/empresas-do-regime-nao-cumulativo-nao-precisam-mais-tributar-pis-e-cofins-das-indenizacoes\\\/\"]}]},{\"@type\":\"ImageObject\",\"inLanguage\":\"pt-BR\",\"@id\":\"https:\\\/\\\/sfhera.com.br\\\/blog\\\/empresas-do-regime-nao-cumulativo-nao-precisam-mais-tributar-pis-e-cofins-das-indenizacoes\\\/#primaryimage\",\"url\":\"https:\\\/\\\/sfhera.com.br\\\/blog\\\/wp-content\\\/uploads\\\/2017\\\/11\\\/PIS-Cofins.png\",\"contentUrl\":\"https:\\\/\\\/sfhera.com.br\\\/blog\\\/wp-content\\\/uploads\\\/2017\\\/11\\\/PIS-Cofins.png\",\"width\":1200,\"height\":630,\"caption\":\"pis cofins\"},{\"@type\":\"BreadcrumbList\",\"@id\":\"https:\\\/\\\/sfhera.com.br\\\/blog\\\/empresas-do-regime-nao-cumulativo-nao-precisam-mais-tributar-pis-e-cofins-das-indenizacoes\\\/#breadcrumb\",\"itemListElement\":[{\"@type\":\"ListItem\",\"position\":1,\"name\":\"In\u00edcio\",\"item\":\"https:\\\/\\\/sfhera.com.br\\\/blog\\\/\"},{\"@type\":\"ListItem\",\"position\":2,\"name\":\"Empresas do regime n\u00e3o cumulativo n\u00e3o precisam mais tributar PIS e COFINS das indeniza\u00e7\u00f5es\"}]},{\"@type\":\"WebSite\",\"@id\":\"https:\\\/\\\/sfhera.com.br\\\/blog\\\/#website\",\"url\":\"https:\\\/\\\/sfhera.com.br\\\/blog\\\/\",\"name\":\"Sfhera Software\",\"description\":\"Aplicativos de Gest\u00e3o para o Varejo\",\"publisher\":{\"@id\":\"https:\\\/\\\/sfhera.com.br\\\/blog\\\/#organization\"},\"potentialAction\":[{\"@type\":\"SearchAction\",\"target\":{\"@type\":\"EntryPoint\",\"urlTemplate\":\"https:\\\/\\\/sfhera.com.br\\\/blog\\\/?s={search_term_string}\"},\"query-input\":{\"@type\":\"PropertyValueSpecification\",\"valueRequired\":true,\"valueName\":\"search_term_string\"}}],\"inLanguage\":\"pt-BR\"},{\"@type\":\"Organization\",\"@id\":\"https:\\\/\\\/sfhera.com.br\\\/blog\\\/#organization\",\"name\":\"Sfhera Software\",\"url\":\"https:\\\/\\\/sfhera.com.br\\\/blog\\\/\",\"logo\":{\"@type\":\"ImageObject\",\"inLanguage\":\"pt-BR\",\"@id\":\"https:\\\/\\\/sfhera.com.br\\\/blog\\\/#\\\/schema\\\/logo\\\/image\\\/\",\"url\":\"https:\\\/\\\/www.sfhera.com.br\\\/blog\\\/wp-content\\\/uploads\\\/2017\\\/06\\\/logo.png\",\"contentUrl\":\"https:\\\/\\\/www.sfhera.com.br\\\/blog\\\/wp-content\\\/uploads\\\/2017\\\/06\\\/logo.png\",\"width\":200,\"height\":65,\"caption\":\"Sfhera Software\"},\"image\":{\"@id\":\"https:\\\/\\\/sfhera.com.br\\\/blog\\\/#\\\/schema\\\/logo\\\/image\\\/\"},\"sameAs\":[\"https:\\\/\\\/www.facebook.com\\\/sfhera\",\"https:\\\/\\\/x.com\\\/sfhera\",\"https:\\\/\\\/br.linkedin.com\\\/company\\\/sfhera-software\"]},{\"@type\":\"Person\",\"@id\":\"https:\\\/\\\/sfhera.com.br\\\/blog\\\/#\\\/schema\\\/person\\\/0a21d0c7b6b15bda9d9c072dde915f2a\",\"name\":\"Sfhera Software\",\"image\":{\"@type\":\"ImageObject\",\"inLanguage\":\"pt-BR\",\"@id\":\"https:\\\/\\\/secure.gravatar.com\\\/avatar\\\/b1d1b13f14dd2dc5b3fb21e60579548fa4f79040171567f49ae19080fb354524?s=96&d=mm&r=g\",\"url\":\"https:\\\/\\\/secure.gravatar.com\\\/avatar\\\/b1d1b13f14dd2dc5b3fb21e60579548fa4f79040171567f49ae19080fb354524?s=96&d=mm&r=g\",\"contentUrl\":\"https:\\\/\\\/secure.gravatar.com\\\/avatar\\\/b1d1b13f14dd2dc5b3fb21e60579548fa4f79040171567f49ae19080fb354524?s=96&d=mm&r=g\",\"caption\":\"Sfhera Software\"},\"url\":\"https:\\\/\\\/sfhera.com.br\\\/blog\\\/author\\\/admin\\\/\"}]}<\/script>\n<!-- \/ Yoast SEO plugin. -->","yoast_head_json":{"title":"Empresas do regime n\u00e3o cumulativo n\u00e3o precisam mais tributar PIS e COFINS das indeniza\u00e7\u00f5es - Sfhera Software","robots":{"index":"index","follow":"follow","max-snippet":"max-snippet:-1","max-image-preview":"max-image-preview:large","max-video-preview":"max-video-preview:-1"},"canonical":"https:\/\/sfhera.com.br\/blog\/empresas-do-regime-nao-cumulativo-nao-precisam-mais-tributar-pis-e-cofins-das-indenizacoes\/","og_locale":"pt_BR","og_type":"article","og_title":"Empresas do regime n\u00e3o cumulativo n\u00e3o precisam mais tributar PIS e COFINS das indeniza\u00e7\u00f5es - Sfhera Software","og_description":"Agora as empresas que romperam contratos por falta de pagamento e que devem receber indeniza\u00e7\u00f5es de seguro contratado n\u00e3o precisam mais se&hellip;","og_url":"https:\/\/sfhera.com.br\/blog\/empresas-do-regime-nao-cumulativo-nao-precisam-mais-tributar-pis-e-cofins-das-indenizacoes\/","og_site_name":"Sfhera Software","article_publisher":"https:\/\/www.facebook.com\/sfhera","article_published_time":"2017-11-25T12:36:11+00:00","og_image":[{"width":1200,"height":630,"url":"https:\/\/sfhera.com.br\/blog\/wp-content\/uploads\/2017\/11\/PIS-Cofins.png","type":"image\/png"}],"author":"Sfhera Software","twitter_card":"summary_large_image","twitter_creator":"@sfhera","twitter_site":"@sfhera","twitter_misc":{"Escrito por":"Sfhera Software","Est. tempo de leitura":"2 minutos"},"schema":{"@context":"https:\/\/schema.org","@graph":[{"@type":"Article","@id":"https:\/\/sfhera.com.br\/blog\/empresas-do-regime-nao-cumulativo-nao-precisam-mais-tributar-pis-e-cofins-das-indenizacoes\/#article","isPartOf":{"@id":"https:\/\/sfhera.com.br\/blog\/empresas-do-regime-nao-cumulativo-nao-precisam-mais-tributar-pis-e-cofins-das-indenizacoes\/"},"author":{"name":"Sfhera Software","@id":"https:\/\/sfhera.com.br\/blog\/#\/schema\/person\/0a21d0c7b6b15bda9d9c072dde915f2a"},"headline":"Empresas do regime n\u00e3o cumulativo n\u00e3o precisam mais tributar PIS e COFINS das indeniza\u00e7\u00f5es","datePublished":"2017-11-25T12:36:11+00:00","mainEntityOfPage":{"@id":"https:\/\/sfhera.com.br\/blog\/empresas-do-regime-nao-cumulativo-nao-precisam-mais-tributar-pis-e-cofins-das-indenizacoes\/"},"wordCount":395,"publisher":{"@id":"https:\/\/sfhera.com.br\/blog\/#organization"},"image":{"@id":"https:\/\/sfhera.com.br\/blog\/empresas-do-regime-nao-cumulativo-nao-precisam-mais-tributar-pis-e-cofins-das-indenizacoes\/#primaryimage"},"thumbnailUrl":"https:\/\/sfhera.com.br\/blog\/wp-content\/uploads\/2017\/11\/PIS-Cofins.png","keywords":["PIS COFINS","regime n\u00e3o cumulativo"],"articleSection":["Legisla\u00e7\u00e3o Fiscal"],"inLanguage":"pt-BR"},{"@type":"WebPage","@id":"https:\/\/sfhera.com.br\/blog\/empresas-do-regime-nao-cumulativo-nao-precisam-mais-tributar-pis-e-cofins-das-indenizacoes\/","url":"https:\/\/sfhera.com.br\/blog\/empresas-do-regime-nao-cumulativo-nao-precisam-mais-tributar-pis-e-cofins-das-indenizacoes\/","name":"Empresas do regime n\u00e3o cumulativo n\u00e3o precisam mais tributar PIS e COFINS das indeniza\u00e7\u00f5es - Sfhera Software","isPartOf":{"@id":"https:\/\/sfhera.com.br\/blog\/#website"},"primaryImageOfPage":{"@id":"https:\/\/sfhera.com.br\/blog\/empresas-do-regime-nao-cumulativo-nao-precisam-mais-tributar-pis-e-cofins-das-indenizacoes\/#primaryimage"},"image":{"@id":"https:\/\/sfhera.com.br\/blog\/empresas-do-regime-nao-cumulativo-nao-precisam-mais-tributar-pis-e-cofins-das-indenizacoes\/#primaryimage"},"thumbnailUrl":"https:\/\/sfhera.com.br\/blog\/wp-content\/uploads\/2017\/11\/PIS-Cofins.png","datePublished":"2017-11-25T12:36:11+00:00","breadcrumb":{"@id":"https:\/\/sfhera.com.br\/blog\/empresas-do-regime-nao-cumulativo-nao-precisam-mais-tributar-pis-e-cofins-das-indenizacoes\/#breadcrumb"},"inLanguage":"pt-BR","potentialAction":[{"@type":"ReadAction","target":["https:\/\/sfhera.com.br\/blog\/empresas-do-regime-nao-cumulativo-nao-precisam-mais-tributar-pis-e-cofins-das-indenizacoes\/"]}]},{"@type":"ImageObject","inLanguage":"pt-BR","@id":"https:\/\/sfhera.com.br\/blog\/empresas-do-regime-nao-cumulativo-nao-precisam-mais-tributar-pis-e-cofins-das-indenizacoes\/#primaryimage","url":"https:\/\/sfhera.com.br\/blog\/wp-content\/uploads\/2017\/11\/PIS-Cofins.png","contentUrl":"https:\/\/sfhera.com.br\/blog\/wp-content\/uploads\/2017\/11\/PIS-Cofins.png","width":1200,"height":630,"caption":"pis cofins"},{"@type":"BreadcrumbList","@id":"https:\/\/sfhera.com.br\/blog\/empresas-do-regime-nao-cumulativo-nao-precisam-mais-tributar-pis-e-cofins-das-indenizacoes\/#breadcrumb","itemListElement":[{"@type":"ListItem","position":1,"name":"In\u00edcio","item":"https:\/\/sfhera.com.br\/blog\/"},{"@type":"ListItem","position":2,"name":"Empresas do regime n\u00e3o cumulativo n\u00e3o precisam mais tributar PIS e COFINS das indeniza\u00e7\u00f5es"}]},{"@type":"WebSite","@id":"https:\/\/sfhera.com.br\/blog\/#website","url":"https:\/\/sfhera.com.br\/blog\/","name":"Sfhera Software","description":"Aplicativos de Gest\u00e3o para o Varejo","publisher":{"@id":"https:\/\/sfhera.com.br\/blog\/#organization"},"potentialAction":[{"@type":"SearchAction","target":{"@type":"EntryPoint","urlTemplate":"https:\/\/sfhera.com.br\/blog\/?s={search_term_string}"},"query-input":{"@type":"PropertyValueSpecification","valueRequired":true,"valueName":"search_term_string"}}],"inLanguage":"pt-BR"},{"@type":"Organization","@id":"https:\/\/sfhera.com.br\/blog\/#organization","name":"Sfhera Software","url":"https:\/\/sfhera.com.br\/blog\/","logo":{"@type":"ImageObject","inLanguage":"pt-BR","@id":"https:\/\/sfhera.com.br\/blog\/#\/schema\/logo\/image\/","url":"https:\/\/www.sfhera.com.br\/blog\/wp-content\/uploads\/2017\/06\/logo.png","contentUrl":"https:\/\/www.sfhera.com.br\/blog\/wp-content\/uploads\/2017\/06\/logo.png","width":200,"height":65,"caption":"Sfhera Software"},"image":{"@id":"https:\/\/sfhera.com.br\/blog\/#\/schema\/logo\/image\/"},"sameAs":["https:\/\/www.facebook.com\/sfhera","https:\/\/x.com\/sfhera","https:\/\/br.linkedin.com\/company\/sfhera-software"]},{"@type":"Person","@id":"https:\/\/sfhera.com.br\/blog\/#\/schema\/person\/0a21d0c7b6b15bda9d9c072dde915f2a","name":"Sfhera Software","image":{"@type":"ImageObject","inLanguage":"pt-BR","@id":"https:\/\/secure.gravatar.com\/avatar\/b1d1b13f14dd2dc5b3fb21e60579548fa4f79040171567f49ae19080fb354524?s=96&d=mm&r=g","url":"https:\/\/secure.gravatar.com\/avatar\/b1d1b13f14dd2dc5b3fb21e60579548fa4f79040171567f49ae19080fb354524?s=96&d=mm&r=g","contentUrl":"https:\/\/secure.gravatar.com\/avatar\/b1d1b13f14dd2dc5b3fb21e60579548fa4f79040171567f49ae19080fb354524?s=96&d=mm&r=g","caption":"Sfhera Software"},"url":"https:\/\/sfhera.com.br\/blog\/author\/admin\/"}]}},"_links":{"self":[{"href":"https:\/\/sfhera.com.br\/blog\/wp-json\/wp\/v2\/posts\/697","targetHints":{"allow":["GET"]}}],"collection":[{"href":"https:\/\/sfhera.com.br\/blog\/wp-json\/wp\/v2\/posts"}],"about":[{"href":"https:\/\/sfhera.com.br\/blog\/wp-json\/wp\/v2\/types\/post"}],"author":[{"embeddable":true,"href":"https:\/\/sfhera.com.br\/blog\/wp-json\/wp\/v2\/users\/1"}],"replies":[{"embeddable":true,"href":"https:\/\/sfhera.com.br\/blog\/wp-json\/wp\/v2\/comments?post=697"}],"version-history":[{"count":1,"href":"https:\/\/sfhera.com.br\/blog\/wp-json\/wp\/v2\/posts\/697\/revisions"}],"predecessor-version":[{"id":699,"href":"https:\/\/sfhera.com.br\/blog\/wp-json\/wp\/v2\/posts\/697\/revisions\/699"}],"wp:featuredmedia":[{"embeddable":true,"href":"https:\/\/sfhera.com.br\/blog\/wp-json\/wp\/v2\/media\/698"}],"wp:attachment":[{"href":"https:\/\/sfhera.com.br\/blog\/wp-json\/wp\/v2\/media?parent=697"}],"wp:term":[{"taxonomy":"category","embeddable":true,"href":"https:\/\/sfhera.com.br\/blog\/wp-json\/wp\/v2\/categories?post=697"},{"taxonomy":"post_tag","embeddable":true,"href":"https:\/\/sfhera.com.br\/blog\/wp-json\/wp\/v2\/tags?post=697"}],"curies":[{"name":"wp","href":"https:\/\/api.w.org\/{rel}","templated":true}]}}