{"id":706,"date":"2017-12-05T16:16:27","date_gmt":"2017-12-05T18:16:27","guid":{"rendered":"https:\/\/sfhera.com.br\/blog\/?p=706"},"modified":"2017-12-05T16:16:27","modified_gmt":"2017-12-05T18:16:27","slug":"confianca-dos-micro-e-pequenos-empresarios-continua-em-alta","status":"publish","type":"post","link":"https:\/\/sfhera.com.br\/blog\/confianca-dos-micro-e-pequenos-empresarios-continua-em-alta\/","title":{"rendered":"Confian\u00e7a dos micro e pequenos empres\u00e1rios continua em alta"},"content":{"rendered":"<p>O Indicador de Confian\u00e7a do Micro e Pequeno Empres\u00e1rio calculado pelo Servi\u00e7o de Prote\u00e7\u00e3o ao Cr\u00e9dito (SPC Brasil) e pela Confedera\u00e7\u00e3o Nacional de Dirigentes Lojistas (CNDL) chegou aos 51,1 pontos em novembro, ap\u00f3s atingir os 52,7 pontos no m\u00eas anterior.<\/p>\n<p>A escala varia de zero a 100, e resultados acima de 50 mostram otimismo entre os entrevistados.<\/p>\n<p>De acordo com o presidente do SPC Brasil, Roque Pellizzaro, ao pensar sobre seu pr\u00f3prio neg\u00f3cio, os empres\u00e1rios mostraram-se muito mais otimistas do que ao avaliar o desempenho da economia, ainda visto como negativo nos \u00faltimos seis meses.<\/p>\n<p>\u201cDe todo modo, o n\u00famero de empres\u00e1rios que t\u00eam essa percep\u00e7\u00e3o vem caindo ao longo dos meses. Isso reflete o processo de retomada que a economia brasileira come\u00e7a a esbo\u00e7ar, com a queda da infla\u00e7\u00e3o, redu\u00e7\u00e3o dos juros e com o t\u00edmido resultado da atividade esperado para 2017\u201d, disse.<\/p>\n<p>O Indicador de Expectativas, que busca medir o que os empres\u00e1rios aguardam para os pr\u00f3ximos seis meses, marcou 60,6 pontos e o Indicador de Condi\u00e7\u00f5es Gerais, que mede a avalia\u00e7\u00e3o que os empres\u00e1rios fazem dos \u00faltimos seis meses, marcou 39,4 pontos.<\/p>\n<p>De acordo com a economista-chefe do SPC Brasil, Marcela Kawauti, ao longo de todos os meses a avalia\u00e7\u00e3o do passado ficou bem abaixo das expectativas para o futuro.<\/p>\n<p>\u201cNo \u00faltimo m\u00eas, mais de 20 pontos separaram a avalia\u00e7\u00e3o do passado das perspectivas futuras. Ao longo dos \u00faltimos meses, a economia exibiu alguma melhora: os juros e a infla\u00e7\u00e3o cederam e atividade come\u00e7ou a se recuperar. Mas nada disso repercutiu de modo significativo no dia-a-dia do micro e pequeno empres\u00e1rio\u201d, explicou.<\/p>\n<p><strong>EXPECTATIVAS<\/strong><\/p>\n<p>Segundo a pesquisa, a avalia\u00e7\u00e3o dos empres\u00e1rios sobre a economia nos \u00faltimos seis meses registrou 35,5 pontos, enquanto a an\u00e1lise do desempenho de seu pr\u00f3prio neg\u00f3cio chegou aos 43,3 pontos. No caso das expectativas para os pr\u00f3ximos meses, a dimens\u00e3o da economia mostrou 55,1 pontos e a dos neg\u00f3cios 66,0 pontos.<\/p>\n<p>O levantamento mostrou tamb\u00e9m que 54% dos micro e pequenos empres\u00e1rios consideraram que a economia piorou nos \u00faltimos seis meses, mas 42% mostraram confian\u00e7a de que os pr\u00f3ximos seis meses ser\u00e3o melhores.<\/p>\n<p>Quando questionados sobre o desempenho dos neg\u00f3cios, 39% notaram piora recente em suas empresas, mas 60% demonstraram confian\u00e7a com rela\u00e7\u00e3o ao futuro.<\/p>\n<p>De acordo com o indicador, 44% dos micro e pequenos empres\u00e1rios que est\u00e3o otimistas com a economia n\u00e3o sabem explicar a raz\u00e3o desse sentimento positivo. Outros 24% mencionam a melhora de indicadores econ\u00f4micos e 15% acreditam na resolu\u00e7\u00e3o da crise pol\u00edtica.<\/p>\n<p>Entre aqueles que est\u00e3o com boas expectativas com a economia, 30% n\u00e3o sabem explicar os motivos. Para 21%, os investimentos na empresa podem ser a raz\u00e3o.<\/p>\n<p>Outros 20% citam a boa gest\u00e3o dos neg\u00f3cios. Os micro e pequenos empres\u00e1rios que esperam crescimento s\u00e3o 45%, enquanto aqueles que esperam por estabilidade s\u00e3o 40%.<\/p>\n<p>Para os pessimistas, a pol\u00edtica \u00e9 a principal raz\u00e3o por n\u00e3o acreditar em melhoras na economia para o futuro (41%). Entre aqueles que notaram piora no desempenho de seus neg\u00f3cios nos \u00faltimos seis meses, 75% dizem que a queda das vendas \u00e9 o sintoma mais evidente.<\/p>\n<p>Os empres\u00e1rios que n\u00e3o est\u00e3o confiantes com o futuro de sua empresa chegam a 64%, apontando como causa principal para isso a crise econ\u00f4mica e a queda das vendas (19%).<\/p>\n<p>Fonte: Contadores.cnt.br<\/p>\n","protected":false},"excerpt":{"rendered":"<p>O Indicador de Confian\u00e7a do Micro e Pequeno Empres\u00e1rio calculado pelo Servi\u00e7o de Prote\u00e7\u00e3o ao Cr\u00e9dito (SPC Brasil) e pela Confedera\u00e7\u00e3o Nacional&hellip;<\/p>\n","protected":false},"author":1,"featured_media":439,"comment_status":"closed","ping_status":"open","sticky":false,"template":"","format":"standard","meta":{"footnotes":""},"categories":[4],"tags":[302],"class_list":["post-706","post","type-post","status-publish","format-standard","has-post-thumbnail","hentry","category-gestaoenegocios","tag-microempreendedor"],"yoast_head":"<!-- This site is optimized with the Yoast SEO plugin v27.5 - https:\/\/yoast.com\/product\/yoast-seo-wordpress\/ -->\n<title>Confian\u00e7a dos micro e pequenos empres\u00e1rios continua em alta - Sfhera Software<\/title>\n<meta name=\"robots\" content=\"index, follow, max-snippet:-1, max-image-preview:large, max-video-preview:-1\" \/>\n<link rel=\"canonical\" href=\"https:\/\/sfhera.com.br\/blog\/confianca-dos-micro-e-pequenos-empresarios-continua-em-alta\/\" \/>\n<meta property=\"og:locale\" content=\"pt_BR\" \/>\n<meta property=\"og:type\" content=\"article\" \/>\n<meta property=\"og:title\" content=\"Confian\u00e7a dos micro e pequenos empres\u00e1rios continua em alta - Sfhera Software\" \/>\n<meta property=\"og:description\" content=\"O Indicador de Confian\u00e7a do Micro e Pequeno Empres\u00e1rio calculado pelo Servi\u00e7o de Prote\u00e7\u00e3o ao Cr\u00e9dito (SPC Brasil) e pela Confedera\u00e7\u00e3o Nacional&hellip;\" \/>\n<meta property=\"og:url\" content=\"https:\/\/sfhera.com.br\/blog\/confianca-dos-micro-e-pequenos-empresarios-continua-em-alta\/\" \/>\n<meta property=\"og:site_name\" content=\"Sfhera Software\" \/>\n<meta property=\"article:publisher\" content=\"https:\/\/www.facebook.com\/sfhera\" \/>\n<meta property=\"article:published_time\" content=\"2017-12-05T18:16:27+00:00\" \/>\n<meta property=\"og:image\" content=\"https:\/\/sfhera.com.br\/blog\/wp-content\/uploads\/2017\/08\/adm-pequenas-empresas.png\" \/>\n\t<meta property=\"og:image:width\" content=\"710\" \/>\n\t<meta property=\"og:image:height\" content=\"434\" \/>\n\t<meta property=\"og:image:type\" content=\"image\/png\" \/>\n<meta name=\"author\" content=\"Sfhera Software\" \/>\n<meta name=\"twitter:card\" content=\"summary_large_image\" \/>\n<meta name=\"twitter:creator\" content=\"@sfhera\" \/>\n<meta name=\"twitter:site\" content=\"@sfhera\" \/>\n<meta name=\"twitter:label1\" content=\"Escrito por\" \/>\n\t<meta name=\"twitter:data1\" content=\"Sfhera Software\" \/>\n\t<meta name=\"twitter:label2\" content=\"Est. tempo de leitura\" \/>\n\t<meta name=\"twitter:data2\" content=\"3 minutos\" \/>\n<script type=\"application\/ld+json\" class=\"yoast-schema-graph\">{\"@context\":\"https:\\\/\\\/schema.org\",\"@graph\":[{\"@type\":\"Article\",\"@id\":\"https:\\\/\\\/sfhera.com.br\\\/blog\\\/confianca-dos-micro-e-pequenos-empresarios-continua-em-alta\\\/#article\",\"isPartOf\":{\"@id\":\"https:\\\/\\\/sfhera.com.br\\\/blog\\\/confianca-dos-micro-e-pequenos-empresarios-continua-em-alta\\\/\"},\"author\":{\"name\":\"Sfhera Software\",\"@id\":\"https:\\\/\\\/sfhera.com.br\\\/blog\\\/#\\\/schema\\\/person\\\/0a21d0c7b6b15bda9d9c072dde915f2a\"},\"headline\":\"Confian\u00e7a dos micro e pequenos empres\u00e1rios continua em alta\",\"datePublished\":\"2017-12-05T18:16:27+00:00\",\"mainEntityOfPage\":{\"@id\":\"https:\\\/\\\/sfhera.com.br\\\/blog\\\/confianca-dos-micro-e-pequenos-empresarios-continua-em-alta\\\/\"},\"wordCount\":595,\"publisher\":{\"@id\":\"https:\\\/\\\/sfhera.com.br\\\/blog\\\/#organization\"},\"image\":{\"@id\":\"https:\\\/\\\/sfhera.com.br\\\/blog\\\/confianca-dos-micro-e-pequenos-empresarios-continua-em-alta\\\/#primaryimage\"},\"thumbnailUrl\":\"https:\\\/\\\/sfhera.com.br\\\/blog\\\/wp-content\\\/uploads\\\/2017\\\/08\\\/adm-pequenas-empresas.png\",\"keywords\":[\"microempreendedor\"],\"articleSection\":[\"Gest\u00e3o e Neg\u00f3cios\"],\"inLanguage\":\"pt-BR\"},{\"@type\":\"WebPage\",\"@id\":\"https:\\\/\\\/sfhera.com.br\\\/blog\\\/confianca-dos-micro-e-pequenos-empresarios-continua-em-alta\\\/\",\"url\":\"https:\\\/\\\/sfhera.com.br\\\/blog\\\/confianca-dos-micro-e-pequenos-empresarios-continua-em-alta\\\/\",\"name\":\"Confian\u00e7a dos micro e pequenos empres\u00e1rios continua em alta - Sfhera Software\",\"isPartOf\":{\"@id\":\"https:\\\/\\\/sfhera.com.br\\\/blog\\\/#website\"},\"primaryImageOfPage\":{\"@id\":\"https:\\\/\\\/sfhera.com.br\\\/blog\\\/confianca-dos-micro-e-pequenos-empresarios-continua-em-alta\\\/#primaryimage\"},\"image\":{\"@id\":\"https:\\\/\\\/sfhera.com.br\\\/blog\\\/confianca-dos-micro-e-pequenos-empresarios-continua-em-alta\\\/#primaryimage\"},\"thumbnailUrl\":\"https:\\\/\\\/sfhera.com.br\\\/blog\\\/wp-content\\\/uploads\\\/2017\\\/08\\\/adm-pequenas-empresas.png\",\"datePublished\":\"2017-12-05T18:16:27+00:00\",\"breadcrumb\":{\"@id\":\"https:\\\/\\\/sfhera.com.br\\\/blog\\\/confianca-dos-micro-e-pequenos-empresarios-continua-em-alta\\\/#breadcrumb\"},\"inLanguage\":\"pt-BR\",\"potentialAction\":[{\"@type\":\"ReadAction\",\"target\":[\"https:\\\/\\\/sfhera.com.br\\\/blog\\\/confianca-dos-micro-e-pequenos-empresarios-continua-em-alta\\\/\"]}]},{\"@type\":\"ImageObject\",\"inLanguage\":\"pt-BR\",\"@id\":\"https:\\\/\\\/sfhera.com.br\\\/blog\\\/confianca-dos-micro-e-pequenos-empresarios-continua-em-alta\\\/#primaryimage\",\"url\":\"https:\\\/\\\/sfhera.com.br\\\/blog\\\/wp-content\\\/uploads\\\/2017\\\/08\\\/adm-pequenas-empresas.png\",\"contentUrl\":\"https:\\\/\\\/sfhera.com.br\\\/blog\\\/wp-content\\\/uploads\\\/2017\\\/08\\\/adm-pequenas-empresas.png\",\"width\":710,\"height\":434,\"caption\":\"micro\"},{\"@type\":\"BreadcrumbList\",\"@id\":\"https:\\\/\\\/sfhera.com.br\\\/blog\\\/confianca-dos-micro-e-pequenos-empresarios-continua-em-alta\\\/#breadcrumb\",\"itemListElement\":[{\"@type\":\"ListItem\",\"position\":1,\"name\":\"In\u00edcio\",\"item\":\"https:\\\/\\\/sfhera.com.br\\\/blog\\\/\"},{\"@type\":\"ListItem\",\"position\":2,\"name\":\"Confian\u00e7a dos micro e pequenos empres\u00e1rios continua em alta\"}]},{\"@type\":\"WebSite\",\"@id\":\"https:\\\/\\\/sfhera.com.br\\\/blog\\\/#website\",\"url\":\"https:\\\/\\\/sfhera.com.br\\\/blog\\\/\",\"name\":\"Sfhera Software\",\"description\":\"Aplicativos de Gest\u00e3o para o Varejo\",\"publisher\":{\"@id\":\"https:\\\/\\\/sfhera.com.br\\\/blog\\\/#organization\"},\"potentialAction\":[{\"@type\":\"SearchAction\",\"target\":{\"@type\":\"EntryPoint\",\"urlTemplate\":\"https:\\\/\\\/sfhera.com.br\\\/blog\\\/?s={search_term_string}\"},\"query-input\":{\"@type\":\"PropertyValueSpecification\",\"valueRequired\":true,\"valueName\":\"search_term_string\"}}],\"inLanguage\":\"pt-BR\"},{\"@type\":\"Organization\",\"@id\":\"https:\\\/\\\/sfhera.com.br\\\/blog\\\/#organization\",\"name\":\"Sfhera Software\",\"url\":\"https:\\\/\\\/sfhera.com.br\\\/blog\\\/\",\"logo\":{\"@type\":\"ImageObject\",\"inLanguage\":\"pt-BR\",\"@id\":\"https:\\\/\\\/sfhera.com.br\\\/blog\\\/#\\\/schema\\\/logo\\\/image\\\/\",\"url\":\"https:\\\/\\\/www.sfhera.com.br\\\/blog\\\/wp-content\\\/uploads\\\/2017\\\/06\\\/logo.png\",\"contentUrl\":\"https:\\\/\\\/www.sfhera.com.br\\\/blog\\\/wp-content\\\/uploads\\\/2017\\\/06\\\/logo.png\",\"width\":200,\"height\":65,\"caption\":\"Sfhera Software\"},\"image\":{\"@id\":\"https:\\\/\\\/sfhera.com.br\\\/blog\\\/#\\\/schema\\\/logo\\\/image\\\/\"},\"sameAs\":[\"https:\\\/\\\/www.facebook.com\\\/sfhera\",\"https:\\\/\\\/x.com\\\/sfhera\",\"https:\\\/\\\/br.linkedin.com\\\/company\\\/sfhera-software\"]},{\"@type\":\"Person\",\"@id\":\"https:\\\/\\\/sfhera.com.br\\\/blog\\\/#\\\/schema\\\/person\\\/0a21d0c7b6b15bda9d9c072dde915f2a\",\"name\":\"Sfhera Software\",\"image\":{\"@type\":\"ImageObject\",\"inLanguage\":\"pt-BR\",\"@id\":\"https:\\\/\\\/secure.gravatar.com\\\/avatar\\\/b1d1b13f14dd2dc5b3fb21e60579548fa4f79040171567f49ae19080fb354524?s=96&d=mm&r=g\",\"url\":\"https:\\\/\\\/secure.gravatar.com\\\/avatar\\\/b1d1b13f14dd2dc5b3fb21e60579548fa4f79040171567f49ae19080fb354524?s=96&d=mm&r=g\",\"contentUrl\":\"https:\\\/\\\/secure.gravatar.com\\\/avatar\\\/b1d1b13f14dd2dc5b3fb21e60579548fa4f79040171567f49ae19080fb354524?s=96&d=mm&r=g\",\"caption\":\"Sfhera Software\"},\"url\":\"https:\\\/\\\/sfhera.com.br\\\/blog\\\/author\\\/admin\\\/\"}]}<\/script>\n<!-- \/ Yoast SEO plugin. -->","yoast_head_json":{"title":"Confian\u00e7a dos micro e pequenos empres\u00e1rios continua em alta - Sfhera Software","robots":{"index":"index","follow":"follow","max-snippet":"max-snippet:-1","max-image-preview":"max-image-preview:large","max-video-preview":"max-video-preview:-1"},"canonical":"https:\/\/sfhera.com.br\/blog\/confianca-dos-micro-e-pequenos-empresarios-continua-em-alta\/","og_locale":"pt_BR","og_type":"article","og_title":"Confian\u00e7a dos micro e pequenos empres\u00e1rios continua em alta - Sfhera Software","og_description":"O Indicador de Confian\u00e7a do Micro e Pequeno Empres\u00e1rio calculado pelo Servi\u00e7o de Prote\u00e7\u00e3o ao Cr\u00e9dito (SPC Brasil) e pela Confedera\u00e7\u00e3o Nacional&hellip;","og_url":"https:\/\/sfhera.com.br\/blog\/confianca-dos-micro-e-pequenos-empresarios-continua-em-alta\/","og_site_name":"Sfhera Software","article_publisher":"https:\/\/www.facebook.com\/sfhera","article_published_time":"2017-12-05T18:16:27+00:00","og_image":[{"width":710,"height":434,"url":"https:\/\/sfhera.com.br\/blog\/wp-content\/uploads\/2017\/08\/adm-pequenas-empresas.png","type":"image\/png"}],"author":"Sfhera Software","twitter_card":"summary_large_image","twitter_creator":"@sfhera","twitter_site":"@sfhera","twitter_misc":{"Escrito por":"Sfhera Software","Est. tempo de leitura":"3 minutos"},"schema":{"@context":"https:\/\/schema.org","@graph":[{"@type":"Article","@id":"https:\/\/sfhera.com.br\/blog\/confianca-dos-micro-e-pequenos-empresarios-continua-em-alta\/#article","isPartOf":{"@id":"https:\/\/sfhera.com.br\/blog\/confianca-dos-micro-e-pequenos-empresarios-continua-em-alta\/"},"author":{"name":"Sfhera Software","@id":"https:\/\/sfhera.com.br\/blog\/#\/schema\/person\/0a21d0c7b6b15bda9d9c072dde915f2a"},"headline":"Confian\u00e7a dos micro e pequenos empres\u00e1rios continua em alta","datePublished":"2017-12-05T18:16:27+00:00","mainEntityOfPage":{"@id":"https:\/\/sfhera.com.br\/blog\/confianca-dos-micro-e-pequenos-empresarios-continua-em-alta\/"},"wordCount":595,"publisher":{"@id":"https:\/\/sfhera.com.br\/blog\/#organization"},"image":{"@id":"https:\/\/sfhera.com.br\/blog\/confianca-dos-micro-e-pequenos-empresarios-continua-em-alta\/#primaryimage"},"thumbnailUrl":"https:\/\/sfhera.com.br\/blog\/wp-content\/uploads\/2017\/08\/adm-pequenas-empresas.png","keywords":["microempreendedor"],"articleSection":["Gest\u00e3o e Neg\u00f3cios"],"inLanguage":"pt-BR"},{"@type":"WebPage","@id":"https:\/\/sfhera.com.br\/blog\/confianca-dos-micro-e-pequenos-empresarios-continua-em-alta\/","url":"https:\/\/sfhera.com.br\/blog\/confianca-dos-micro-e-pequenos-empresarios-continua-em-alta\/","name":"Confian\u00e7a dos micro e pequenos empres\u00e1rios continua em alta - Sfhera Software","isPartOf":{"@id":"https:\/\/sfhera.com.br\/blog\/#website"},"primaryImageOfPage":{"@id":"https:\/\/sfhera.com.br\/blog\/confianca-dos-micro-e-pequenos-empresarios-continua-em-alta\/#primaryimage"},"image":{"@id":"https:\/\/sfhera.com.br\/blog\/confianca-dos-micro-e-pequenos-empresarios-continua-em-alta\/#primaryimage"},"thumbnailUrl":"https:\/\/sfhera.com.br\/blog\/wp-content\/uploads\/2017\/08\/adm-pequenas-empresas.png","datePublished":"2017-12-05T18:16:27+00:00","breadcrumb":{"@id":"https:\/\/sfhera.com.br\/blog\/confianca-dos-micro-e-pequenos-empresarios-continua-em-alta\/#breadcrumb"},"inLanguage":"pt-BR","potentialAction":[{"@type":"ReadAction","target":["https:\/\/sfhera.com.br\/blog\/confianca-dos-micro-e-pequenos-empresarios-continua-em-alta\/"]}]},{"@type":"ImageObject","inLanguage":"pt-BR","@id":"https:\/\/sfhera.com.br\/blog\/confianca-dos-micro-e-pequenos-empresarios-continua-em-alta\/#primaryimage","url":"https:\/\/sfhera.com.br\/blog\/wp-content\/uploads\/2017\/08\/adm-pequenas-empresas.png","contentUrl":"https:\/\/sfhera.com.br\/blog\/wp-content\/uploads\/2017\/08\/adm-pequenas-empresas.png","width":710,"height":434,"caption":"micro"},{"@type":"BreadcrumbList","@id":"https:\/\/sfhera.com.br\/blog\/confianca-dos-micro-e-pequenos-empresarios-continua-em-alta\/#breadcrumb","itemListElement":[{"@type":"ListItem","position":1,"name":"In\u00edcio","item":"https:\/\/sfhera.com.br\/blog\/"},{"@type":"ListItem","position":2,"name":"Confian\u00e7a dos micro e pequenos empres\u00e1rios continua em alta"}]},{"@type":"WebSite","@id":"https:\/\/sfhera.com.br\/blog\/#website","url":"https:\/\/sfhera.com.br\/blog\/","name":"Sfhera Software","description":"Aplicativos de Gest\u00e3o para o Varejo","publisher":{"@id":"https:\/\/sfhera.com.br\/blog\/#organization"},"potentialAction":[{"@type":"SearchAction","target":{"@type":"EntryPoint","urlTemplate":"https:\/\/sfhera.com.br\/blog\/?s={search_term_string}"},"query-input":{"@type":"PropertyValueSpecification","valueRequired":true,"valueName":"search_term_string"}}],"inLanguage":"pt-BR"},{"@type":"Organization","@id":"https:\/\/sfhera.com.br\/blog\/#organization","name":"Sfhera Software","url":"https:\/\/sfhera.com.br\/blog\/","logo":{"@type":"ImageObject","inLanguage":"pt-BR","@id":"https:\/\/sfhera.com.br\/blog\/#\/schema\/logo\/image\/","url":"https:\/\/www.sfhera.com.br\/blog\/wp-content\/uploads\/2017\/06\/logo.png","contentUrl":"https:\/\/www.sfhera.com.br\/blog\/wp-content\/uploads\/2017\/06\/logo.png","width":200,"height":65,"caption":"Sfhera Software"},"image":{"@id":"https:\/\/sfhera.com.br\/blog\/#\/schema\/logo\/image\/"},"sameAs":["https:\/\/www.facebook.com\/sfhera","https:\/\/x.com\/sfhera","https:\/\/br.linkedin.com\/company\/sfhera-software"]},{"@type":"Person","@id":"https:\/\/sfhera.com.br\/blog\/#\/schema\/person\/0a21d0c7b6b15bda9d9c072dde915f2a","name":"Sfhera Software","image":{"@type":"ImageObject","inLanguage":"pt-BR","@id":"https:\/\/secure.gravatar.com\/avatar\/b1d1b13f14dd2dc5b3fb21e60579548fa4f79040171567f49ae19080fb354524?s=96&d=mm&r=g","url":"https:\/\/secure.gravatar.com\/avatar\/b1d1b13f14dd2dc5b3fb21e60579548fa4f79040171567f49ae19080fb354524?s=96&d=mm&r=g","contentUrl":"https:\/\/secure.gravatar.com\/avatar\/b1d1b13f14dd2dc5b3fb21e60579548fa4f79040171567f49ae19080fb354524?s=96&d=mm&r=g","caption":"Sfhera Software"},"url":"https:\/\/sfhera.com.br\/blog\/author\/admin\/"}]}},"_links":{"self":[{"href":"https:\/\/sfhera.com.br\/blog\/wp-json\/wp\/v2\/posts\/706","targetHints":{"allow":["GET"]}}],"collection":[{"href":"https:\/\/sfhera.com.br\/blog\/wp-json\/wp\/v2\/posts"}],"about":[{"href":"https:\/\/sfhera.com.br\/blog\/wp-json\/wp\/v2\/types\/post"}],"author":[{"embeddable":true,"href":"https:\/\/sfhera.com.br\/blog\/wp-json\/wp\/v2\/users\/1"}],"replies":[{"embeddable":true,"href":"https:\/\/sfhera.com.br\/blog\/wp-json\/wp\/v2\/comments?post=706"}],"version-history":[{"count":1,"href":"https:\/\/sfhera.com.br\/blog\/wp-json\/wp\/v2\/posts\/706\/revisions"}],"predecessor-version":[{"id":707,"href":"https:\/\/sfhera.com.br\/blog\/wp-json\/wp\/v2\/posts\/706\/revisions\/707"}],"wp:featuredmedia":[{"embeddable":true,"href":"https:\/\/sfhera.com.br\/blog\/wp-json\/wp\/v2\/media\/439"}],"wp:attachment":[{"href":"https:\/\/sfhera.com.br\/blog\/wp-json\/wp\/v2\/media?parent=706"}],"wp:term":[{"taxonomy":"category","embeddable":true,"href":"https:\/\/sfhera.com.br\/blog\/wp-json\/wp\/v2\/categories?post=706"},{"taxonomy":"post_tag","embeddable":true,"href":"https:\/\/sfhera.com.br\/blog\/wp-json\/wp\/v2\/tags?post=706"}],"curies":[{"name":"wp","href":"https:\/\/api.w.org\/{rel}","templated":true}]}}