{"id":720,"date":"2018-01-11T14:27:39","date_gmt":"2018-01-11T16:27:39","guid":{"rendered":"https:\/\/sfhera.com.br\/blog\/?p=720"},"modified":"2018-01-11T14:27:39","modified_gmt":"2018-01-11T16:27:39","slug":"emissao-da-nfc-e-por-pequenos-comerciantes-fica-para-2019","status":"publish","type":"post","link":"https:\/\/sfhera.com.br\/blog\/emissao-da-nfc-e-por-pequenos-comerciantes-fica-para-2019\/","title":{"rendered":"Emiss\u00e3o da NFC-e por pequenos comerciantes fica para 2019"},"content":{"rendered":"<p class=\"m_4135249641935735697gmail-MsoNormal\">O governador Jos\u00e9 Ivo Sartori editou decreto, publicado no Di\u00e1rio Oficial do Estado (DOE) desta sexta-feira (29), postergando para 1\u00ba de janeiro de 2019 a obrigatoriedade de contribuintes com faturamento de at\u00e9 R$ 360 mil por ano emitirem a Nota Fiscal de Consumidor (NFC-e). A mudan\u00e7a de data para essas empresas do setor do varejo, que est\u00e3o enquadradas no Simples Ga\u00facho, decorre principalmente das dificuldades de acesso \u00e0 internet em regi\u00f5es do interior. A NFC-e vem substituindo gradativamente a emiss\u00e3o de outros modelos do documento entregue ao consumidor, como o cupom fiscal, a NF-e e a nota fiscal em papel.<\/p>\n<p class=\"m_4135249641935735697gmail-MsoNormal\">A emiss\u00e3o da NFC-e para as micro e pequenas empresas deveria entrar em vigor em 1\u00ba de janeiro de 2018. \u201cAl\u00e9m das dificuldades t\u00e9cnicas pela aus\u00eancia de sinal de internet em determinas \u00e1reas, a mudan\u00e7a do equipamento sempre representa um custo adicional em um momento em que a economia d\u00e1 os primeiros sinais de recupera\u00e7\u00e3o\u201d, ponderou o secret\u00e1rio da Fazenda, Giovani Feltes. Ele salientou que a posterga\u00e7\u00e3o para 2019 repete o tratamento j\u00e1 dispensado aos pequenos produtores rurais, que igualmente n\u00e3o tinham como emitir a NF-e (Nota Fiscal eletr\u00f4nica) pelas mesmas restri\u00e7\u00f5es t\u00e9cnicas.<\/p>\n<p class=\"m_4135249641935735697gmail-MsoNormal\">A NFC-e diferencia-se dos demais modelos pela inclus\u00e3o do QR-Code, um c\u00f3digo bidimensional que permite ao consumidor consultar de maneira instant\u00e2nea informa\u00e7\u00f5es completas sobre a compra realizada. Com alta capacidade para armazenar dados, o c\u00f3digo em duas dimens\u00f5es pode ser acessado por qualquer aparelho celular com c\u00e2mera fotogr\u00e1fica e acesso \u00e0 internet.<\/p>\n<p class=\"m_4135249641935735697gmail-MsoNormal\"><strong>Calend\u00e1rio<\/strong><\/p>\n<p class=\"m_4135249641935735697gmail-MsoNormal\">A obrigatoriedade da NFC-e come\u00e7ou em setembro de 2014 para os contribuintes da modalidade geral que realizam opera\u00e7\u00f5es de com\u00e9rcio atacadista e varejista (atacarejo) e, em junho de 2015, passou a valer para empresas com faturamento anual acima dos R$ 7,2 milh\u00f5es. Desde janeiro de 2016, a exig\u00eancia da emiss\u00e3o da NFC-e tornou-se v\u00e1lida para o com\u00e9rcio que fatura acima de R$ 3,6 milh\u00f5es\/ano e para as empresas criadas a partir dessa data. Desde julho do ano passado, a obrigatoriedade incluiu contribuintes com mais de R$ 1,8 milh\u00e3o de faturamento anual.<\/p>\n<p class=\"m_4135249641935735697gmail-MsoNormal\"><strong>Calend\u00e1rio de obrigatoriedade de emiss\u00e3o de NFC-e<\/strong><\/p>\n<table class=\"m_4135249641935735697gmail-MsoNormalTable\" border=\"0\" cellspacing=\"0\" cellpadding=\"0\">\n<tbody>\n<tr>\n<td width=\"482\">\n<p class=\"m_4135249641935735697gmail-MsoNormal\" align=\"center\"><strong>CONTRIBUINTES<\/strong><\/p>\n<\/td>\n<td width=\"160\">\n<p class=\"m_4135249641935735697gmail-MsoNormal\" align=\"center\"><strong>DATA DE IN\u00cdCIO DA OBRIGATORIEDADE<\/strong><\/p>\n<\/td>\n<\/tr>\n<tr>\n<td width=\"482\">\n<p class=\"m_4135249641935735697gmail-MsoNormal\">Contribuintes enquadrados na modalidade geral que promovam opera\u00e7\u00f5es de com\u00e9rcio atacadista e varejista (ATACAREJO)<\/p>\n<\/td>\n<td width=\"160\">\n<p class=\"m_4135249641935735697gmail-MsoNormal\" align=\"center\">01\/09\/2014<\/p>\n<\/td>\n<\/tr>\n<tr>\n<td width=\"482\">\n<p class=\"m_4135249641935735697gmail-MsoNormal\">Contribuintes com faturamento superior a R$ 10.800.000,00<\/p>\n<\/td>\n<td width=\"160\">\n<p class=\"m_4135249641935735697gmail-MsoNormal\" align=\"center\">01\/11\/2014<\/p>\n<\/td>\n<\/tr>\n<tr>\n<td width=\"482\">\n<p class=\"m_4135249641935735697gmail-MsoNormal\">Contribuintes com faturamento superior a R$ 7.200.000,00<\/p>\n<\/td>\n<td width=\"160\">\n<p class=\"m_4135249641935735697gmail-MsoNormal\" align=\"center\">01\/06\/2015<\/p>\n<\/td>\n<\/tr>\n<tr>\n<td width=\"482\">\n<p class=\"m_4135249641935735697gmail-MsoNormal\">Contribuintes com faturamento superior a R$ 3.600.000,00 e estabelecimentos que iniciarem suas atividades a partir de 1\u00ba de janeiro de 2016<\/p>\n<\/td>\n<td width=\"160\">\n<p class=\"m_4135249641935735697gmail-MsoNormal\" align=\"center\">01\/01\/2016<\/p>\n<\/td>\n<\/tr>\n<tr>\n<td width=\"482\">\n<p class=\"m_4135249641935735697gmail-MsoNormal\">Contribuintes com faturamento superior a R$ 1.800.000,00<\/p>\n<\/td>\n<td width=\"160\">\n<p class=\"m_4135249641935735697gmail-MsoNormal\" align=\"center\">01\/07\/2016<\/p>\n<\/td>\n<\/tr>\n<tr>\n<td width=\"482\">\n<p class=\"m_4135249641935735697gmail-MsoNormal\">Contribuintes com faturamento superior a R$ 360.000,00<\/p>\n<\/td>\n<td width=\"160\">\n<p class=\"m_4135249641935735697gmail-MsoNormal\" align=\"center\">01\/01\/2017<\/p>\n<\/td>\n<\/tr>\n<tr>\n<td width=\"482\">\n<p class=\"m_4135249641935735697gmail-MsoNormal\">Contribuintes que promovam opera\u00e7\u00f5es de com\u00e9rcio varejista de combust\u00edveis<\/p>\n<\/td>\n<td width=\"160\">\n<p class=\"m_4135249641935735697gmail-MsoNormal\" align=\"center\">01\/01\/2017<\/p>\n<\/td>\n<\/tr>\n<tr>\n<td width=\"482\">\n<p class=\"m_4135249641935735697gmail-MsoNormal\">Todos os contribuintes que promovam opera\u00e7\u00f5es de com\u00e9rcio varejista<\/p>\n<\/td>\n<td width=\"160\">\n<p class=\"m_4135249641935735697gmail-MsoNormal\" align=\"center\">01\/01\/2019<\/p>\n<\/td>\n<\/tr>\n<\/tbody>\n<\/table>\n<p class=\"m_4135249641935735697gmail-MsoNormal\"><strong>\u00a0Fonte: Sefaz RS<\/strong><\/p>\n","protected":false},"excerpt":{"rendered":"<p>O governador Jos\u00e9 Ivo Sartori editou decreto, publicado no Di\u00e1rio Oficial do Estado (DOE) desta sexta-feira (29), postergando para 1\u00ba de janeiro&hellip;<\/p>\n","protected":false},"author":1,"featured_media":721,"comment_status":"closed","ping_status":"open","sticky":false,"template":"","format":"standard","meta":{"footnotes":""},"categories":[6],"tags":[85,307],"class_list":["post-720","post","type-post","status-publish","format-standard","has-post-thumbnail","hentry","category-legislacao-fiscal","tag-85","tag-nfc-e"],"yoast_head":"<!-- This site is optimized with the Yoast SEO plugin v27.5 - https:\/\/yoast.com\/product\/yoast-seo-wordpress\/ -->\n<title>Emiss\u00e3o da NFC-e por pequenos comerciantes fica para 2019 - Sfhera Software<\/title>\n<meta name=\"robots\" content=\"index, follow, max-snippet:-1, max-image-preview:large, max-video-preview:-1\" \/>\n<link rel=\"canonical\" href=\"https:\/\/sfhera.com.br\/blog\/emissao-da-nfc-e-por-pequenos-comerciantes-fica-para-2019\/\" \/>\n<meta property=\"og:locale\" content=\"pt_BR\" \/>\n<meta property=\"og:type\" content=\"article\" \/>\n<meta property=\"og:title\" content=\"Emiss\u00e3o da NFC-e por pequenos comerciantes fica para 2019 - Sfhera Software\" \/>\n<meta property=\"og:description\" content=\"O governador Jos\u00e9 Ivo Sartori editou decreto, publicado no Di\u00e1rio Oficial do Estado (DOE) desta sexta-feira (29), postergando para 1\u00ba de janeiro&hellip;\" \/>\n<meta property=\"og:url\" content=\"https:\/\/sfhera.com.br\/blog\/emissao-da-nfc-e-por-pequenos-comerciantes-fica-para-2019\/\" \/>\n<meta property=\"og:site_name\" content=\"Sfhera Software\" \/>\n<meta property=\"article:publisher\" content=\"https:\/\/www.facebook.com\/sfhera\" \/>\n<meta property=\"article:published_time\" content=\"2018-01-11T16:27:39+00:00\" \/>\n<meta property=\"og:image\" content=\"https:\/\/sfhera.com.br\/blog\/wp-content\/uploads\/2018\/01\/DANFE-NFCe.jpg\" \/>\n\t<meta property=\"og:image:width\" content=\"1280\" \/>\n\t<meta property=\"og:image:height\" content=\"720\" \/>\n\t<meta property=\"og:image:type\" content=\"image\/jpeg\" \/>\n<meta name=\"author\" content=\"Sfhera Software\" \/>\n<meta name=\"twitter:card\" content=\"summary_large_image\" \/>\n<meta name=\"twitter:creator\" content=\"@sfhera\" \/>\n<meta name=\"twitter:site\" content=\"@sfhera\" \/>\n<meta name=\"twitter:label1\" content=\"Escrito por\" \/>\n\t<meta name=\"twitter:data1\" content=\"Sfhera Software\" \/>\n\t<meta name=\"twitter:label2\" content=\"Est. tempo de leitura\" \/>\n\t<meta name=\"twitter:data2\" content=\"2 minutos\" \/>\n<script type=\"application\/ld+json\" class=\"yoast-schema-graph\">{\"@context\":\"https:\\\/\\\/schema.org\",\"@graph\":[{\"@type\":\"Article\",\"@id\":\"https:\\\/\\\/sfhera.com.br\\\/blog\\\/emissao-da-nfc-e-por-pequenos-comerciantes-fica-para-2019\\\/#article\",\"isPartOf\":{\"@id\":\"https:\\\/\\\/sfhera.com.br\\\/blog\\\/emissao-da-nfc-e-por-pequenos-comerciantes-fica-para-2019\\\/\"},\"author\":{\"name\":\"Sfhera Software\",\"@id\":\"https:\\\/\\\/sfhera.com.br\\\/blog\\\/#\\\/schema\\\/person\\\/0a21d0c7b6b15bda9d9c072dde915f2a\"},\"headline\":\"Emiss\u00e3o da NFC-e por pequenos comerciantes fica para 2019\",\"datePublished\":\"2018-01-11T16:27:39+00:00\",\"mainEntityOfPage\":{\"@id\":\"https:\\\/\\\/sfhera.com.br\\\/blog\\\/emissao-da-nfc-e-por-pequenos-comerciantes-fica-para-2019\\\/\"},\"wordCount\":469,\"publisher\":{\"@id\":\"https:\\\/\\\/sfhera.com.br\\\/blog\\\/#organization\"},\"image\":{\"@id\":\"https:\\\/\\\/sfhera.com.br\\\/blog\\\/emissao-da-nfc-e-por-pequenos-comerciantes-fica-para-2019\\\/#primaryimage\"},\"thumbnailUrl\":\"https:\\\/\\\/sfhera.com.br\\\/blog\\\/wp-content\\\/uploads\\\/2018\\\/01\\\/DANFE-NFCe.jpg\",\"keywords\":[\"2019\",\"nfc-e\"],\"articleSection\":[\"Legisla\u00e7\u00e3o Fiscal\"],\"inLanguage\":\"pt-BR\"},{\"@type\":\"WebPage\",\"@id\":\"https:\\\/\\\/sfhera.com.br\\\/blog\\\/emissao-da-nfc-e-por-pequenos-comerciantes-fica-para-2019\\\/\",\"url\":\"https:\\\/\\\/sfhera.com.br\\\/blog\\\/emissao-da-nfc-e-por-pequenos-comerciantes-fica-para-2019\\\/\",\"name\":\"Emiss\u00e3o da NFC-e por pequenos comerciantes fica para 2019 - Sfhera Software\",\"isPartOf\":{\"@id\":\"https:\\\/\\\/sfhera.com.br\\\/blog\\\/#website\"},\"primaryImageOfPage\":{\"@id\":\"https:\\\/\\\/sfhera.com.br\\\/blog\\\/emissao-da-nfc-e-por-pequenos-comerciantes-fica-para-2019\\\/#primaryimage\"},\"image\":{\"@id\":\"https:\\\/\\\/sfhera.com.br\\\/blog\\\/emissao-da-nfc-e-por-pequenos-comerciantes-fica-para-2019\\\/#primaryimage\"},\"thumbnailUrl\":\"https:\\\/\\\/sfhera.com.br\\\/blog\\\/wp-content\\\/uploads\\\/2018\\\/01\\\/DANFE-NFCe.jpg\",\"datePublished\":\"2018-01-11T16:27:39+00:00\",\"breadcrumb\":{\"@id\":\"https:\\\/\\\/sfhera.com.br\\\/blog\\\/emissao-da-nfc-e-por-pequenos-comerciantes-fica-para-2019\\\/#breadcrumb\"},\"inLanguage\":\"pt-BR\",\"potentialAction\":[{\"@type\":\"ReadAction\",\"target\":[\"https:\\\/\\\/sfhera.com.br\\\/blog\\\/emissao-da-nfc-e-por-pequenos-comerciantes-fica-para-2019\\\/\"]}]},{\"@type\":\"ImageObject\",\"inLanguage\":\"pt-BR\",\"@id\":\"https:\\\/\\\/sfhera.com.br\\\/blog\\\/emissao-da-nfc-e-por-pequenos-comerciantes-fica-para-2019\\\/#primaryimage\",\"url\":\"https:\\\/\\\/sfhera.com.br\\\/blog\\\/wp-content\\\/uploads\\\/2018\\\/01\\\/DANFE-NFCe.jpg\",\"contentUrl\":\"https:\\\/\\\/sfhera.com.br\\\/blog\\\/wp-content\\\/uploads\\\/2018\\\/01\\\/DANFE-NFCe.jpg\",\"width\":1280,\"height\":720,\"caption\":\"nfc-e\"},{\"@type\":\"BreadcrumbList\",\"@id\":\"https:\\\/\\\/sfhera.com.br\\\/blog\\\/emissao-da-nfc-e-por-pequenos-comerciantes-fica-para-2019\\\/#breadcrumb\",\"itemListElement\":[{\"@type\":\"ListItem\",\"position\":1,\"name\":\"In\u00edcio\",\"item\":\"https:\\\/\\\/sfhera.com.br\\\/blog\\\/\"},{\"@type\":\"ListItem\",\"position\":2,\"name\":\"Emiss\u00e3o da NFC-e por pequenos comerciantes fica para 2019\"}]},{\"@type\":\"WebSite\",\"@id\":\"https:\\\/\\\/sfhera.com.br\\\/blog\\\/#website\",\"url\":\"https:\\\/\\\/sfhera.com.br\\\/blog\\\/\",\"name\":\"Sfhera Software\",\"description\":\"Aplicativos de Gest\u00e3o para o Varejo\",\"publisher\":{\"@id\":\"https:\\\/\\\/sfhera.com.br\\\/blog\\\/#organization\"},\"potentialAction\":[{\"@type\":\"SearchAction\",\"target\":{\"@type\":\"EntryPoint\",\"urlTemplate\":\"https:\\\/\\\/sfhera.com.br\\\/blog\\\/?s={search_term_string}\"},\"query-input\":{\"@type\":\"PropertyValueSpecification\",\"valueRequired\":true,\"valueName\":\"search_term_string\"}}],\"inLanguage\":\"pt-BR\"},{\"@type\":\"Organization\",\"@id\":\"https:\\\/\\\/sfhera.com.br\\\/blog\\\/#organization\",\"name\":\"Sfhera Software\",\"url\":\"https:\\\/\\\/sfhera.com.br\\\/blog\\\/\",\"logo\":{\"@type\":\"ImageObject\",\"inLanguage\":\"pt-BR\",\"@id\":\"https:\\\/\\\/sfhera.com.br\\\/blog\\\/#\\\/schema\\\/logo\\\/image\\\/\",\"url\":\"https:\\\/\\\/www.sfhera.com.br\\\/blog\\\/wp-content\\\/uploads\\\/2017\\\/06\\\/logo.png\",\"contentUrl\":\"https:\\\/\\\/www.sfhera.com.br\\\/blog\\\/wp-content\\\/uploads\\\/2017\\\/06\\\/logo.png\",\"width\":200,\"height\":65,\"caption\":\"Sfhera Software\"},\"image\":{\"@id\":\"https:\\\/\\\/sfhera.com.br\\\/blog\\\/#\\\/schema\\\/logo\\\/image\\\/\"},\"sameAs\":[\"https:\\\/\\\/www.facebook.com\\\/sfhera\",\"https:\\\/\\\/x.com\\\/sfhera\",\"https:\\\/\\\/br.linkedin.com\\\/company\\\/sfhera-software\"]},{\"@type\":\"Person\",\"@id\":\"https:\\\/\\\/sfhera.com.br\\\/blog\\\/#\\\/schema\\\/person\\\/0a21d0c7b6b15bda9d9c072dde915f2a\",\"name\":\"Sfhera Software\",\"image\":{\"@type\":\"ImageObject\",\"inLanguage\":\"pt-BR\",\"@id\":\"https:\\\/\\\/secure.gravatar.com\\\/avatar\\\/b1d1b13f14dd2dc5b3fb21e60579548fa4f79040171567f49ae19080fb354524?s=96&d=mm&r=g\",\"url\":\"https:\\\/\\\/secure.gravatar.com\\\/avatar\\\/b1d1b13f14dd2dc5b3fb21e60579548fa4f79040171567f49ae19080fb354524?s=96&d=mm&r=g\",\"contentUrl\":\"https:\\\/\\\/secure.gravatar.com\\\/avatar\\\/b1d1b13f14dd2dc5b3fb21e60579548fa4f79040171567f49ae19080fb354524?s=96&d=mm&r=g\",\"caption\":\"Sfhera Software\"},\"url\":\"https:\\\/\\\/sfhera.com.br\\\/blog\\\/author\\\/admin\\\/\"}]}<\/script>\n<!-- \/ Yoast SEO plugin. -->","yoast_head_json":{"title":"Emiss\u00e3o da NFC-e por pequenos comerciantes fica para 2019 - Sfhera Software","robots":{"index":"index","follow":"follow","max-snippet":"max-snippet:-1","max-image-preview":"max-image-preview:large","max-video-preview":"max-video-preview:-1"},"canonical":"https:\/\/sfhera.com.br\/blog\/emissao-da-nfc-e-por-pequenos-comerciantes-fica-para-2019\/","og_locale":"pt_BR","og_type":"article","og_title":"Emiss\u00e3o da NFC-e por pequenos comerciantes fica para 2019 - Sfhera Software","og_description":"O governador Jos\u00e9 Ivo Sartori editou decreto, publicado no Di\u00e1rio Oficial do Estado (DOE) desta sexta-feira (29), postergando para 1\u00ba de janeiro&hellip;","og_url":"https:\/\/sfhera.com.br\/blog\/emissao-da-nfc-e-por-pequenos-comerciantes-fica-para-2019\/","og_site_name":"Sfhera Software","article_publisher":"https:\/\/www.facebook.com\/sfhera","article_published_time":"2018-01-11T16:27:39+00:00","og_image":[{"width":1280,"height":720,"url":"https:\/\/sfhera.com.br\/blog\/wp-content\/uploads\/2018\/01\/DANFE-NFCe.jpg","type":"image\/jpeg"}],"author":"Sfhera Software","twitter_card":"summary_large_image","twitter_creator":"@sfhera","twitter_site":"@sfhera","twitter_misc":{"Escrito por":"Sfhera Software","Est. tempo de leitura":"2 minutos"},"schema":{"@context":"https:\/\/schema.org","@graph":[{"@type":"Article","@id":"https:\/\/sfhera.com.br\/blog\/emissao-da-nfc-e-por-pequenos-comerciantes-fica-para-2019\/#article","isPartOf":{"@id":"https:\/\/sfhera.com.br\/blog\/emissao-da-nfc-e-por-pequenos-comerciantes-fica-para-2019\/"},"author":{"name":"Sfhera Software","@id":"https:\/\/sfhera.com.br\/blog\/#\/schema\/person\/0a21d0c7b6b15bda9d9c072dde915f2a"},"headline":"Emiss\u00e3o da NFC-e por pequenos comerciantes fica para 2019","datePublished":"2018-01-11T16:27:39+00:00","mainEntityOfPage":{"@id":"https:\/\/sfhera.com.br\/blog\/emissao-da-nfc-e-por-pequenos-comerciantes-fica-para-2019\/"},"wordCount":469,"publisher":{"@id":"https:\/\/sfhera.com.br\/blog\/#organization"},"image":{"@id":"https:\/\/sfhera.com.br\/blog\/emissao-da-nfc-e-por-pequenos-comerciantes-fica-para-2019\/#primaryimage"},"thumbnailUrl":"https:\/\/sfhera.com.br\/blog\/wp-content\/uploads\/2018\/01\/DANFE-NFCe.jpg","keywords":["2019","nfc-e"],"articleSection":["Legisla\u00e7\u00e3o Fiscal"],"inLanguage":"pt-BR"},{"@type":"WebPage","@id":"https:\/\/sfhera.com.br\/blog\/emissao-da-nfc-e-por-pequenos-comerciantes-fica-para-2019\/","url":"https:\/\/sfhera.com.br\/blog\/emissao-da-nfc-e-por-pequenos-comerciantes-fica-para-2019\/","name":"Emiss\u00e3o da NFC-e por pequenos comerciantes fica para 2019 - Sfhera Software","isPartOf":{"@id":"https:\/\/sfhera.com.br\/blog\/#website"},"primaryImageOfPage":{"@id":"https:\/\/sfhera.com.br\/blog\/emissao-da-nfc-e-por-pequenos-comerciantes-fica-para-2019\/#primaryimage"},"image":{"@id":"https:\/\/sfhera.com.br\/blog\/emissao-da-nfc-e-por-pequenos-comerciantes-fica-para-2019\/#primaryimage"},"thumbnailUrl":"https:\/\/sfhera.com.br\/blog\/wp-content\/uploads\/2018\/01\/DANFE-NFCe.jpg","datePublished":"2018-01-11T16:27:39+00:00","breadcrumb":{"@id":"https:\/\/sfhera.com.br\/blog\/emissao-da-nfc-e-por-pequenos-comerciantes-fica-para-2019\/#breadcrumb"},"inLanguage":"pt-BR","potentialAction":[{"@type":"ReadAction","target":["https:\/\/sfhera.com.br\/blog\/emissao-da-nfc-e-por-pequenos-comerciantes-fica-para-2019\/"]}]},{"@type":"ImageObject","inLanguage":"pt-BR","@id":"https:\/\/sfhera.com.br\/blog\/emissao-da-nfc-e-por-pequenos-comerciantes-fica-para-2019\/#primaryimage","url":"https:\/\/sfhera.com.br\/blog\/wp-content\/uploads\/2018\/01\/DANFE-NFCe.jpg","contentUrl":"https:\/\/sfhera.com.br\/blog\/wp-content\/uploads\/2018\/01\/DANFE-NFCe.jpg","width":1280,"height":720,"caption":"nfc-e"},{"@type":"BreadcrumbList","@id":"https:\/\/sfhera.com.br\/blog\/emissao-da-nfc-e-por-pequenos-comerciantes-fica-para-2019\/#breadcrumb","itemListElement":[{"@type":"ListItem","position":1,"name":"In\u00edcio","item":"https:\/\/sfhera.com.br\/blog\/"},{"@type":"ListItem","position":2,"name":"Emiss\u00e3o da NFC-e por pequenos comerciantes fica para 2019"}]},{"@type":"WebSite","@id":"https:\/\/sfhera.com.br\/blog\/#website","url":"https:\/\/sfhera.com.br\/blog\/","name":"Sfhera Software","description":"Aplicativos de Gest\u00e3o para o Varejo","publisher":{"@id":"https:\/\/sfhera.com.br\/blog\/#organization"},"potentialAction":[{"@type":"SearchAction","target":{"@type":"EntryPoint","urlTemplate":"https:\/\/sfhera.com.br\/blog\/?s={search_term_string}"},"query-input":{"@type":"PropertyValueSpecification","valueRequired":true,"valueName":"search_term_string"}}],"inLanguage":"pt-BR"},{"@type":"Organization","@id":"https:\/\/sfhera.com.br\/blog\/#organization","name":"Sfhera Software","url":"https:\/\/sfhera.com.br\/blog\/","logo":{"@type":"ImageObject","inLanguage":"pt-BR","@id":"https:\/\/sfhera.com.br\/blog\/#\/schema\/logo\/image\/","url":"https:\/\/www.sfhera.com.br\/blog\/wp-content\/uploads\/2017\/06\/logo.png","contentUrl":"https:\/\/www.sfhera.com.br\/blog\/wp-content\/uploads\/2017\/06\/logo.png","width":200,"height":65,"caption":"Sfhera Software"},"image":{"@id":"https:\/\/sfhera.com.br\/blog\/#\/schema\/logo\/image\/"},"sameAs":["https:\/\/www.facebook.com\/sfhera","https:\/\/x.com\/sfhera","https:\/\/br.linkedin.com\/company\/sfhera-software"]},{"@type":"Person","@id":"https:\/\/sfhera.com.br\/blog\/#\/schema\/person\/0a21d0c7b6b15bda9d9c072dde915f2a","name":"Sfhera Software","image":{"@type":"ImageObject","inLanguage":"pt-BR","@id":"https:\/\/secure.gravatar.com\/avatar\/b1d1b13f14dd2dc5b3fb21e60579548fa4f79040171567f49ae19080fb354524?s=96&d=mm&r=g","url":"https:\/\/secure.gravatar.com\/avatar\/b1d1b13f14dd2dc5b3fb21e60579548fa4f79040171567f49ae19080fb354524?s=96&d=mm&r=g","contentUrl":"https:\/\/secure.gravatar.com\/avatar\/b1d1b13f14dd2dc5b3fb21e60579548fa4f79040171567f49ae19080fb354524?s=96&d=mm&r=g","caption":"Sfhera Software"},"url":"https:\/\/sfhera.com.br\/blog\/author\/admin\/"}]}},"_links":{"self":[{"href":"https:\/\/sfhera.com.br\/blog\/wp-json\/wp\/v2\/posts\/720","targetHints":{"allow":["GET"]}}],"collection":[{"href":"https:\/\/sfhera.com.br\/blog\/wp-json\/wp\/v2\/posts"}],"about":[{"href":"https:\/\/sfhera.com.br\/blog\/wp-json\/wp\/v2\/types\/post"}],"author":[{"embeddable":true,"href":"https:\/\/sfhera.com.br\/blog\/wp-json\/wp\/v2\/users\/1"}],"replies":[{"embeddable":true,"href":"https:\/\/sfhera.com.br\/blog\/wp-json\/wp\/v2\/comments?post=720"}],"version-history":[{"count":1,"href":"https:\/\/sfhera.com.br\/blog\/wp-json\/wp\/v2\/posts\/720\/revisions"}],"predecessor-version":[{"id":722,"href":"https:\/\/sfhera.com.br\/blog\/wp-json\/wp\/v2\/posts\/720\/revisions\/722"}],"wp:featuredmedia":[{"embeddable":true,"href":"https:\/\/sfhera.com.br\/blog\/wp-json\/wp\/v2\/media\/721"}],"wp:attachment":[{"href":"https:\/\/sfhera.com.br\/blog\/wp-json\/wp\/v2\/media?parent=720"}],"wp:term":[{"taxonomy":"category","embeddable":true,"href":"https:\/\/sfhera.com.br\/blog\/wp-json\/wp\/v2\/categories?post=720"},{"taxonomy":"post_tag","embeddable":true,"href":"https:\/\/sfhera.com.br\/blog\/wp-json\/wp\/v2\/tags?post=720"}],"curies":[{"name":"wp","href":"https:\/\/api.w.org\/{rel}","templated":true}]}}