{"id":727,"date":"2018-01-22T16:54:46","date_gmt":"2018-01-22T18:54:46","guid":{"rendered":"https:\/\/sfhera.com.br\/blog\/?p=727"},"modified":"2018-01-22T16:54:46","modified_gmt":"2018-01-22T18:54:46","slug":"quer-se-livrar-da-papelada-veja-os-prazos-para-guardar-documentos","status":"publish","type":"post","link":"https:\/\/sfhera.com.br\/blog\/quer-se-livrar-da-papelada-veja-os-prazos-para-guardar-documentos\/","title":{"rendered":"Quer se livrar da papelada? Veja os prazos para guardar documentos"},"content":{"rendered":"<p>A tarefa de colocar os pap\u00e9is em ordem, comum no in\u00edcio de cada ano, exige mais do que organiza\u00e7\u00e3o. \u00c9 necess\u00e1rio seguir uma s\u00e9rie de regras e leis. Ao arquivar contratos, recibos, notas fiscais e garantias \u00e9 preciso tomar alguns cuidados para n\u00e3o ter problemas no futuro. E n\u00e3o basta cumprir apenas os prazos determinados em lei, dizem advogados especializados em direito do consumidor.<\/p>\n<p>\u2014 Al\u00e9m de guardar os recibos de mensalidades por cinco anos, recomendo que se guarde o contrato firmado com as institui\u00e7\u00f5es de ensino por, ao menos, tr\u00eas anos. Assim ser\u00e1 poss\u00edvel comparar os documentos anualmente e entender as mudan\u00e7as feitas em rela\u00e7\u00e3o a par\u00e2metros de reajuste e at\u00e9 mesmo de presta\u00e7\u00e3o de servi\u00e7os \u2014 diz Maria In\u00eas Dolci, vice-presidente do Conselho Diretor da Proteste.<\/p>\n<p>Notas fiscais e termos de garantias, diz Maria In\u00eas, devem ser guardados por toda a vida \u00fatil do produto. Contratos de trabalho, rescis\u00f5es, certid\u00f5es de casamento e nascimento devem ser armazenados por prazo indeterminado.<\/p>\n<p>Igor Marchetti, advogado do Instituto Brasileiro de Defesa do Consumidor (Idec), afirma que esses cuidados s\u00e3o para aumentar a seguran\u00e7a do consumidor:<\/p>\n<p>\u2014 Guardar documentos que comprovam pagamentos \u00e9 uma prote\u00e7\u00e3o que permite contestar cobran\u00e7as indevidas. Os prazos mencionados s\u00e3o referentes \u00e0 prescri\u00e7\u00e3o prevista em lei.<\/p>\n<p>Para quem se deu conta que n\u00e3o tem em m\u00e3os documentos importantes, o professor Bruno Miragem, da Universidade Federal do Rio Grande do Sul (UFRGS), orienta que se pe\u00e7a segunda via dos documentos \u00e0s empresas e recomenda que o consumidor adquira novos h\u00e1bitos este ano:<\/p>\n<p>\u2014 A empresa n\u00e3o pode se negar a fornecer um documento de quita\u00e7\u00e3o. Se houver negativa de entregar o recibo, o C\u00f3digo Civil autoriza o devedor a depositar em ju\u00edzo para obter a prova do pagamento.<\/p>\n<p><strong>TRIBUTOS<\/strong><\/p>\n<p>Comprovantes de tributos, como IPTU, Imposto de Renda, e outros devem ser guardados por cinco anos, considerando o primeiro dia \u00fatil do ano seguinte ao da quita\u00e7\u00e3o dos d\u00e9bitos. No caso do Imposto de Renda, todos os documentos comprobat\u00f3rios da declara\u00e7\u00e3o tamb\u00e9m devem ser arquivados pelo mesmo prazo.<\/p>\n<p><strong>ALUGUEL E CONDOM\u00cdNIO<\/strong><\/p>\n<p>Os recibos de quita\u00e7\u00e3o de alugu\u00e9is e condom\u00ednio devem ser mantidos durante todo o contrato. E, ao fim dele, os comprovantes de pagamento de aluguel devem ser armazenados por tr\u00eas anos. J\u00e1 os de condom\u00ednio, Miragem recomenda que sejam guardados por dez anos, pois n\u00e3o h\u00e1 prazo especificado no C\u00f3digo Civil.<\/p>\n<p><strong>COMPROVANTE DE CAIXA ELETR\u00d4NICO<\/strong><\/p>\n<p>O consumidor tem direito a documento comprobat\u00f3rio que dure o suficiente para evitar cobran\u00e7as indevidas no prazo de prescri\u00e7\u00e3o. Marchetti lembra que se o consumidor morar no Estado de S\u00e3o Paulo poder\u00e1 se valer da Lei 13.551\/09 que obriga a emiss\u00e3o de documento dur\u00e1vel para este fim. Todos os consumidores est\u00e3o protegidos pelo C\u00f3digo de Defesa do Consumidor (CDC). Miragem orienta a fazer fotoc\u00f3pia ou foto do recibo, j\u00e1 que a maioria apaga. Ambas as provas, no entanto, podem ser questionadas na Justi\u00e7a.<\/p>\n<p><strong>\u00c1GUA, LUZ, TELEFONE, ESCOLA&#8230;<\/strong><\/p>\n<p>Os servi\u00e7os prestados de forma cont\u00ednua, como fornecimento de \u00e1gua, energia el\u00e9trica, telecomunica\u00e7\u00f5es, institui\u00e7\u00f5es de ensino e cart\u00e3o de cr\u00e9dito, de acordo com a lei 12.007\/2009, devem ser mantidos por cinco anos. Podendo os recibos mensais serem substitu\u00eddos pela declara\u00e7\u00e3o anual de quita\u00e7\u00e3o.<\/p>\n<p><strong>NOTA FISCAL E GARANTIAS<\/strong><\/p>\n<p>Notas fiscais de compra de produtos e servi\u00e7os dur\u00e1veis, recibos de pagamento e certificados de garantia devem ser guardados durante a vida \u00fatil do produto\/servi\u00e7o, uma vez que, mesmo ap\u00f3s o t\u00e9rmino da garantia contratual, ainda h\u00e1 possibilidade de aparecerem v\u00edcios ocultos.<\/p>\n<p><strong>PRODUTOS PEREC\u00cdVEIS<\/strong><\/p>\n<p>As notas de compras, em lojas e supermercados, de produtos perec\u00edveis devem ser arquivadas por um m\u00eas, pelo menos. Caso um item apresente problemas, poder\u00e1 ser trocado com a apresenta\u00e7\u00e3o do cupom fiscal. Em caso de consumir um produto estragado e ter preju\u00edzo de sa\u00fade ou financeiro, o consumidor deve guardar a nota por cinco anos, prazo em que poder\u00e1 ingressar com pedido de indeniza\u00e7\u00e3o na Justi\u00e7a.<\/p>\n<p><strong>PLANO DE SA\u00daDE<\/strong><\/p>\n<p>Proposta e contrato de planos de sa\u00fade devem ser guardados por todo o per\u00edodo em que estiver em vigor. Recomenda-se ter sempre em m\u00e3os, ao menos, os recibos de 12 meses anteriores ao \u00faltimo reajuste. O contrato de seguro sa\u00fade segue as regras dos seguros em geral: qualquer reclama\u00e7\u00e3o ou a\u00e7\u00e3o judicial deve ser feita no prazo de um ano. Para plano de sa\u00fade, s\u00e3o cinco anos.<\/p>\n<p><strong>SEGURO<\/strong><\/p>\n<p>Proposta, ap\u00f3lice e as declara\u00e7\u00f5es de pagamento devem ser guardadas por mais um ano ap\u00f3s o fim da vig\u00eancia do contrato. Mesmo que haja altera\u00e7\u00e3o contratual durante a vig\u00eancia, o documento n\u00e3o deve ser descartado.<\/p>\n<p><strong>RECIBO ESCOLAR E CART\u00c3O DE CR\u00c9DITO<\/strong><\/p>\n<p>Em caso de perda dos comprovantes de pagamento do cart\u00e3o de cr\u00e9dito ou da mensalidade escolar, que devem ser guardados por cinco anos, pode-se pedir \u00e0 empresa um extrato ou declara\u00e7\u00e3o anual comprovando o pagamento, com base no artigo 6\u00ba inciso III, do CDC.<\/p>\n<p><strong>EXTRATOS DE BANCOS<\/strong><\/p>\n<p>Recomenda-se que os extratos, como forma de demonstra\u00e7\u00e3o da movimenta\u00e7\u00e3o banc\u00e1ria, sejam guardados por um ano. Al\u00e9m dessa fun\u00e7\u00e3o, lembra o Idec, eles podem servir de comprovantes de pagamento para contestar eventuais cobran\u00e7as. Caso o consumidor n\u00e3o os tenha, poder\u00e1 exigir esses extratos da institui\u00e7\u00e3o financeira.<\/p>\n<p><strong>RECIBO DE PAGAMENTO, SAL\u00c1RIO E INSS<\/strong><\/p>\n<p>Se voc\u00ea contrata funcion\u00e1rios ou mesmo empregados dom\u00e9sticos, deve manter por cinco anos os recibos de pagamento de sal\u00e1rio, de f\u00e9rias, de 13\u00ba sal\u00e1rio, al\u00e9m do controle de ponto. O mesmo vale para os recibos de pagamentos de profissionais liberais, como m\u00e9dicos, professores e advogados. Com rela\u00e7\u00e3o aos recibos de INSS e FGTS, o advogado Hamilton Quirino recomenda que sejam armazenados por dez anos.<\/p>\n<p><strong>QUITA\u00c7\u00c3O ANUAL<\/strong><\/p>\n<p>De acordo com a Lei 12.007\/2009, todas as prestadoras de servi\u00e7os p\u00fablicos ou privados s\u00e3o obrigadas a fornecer a declara\u00e7\u00e3o anual de quita\u00e7\u00e3o. Esse documento deve ser enviado ao consumidor at\u00e9 maio. De acordo com a pr\u00f3pria lei, a declara\u00e7\u00e3o substitui os demais comprovantes do ano de refer\u00eancia. Maria In\u00eas destaca, no entanto, que, caso o consumidor esteja discutindo o valor de alguma fatura ou precise acompanhar o perfil de consumo, que guarde as contas em quest\u00e3o.<\/p>\n<p><strong>PERDEU COMPROVANTE<\/strong><\/p>\n<p>Marchetti, do Idec, diz que o consumidor que perdeu algum comprovante de pagamento pode solicitar esclarecimento \u00e0 empresa, pedindo consulta sobre pend\u00eancias em seu nome. O artigo 43 do CDC diz que ele pode exigir as informa\u00e7\u00f5es dos arquivos da empresa.<\/p>\n<p><strong>SEGUNDA VIA<\/strong><\/p>\n<p>A emiss\u00e3o de segunda via de nota fiscal n\u00e3o \u00e9 obrigat\u00f3ria por lei, mas o Idec entende que faz parte do princ\u00edpio da boa-f\u00e9 a sua emiss\u00e3o, com base no artigo 4\u00ba, III do CDC. Cobrar por essa emiss\u00e3o \u00e9 considerado abusivo. O consumidor pode solicitar a segunda via no prazo de at\u00e9 cinco anos, per\u00edodo definido por lei para guarda de documentos.<\/p>\n<p>Fonte: O Globo<\/p>\n","protected":false},"excerpt":{"rendered":"<p>A tarefa de colocar os pap\u00e9is em ordem, comum no in\u00edcio de cada ano, exige mais do que organiza\u00e7\u00e3o. \u00c9 necess\u00e1rio seguir&hellip;<\/p>\n","protected":false},"author":1,"featured_media":728,"comment_status":"closed","ping_status":"open","sticky":false,"template":"","format":"standard","meta":{"footnotes":""},"categories":[4],"tags":[309],"class_list":["post-727","post","type-post","status-publish","format-standard","has-post-thumbnail","hentry","category-gestaoenegocios","tag-arquivo-de-documentos"],"yoast_head":"<!-- This site is optimized with the Yoast SEO plugin v27.5 - https:\/\/yoast.com\/product\/yoast-seo-wordpress\/ -->\n<title>Quer se livrar da papelada? Veja os prazos para guardar documentos - Sfhera Software<\/title>\n<meta name=\"robots\" content=\"index, follow, max-snippet:-1, max-image-preview:large, max-video-preview:-1\" \/>\n<link rel=\"canonical\" href=\"https:\/\/sfhera.com.br\/blog\/quer-se-livrar-da-papelada-veja-os-prazos-para-guardar-documentos\/\" \/>\n<meta property=\"og:locale\" content=\"pt_BR\" \/>\n<meta property=\"og:type\" content=\"article\" \/>\n<meta property=\"og:title\" content=\"Quer se livrar da papelada? Veja os prazos para guardar documentos - Sfhera Software\" \/>\n<meta property=\"og:description\" content=\"A tarefa de colocar os pap\u00e9is em ordem, comum no in\u00edcio de cada ano, exige mais do que organiza\u00e7\u00e3o. \u00c9 necess\u00e1rio seguir&hellip;\" \/>\n<meta property=\"og:url\" content=\"https:\/\/sfhera.com.br\/blog\/quer-se-livrar-da-papelada-veja-os-prazos-para-guardar-documentos\/\" \/>\n<meta property=\"og:site_name\" content=\"Sfhera Software\" \/>\n<meta property=\"article:publisher\" content=\"https:\/\/www.facebook.com\/sfhera\" \/>\n<meta property=\"article:published_time\" content=\"2018-01-22T18:54:46+00:00\" \/>\n<meta property=\"og:image\" content=\"https:\/\/sfhera.com.br\/blog\/wp-content\/uploads\/2018\/01\/papelada-bagunca-1459192762974_1516x1266.jpg\" \/>\n\t<meta property=\"og:image:width\" content=\"1516\" \/>\n\t<meta property=\"og:image:height\" content=\"1266\" \/>\n\t<meta property=\"og:image:type\" content=\"image\/jpeg\" \/>\n<meta name=\"author\" content=\"Sfhera Software\" \/>\n<meta name=\"twitter:card\" content=\"summary_large_image\" \/>\n<meta name=\"twitter:creator\" content=\"@sfhera\" \/>\n<meta name=\"twitter:site\" content=\"@sfhera\" \/>\n<meta name=\"twitter:label1\" content=\"Escrito por\" \/>\n\t<meta name=\"twitter:data1\" content=\"Sfhera Software\" \/>\n\t<meta name=\"twitter:label2\" content=\"Est. tempo de leitura\" \/>\n\t<meta name=\"twitter:data2\" content=\"6 minutos\" \/>\n<script type=\"application\/ld+json\" class=\"yoast-schema-graph\">{\"@context\":\"https:\\\/\\\/schema.org\",\"@graph\":[{\"@type\":\"Article\",\"@id\":\"https:\\\/\\\/sfhera.com.br\\\/blog\\\/quer-se-livrar-da-papelada-veja-os-prazos-para-guardar-documentos\\\/#article\",\"isPartOf\":{\"@id\":\"https:\\\/\\\/sfhera.com.br\\\/blog\\\/quer-se-livrar-da-papelada-veja-os-prazos-para-guardar-documentos\\\/\"},\"author\":{\"name\":\"Sfhera Software\",\"@id\":\"https:\\\/\\\/sfhera.com.br\\\/blog\\\/#\\\/schema\\\/person\\\/0a21d0c7b6b15bda9d9c072dde915f2a\"},\"headline\":\"Quer se livrar da papelada? Veja os prazos para guardar documentos\",\"datePublished\":\"2018-01-22T18:54:46+00:00\",\"mainEntityOfPage\":{\"@id\":\"https:\\\/\\\/sfhera.com.br\\\/blog\\\/quer-se-livrar-da-papelada-veja-os-prazos-para-guardar-documentos\\\/\"},\"wordCount\":1238,\"publisher\":{\"@id\":\"https:\\\/\\\/sfhera.com.br\\\/blog\\\/#organization\"},\"image\":{\"@id\":\"https:\\\/\\\/sfhera.com.br\\\/blog\\\/quer-se-livrar-da-papelada-veja-os-prazos-para-guardar-documentos\\\/#primaryimage\"},\"thumbnailUrl\":\"https:\\\/\\\/sfhera.com.br\\\/blog\\\/wp-content\\\/uploads\\\/2018\\\/01\\\/papelada-bagunca-1459192762974_1516x1266.jpg\",\"keywords\":[\"arquivo de documentos\"],\"articleSection\":[\"Gest\u00e3o e Neg\u00f3cios\"],\"inLanguage\":\"pt-BR\"},{\"@type\":\"WebPage\",\"@id\":\"https:\\\/\\\/sfhera.com.br\\\/blog\\\/quer-se-livrar-da-papelada-veja-os-prazos-para-guardar-documentos\\\/\",\"url\":\"https:\\\/\\\/sfhera.com.br\\\/blog\\\/quer-se-livrar-da-papelada-veja-os-prazos-para-guardar-documentos\\\/\",\"name\":\"Quer se livrar da papelada? Veja os prazos para guardar documentos - Sfhera Software\",\"isPartOf\":{\"@id\":\"https:\\\/\\\/sfhera.com.br\\\/blog\\\/#website\"},\"primaryImageOfPage\":{\"@id\":\"https:\\\/\\\/sfhera.com.br\\\/blog\\\/quer-se-livrar-da-papelada-veja-os-prazos-para-guardar-documentos\\\/#primaryimage\"},\"image\":{\"@id\":\"https:\\\/\\\/sfhera.com.br\\\/blog\\\/quer-se-livrar-da-papelada-veja-os-prazos-para-guardar-documentos\\\/#primaryimage\"},\"thumbnailUrl\":\"https:\\\/\\\/sfhera.com.br\\\/blog\\\/wp-content\\\/uploads\\\/2018\\\/01\\\/papelada-bagunca-1459192762974_1516x1266.jpg\",\"datePublished\":\"2018-01-22T18:54:46+00:00\",\"breadcrumb\":{\"@id\":\"https:\\\/\\\/sfhera.com.br\\\/blog\\\/quer-se-livrar-da-papelada-veja-os-prazos-para-guardar-documentos\\\/#breadcrumb\"},\"inLanguage\":\"pt-BR\",\"potentialAction\":[{\"@type\":\"ReadAction\",\"target\":[\"https:\\\/\\\/sfhera.com.br\\\/blog\\\/quer-se-livrar-da-papelada-veja-os-prazos-para-guardar-documentos\\\/\"]}]},{\"@type\":\"ImageObject\",\"inLanguage\":\"pt-BR\",\"@id\":\"https:\\\/\\\/sfhera.com.br\\\/blog\\\/quer-se-livrar-da-papelada-veja-os-prazos-para-guardar-documentos\\\/#primaryimage\",\"url\":\"https:\\\/\\\/sfhera.com.br\\\/blog\\\/wp-content\\\/uploads\\\/2018\\\/01\\\/papelada-bagunca-1459192762974_1516x1266.jpg\",\"contentUrl\":\"https:\\\/\\\/sfhera.com.br\\\/blog\\\/wp-content\\\/uploads\\\/2018\\\/01\\\/papelada-bagunca-1459192762974_1516x1266.jpg\",\"width\":1516,\"height\":1266,\"caption\":\"prazos para guardar papelada\"},{\"@type\":\"BreadcrumbList\",\"@id\":\"https:\\\/\\\/sfhera.com.br\\\/blog\\\/quer-se-livrar-da-papelada-veja-os-prazos-para-guardar-documentos\\\/#breadcrumb\",\"itemListElement\":[{\"@type\":\"ListItem\",\"position\":1,\"name\":\"In\u00edcio\",\"item\":\"https:\\\/\\\/sfhera.com.br\\\/blog\\\/\"},{\"@type\":\"ListItem\",\"position\":2,\"name\":\"Quer se livrar da papelada? Veja os prazos para guardar documentos\"}]},{\"@type\":\"WebSite\",\"@id\":\"https:\\\/\\\/sfhera.com.br\\\/blog\\\/#website\",\"url\":\"https:\\\/\\\/sfhera.com.br\\\/blog\\\/\",\"name\":\"Sfhera Software\",\"description\":\"Aplicativos de Gest\u00e3o para o Varejo\",\"publisher\":{\"@id\":\"https:\\\/\\\/sfhera.com.br\\\/blog\\\/#organization\"},\"potentialAction\":[{\"@type\":\"SearchAction\",\"target\":{\"@type\":\"EntryPoint\",\"urlTemplate\":\"https:\\\/\\\/sfhera.com.br\\\/blog\\\/?s={search_term_string}\"},\"query-input\":{\"@type\":\"PropertyValueSpecification\",\"valueRequired\":true,\"valueName\":\"search_term_string\"}}],\"inLanguage\":\"pt-BR\"},{\"@type\":\"Organization\",\"@id\":\"https:\\\/\\\/sfhera.com.br\\\/blog\\\/#organization\",\"name\":\"Sfhera Software\",\"url\":\"https:\\\/\\\/sfhera.com.br\\\/blog\\\/\",\"logo\":{\"@type\":\"ImageObject\",\"inLanguage\":\"pt-BR\",\"@id\":\"https:\\\/\\\/sfhera.com.br\\\/blog\\\/#\\\/schema\\\/logo\\\/image\\\/\",\"url\":\"https:\\\/\\\/www.sfhera.com.br\\\/blog\\\/wp-content\\\/uploads\\\/2017\\\/06\\\/logo.png\",\"contentUrl\":\"https:\\\/\\\/www.sfhera.com.br\\\/blog\\\/wp-content\\\/uploads\\\/2017\\\/06\\\/logo.png\",\"width\":200,\"height\":65,\"caption\":\"Sfhera Software\"},\"image\":{\"@id\":\"https:\\\/\\\/sfhera.com.br\\\/blog\\\/#\\\/schema\\\/logo\\\/image\\\/\"},\"sameAs\":[\"https:\\\/\\\/www.facebook.com\\\/sfhera\",\"https:\\\/\\\/x.com\\\/sfhera\",\"https:\\\/\\\/br.linkedin.com\\\/company\\\/sfhera-software\"]},{\"@type\":\"Person\",\"@id\":\"https:\\\/\\\/sfhera.com.br\\\/blog\\\/#\\\/schema\\\/person\\\/0a21d0c7b6b15bda9d9c072dde915f2a\",\"name\":\"Sfhera Software\",\"image\":{\"@type\":\"ImageObject\",\"inLanguage\":\"pt-BR\",\"@id\":\"https:\\\/\\\/secure.gravatar.com\\\/avatar\\\/b1d1b13f14dd2dc5b3fb21e60579548fa4f79040171567f49ae19080fb354524?s=96&d=mm&r=g\",\"url\":\"https:\\\/\\\/secure.gravatar.com\\\/avatar\\\/b1d1b13f14dd2dc5b3fb21e60579548fa4f79040171567f49ae19080fb354524?s=96&d=mm&r=g\",\"contentUrl\":\"https:\\\/\\\/secure.gravatar.com\\\/avatar\\\/b1d1b13f14dd2dc5b3fb21e60579548fa4f79040171567f49ae19080fb354524?s=96&d=mm&r=g\",\"caption\":\"Sfhera Software\"},\"url\":\"https:\\\/\\\/sfhera.com.br\\\/blog\\\/author\\\/admin\\\/\"}]}<\/script>\n<!-- \/ Yoast SEO plugin. -->","yoast_head_json":{"title":"Quer se livrar da papelada? Veja os prazos para guardar documentos - Sfhera Software","robots":{"index":"index","follow":"follow","max-snippet":"max-snippet:-1","max-image-preview":"max-image-preview:large","max-video-preview":"max-video-preview:-1"},"canonical":"https:\/\/sfhera.com.br\/blog\/quer-se-livrar-da-papelada-veja-os-prazos-para-guardar-documentos\/","og_locale":"pt_BR","og_type":"article","og_title":"Quer se livrar da papelada? Veja os prazos para guardar documentos - Sfhera Software","og_description":"A tarefa de colocar os pap\u00e9is em ordem, comum no in\u00edcio de cada ano, exige mais do que organiza\u00e7\u00e3o. \u00c9 necess\u00e1rio seguir&hellip;","og_url":"https:\/\/sfhera.com.br\/blog\/quer-se-livrar-da-papelada-veja-os-prazos-para-guardar-documentos\/","og_site_name":"Sfhera Software","article_publisher":"https:\/\/www.facebook.com\/sfhera","article_published_time":"2018-01-22T18:54:46+00:00","og_image":[{"width":1516,"height":1266,"url":"https:\/\/sfhera.com.br\/blog\/wp-content\/uploads\/2018\/01\/papelada-bagunca-1459192762974_1516x1266.jpg","type":"image\/jpeg"}],"author":"Sfhera Software","twitter_card":"summary_large_image","twitter_creator":"@sfhera","twitter_site":"@sfhera","twitter_misc":{"Escrito por":"Sfhera Software","Est. tempo de leitura":"6 minutos"},"schema":{"@context":"https:\/\/schema.org","@graph":[{"@type":"Article","@id":"https:\/\/sfhera.com.br\/blog\/quer-se-livrar-da-papelada-veja-os-prazos-para-guardar-documentos\/#article","isPartOf":{"@id":"https:\/\/sfhera.com.br\/blog\/quer-se-livrar-da-papelada-veja-os-prazos-para-guardar-documentos\/"},"author":{"name":"Sfhera Software","@id":"https:\/\/sfhera.com.br\/blog\/#\/schema\/person\/0a21d0c7b6b15bda9d9c072dde915f2a"},"headline":"Quer se livrar da papelada? Veja os prazos para guardar documentos","datePublished":"2018-01-22T18:54:46+00:00","mainEntityOfPage":{"@id":"https:\/\/sfhera.com.br\/blog\/quer-se-livrar-da-papelada-veja-os-prazos-para-guardar-documentos\/"},"wordCount":1238,"publisher":{"@id":"https:\/\/sfhera.com.br\/blog\/#organization"},"image":{"@id":"https:\/\/sfhera.com.br\/blog\/quer-se-livrar-da-papelada-veja-os-prazos-para-guardar-documentos\/#primaryimage"},"thumbnailUrl":"https:\/\/sfhera.com.br\/blog\/wp-content\/uploads\/2018\/01\/papelada-bagunca-1459192762974_1516x1266.jpg","keywords":["arquivo de documentos"],"articleSection":["Gest\u00e3o e Neg\u00f3cios"],"inLanguage":"pt-BR"},{"@type":"WebPage","@id":"https:\/\/sfhera.com.br\/blog\/quer-se-livrar-da-papelada-veja-os-prazos-para-guardar-documentos\/","url":"https:\/\/sfhera.com.br\/blog\/quer-se-livrar-da-papelada-veja-os-prazos-para-guardar-documentos\/","name":"Quer se livrar da papelada? Veja os prazos para guardar documentos - Sfhera Software","isPartOf":{"@id":"https:\/\/sfhera.com.br\/blog\/#website"},"primaryImageOfPage":{"@id":"https:\/\/sfhera.com.br\/blog\/quer-se-livrar-da-papelada-veja-os-prazos-para-guardar-documentos\/#primaryimage"},"image":{"@id":"https:\/\/sfhera.com.br\/blog\/quer-se-livrar-da-papelada-veja-os-prazos-para-guardar-documentos\/#primaryimage"},"thumbnailUrl":"https:\/\/sfhera.com.br\/blog\/wp-content\/uploads\/2018\/01\/papelada-bagunca-1459192762974_1516x1266.jpg","datePublished":"2018-01-22T18:54:46+00:00","breadcrumb":{"@id":"https:\/\/sfhera.com.br\/blog\/quer-se-livrar-da-papelada-veja-os-prazos-para-guardar-documentos\/#breadcrumb"},"inLanguage":"pt-BR","potentialAction":[{"@type":"ReadAction","target":["https:\/\/sfhera.com.br\/blog\/quer-se-livrar-da-papelada-veja-os-prazos-para-guardar-documentos\/"]}]},{"@type":"ImageObject","inLanguage":"pt-BR","@id":"https:\/\/sfhera.com.br\/blog\/quer-se-livrar-da-papelada-veja-os-prazos-para-guardar-documentos\/#primaryimage","url":"https:\/\/sfhera.com.br\/blog\/wp-content\/uploads\/2018\/01\/papelada-bagunca-1459192762974_1516x1266.jpg","contentUrl":"https:\/\/sfhera.com.br\/blog\/wp-content\/uploads\/2018\/01\/papelada-bagunca-1459192762974_1516x1266.jpg","width":1516,"height":1266,"caption":"prazos para guardar papelada"},{"@type":"BreadcrumbList","@id":"https:\/\/sfhera.com.br\/blog\/quer-se-livrar-da-papelada-veja-os-prazos-para-guardar-documentos\/#breadcrumb","itemListElement":[{"@type":"ListItem","position":1,"name":"In\u00edcio","item":"https:\/\/sfhera.com.br\/blog\/"},{"@type":"ListItem","position":2,"name":"Quer se livrar da papelada? Veja os prazos para guardar documentos"}]},{"@type":"WebSite","@id":"https:\/\/sfhera.com.br\/blog\/#website","url":"https:\/\/sfhera.com.br\/blog\/","name":"Sfhera Software","description":"Aplicativos de Gest\u00e3o para o Varejo","publisher":{"@id":"https:\/\/sfhera.com.br\/blog\/#organization"},"potentialAction":[{"@type":"SearchAction","target":{"@type":"EntryPoint","urlTemplate":"https:\/\/sfhera.com.br\/blog\/?s={search_term_string}"},"query-input":{"@type":"PropertyValueSpecification","valueRequired":true,"valueName":"search_term_string"}}],"inLanguage":"pt-BR"},{"@type":"Organization","@id":"https:\/\/sfhera.com.br\/blog\/#organization","name":"Sfhera Software","url":"https:\/\/sfhera.com.br\/blog\/","logo":{"@type":"ImageObject","inLanguage":"pt-BR","@id":"https:\/\/sfhera.com.br\/blog\/#\/schema\/logo\/image\/","url":"https:\/\/www.sfhera.com.br\/blog\/wp-content\/uploads\/2017\/06\/logo.png","contentUrl":"https:\/\/www.sfhera.com.br\/blog\/wp-content\/uploads\/2017\/06\/logo.png","width":200,"height":65,"caption":"Sfhera Software"},"image":{"@id":"https:\/\/sfhera.com.br\/blog\/#\/schema\/logo\/image\/"},"sameAs":["https:\/\/www.facebook.com\/sfhera","https:\/\/x.com\/sfhera","https:\/\/br.linkedin.com\/company\/sfhera-software"]},{"@type":"Person","@id":"https:\/\/sfhera.com.br\/blog\/#\/schema\/person\/0a21d0c7b6b15bda9d9c072dde915f2a","name":"Sfhera Software","image":{"@type":"ImageObject","inLanguage":"pt-BR","@id":"https:\/\/secure.gravatar.com\/avatar\/b1d1b13f14dd2dc5b3fb21e60579548fa4f79040171567f49ae19080fb354524?s=96&d=mm&r=g","url":"https:\/\/secure.gravatar.com\/avatar\/b1d1b13f14dd2dc5b3fb21e60579548fa4f79040171567f49ae19080fb354524?s=96&d=mm&r=g","contentUrl":"https:\/\/secure.gravatar.com\/avatar\/b1d1b13f14dd2dc5b3fb21e60579548fa4f79040171567f49ae19080fb354524?s=96&d=mm&r=g","caption":"Sfhera Software"},"url":"https:\/\/sfhera.com.br\/blog\/author\/admin\/"}]}},"_links":{"self":[{"href":"https:\/\/sfhera.com.br\/blog\/wp-json\/wp\/v2\/posts\/727","targetHints":{"allow":["GET"]}}],"collection":[{"href":"https:\/\/sfhera.com.br\/blog\/wp-json\/wp\/v2\/posts"}],"about":[{"href":"https:\/\/sfhera.com.br\/blog\/wp-json\/wp\/v2\/types\/post"}],"author":[{"embeddable":true,"href":"https:\/\/sfhera.com.br\/blog\/wp-json\/wp\/v2\/users\/1"}],"replies":[{"embeddable":true,"href":"https:\/\/sfhera.com.br\/blog\/wp-json\/wp\/v2\/comments?post=727"}],"version-history":[{"count":1,"href":"https:\/\/sfhera.com.br\/blog\/wp-json\/wp\/v2\/posts\/727\/revisions"}],"predecessor-version":[{"id":729,"href":"https:\/\/sfhera.com.br\/blog\/wp-json\/wp\/v2\/posts\/727\/revisions\/729"}],"wp:featuredmedia":[{"embeddable":true,"href":"https:\/\/sfhera.com.br\/blog\/wp-json\/wp\/v2\/media\/728"}],"wp:attachment":[{"href":"https:\/\/sfhera.com.br\/blog\/wp-json\/wp\/v2\/media?parent=727"}],"wp:term":[{"taxonomy":"category","embeddable":true,"href":"https:\/\/sfhera.com.br\/blog\/wp-json\/wp\/v2\/categories?post=727"},{"taxonomy":"post_tag","embeddable":true,"href":"https:\/\/sfhera.com.br\/blog\/wp-json\/wp\/v2\/tags?post=727"}],"curies":[{"name":"wp","href":"https:\/\/api.w.org\/{rel}","templated":true}]}}