{"id":730,"date":"2018-01-30T17:37:06","date_gmt":"2018-01-30T19:37:06","guid":{"rendered":"https:\/\/sfhera.com.br\/blog\/?p=730"},"modified":"2018-01-30T17:37:06","modified_gmt":"2018-01-30T19:37:06","slug":"pequenos-negocios-devem-parcelar-dividas-ate-31-de-janeiro","status":"publish","type":"post","link":"https:\/\/sfhera.com.br\/blog\/pequenos-negocios-devem-parcelar-dividas-ate-31-de-janeiro\/","title":{"rendered":"Pequenos neg\u00f3cios devem parcelar d\u00edvidas at\u00e9 31 de janeiro"},"content":{"rendered":"<p>Empres\u00e1rios de micro e pequeno porte que possuem d\u00edvidas tribut\u00e1rias com a Uni\u00e3o t\u00eam at\u00e9 esta quarta-feira (31) para solicitar o parcelamento dos d\u00e9bitos em at\u00e9 60 meses. Ap\u00f3s este prazo, as empresas que n\u00e3o acertarem as contas com o Governo ser\u00e3o exclu\u00eddas do Simples Nacional. Quase 600 mil empresas foram notificadas pela Receita Federal ano passado, devendo cerca de R$ 20 bilh\u00f5es aos cofres p\u00fablicos.<\/p>\n<p>\u201cEstamos lutando para derrubar no Congresso o veto do Governo e manter o Refis para os pequenos neg\u00f3cios. O projeto vai dar condi\u00e7\u00f5es mais favor\u00e1veis para as empresas parcelarem os d\u00e9bitos. Mas para aderir ao Refis, \u00e9 preciso continuar no Simples. Ent\u00e3o, as empresas que ainda n\u00e3o procuraram a Receita, devem correr\u201d, alerta o presidente do Sebrae, Guilherme Afif Domingos.<\/p>\n<div id=\"player-wrapper-40000593708630850\" class=\"jw-ad-visible\">\n<div>\u00a0<span style=\"font-size: 1rem;\">Pelas regras atuais do Simples, \u00e9 poss\u00edvel parcelar as d\u00edvidas fiscais em at\u00e9 60 meses. A partir da regulamenta\u00e7\u00e3o do Refis para as micro e pequenas empresas, o n\u00famero de parcelas para quita\u00e7\u00e3o dos d\u00e9bitos chega a at\u00e9 180 vezes, com redu\u00e7\u00e3o expressiva de juros e multas. Desde o dia 15 de janeiro, o Sebrae lidera a campanha Refis para os Pequenos (www.refisparaospequenos.com.br), com esclarecimentos e registro de apoio para mobilizar parlamentares do Congresso Nacional a derrubarem o veto ao projeto de recupera\u00e7\u00e3o fiscal.<\/span><\/div>\n<\/div>\n<div><\/div>\n<p>Tira-d\u00favidas:<\/p>\n<p>Quando come\u00e7a a valer o REFIS?<\/p>\n<p>Em dezembro, o Congresso Nacional aprovou por unanimidade o projeto que estende aos pequenos neg\u00f3cios os benef\u00edcios j\u00e1 concedidos \u00e0s grandes empresas para parcelamento de d\u00e9bitos fiscais. O Governo Federal, por\u00e9m, vetou o projeto no dia 5 de janeiro. Ap\u00f3s o retorno das atividades parlamentares, no dia 2 fevereiro, o Congresso poder\u00e1 derrubar o veto. A partir da derrubada, o projeto ser\u00e1 regulamentado pelo Comit\u00ea Gestor do Simples Nacional (CGSN).<\/p>\n<p>Quem poder\u00e1 aderir ao REFIS dos pequenos neg\u00f3cios?<\/p>\n<p>Todas as empresas inclu\u00eddas no Simples ser\u00e3o beneficiadas, especialmente as cerca de 600 mil empresas que devem aproximadamente R$ 20 bilh\u00f5es \u00e0 Uni\u00e3o e foram notificadas pela Receita Federal. Caso n\u00e3o negociem o parcelamento at\u00e9 o dia 31 de janeiro, nas condi\u00e7\u00f5es atuais (com parcelamento em at\u00e9 60 meses), elas ser\u00e3o exclu\u00eddas do Simples Nacional.<\/p>\n<p>Quem parcelar as d\u00edvidas em janeiro poder\u00e1 aderir ao REFIS depois?<\/p>\n<p>Sim! Ap\u00f3s a regulamenta\u00e7\u00e3o do REFIS pelo Comit\u00ea Gestor do Simples Nacional, as empresas que j\u00e1 tiverem as d\u00edvidas parceladas poder\u00e3o procurar novamente a Receita e migrar para as condi\u00e7\u00f5es mais favor\u00e1veis previstas pelo REFIS. Consulte seu contador, esclare\u00e7a suas d\u00favidas e continue no Simples.<\/p>\n<p>Fonte: administradores.com<\/p>\n","protected":false},"excerpt":{"rendered":"<p>Empres\u00e1rios de micro e pequeno porte que possuem d\u00edvidas tribut\u00e1rias com a Uni\u00e3o t\u00eam at\u00e9 esta quarta-feira (31) para solicitar o parcelamento&hellip;<\/p>\n","protected":false},"author":1,"featured_media":731,"comment_status":"closed","ping_status":"open","sticky":false,"template":"","format":"standard","meta":{"footnotes":""},"categories":[6],"tags":[310],"class_list":["post-730","post","type-post","status-publish","format-standard","has-post-thumbnail","hentry","category-legislacao-fiscal","tag-refis-2018"],"yoast_head":"<!-- This site is optimized with the Yoast SEO plugin v27.5 - https:\/\/yoast.com\/product\/yoast-seo-wordpress\/ -->\n<title>Pequenos neg\u00f3cios devem parcelar d\u00edvidas at\u00e9 31 de janeiro - Sfhera Software<\/title>\n<meta name=\"robots\" content=\"index, follow, max-snippet:-1, max-image-preview:large, max-video-preview:-1\" \/>\n<link rel=\"canonical\" href=\"https:\/\/sfhera.com.br\/blog\/pequenos-negocios-devem-parcelar-dividas-ate-31-de-janeiro\/\" \/>\n<meta property=\"og:locale\" content=\"pt_BR\" \/>\n<meta property=\"og:type\" content=\"article\" \/>\n<meta property=\"og:title\" content=\"Pequenos neg\u00f3cios devem parcelar d\u00edvidas at\u00e9 31 de janeiro - Sfhera Software\" \/>\n<meta property=\"og:description\" content=\"Empres\u00e1rios de micro e pequeno porte que possuem d\u00edvidas tribut\u00e1rias com a Uni\u00e3o t\u00eam at\u00e9 esta quarta-feira (31) para solicitar o parcelamento&hellip;\" \/>\n<meta property=\"og:url\" content=\"https:\/\/sfhera.com.br\/blog\/pequenos-negocios-devem-parcelar-dividas-ate-31-de-janeiro\/\" \/>\n<meta property=\"og:site_name\" content=\"Sfhera Software\" \/>\n<meta property=\"article:publisher\" content=\"https:\/\/www.facebook.com\/sfhera\" \/>\n<meta property=\"article:published_time\" content=\"2018-01-30T19:37:06+00:00\" \/>\n<meta property=\"og:image\" content=\"https:\/\/sfhera.com.br\/blog\/wp-content\/uploads\/2018\/01\/atencao_para_o_Refis_.jpg\" \/>\n\t<meta property=\"og:image:width\" content=\"800\" \/>\n\t<meta property=\"og:image:height\" content=\"600\" \/>\n\t<meta property=\"og:image:type\" content=\"image\/jpeg\" \/>\n<meta name=\"author\" content=\"Sfhera Software\" \/>\n<meta name=\"twitter:card\" content=\"summary_large_image\" \/>\n<meta name=\"twitter:creator\" content=\"@sfhera\" \/>\n<meta name=\"twitter:site\" content=\"@sfhera\" \/>\n<meta name=\"twitter:label1\" content=\"Escrito por\" \/>\n\t<meta name=\"twitter:data1\" content=\"Sfhera Software\" \/>\n\t<meta name=\"twitter:label2\" content=\"Est. tempo de leitura\" \/>\n\t<meta name=\"twitter:data2\" content=\"2 minutos\" \/>\n<script type=\"application\/ld+json\" class=\"yoast-schema-graph\">{\"@context\":\"https:\\\/\\\/schema.org\",\"@graph\":[{\"@type\":\"Article\",\"@id\":\"https:\\\/\\\/sfhera.com.br\\\/blog\\\/pequenos-negocios-devem-parcelar-dividas-ate-31-de-janeiro\\\/#article\",\"isPartOf\":{\"@id\":\"https:\\\/\\\/sfhera.com.br\\\/blog\\\/pequenos-negocios-devem-parcelar-dividas-ate-31-de-janeiro\\\/\"},\"author\":{\"name\":\"Sfhera Software\",\"@id\":\"https:\\\/\\\/sfhera.com.br\\\/blog\\\/#\\\/schema\\\/person\\\/0a21d0c7b6b15bda9d9c072dde915f2a\"},\"headline\":\"Pequenos neg\u00f3cios devem parcelar d\u00edvidas at\u00e9 31 de janeiro\",\"datePublished\":\"2018-01-30T19:37:06+00:00\",\"mainEntityOfPage\":{\"@id\":\"https:\\\/\\\/sfhera.com.br\\\/blog\\\/pequenos-negocios-devem-parcelar-dividas-ate-31-de-janeiro\\\/\"},\"wordCount\":457,\"publisher\":{\"@id\":\"https:\\\/\\\/sfhera.com.br\\\/blog\\\/#organization\"},\"image\":{\"@id\":\"https:\\\/\\\/sfhera.com.br\\\/blog\\\/pequenos-negocios-devem-parcelar-dividas-ate-31-de-janeiro\\\/#primaryimage\"},\"thumbnailUrl\":\"https:\\\/\\\/sfhera.com.br\\\/blog\\\/wp-content\\\/uploads\\\/2018\\\/01\\\/atencao_para_o_Refis_.jpg\",\"keywords\":[\"refis 2018\"],\"articleSection\":[\"Legisla\u00e7\u00e3o Fiscal\"],\"inLanguage\":\"pt-BR\"},{\"@type\":\"WebPage\",\"@id\":\"https:\\\/\\\/sfhera.com.br\\\/blog\\\/pequenos-negocios-devem-parcelar-dividas-ate-31-de-janeiro\\\/\",\"url\":\"https:\\\/\\\/sfhera.com.br\\\/blog\\\/pequenos-negocios-devem-parcelar-dividas-ate-31-de-janeiro\\\/\",\"name\":\"Pequenos neg\u00f3cios devem parcelar d\u00edvidas at\u00e9 31 de janeiro - Sfhera Software\",\"isPartOf\":{\"@id\":\"https:\\\/\\\/sfhera.com.br\\\/blog\\\/#website\"},\"primaryImageOfPage\":{\"@id\":\"https:\\\/\\\/sfhera.com.br\\\/blog\\\/pequenos-negocios-devem-parcelar-dividas-ate-31-de-janeiro\\\/#primaryimage\"},\"image\":{\"@id\":\"https:\\\/\\\/sfhera.com.br\\\/blog\\\/pequenos-negocios-devem-parcelar-dividas-ate-31-de-janeiro\\\/#primaryimage\"},\"thumbnailUrl\":\"https:\\\/\\\/sfhera.com.br\\\/blog\\\/wp-content\\\/uploads\\\/2018\\\/01\\\/atencao_para_o_Refis_.jpg\",\"datePublished\":\"2018-01-30T19:37:06+00:00\",\"breadcrumb\":{\"@id\":\"https:\\\/\\\/sfhera.com.br\\\/blog\\\/pequenos-negocios-devem-parcelar-dividas-ate-31-de-janeiro\\\/#breadcrumb\"},\"inLanguage\":\"pt-BR\",\"potentialAction\":[{\"@type\":\"ReadAction\",\"target\":[\"https:\\\/\\\/sfhera.com.br\\\/blog\\\/pequenos-negocios-devem-parcelar-dividas-ate-31-de-janeiro\\\/\"]}]},{\"@type\":\"ImageObject\",\"inLanguage\":\"pt-BR\",\"@id\":\"https:\\\/\\\/sfhera.com.br\\\/blog\\\/pequenos-negocios-devem-parcelar-dividas-ate-31-de-janeiro\\\/#primaryimage\",\"url\":\"https:\\\/\\\/sfhera.com.br\\\/blog\\\/wp-content\\\/uploads\\\/2018\\\/01\\\/atencao_para_o_Refis_.jpg\",\"contentUrl\":\"https:\\\/\\\/sfhera.com.br\\\/blog\\\/wp-content\\\/uploads\\\/2018\\\/01\\\/atencao_para_o_Refis_.jpg\",\"width\":800,\"height\":600,\"caption\":\"parcelar dividas\"},{\"@type\":\"BreadcrumbList\",\"@id\":\"https:\\\/\\\/sfhera.com.br\\\/blog\\\/pequenos-negocios-devem-parcelar-dividas-ate-31-de-janeiro\\\/#breadcrumb\",\"itemListElement\":[{\"@type\":\"ListItem\",\"position\":1,\"name\":\"In\u00edcio\",\"item\":\"https:\\\/\\\/sfhera.com.br\\\/blog\\\/\"},{\"@type\":\"ListItem\",\"position\":2,\"name\":\"Pequenos neg\u00f3cios devem parcelar d\u00edvidas at\u00e9 31 de janeiro\"}]},{\"@type\":\"WebSite\",\"@id\":\"https:\\\/\\\/sfhera.com.br\\\/blog\\\/#website\",\"url\":\"https:\\\/\\\/sfhera.com.br\\\/blog\\\/\",\"name\":\"Sfhera Software\",\"description\":\"Aplicativos de Gest\u00e3o para o Varejo\",\"publisher\":{\"@id\":\"https:\\\/\\\/sfhera.com.br\\\/blog\\\/#organization\"},\"potentialAction\":[{\"@type\":\"SearchAction\",\"target\":{\"@type\":\"EntryPoint\",\"urlTemplate\":\"https:\\\/\\\/sfhera.com.br\\\/blog\\\/?s={search_term_string}\"},\"query-input\":{\"@type\":\"PropertyValueSpecification\",\"valueRequired\":true,\"valueName\":\"search_term_string\"}}],\"inLanguage\":\"pt-BR\"},{\"@type\":\"Organization\",\"@id\":\"https:\\\/\\\/sfhera.com.br\\\/blog\\\/#organization\",\"name\":\"Sfhera Software\",\"url\":\"https:\\\/\\\/sfhera.com.br\\\/blog\\\/\",\"logo\":{\"@type\":\"ImageObject\",\"inLanguage\":\"pt-BR\",\"@id\":\"https:\\\/\\\/sfhera.com.br\\\/blog\\\/#\\\/schema\\\/logo\\\/image\\\/\",\"url\":\"https:\\\/\\\/www.sfhera.com.br\\\/blog\\\/wp-content\\\/uploads\\\/2017\\\/06\\\/logo.png\",\"contentUrl\":\"https:\\\/\\\/www.sfhera.com.br\\\/blog\\\/wp-content\\\/uploads\\\/2017\\\/06\\\/logo.png\",\"width\":200,\"height\":65,\"caption\":\"Sfhera Software\"},\"image\":{\"@id\":\"https:\\\/\\\/sfhera.com.br\\\/blog\\\/#\\\/schema\\\/logo\\\/image\\\/\"},\"sameAs\":[\"https:\\\/\\\/www.facebook.com\\\/sfhera\",\"https:\\\/\\\/x.com\\\/sfhera\",\"https:\\\/\\\/br.linkedin.com\\\/company\\\/sfhera-software\"]},{\"@type\":\"Person\",\"@id\":\"https:\\\/\\\/sfhera.com.br\\\/blog\\\/#\\\/schema\\\/person\\\/0a21d0c7b6b15bda9d9c072dde915f2a\",\"name\":\"Sfhera Software\",\"image\":{\"@type\":\"ImageObject\",\"inLanguage\":\"pt-BR\",\"@id\":\"https:\\\/\\\/secure.gravatar.com\\\/avatar\\\/b1d1b13f14dd2dc5b3fb21e60579548fa4f79040171567f49ae19080fb354524?s=96&d=mm&r=g\",\"url\":\"https:\\\/\\\/secure.gravatar.com\\\/avatar\\\/b1d1b13f14dd2dc5b3fb21e60579548fa4f79040171567f49ae19080fb354524?s=96&d=mm&r=g\",\"contentUrl\":\"https:\\\/\\\/secure.gravatar.com\\\/avatar\\\/b1d1b13f14dd2dc5b3fb21e60579548fa4f79040171567f49ae19080fb354524?s=96&d=mm&r=g\",\"caption\":\"Sfhera Software\"},\"url\":\"https:\\\/\\\/sfhera.com.br\\\/blog\\\/author\\\/admin\\\/\"}]}<\/script>\n<!-- \/ Yoast SEO plugin. -->","yoast_head_json":{"title":"Pequenos neg\u00f3cios devem parcelar d\u00edvidas at\u00e9 31 de janeiro - Sfhera Software","robots":{"index":"index","follow":"follow","max-snippet":"max-snippet:-1","max-image-preview":"max-image-preview:large","max-video-preview":"max-video-preview:-1"},"canonical":"https:\/\/sfhera.com.br\/blog\/pequenos-negocios-devem-parcelar-dividas-ate-31-de-janeiro\/","og_locale":"pt_BR","og_type":"article","og_title":"Pequenos neg\u00f3cios devem parcelar d\u00edvidas at\u00e9 31 de janeiro - Sfhera Software","og_description":"Empres\u00e1rios de micro e pequeno porte que possuem d\u00edvidas tribut\u00e1rias com a Uni\u00e3o t\u00eam at\u00e9 esta quarta-feira (31) para solicitar o parcelamento&hellip;","og_url":"https:\/\/sfhera.com.br\/blog\/pequenos-negocios-devem-parcelar-dividas-ate-31-de-janeiro\/","og_site_name":"Sfhera Software","article_publisher":"https:\/\/www.facebook.com\/sfhera","article_published_time":"2018-01-30T19:37:06+00:00","og_image":[{"width":800,"height":600,"url":"https:\/\/sfhera.com.br\/blog\/wp-content\/uploads\/2018\/01\/atencao_para_o_Refis_.jpg","type":"image\/jpeg"}],"author":"Sfhera Software","twitter_card":"summary_large_image","twitter_creator":"@sfhera","twitter_site":"@sfhera","twitter_misc":{"Escrito por":"Sfhera Software","Est. tempo de leitura":"2 minutos"},"schema":{"@context":"https:\/\/schema.org","@graph":[{"@type":"Article","@id":"https:\/\/sfhera.com.br\/blog\/pequenos-negocios-devem-parcelar-dividas-ate-31-de-janeiro\/#article","isPartOf":{"@id":"https:\/\/sfhera.com.br\/blog\/pequenos-negocios-devem-parcelar-dividas-ate-31-de-janeiro\/"},"author":{"name":"Sfhera Software","@id":"https:\/\/sfhera.com.br\/blog\/#\/schema\/person\/0a21d0c7b6b15bda9d9c072dde915f2a"},"headline":"Pequenos neg\u00f3cios devem parcelar d\u00edvidas at\u00e9 31 de janeiro","datePublished":"2018-01-30T19:37:06+00:00","mainEntityOfPage":{"@id":"https:\/\/sfhera.com.br\/blog\/pequenos-negocios-devem-parcelar-dividas-ate-31-de-janeiro\/"},"wordCount":457,"publisher":{"@id":"https:\/\/sfhera.com.br\/blog\/#organization"},"image":{"@id":"https:\/\/sfhera.com.br\/blog\/pequenos-negocios-devem-parcelar-dividas-ate-31-de-janeiro\/#primaryimage"},"thumbnailUrl":"https:\/\/sfhera.com.br\/blog\/wp-content\/uploads\/2018\/01\/atencao_para_o_Refis_.jpg","keywords":["refis 2018"],"articleSection":["Legisla\u00e7\u00e3o Fiscal"],"inLanguage":"pt-BR"},{"@type":"WebPage","@id":"https:\/\/sfhera.com.br\/blog\/pequenos-negocios-devem-parcelar-dividas-ate-31-de-janeiro\/","url":"https:\/\/sfhera.com.br\/blog\/pequenos-negocios-devem-parcelar-dividas-ate-31-de-janeiro\/","name":"Pequenos neg\u00f3cios devem parcelar d\u00edvidas at\u00e9 31 de janeiro - Sfhera Software","isPartOf":{"@id":"https:\/\/sfhera.com.br\/blog\/#website"},"primaryImageOfPage":{"@id":"https:\/\/sfhera.com.br\/blog\/pequenos-negocios-devem-parcelar-dividas-ate-31-de-janeiro\/#primaryimage"},"image":{"@id":"https:\/\/sfhera.com.br\/blog\/pequenos-negocios-devem-parcelar-dividas-ate-31-de-janeiro\/#primaryimage"},"thumbnailUrl":"https:\/\/sfhera.com.br\/blog\/wp-content\/uploads\/2018\/01\/atencao_para_o_Refis_.jpg","datePublished":"2018-01-30T19:37:06+00:00","breadcrumb":{"@id":"https:\/\/sfhera.com.br\/blog\/pequenos-negocios-devem-parcelar-dividas-ate-31-de-janeiro\/#breadcrumb"},"inLanguage":"pt-BR","potentialAction":[{"@type":"ReadAction","target":["https:\/\/sfhera.com.br\/blog\/pequenos-negocios-devem-parcelar-dividas-ate-31-de-janeiro\/"]}]},{"@type":"ImageObject","inLanguage":"pt-BR","@id":"https:\/\/sfhera.com.br\/blog\/pequenos-negocios-devem-parcelar-dividas-ate-31-de-janeiro\/#primaryimage","url":"https:\/\/sfhera.com.br\/blog\/wp-content\/uploads\/2018\/01\/atencao_para_o_Refis_.jpg","contentUrl":"https:\/\/sfhera.com.br\/blog\/wp-content\/uploads\/2018\/01\/atencao_para_o_Refis_.jpg","width":800,"height":600,"caption":"parcelar dividas"},{"@type":"BreadcrumbList","@id":"https:\/\/sfhera.com.br\/blog\/pequenos-negocios-devem-parcelar-dividas-ate-31-de-janeiro\/#breadcrumb","itemListElement":[{"@type":"ListItem","position":1,"name":"In\u00edcio","item":"https:\/\/sfhera.com.br\/blog\/"},{"@type":"ListItem","position":2,"name":"Pequenos neg\u00f3cios devem parcelar d\u00edvidas at\u00e9 31 de janeiro"}]},{"@type":"WebSite","@id":"https:\/\/sfhera.com.br\/blog\/#website","url":"https:\/\/sfhera.com.br\/blog\/","name":"Sfhera Software","description":"Aplicativos de Gest\u00e3o para o Varejo","publisher":{"@id":"https:\/\/sfhera.com.br\/blog\/#organization"},"potentialAction":[{"@type":"SearchAction","target":{"@type":"EntryPoint","urlTemplate":"https:\/\/sfhera.com.br\/blog\/?s={search_term_string}"},"query-input":{"@type":"PropertyValueSpecification","valueRequired":true,"valueName":"search_term_string"}}],"inLanguage":"pt-BR"},{"@type":"Organization","@id":"https:\/\/sfhera.com.br\/blog\/#organization","name":"Sfhera Software","url":"https:\/\/sfhera.com.br\/blog\/","logo":{"@type":"ImageObject","inLanguage":"pt-BR","@id":"https:\/\/sfhera.com.br\/blog\/#\/schema\/logo\/image\/","url":"https:\/\/www.sfhera.com.br\/blog\/wp-content\/uploads\/2017\/06\/logo.png","contentUrl":"https:\/\/www.sfhera.com.br\/blog\/wp-content\/uploads\/2017\/06\/logo.png","width":200,"height":65,"caption":"Sfhera Software"},"image":{"@id":"https:\/\/sfhera.com.br\/blog\/#\/schema\/logo\/image\/"},"sameAs":["https:\/\/www.facebook.com\/sfhera","https:\/\/x.com\/sfhera","https:\/\/br.linkedin.com\/company\/sfhera-software"]},{"@type":"Person","@id":"https:\/\/sfhera.com.br\/blog\/#\/schema\/person\/0a21d0c7b6b15bda9d9c072dde915f2a","name":"Sfhera Software","image":{"@type":"ImageObject","inLanguage":"pt-BR","@id":"https:\/\/secure.gravatar.com\/avatar\/b1d1b13f14dd2dc5b3fb21e60579548fa4f79040171567f49ae19080fb354524?s=96&d=mm&r=g","url":"https:\/\/secure.gravatar.com\/avatar\/b1d1b13f14dd2dc5b3fb21e60579548fa4f79040171567f49ae19080fb354524?s=96&d=mm&r=g","contentUrl":"https:\/\/secure.gravatar.com\/avatar\/b1d1b13f14dd2dc5b3fb21e60579548fa4f79040171567f49ae19080fb354524?s=96&d=mm&r=g","caption":"Sfhera Software"},"url":"https:\/\/sfhera.com.br\/blog\/author\/admin\/"}]}},"_links":{"self":[{"href":"https:\/\/sfhera.com.br\/blog\/wp-json\/wp\/v2\/posts\/730","targetHints":{"allow":["GET"]}}],"collection":[{"href":"https:\/\/sfhera.com.br\/blog\/wp-json\/wp\/v2\/posts"}],"about":[{"href":"https:\/\/sfhera.com.br\/blog\/wp-json\/wp\/v2\/types\/post"}],"author":[{"embeddable":true,"href":"https:\/\/sfhera.com.br\/blog\/wp-json\/wp\/v2\/users\/1"}],"replies":[{"embeddable":true,"href":"https:\/\/sfhera.com.br\/blog\/wp-json\/wp\/v2\/comments?post=730"}],"version-history":[{"count":1,"href":"https:\/\/sfhera.com.br\/blog\/wp-json\/wp\/v2\/posts\/730\/revisions"}],"predecessor-version":[{"id":732,"href":"https:\/\/sfhera.com.br\/blog\/wp-json\/wp\/v2\/posts\/730\/revisions\/732"}],"wp:featuredmedia":[{"embeddable":true,"href":"https:\/\/sfhera.com.br\/blog\/wp-json\/wp\/v2\/media\/731"}],"wp:attachment":[{"href":"https:\/\/sfhera.com.br\/blog\/wp-json\/wp\/v2\/media?parent=730"}],"wp:term":[{"taxonomy":"category","embeddable":true,"href":"https:\/\/sfhera.com.br\/blog\/wp-json\/wp\/v2\/categories?post=730"},{"taxonomy":"post_tag","embeddable":true,"href":"https:\/\/sfhera.com.br\/blog\/wp-json\/wp\/v2\/tags?post=730"}],"curies":[{"name":"wp","href":"https:\/\/api.w.org\/{rel}","templated":true}]}}