{"id":756,"date":"2018-02-28T14:52:56","date_gmt":"2018-02-28T17:52:56","guid":{"rendered":"https:\/\/sfhera.com.br\/blog\/?p=756"},"modified":"2018-02-28T14:52:56","modified_gmt":"2018-02-28T17:52:56","slug":"aplicativo-de-compartilhamento-de-guarda-chuvas-estreia-em-sp","status":"publish","type":"post","link":"https:\/\/sfhera.com.br\/blog\/aplicativo-de-compartilhamento-de-guarda-chuvas-estreia-em-sp\/","title":{"rendered":"Aplicativo de compartilhamento de guarda-chuvas estreia em SP"},"content":{"rendered":"<h3 class=\"article-subtitle\">Rentbrella tem mais de 30 mil guarda-chuvas na regi\u00e3o da Avenida Paulista<\/h3>\n<p>S\u00e3o Paulo \u2013 Um novo\u00a0<strong>aplicativo<\/strong>\u00a0de compartilhamento de guarda-chuvas come\u00e7a a funciona em\u00a0<strong>S\u00e3o Paulo<\/strong>\u00a0nesta semana. Chamado\u00a0Rentbrella, nome que mistura as palavras aluguel e guarda-chuva em ingl\u00eas, ele foi criado por uma\u00a0<strong>startup<\/strong>brasileira hom\u00f4nima.<\/p>\n<p>Ap\u00f3s criar uma conta no app, dispon\u00edvel para\u00a0Android\u00a0e\u00a0iPhone, e inserir dados de cart\u00e3o de cr\u00e9dito, o usu\u00e1rio pode consultar a localiza\u00e7\u00e3o da esta\u00e7\u00e3o de guarda-chuvas da empresa mais pr\u00f3xima. O custo do aluguel \u00e9 de R$ 1 por hora. O per\u00edodo de cobran\u00e7a \u00e9 v\u00e1lido entre 10h e 18h, de segunda a sexta-feira. Com isso, as pessoas podem ficar com o guarda-chuva no fim do dia para devolv\u00ea-lo no dia seguinte sem custo de pernoite.<\/p>\n<p>\u201cQueremos que as pessoas explorem mais suas cidades, sem se preocupar com as reviravoltas do clima. Como o app funciona de forma bastante simples e pr\u00e1tica, e, o compartilhamento do guarda-chuva tem um pre\u00e7o simb\u00f3lico, esperamos que o servi\u00e7o seja acess\u00edvel a todos\u201d, diz, em nota, Nathan Janovich, CEO e cofundador da Rentbrella.<\/p>\n<p>A companhia ter\u00e1 50 esta\u00e7\u00f5es de retirada e devolu\u00e7\u00e3o em pr\u00e9dios comerciais na regi\u00e3o da Avenida Paulista, em S\u00e3o Paulo. Cerca de 30 mil guarda-chuvas estar\u00e3o dispon\u00edveis para loca\u00e7\u00e3o. A Rentbrella almeja ter 700 esta\u00e7\u00f5es em toda a cidade paulista at\u00e9 o final deste ano, colocando pontos em estabelecimentos comerciais e esta\u00e7\u00f5es de metr\u00f4.<\/p>\n<p>Fonte: Exame.com<\/p>\n","protected":false},"excerpt":{"rendered":"<p>Rentbrella tem mais de 30 mil guarda-chuvas na regi\u00e3o da Avenida Paulista S\u00e3o Paulo \u2013 Um novo\u00a0aplicativo\u00a0de compartilhamento de guarda-chuvas come\u00e7a a&hellip;<\/p>\n","protected":false},"author":1,"featured_media":757,"comment_status":"closed","ping_status":"open","sticky":false,"template":"","format":"standard","meta":{"footnotes":""},"categories":[5],"tags":[319],"class_list":["post-756","post","type-post","status-publish","format-standard","has-post-thumbnail","hentry","category-tecnologia","tag-rentbrella"],"yoast_head":"<!-- This site is optimized with the Yoast SEO plugin v27.5 - https:\/\/yoast.com\/product\/yoast-seo-wordpress\/ -->\n<title>Aplicativo de compartilhamento de guarda-chuvas estreia em SP - Sfhera Software<\/title>\n<meta name=\"robots\" content=\"index, follow, max-snippet:-1, max-image-preview:large, max-video-preview:-1\" \/>\n<link rel=\"canonical\" href=\"https:\/\/sfhera.com.br\/blog\/aplicativo-de-compartilhamento-de-guarda-chuvas-estreia-em-sp\/\" \/>\n<meta property=\"og:locale\" content=\"pt_BR\" \/>\n<meta property=\"og:type\" content=\"article\" \/>\n<meta property=\"og:title\" content=\"Aplicativo de compartilhamento de guarda-chuvas estreia em SP - Sfhera Software\" \/>\n<meta property=\"og:description\" content=\"Rentbrella tem mais de 30 mil guarda-chuvas na regi\u00e3o da Avenida Paulista S\u00e3o Paulo \u2013 Um novo\u00a0aplicativo\u00a0de compartilhamento de guarda-chuvas come\u00e7a a&hellip;\" \/>\n<meta property=\"og:url\" content=\"https:\/\/sfhera.com.br\/blog\/aplicativo-de-compartilhamento-de-guarda-chuvas-estreia-em-sp\/\" \/>\n<meta property=\"og:site_name\" content=\"Sfhera Software\" \/>\n<meta property=\"article:publisher\" content=\"https:\/\/www.facebook.com\/sfhera\" \/>\n<meta property=\"article:published_time\" content=\"2018-02-28T17:52:56+00:00\" \/>\n<meta property=\"og:image\" content=\"https:\/\/sfhera.com.br\/blog\/wp-content\/uploads\/2018\/02\/app-rentbrella.png\" \/>\n\t<meta property=\"og:image:width\" content=\"680\" \/>\n\t<meta property=\"og:image:height\" content=\"453\" \/>\n\t<meta property=\"og:image:type\" content=\"image\/png\" \/>\n<meta name=\"author\" content=\"Sfhera Software\" \/>\n<meta name=\"twitter:card\" content=\"summary_large_image\" \/>\n<meta name=\"twitter:creator\" content=\"@sfhera\" \/>\n<meta name=\"twitter:site\" content=\"@sfhera\" \/>\n<meta name=\"twitter:label1\" content=\"Escrito por\" \/>\n\t<meta name=\"twitter:data1\" content=\"Sfhera Software\" \/>\n\t<meta name=\"twitter:label2\" content=\"Est. tempo de leitura\" \/>\n\t<meta name=\"twitter:data2\" content=\"1 minuto\" \/>\n<script type=\"application\/ld+json\" class=\"yoast-schema-graph\">{\"@context\":\"https:\\\/\\\/schema.org\",\"@graph\":[{\"@type\":\"Article\",\"@id\":\"https:\\\/\\\/sfhera.com.br\\\/blog\\\/aplicativo-de-compartilhamento-de-guarda-chuvas-estreia-em-sp\\\/#article\",\"isPartOf\":{\"@id\":\"https:\\\/\\\/sfhera.com.br\\\/blog\\\/aplicativo-de-compartilhamento-de-guarda-chuvas-estreia-em-sp\\\/\"},\"author\":{\"name\":\"Sfhera Software\",\"@id\":\"https:\\\/\\\/sfhera.com.br\\\/blog\\\/#\\\/schema\\\/person\\\/0a21d0c7b6b15bda9d9c072dde915f2a\"},\"headline\":\"Aplicativo de compartilhamento de guarda-chuvas estreia em SP\",\"datePublished\":\"2018-02-28T17:52:56+00:00\",\"mainEntityOfPage\":{\"@id\":\"https:\\\/\\\/sfhera.com.br\\\/blog\\\/aplicativo-de-compartilhamento-de-guarda-chuvas-estreia-em-sp\\\/\"},\"wordCount\":270,\"publisher\":{\"@id\":\"https:\\\/\\\/sfhera.com.br\\\/blog\\\/#organization\"},\"image\":{\"@id\":\"https:\\\/\\\/sfhera.com.br\\\/blog\\\/aplicativo-de-compartilhamento-de-guarda-chuvas-estreia-em-sp\\\/#primaryimage\"},\"thumbnailUrl\":\"https:\\\/\\\/sfhera.com.br\\\/blog\\\/wp-content\\\/uploads\\\/2018\\\/02\\\/app-rentbrella.png\",\"keywords\":[\"Rentbrella\"],\"articleSection\":[\"Tecnologia\"],\"inLanguage\":\"pt-BR\"},{\"@type\":\"WebPage\",\"@id\":\"https:\\\/\\\/sfhera.com.br\\\/blog\\\/aplicativo-de-compartilhamento-de-guarda-chuvas-estreia-em-sp\\\/\",\"url\":\"https:\\\/\\\/sfhera.com.br\\\/blog\\\/aplicativo-de-compartilhamento-de-guarda-chuvas-estreia-em-sp\\\/\",\"name\":\"Aplicativo de compartilhamento de guarda-chuvas estreia em SP - Sfhera Software\",\"isPartOf\":{\"@id\":\"https:\\\/\\\/sfhera.com.br\\\/blog\\\/#website\"},\"primaryImageOfPage\":{\"@id\":\"https:\\\/\\\/sfhera.com.br\\\/blog\\\/aplicativo-de-compartilhamento-de-guarda-chuvas-estreia-em-sp\\\/#primaryimage\"},\"image\":{\"@id\":\"https:\\\/\\\/sfhera.com.br\\\/blog\\\/aplicativo-de-compartilhamento-de-guarda-chuvas-estreia-em-sp\\\/#primaryimage\"},\"thumbnailUrl\":\"https:\\\/\\\/sfhera.com.br\\\/blog\\\/wp-content\\\/uploads\\\/2018\\\/02\\\/app-rentbrella.png\",\"datePublished\":\"2018-02-28T17:52:56+00:00\",\"breadcrumb\":{\"@id\":\"https:\\\/\\\/sfhera.com.br\\\/blog\\\/aplicativo-de-compartilhamento-de-guarda-chuvas-estreia-em-sp\\\/#breadcrumb\"},\"inLanguage\":\"pt-BR\",\"potentialAction\":[{\"@type\":\"ReadAction\",\"target\":[\"https:\\\/\\\/sfhera.com.br\\\/blog\\\/aplicativo-de-compartilhamento-de-guarda-chuvas-estreia-em-sp\\\/\"]}]},{\"@type\":\"ImageObject\",\"inLanguage\":\"pt-BR\",\"@id\":\"https:\\\/\\\/sfhera.com.br\\\/blog\\\/aplicativo-de-compartilhamento-de-guarda-chuvas-estreia-em-sp\\\/#primaryimage\",\"url\":\"https:\\\/\\\/sfhera.com.br\\\/blog\\\/wp-content\\\/uploads\\\/2018\\\/02\\\/app-rentbrella.png\",\"contentUrl\":\"https:\\\/\\\/sfhera.com.br\\\/blog\\\/wp-content\\\/uploads\\\/2018\\\/02\\\/app-rentbrella.png\",\"width\":680,\"height\":453,\"caption\":\"Rentbrella\"},{\"@type\":\"BreadcrumbList\",\"@id\":\"https:\\\/\\\/sfhera.com.br\\\/blog\\\/aplicativo-de-compartilhamento-de-guarda-chuvas-estreia-em-sp\\\/#breadcrumb\",\"itemListElement\":[{\"@type\":\"ListItem\",\"position\":1,\"name\":\"In\u00edcio\",\"item\":\"https:\\\/\\\/sfhera.com.br\\\/blog\\\/\"},{\"@type\":\"ListItem\",\"position\":2,\"name\":\"Aplicativo de compartilhamento de guarda-chuvas estreia em SP\"}]},{\"@type\":\"WebSite\",\"@id\":\"https:\\\/\\\/sfhera.com.br\\\/blog\\\/#website\",\"url\":\"https:\\\/\\\/sfhera.com.br\\\/blog\\\/\",\"name\":\"Sfhera Software\",\"description\":\"Aplicativos de Gest\u00e3o para o Varejo\",\"publisher\":{\"@id\":\"https:\\\/\\\/sfhera.com.br\\\/blog\\\/#organization\"},\"potentialAction\":[{\"@type\":\"SearchAction\",\"target\":{\"@type\":\"EntryPoint\",\"urlTemplate\":\"https:\\\/\\\/sfhera.com.br\\\/blog\\\/?s={search_term_string}\"},\"query-input\":{\"@type\":\"PropertyValueSpecification\",\"valueRequired\":true,\"valueName\":\"search_term_string\"}}],\"inLanguage\":\"pt-BR\"},{\"@type\":\"Organization\",\"@id\":\"https:\\\/\\\/sfhera.com.br\\\/blog\\\/#organization\",\"name\":\"Sfhera Software\",\"url\":\"https:\\\/\\\/sfhera.com.br\\\/blog\\\/\",\"logo\":{\"@type\":\"ImageObject\",\"inLanguage\":\"pt-BR\",\"@id\":\"https:\\\/\\\/sfhera.com.br\\\/blog\\\/#\\\/schema\\\/logo\\\/image\\\/\",\"url\":\"https:\\\/\\\/www.sfhera.com.br\\\/blog\\\/wp-content\\\/uploads\\\/2017\\\/06\\\/logo.png\",\"contentUrl\":\"https:\\\/\\\/www.sfhera.com.br\\\/blog\\\/wp-content\\\/uploads\\\/2017\\\/06\\\/logo.png\",\"width\":200,\"height\":65,\"caption\":\"Sfhera Software\"},\"image\":{\"@id\":\"https:\\\/\\\/sfhera.com.br\\\/blog\\\/#\\\/schema\\\/logo\\\/image\\\/\"},\"sameAs\":[\"https:\\\/\\\/www.facebook.com\\\/sfhera\",\"https:\\\/\\\/x.com\\\/sfhera\",\"https:\\\/\\\/br.linkedin.com\\\/company\\\/sfhera-software\"]},{\"@type\":\"Person\",\"@id\":\"https:\\\/\\\/sfhera.com.br\\\/blog\\\/#\\\/schema\\\/person\\\/0a21d0c7b6b15bda9d9c072dde915f2a\",\"name\":\"Sfhera Software\",\"image\":{\"@type\":\"ImageObject\",\"inLanguage\":\"pt-BR\",\"@id\":\"https:\\\/\\\/secure.gravatar.com\\\/avatar\\\/b1d1b13f14dd2dc5b3fb21e60579548fa4f79040171567f49ae19080fb354524?s=96&d=mm&r=g\",\"url\":\"https:\\\/\\\/secure.gravatar.com\\\/avatar\\\/b1d1b13f14dd2dc5b3fb21e60579548fa4f79040171567f49ae19080fb354524?s=96&d=mm&r=g\",\"contentUrl\":\"https:\\\/\\\/secure.gravatar.com\\\/avatar\\\/b1d1b13f14dd2dc5b3fb21e60579548fa4f79040171567f49ae19080fb354524?s=96&d=mm&r=g\",\"caption\":\"Sfhera Software\"},\"url\":\"https:\\\/\\\/sfhera.com.br\\\/blog\\\/author\\\/admin\\\/\"}]}<\/script>\n<!-- \/ Yoast SEO plugin. -->","yoast_head_json":{"title":"Aplicativo de compartilhamento de guarda-chuvas estreia em SP - Sfhera Software","robots":{"index":"index","follow":"follow","max-snippet":"max-snippet:-1","max-image-preview":"max-image-preview:large","max-video-preview":"max-video-preview:-1"},"canonical":"https:\/\/sfhera.com.br\/blog\/aplicativo-de-compartilhamento-de-guarda-chuvas-estreia-em-sp\/","og_locale":"pt_BR","og_type":"article","og_title":"Aplicativo de compartilhamento de guarda-chuvas estreia em SP - Sfhera Software","og_description":"Rentbrella tem mais de 30 mil guarda-chuvas na regi\u00e3o da Avenida Paulista S\u00e3o Paulo \u2013 Um novo\u00a0aplicativo\u00a0de compartilhamento de guarda-chuvas come\u00e7a a&hellip;","og_url":"https:\/\/sfhera.com.br\/blog\/aplicativo-de-compartilhamento-de-guarda-chuvas-estreia-em-sp\/","og_site_name":"Sfhera Software","article_publisher":"https:\/\/www.facebook.com\/sfhera","article_published_time":"2018-02-28T17:52:56+00:00","og_image":[{"width":680,"height":453,"url":"https:\/\/sfhera.com.br\/blog\/wp-content\/uploads\/2018\/02\/app-rentbrella.png","type":"image\/png"}],"author":"Sfhera Software","twitter_card":"summary_large_image","twitter_creator":"@sfhera","twitter_site":"@sfhera","twitter_misc":{"Escrito por":"Sfhera Software","Est. tempo de leitura":"1 minuto"},"schema":{"@context":"https:\/\/schema.org","@graph":[{"@type":"Article","@id":"https:\/\/sfhera.com.br\/blog\/aplicativo-de-compartilhamento-de-guarda-chuvas-estreia-em-sp\/#article","isPartOf":{"@id":"https:\/\/sfhera.com.br\/blog\/aplicativo-de-compartilhamento-de-guarda-chuvas-estreia-em-sp\/"},"author":{"name":"Sfhera Software","@id":"https:\/\/sfhera.com.br\/blog\/#\/schema\/person\/0a21d0c7b6b15bda9d9c072dde915f2a"},"headline":"Aplicativo de compartilhamento de guarda-chuvas estreia em SP","datePublished":"2018-02-28T17:52:56+00:00","mainEntityOfPage":{"@id":"https:\/\/sfhera.com.br\/blog\/aplicativo-de-compartilhamento-de-guarda-chuvas-estreia-em-sp\/"},"wordCount":270,"publisher":{"@id":"https:\/\/sfhera.com.br\/blog\/#organization"},"image":{"@id":"https:\/\/sfhera.com.br\/blog\/aplicativo-de-compartilhamento-de-guarda-chuvas-estreia-em-sp\/#primaryimage"},"thumbnailUrl":"https:\/\/sfhera.com.br\/blog\/wp-content\/uploads\/2018\/02\/app-rentbrella.png","keywords":["Rentbrella"],"articleSection":["Tecnologia"],"inLanguage":"pt-BR"},{"@type":"WebPage","@id":"https:\/\/sfhera.com.br\/blog\/aplicativo-de-compartilhamento-de-guarda-chuvas-estreia-em-sp\/","url":"https:\/\/sfhera.com.br\/blog\/aplicativo-de-compartilhamento-de-guarda-chuvas-estreia-em-sp\/","name":"Aplicativo de compartilhamento de guarda-chuvas estreia em SP - Sfhera Software","isPartOf":{"@id":"https:\/\/sfhera.com.br\/blog\/#website"},"primaryImageOfPage":{"@id":"https:\/\/sfhera.com.br\/blog\/aplicativo-de-compartilhamento-de-guarda-chuvas-estreia-em-sp\/#primaryimage"},"image":{"@id":"https:\/\/sfhera.com.br\/blog\/aplicativo-de-compartilhamento-de-guarda-chuvas-estreia-em-sp\/#primaryimage"},"thumbnailUrl":"https:\/\/sfhera.com.br\/blog\/wp-content\/uploads\/2018\/02\/app-rentbrella.png","datePublished":"2018-02-28T17:52:56+00:00","breadcrumb":{"@id":"https:\/\/sfhera.com.br\/blog\/aplicativo-de-compartilhamento-de-guarda-chuvas-estreia-em-sp\/#breadcrumb"},"inLanguage":"pt-BR","potentialAction":[{"@type":"ReadAction","target":["https:\/\/sfhera.com.br\/blog\/aplicativo-de-compartilhamento-de-guarda-chuvas-estreia-em-sp\/"]}]},{"@type":"ImageObject","inLanguage":"pt-BR","@id":"https:\/\/sfhera.com.br\/blog\/aplicativo-de-compartilhamento-de-guarda-chuvas-estreia-em-sp\/#primaryimage","url":"https:\/\/sfhera.com.br\/blog\/wp-content\/uploads\/2018\/02\/app-rentbrella.png","contentUrl":"https:\/\/sfhera.com.br\/blog\/wp-content\/uploads\/2018\/02\/app-rentbrella.png","width":680,"height":453,"caption":"Rentbrella"},{"@type":"BreadcrumbList","@id":"https:\/\/sfhera.com.br\/blog\/aplicativo-de-compartilhamento-de-guarda-chuvas-estreia-em-sp\/#breadcrumb","itemListElement":[{"@type":"ListItem","position":1,"name":"In\u00edcio","item":"https:\/\/sfhera.com.br\/blog\/"},{"@type":"ListItem","position":2,"name":"Aplicativo de compartilhamento de guarda-chuvas estreia em SP"}]},{"@type":"WebSite","@id":"https:\/\/sfhera.com.br\/blog\/#website","url":"https:\/\/sfhera.com.br\/blog\/","name":"Sfhera Software","description":"Aplicativos de Gest\u00e3o para o Varejo","publisher":{"@id":"https:\/\/sfhera.com.br\/blog\/#organization"},"potentialAction":[{"@type":"SearchAction","target":{"@type":"EntryPoint","urlTemplate":"https:\/\/sfhera.com.br\/blog\/?s={search_term_string}"},"query-input":{"@type":"PropertyValueSpecification","valueRequired":true,"valueName":"search_term_string"}}],"inLanguage":"pt-BR"},{"@type":"Organization","@id":"https:\/\/sfhera.com.br\/blog\/#organization","name":"Sfhera Software","url":"https:\/\/sfhera.com.br\/blog\/","logo":{"@type":"ImageObject","inLanguage":"pt-BR","@id":"https:\/\/sfhera.com.br\/blog\/#\/schema\/logo\/image\/","url":"https:\/\/www.sfhera.com.br\/blog\/wp-content\/uploads\/2017\/06\/logo.png","contentUrl":"https:\/\/www.sfhera.com.br\/blog\/wp-content\/uploads\/2017\/06\/logo.png","width":200,"height":65,"caption":"Sfhera Software"},"image":{"@id":"https:\/\/sfhera.com.br\/blog\/#\/schema\/logo\/image\/"},"sameAs":["https:\/\/www.facebook.com\/sfhera","https:\/\/x.com\/sfhera","https:\/\/br.linkedin.com\/company\/sfhera-software"]},{"@type":"Person","@id":"https:\/\/sfhera.com.br\/blog\/#\/schema\/person\/0a21d0c7b6b15bda9d9c072dde915f2a","name":"Sfhera Software","image":{"@type":"ImageObject","inLanguage":"pt-BR","@id":"https:\/\/secure.gravatar.com\/avatar\/b1d1b13f14dd2dc5b3fb21e60579548fa4f79040171567f49ae19080fb354524?s=96&d=mm&r=g","url":"https:\/\/secure.gravatar.com\/avatar\/b1d1b13f14dd2dc5b3fb21e60579548fa4f79040171567f49ae19080fb354524?s=96&d=mm&r=g","contentUrl":"https:\/\/secure.gravatar.com\/avatar\/b1d1b13f14dd2dc5b3fb21e60579548fa4f79040171567f49ae19080fb354524?s=96&d=mm&r=g","caption":"Sfhera Software"},"url":"https:\/\/sfhera.com.br\/blog\/author\/admin\/"}]}},"_links":{"self":[{"href":"https:\/\/sfhera.com.br\/blog\/wp-json\/wp\/v2\/posts\/756","targetHints":{"allow":["GET"]}}],"collection":[{"href":"https:\/\/sfhera.com.br\/blog\/wp-json\/wp\/v2\/posts"}],"about":[{"href":"https:\/\/sfhera.com.br\/blog\/wp-json\/wp\/v2\/types\/post"}],"author":[{"embeddable":true,"href":"https:\/\/sfhera.com.br\/blog\/wp-json\/wp\/v2\/users\/1"}],"replies":[{"embeddable":true,"href":"https:\/\/sfhera.com.br\/blog\/wp-json\/wp\/v2\/comments?post=756"}],"version-history":[{"count":1,"href":"https:\/\/sfhera.com.br\/blog\/wp-json\/wp\/v2\/posts\/756\/revisions"}],"predecessor-version":[{"id":758,"href":"https:\/\/sfhera.com.br\/blog\/wp-json\/wp\/v2\/posts\/756\/revisions\/758"}],"wp:featuredmedia":[{"embeddable":true,"href":"https:\/\/sfhera.com.br\/blog\/wp-json\/wp\/v2\/media\/757"}],"wp:attachment":[{"href":"https:\/\/sfhera.com.br\/blog\/wp-json\/wp\/v2\/media?parent=756"}],"wp:term":[{"taxonomy":"category","embeddable":true,"href":"https:\/\/sfhera.com.br\/blog\/wp-json\/wp\/v2\/categories?post=756"},{"taxonomy":"post_tag","embeddable":true,"href":"https:\/\/sfhera.com.br\/blog\/wp-json\/wp\/v2\/tags?post=756"}],"curies":[{"name":"wp","href":"https:\/\/api.w.org\/{rel}","templated":true}]}}