{"id":790,"date":"2018-04-09T11:53:35","date_gmt":"2018-04-09T14:53:35","guid":{"rendered":"https:\/\/sfhera.com.br\/blog\/?p=790"},"modified":"2018-04-09T11:54:08","modified_gmt":"2018-04-09T14:54:08","slug":"relacao-entre-gestao-do-conhecimento-e-o-capital-intelectual-nas-organizacoes","status":"publish","type":"post","link":"https:\/\/sfhera.com.br\/blog\/relacao-entre-gestao-do-conhecimento-e-o-capital-intelectual-nas-organizacoes\/","title":{"rendered":"A RELA\u00c7\u00c3O ENTRE A GEST\u00c3O DO CONHECIMENTO E O CAPITAL INTELECTUAL NAS ORGANIZA\u00c7\u00d5ES"},"content":{"rendered":"<p>O capital intelectual \u00e9 a soma do conhecimento e de informa\u00e7\u00f5es de todos os colaboradores de uma organiza\u00e7\u00e3o. Sendo assim, \u00e9 preciso que os gestores saibam identificar quem s\u00e3o produtores desse conhecimento para incentiv\u00e1-los a gerenciar e\u00a0<strong>compartilhar a criatividade<\/strong>. E esse n\u00e3o \u00e9 uma tarefa f\u00e1cil, pois esse conceito \u00e9 intang\u00edvel e invis\u00edvel.<\/p>\n<p>A gest\u00e3o de conhecimento \u00e9 respons\u00e1vel por formalizar e sistematizar os processos de gest\u00e3o, identifica\u00e7\u00e3o e controle do capital intelectual. Muitos colaboradores possuem grandes conhecimentos para compartilhar, mas geralmente t\u00eam pouco tempo dispon\u00edvel para isso.<\/p>\n<p>Saber gerir a sapi\u00eancia tem proporcionado uma nova vis\u00e3o \u00e0s organiza\u00e7\u00f5es, que conseguem avaliar seus recursos e aprimorar a efici\u00eancia empresarial por meio do conhecimento e do capital intelectual de seus colaboradores.<\/p>\n<h2><strong>O que \u00e9 gest\u00e3o do conhecimento<\/strong><\/h2>\n<p>A\u00a0<strong>gest\u00e3o do conhecimento\u00a0<\/strong>se tornou uma ferramenta fundamental dentro de uma corpora\u00e7\u00e3o, pois \u00e9 uma forma eficiente de aproveitar a sabedoria adquirida pelos colaboradores no dia a dia de trabalho.<\/p>\n<p>As a\u00e7\u00f5es que demonstram uma ger\u00eancia preocupada com esse tema est\u00e3o ligadas a como motivar os colaboradores e a como criar espa\u00e7os e oportunidades para que eles realmente usem. N\u00e3o adianta s\u00f3 incentivar que eles desenvolvam habilidades e n\u00e3o apresentar um caminho que os ajudem a se capacitarem.<\/p>\n<p>Antes de come\u00e7ar a distribuir inscri\u00e7\u00f5es para cursos de maneira desorganizada, \u00e9 essencial que a empresa entenda quais s\u00e3o os perfis de funcion\u00e1rios que ela t\u00eam e quais s\u00e3o as principais necessidades deles.<\/p>\n<p>Tamb\u00e9m \u00e9 importante implantar um programa de feedback. O projeto deve avaliar desde o gestor at\u00e9 o estagi\u00e1rio e deve contar com autoavalia\u00e7\u00e3o, avalia\u00e7\u00e3o da \u00e1rea, da lideran\u00e7a e da empresa. Esse processo pode ser o in\u00edcio de um programa de um plano de carreira. (&#8230;)<\/p>\n<p>Com essas etapas cumpridas \u00e9 mais simples seguir com um plano de gest\u00e3o de pessoas e de benef\u00edcios. \u00c9 poss\u00edvel criar um projeto de treinamentos, cursos complementares, capacita\u00e7\u00f5es, workshops, din\u00e2micas e forma\u00e7\u00f5es destinadas para grupos de perfis e para completar v\u00e1cuos de conhecimento. Tamb\u00e9m ser\u00e1 poss\u00edvel garantir um plano de benef\u00edcios realmente interessante, que esteja atrelado \u00e0 cultura da empresa e que ir\u00e1 agradar a maioria.<\/p>\n<p>Claro que todas essas a\u00e7\u00f5es precisam ser divulgadas da maneira mais assertiva para os colaboradores. Para isso, vale e-mail corporativo, quadro de avisos, palestras internas, e propaganda boca a boca. Al\u00e9m disso, tamb\u00e9m \u00e9 bacana ter um embaixador de cada a\u00e7\u00e3o para que ele tamb\u00e9m tenha a responsabilidade de comunicar. Assim, o processo envolve a todos.<\/p>\n<p>Motivar as pessoas faz com que a empresa cres\u00e7a de forma que cada colaborador adquira mais conhecimento, agregando mais valor ao trabalho e aproveitando os talentos dos colaboradores.<\/p>\n<h2><strong>O que \u00e9 capital intelectual<\/strong><\/h2>\n<p>J\u00e1 falamos bastante da import\u00e2ncia do capital intelectual, agora \u00e9 o momento de eu mostrar a voc\u00eas do que ele \u00e9 constru\u00eddo. Confira:<\/p>\n<ul>\n<li><strong>Capital humano:<\/strong>\u00a0se refere ao conhecimento expl\u00edcito ou impl\u00edcito. \u00c9 \u00fatil para empresas que possuem colaboradores com alta capacidade de aprendizado.<\/li>\n<li><strong>Capital estrutural:\u00a0<\/strong>\u00e9 a sabedoria que a organiza\u00e7\u00e3o consegue formalizar, explicitar e sistematizar. Isso inclui todo o conhecimento estruturado que depende da efic\u00e1cia e efici\u00eancia interna da organiza\u00e7\u00e3o. O capital estrutural faz parte da propriedade da empresa e, mesmo que o funcion\u00e1rio se desligue da institui\u00e7\u00e3o, ele permanece na empresa.<\/li>\n<li><strong>Capital relacional:<\/strong>\u00a0essa camada diz respeito ao conjunto de rela\u00e7\u00f5es da empresa com o p\u00fablico externo. A qualidade e a sustentabilidade da base de clientes de uma empresa e o seu potencial para gerar novos clientes s\u00e3o quest\u00f5es essenciais para o sucesso. Al\u00e9m disso, o conhecimento que pode ser obtido a partir da rela\u00e7\u00e3o com outros agentes do exterior \u00e9 fundamental.<\/li>\n<li><strong>Capital interno:\u00a0<\/strong>s\u00e3o os conceitos, processos, sistemas administrativos, modelos desenvolvidos por pessoas e empresas.<\/li>\n<li><strong>Capital externo:\u00a0<\/strong>relacionamento com os clientes, os stakeholders, os fornecedores, os concorrentes, a gest\u00e3o da marca, a imagem e a reputa\u00e7\u00e3o.<\/li>\n<\/ul>\n<h2><strong>A gest\u00e3o do conhecimento e o capital intelectual<\/strong><\/h2>\n<p>A partir da leitura do texto \u00e9 poss\u00edvel perceber que a gest\u00e3o do conhecimento n\u00e3o \u00e9 sin\u00f4nimo de capital intelectual. Enquanto um se preocupa com o desenvolvimento, a obten\u00e7\u00e3o e a organiza\u00e7\u00e3o da dissemina\u00e7\u00e3o da sabedoria o outro \u00e9 focado na preserva\u00e7\u00e3o de tudo que \u00e9 gerado dentro de uma organiza\u00e7\u00e3o. Apesar de serem temas diferentes um depende do outro e podem ser bem geridos pelo RH.<\/p>\n<h2><strong>O poder do autoconhecimento<\/strong><\/h2>\n<p>O que voc\u00ea sabe? Se disser nada estar\u00e1 mentindo. Tenho certeza de que voc\u00ea tem muito conhecimento guardado que ainda n\u00e3o exp\u00f5e. O autoconhecimento, proposto em um processo de coaching, \u00e9 ideal para descobrir esse tipo de fato. A forma\u00e7\u00e3o \u00e9 uma investiga\u00e7\u00e3o profunda de todas suas caracter\u00edsticas fortes e de quais maneiras elas podem ficar ainda mais empoderadas. (&#8230;) Depois de praticar o exerc\u00edcio de compreender a si mesmo, ser\u00e1 mais f\u00e1cil responder esse tipo de pergunta.<\/p>\n<h2><strong>Dicas de leitura<\/strong><\/h2>\n<p>Quer aprofundar seus conhecimentos? Confira tr\u00eas livros super interessantes para ler e ficar sabendo mais sobre capital intelectual.<\/p>\n<ul>\n<li>O livro \u201cCapital Intelectual\u201d do Thomas A. Stewart, mostra como descobrir, gerenciar e at\u00e9 desenvolver o capital intelectual na Era da Informa\u00e7\u00e3o.<\/li>\n<li>A obra \u201cCapital Intelectual \u2013 O grande desafio das organiza\u00e7\u00f5es\u201d, escrito por Jos\u00e9 Renato S\u00e1tiro Santiago Junior e por Jos\u00e9 Renato S\u00e1tiro Santiago, que mostra que a import\u00e2ncia que o conhecimento adquiriu para as empresas ao longo dos anos.<\/li>\n<li>O livro \u201cCapital Intelectual\u201d do Mauricio Sita, que apresenta a essencialidade de aplicar eficiente a sabedoria adquirida no lugar de apenas discursar sobre ela.<\/li>\n<\/ul>\n<h2><strong>Qual \u00e9 o valor dos colaboradores<\/strong><\/h2>\n<p>Quanto voc\u00ea vale para o mercado de trabalho? Lembre-se de que voc\u00ea acumula experi\u00eancias pessoais, experi\u00eancias profissionais, estudos, tecnicidade, capacidade de aprender e conhecimento. Nossa! Com tudo isso \u00e9 f\u00e1cil pensar que o intelecto de ningu\u00e9m tem valor, n\u00e3o \u00e9 mesmo?<\/p>\n<p>O seu conhecimento n\u00e3o tem valor. Por\u00e9m, como vivemos em uma l\u00f3gica que precisamos de dinheiro para comprar as coisas, sua sabedoria tem valor e ele se chama sal\u00e1rio. Por isso, \u00e9 essencial que voc\u00ea valorize o que voc\u00ea sabe, sua capacidade de aprender, sua experi\u00eancia e sua habilidade de aplicar o que voc\u00ea tem para oferecer. Essa capacidade \u00e9 s\u00f3 sua e voc\u00ea deve cuidar para que ela evolua constantemente e tamb\u00e9m para que seja devidamente reconhecida.<\/p>\n<p>Fonte: Portal IBC<\/p>\n","protected":false},"excerpt":{"rendered":"<p>O capital intelectual \u00e9 a soma do conhecimento e de informa\u00e7\u00f5es de todos os colaboradores de uma organiza\u00e7\u00e3o. Sendo assim, \u00e9 preciso&hellip;<\/p>\n","protected":false},"author":1,"featured_media":791,"comment_status":"closed","ping_status":"open","sticky":false,"template":"","format":"standard","meta":{"footnotes":""},"categories":[4],"tags":[],"class_list":["post-790","post","type-post","status-publish","format-standard","has-post-thumbnail","hentry","category-gestaoenegocios"],"yoast_head":"<!-- This site is optimized with the Yoast SEO plugin v27.5 - https:\/\/yoast.com\/product\/yoast-seo-wordpress\/ -->\n<title>A RELA\u00c7\u00c3O ENTRE A GEST\u00c3O DO CONHECIMENTO E O CAPITAL INTELECTUAL NAS ORGANIZA\u00c7\u00d5ES - Sfhera Software<\/title>\n<meta name=\"robots\" content=\"index, follow, max-snippet:-1, max-image-preview:large, max-video-preview:-1\" \/>\n<link rel=\"canonical\" href=\"https:\/\/sfhera.com.br\/blog\/relacao-entre-gestao-do-conhecimento-e-o-capital-intelectual-nas-organizacoes\/\" \/>\n<meta property=\"og:locale\" content=\"pt_BR\" \/>\n<meta property=\"og:type\" content=\"article\" \/>\n<meta property=\"og:title\" content=\"A RELA\u00c7\u00c3O ENTRE A GEST\u00c3O DO CONHECIMENTO E O CAPITAL INTELECTUAL NAS ORGANIZA\u00c7\u00d5ES - Sfhera Software\" \/>\n<meta property=\"og:description\" content=\"O capital intelectual \u00e9 a soma do conhecimento e de informa\u00e7\u00f5es de todos os colaboradores de uma organiza\u00e7\u00e3o. Sendo assim, \u00e9 preciso&hellip;\" \/>\n<meta property=\"og:url\" content=\"https:\/\/sfhera.com.br\/blog\/relacao-entre-gestao-do-conhecimento-e-o-capital-intelectual-nas-organizacoes\/\" \/>\n<meta property=\"og:site_name\" content=\"Sfhera Software\" \/>\n<meta property=\"article:publisher\" content=\"https:\/\/www.facebook.com\/sfhera\" \/>\n<meta property=\"article:published_time\" content=\"2018-04-09T14:53:35+00:00\" \/>\n<meta property=\"article:modified_time\" content=\"2018-04-09T14:54:08+00:00\" \/>\n<meta property=\"og:image\" content=\"https:\/\/sfhera.com.br\/blog\/wp-content\/uploads\/2018\/04\/gest\u00e3o-do-conhecimento-blog-vhsys-08-08_1.jpg\" \/>\n\t<meta property=\"og:image:width\" content=\"700\" \/>\n\t<meta property=\"og:image:height\" content=\"461\" \/>\n\t<meta property=\"og:image:type\" content=\"image\/jpeg\" \/>\n<meta name=\"author\" content=\"Sfhera Software\" \/>\n<meta name=\"twitter:card\" content=\"summary_large_image\" \/>\n<meta name=\"twitter:creator\" content=\"@sfhera\" \/>\n<meta name=\"twitter:site\" content=\"@sfhera\" \/>\n<meta name=\"twitter:label1\" content=\"Escrito por\" \/>\n\t<meta name=\"twitter:data1\" content=\"Sfhera Software\" \/>\n\t<meta name=\"twitter:label2\" content=\"Est. tempo de leitura\" \/>\n\t<meta name=\"twitter:data2\" content=\"5 minutos\" \/>\n<script type=\"application\/ld+json\" class=\"yoast-schema-graph\">{\"@context\":\"https:\\\/\\\/schema.org\",\"@graph\":[{\"@type\":\"Article\",\"@id\":\"https:\\\/\\\/sfhera.com.br\\\/blog\\\/relacao-entre-gestao-do-conhecimento-e-o-capital-intelectual-nas-organizacoes\\\/#article\",\"isPartOf\":{\"@id\":\"https:\\\/\\\/sfhera.com.br\\\/blog\\\/relacao-entre-gestao-do-conhecimento-e-o-capital-intelectual-nas-organizacoes\\\/\"},\"author\":{\"name\":\"Sfhera Software\",\"@id\":\"https:\\\/\\\/sfhera.com.br\\\/blog\\\/#\\\/schema\\\/person\\\/0a21d0c7b6b15bda9d9c072dde915f2a\"},\"headline\":\"A RELA\u00c7\u00c3O ENTRE A GEST\u00c3O DO CONHECIMENTO E O CAPITAL INTELECTUAL NAS ORGANIZA\u00c7\u00d5ES\",\"datePublished\":\"2018-04-09T14:53:35+00:00\",\"dateModified\":\"2018-04-09T14:54:08+00:00\",\"mainEntityOfPage\":{\"@id\":\"https:\\\/\\\/sfhera.com.br\\\/blog\\\/relacao-entre-gestao-do-conhecimento-e-o-capital-intelectual-nas-organizacoes\\\/\"},\"wordCount\":1113,\"publisher\":{\"@id\":\"https:\\\/\\\/sfhera.com.br\\\/blog\\\/#organization\"},\"image\":{\"@id\":\"https:\\\/\\\/sfhera.com.br\\\/blog\\\/relacao-entre-gestao-do-conhecimento-e-o-capital-intelectual-nas-organizacoes\\\/#primaryimage\"},\"thumbnailUrl\":\"https:\\\/\\\/sfhera.com.br\\\/blog\\\/wp-content\\\/uploads\\\/2018\\\/04\\\/gest\u00e3o-do-conhecimento-blog-vhsys-08-08_1.jpg\",\"articleSection\":[\"Gest\u00e3o e Neg\u00f3cios\"],\"inLanguage\":\"pt-BR\"},{\"@type\":\"WebPage\",\"@id\":\"https:\\\/\\\/sfhera.com.br\\\/blog\\\/relacao-entre-gestao-do-conhecimento-e-o-capital-intelectual-nas-organizacoes\\\/\",\"url\":\"https:\\\/\\\/sfhera.com.br\\\/blog\\\/relacao-entre-gestao-do-conhecimento-e-o-capital-intelectual-nas-organizacoes\\\/\",\"name\":\"A RELA\u00c7\u00c3O ENTRE A GEST\u00c3O DO CONHECIMENTO E O CAPITAL INTELECTUAL NAS ORGANIZA\u00c7\u00d5ES - Sfhera Software\",\"isPartOf\":{\"@id\":\"https:\\\/\\\/sfhera.com.br\\\/blog\\\/#website\"},\"primaryImageOfPage\":{\"@id\":\"https:\\\/\\\/sfhera.com.br\\\/blog\\\/relacao-entre-gestao-do-conhecimento-e-o-capital-intelectual-nas-organizacoes\\\/#primaryimage\"},\"image\":{\"@id\":\"https:\\\/\\\/sfhera.com.br\\\/blog\\\/relacao-entre-gestao-do-conhecimento-e-o-capital-intelectual-nas-organizacoes\\\/#primaryimage\"},\"thumbnailUrl\":\"https:\\\/\\\/sfhera.com.br\\\/blog\\\/wp-content\\\/uploads\\\/2018\\\/04\\\/gest\u00e3o-do-conhecimento-blog-vhsys-08-08_1.jpg\",\"datePublished\":\"2018-04-09T14:53:35+00:00\",\"dateModified\":\"2018-04-09T14:54:08+00:00\",\"breadcrumb\":{\"@id\":\"https:\\\/\\\/sfhera.com.br\\\/blog\\\/relacao-entre-gestao-do-conhecimento-e-o-capital-intelectual-nas-organizacoes\\\/#breadcrumb\"},\"inLanguage\":\"pt-BR\",\"potentialAction\":[{\"@type\":\"ReadAction\",\"target\":[\"https:\\\/\\\/sfhera.com.br\\\/blog\\\/relacao-entre-gestao-do-conhecimento-e-o-capital-intelectual-nas-organizacoes\\\/\"]}]},{\"@type\":\"ImageObject\",\"inLanguage\":\"pt-BR\",\"@id\":\"https:\\\/\\\/sfhera.com.br\\\/blog\\\/relacao-entre-gestao-do-conhecimento-e-o-capital-intelectual-nas-organizacoes\\\/#primaryimage\",\"url\":\"https:\\\/\\\/sfhera.com.br\\\/blog\\\/wp-content\\\/uploads\\\/2018\\\/04\\\/gest\u00e3o-do-conhecimento-blog-vhsys-08-08_1.jpg\",\"contentUrl\":\"https:\\\/\\\/sfhera.com.br\\\/blog\\\/wp-content\\\/uploads\\\/2018\\\/04\\\/gest\u00e3o-do-conhecimento-blog-vhsys-08-08_1.jpg\",\"width\":700,\"height\":461,\"caption\":\"gest\u00e3o do conhecimento\"},{\"@type\":\"BreadcrumbList\",\"@id\":\"https:\\\/\\\/sfhera.com.br\\\/blog\\\/relacao-entre-gestao-do-conhecimento-e-o-capital-intelectual-nas-organizacoes\\\/#breadcrumb\",\"itemListElement\":[{\"@type\":\"ListItem\",\"position\":1,\"name\":\"In\u00edcio\",\"item\":\"https:\\\/\\\/sfhera.com.br\\\/blog\\\/\"},{\"@type\":\"ListItem\",\"position\":2,\"name\":\"A RELA\u00c7\u00c3O ENTRE A GEST\u00c3O DO CONHECIMENTO E O CAPITAL INTELECTUAL NAS ORGANIZA\u00c7\u00d5ES\"}]},{\"@type\":\"WebSite\",\"@id\":\"https:\\\/\\\/sfhera.com.br\\\/blog\\\/#website\",\"url\":\"https:\\\/\\\/sfhera.com.br\\\/blog\\\/\",\"name\":\"Sfhera Software\",\"description\":\"Aplicativos de Gest\u00e3o para o Varejo\",\"publisher\":{\"@id\":\"https:\\\/\\\/sfhera.com.br\\\/blog\\\/#organization\"},\"potentialAction\":[{\"@type\":\"SearchAction\",\"target\":{\"@type\":\"EntryPoint\",\"urlTemplate\":\"https:\\\/\\\/sfhera.com.br\\\/blog\\\/?s={search_term_string}\"},\"query-input\":{\"@type\":\"PropertyValueSpecification\",\"valueRequired\":true,\"valueName\":\"search_term_string\"}}],\"inLanguage\":\"pt-BR\"},{\"@type\":\"Organization\",\"@id\":\"https:\\\/\\\/sfhera.com.br\\\/blog\\\/#organization\",\"name\":\"Sfhera Software\",\"url\":\"https:\\\/\\\/sfhera.com.br\\\/blog\\\/\",\"logo\":{\"@type\":\"ImageObject\",\"inLanguage\":\"pt-BR\",\"@id\":\"https:\\\/\\\/sfhera.com.br\\\/blog\\\/#\\\/schema\\\/logo\\\/image\\\/\",\"url\":\"https:\\\/\\\/www.sfhera.com.br\\\/blog\\\/wp-content\\\/uploads\\\/2017\\\/06\\\/logo.png\",\"contentUrl\":\"https:\\\/\\\/www.sfhera.com.br\\\/blog\\\/wp-content\\\/uploads\\\/2017\\\/06\\\/logo.png\",\"width\":200,\"height\":65,\"caption\":\"Sfhera Software\"},\"image\":{\"@id\":\"https:\\\/\\\/sfhera.com.br\\\/blog\\\/#\\\/schema\\\/logo\\\/image\\\/\"},\"sameAs\":[\"https:\\\/\\\/www.facebook.com\\\/sfhera\",\"https:\\\/\\\/x.com\\\/sfhera\",\"https:\\\/\\\/br.linkedin.com\\\/company\\\/sfhera-software\"]},{\"@type\":\"Person\",\"@id\":\"https:\\\/\\\/sfhera.com.br\\\/blog\\\/#\\\/schema\\\/person\\\/0a21d0c7b6b15bda9d9c072dde915f2a\",\"name\":\"Sfhera Software\",\"image\":{\"@type\":\"ImageObject\",\"inLanguage\":\"pt-BR\",\"@id\":\"https:\\\/\\\/secure.gravatar.com\\\/avatar\\\/b1d1b13f14dd2dc5b3fb21e60579548fa4f79040171567f49ae19080fb354524?s=96&d=mm&r=g\",\"url\":\"https:\\\/\\\/secure.gravatar.com\\\/avatar\\\/b1d1b13f14dd2dc5b3fb21e60579548fa4f79040171567f49ae19080fb354524?s=96&d=mm&r=g\",\"contentUrl\":\"https:\\\/\\\/secure.gravatar.com\\\/avatar\\\/b1d1b13f14dd2dc5b3fb21e60579548fa4f79040171567f49ae19080fb354524?s=96&d=mm&r=g\",\"caption\":\"Sfhera Software\"},\"url\":\"https:\\\/\\\/sfhera.com.br\\\/blog\\\/author\\\/admin\\\/\"}]}<\/script>\n<!-- \/ Yoast SEO plugin. -->","yoast_head_json":{"title":"A RELA\u00c7\u00c3O ENTRE A GEST\u00c3O DO CONHECIMENTO E O CAPITAL INTELECTUAL NAS ORGANIZA\u00c7\u00d5ES - Sfhera Software","robots":{"index":"index","follow":"follow","max-snippet":"max-snippet:-1","max-image-preview":"max-image-preview:large","max-video-preview":"max-video-preview:-1"},"canonical":"https:\/\/sfhera.com.br\/blog\/relacao-entre-gestao-do-conhecimento-e-o-capital-intelectual-nas-organizacoes\/","og_locale":"pt_BR","og_type":"article","og_title":"A RELA\u00c7\u00c3O ENTRE A GEST\u00c3O DO CONHECIMENTO E O CAPITAL INTELECTUAL NAS ORGANIZA\u00c7\u00d5ES - Sfhera Software","og_description":"O capital intelectual \u00e9 a soma do conhecimento e de informa\u00e7\u00f5es de todos os colaboradores de uma organiza\u00e7\u00e3o. Sendo assim, \u00e9 preciso&hellip;","og_url":"https:\/\/sfhera.com.br\/blog\/relacao-entre-gestao-do-conhecimento-e-o-capital-intelectual-nas-organizacoes\/","og_site_name":"Sfhera Software","article_publisher":"https:\/\/www.facebook.com\/sfhera","article_published_time":"2018-04-09T14:53:35+00:00","article_modified_time":"2018-04-09T14:54:08+00:00","og_image":[{"width":700,"height":461,"url":"https:\/\/sfhera.com.br\/blog\/wp-content\/uploads\/2018\/04\/gest\u00e3o-do-conhecimento-blog-vhsys-08-08_1.jpg","type":"image\/jpeg"}],"author":"Sfhera Software","twitter_card":"summary_large_image","twitter_creator":"@sfhera","twitter_site":"@sfhera","twitter_misc":{"Escrito por":"Sfhera Software","Est. tempo de leitura":"5 minutos"},"schema":{"@context":"https:\/\/schema.org","@graph":[{"@type":"Article","@id":"https:\/\/sfhera.com.br\/blog\/relacao-entre-gestao-do-conhecimento-e-o-capital-intelectual-nas-organizacoes\/#article","isPartOf":{"@id":"https:\/\/sfhera.com.br\/blog\/relacao-entre-gestao-do-conhecimento-e-o-capital-intelectual-nas-organizacoes\/"},"author":{"name":"Sfhera Software","@id":"https:\/\/sfhera.com.br\/blog\/#\/schema\/person\/0a21d0c7b6b15bda9d9c072dde915f2a"},"headline":"A RELA\u00c7\u00c3O ENTRE A GEST\u00c3O DO CONHECIMENTO E O CAPITAL INTELECTUAL NAS ORGANIZA\u00c7\u00d5ES","datePublished":"2018-04-09T14:53:35+00:00","dateModified":"2018-04-09T14:54:08+00:00","mainEntityOfPage":{"@id":"https:\/\/sfhera.com.br\/blog\/relacao-entre-gestao-do-conhecimento-e-o-capital-intelectual-nas-organizacoes\/"},"wordCount":1113,"publisher":{"@id":"https:\/\/sfhera.com.br\/blog\/#organization"},"image":{"@id":"https:\/\/sfhera.com.br\/blog\/relacao-entre-gestao-do-conhecimento-e-o-capital-intelectual-nas-organizacoes\/#primaryimage"},"thumbnailUrl":"https:\/\/sfhera.com.br\/blog\/wp-content\/uploads\/2018\/04\/gest\u00e3o-do-conhecimento-blog-vhsys-08-08_1.jpg","articleSection":["Gest\u00e3o e Neg\u00f3cios"],"inLanguage":"pt-BR"},{"@type":"WebPage","@id":"https:\/\/sfhera.com.br\/blog\/relacao-entre-gestao-do-conhecimento-e-o-capital-intelectual-nas-organizacoes\/","url":"https:\/\/sfhera.com.br\/blog\/relacao-entre-gestao-do-conhecimento-e-o-capital-intelectual-nas-organizacoes\/","name":"A RELA\u00c7\u00c3O ENTRE A GEST\u00c3O DO CONHECIMENTO E O CAPITAL INTELECTUAL NAS ORGANIZA\u00c7\u00d5ES - Sfhera Software","isPartOf":{"@id":"https:\/\/sfhera.com.br\/blog\/#website"},"primaryImageOfPage":{"@id":"https:\/\/sfhera.com.br\/blog\/relacao-entre-gestao-do-conhecimento-e-o-capital-intelectual-nas-organizacoes\/#primaryimage"},"image":{"@id":"https:\/\/sfhera.com.br\/blog\/relacao-entre-gestao-do-conhecimento-e-o-capital-intelectual-nas-organizacoes\/#primaryimage"},"thumbnailUrl":"https:\/\/sfhera.com.br\/blog\/wp-content\/uploads\/2018\/04\/gest\u00e3o-do-conhecimento-blog-vhsys-08-08_1.jpg","datePublished":"2018-04-09T14:53:35+00:00","dateModified":"2018-04-09T14:54:08+00:00","breadcrumb":{"@id":"https:\/\/sfhera.com.br\/blog\/relacao-entre-gestao-do-conhecimento-e-o-capital-intelectual-nas-organizacoes\/#breadcrumb"},"inLanguage":"pt-BR","potentialAction":[{"@type":"ReadAction","target":["https:\/\/sfhera.com.br\/blog\/relacao-entre-gestao-do-conhecimento-e-o-capital-intelectual-nas-organizacoes\/"]}]},{"@type":"ImageObject","inLanguage":"pt-BR","@id":"https:\/\/sfhera.com.br\/blog\/relacao-entre-gestao-do-conhecimento-e-o-capital-intelectual-nas-organizacoes\/#primaryimage","url":"https:\/\/sfhera.com.br\/blog\/wp-content\/uploads\/2018\/04\/gest\u00e3o-do-conhecimento-blog-vhsys-08-08_1.jpg","contentUrl":"https:\/\/sfhera.com.br\/blog\/wp-content\/uploads\/2018\/04\/gest\u00e3o-do-conhecimento-blog-vhsys-08-08_1.jpg","width":700,"height":461,"caption":"gest\u00e3o do conhecimento"},{"@type":"BreadcrumbList","@id":"https:\/\/sfhera.com.br\/blog\/relacao-entre-gestao-do-conhecimento-e-o-capital-intelectual-nas-organizacoes\/#breadcrumb","itemListElement":[{"@type":"ListItem","position":1,"name":"In\u00edcio","item":"https:\/\/sfhera.com.br\/blog\/"},{"@type":"ListItem","position":2,"name":"A RELA\u00c7\u00c3O ENTRE A GEST\u00c3O DO CONHECIMENTO E O CAPITAL INTELECTUAL NAS ORGANIZA\u00c7\u00d5ES"}]},{"@type":"WebSite","@id":"https:\/\/sfhera.com.br\/blog\/#website","url":"https:\/\/sfhera.com.br\/blog\/","name":"Sfhera Software","description":"Aplicativos de Gest\u00e3o para o Varejo","publisher":{"@id":"https:\/\/sfhera.com.br\/blog\/#organization"},"potentialAction":[{"@type":"SearchAction","target":{"@type":"EntryPoint","urlTemplate":"https:\/\/sfhera.com.br\/blog\/?s={search_term_string}"},"query-input":{"@type":"PropertyValueSpecification","valueRequired":true,"valueName":"search_term_string"}}],"inLanguage":"pt-BR"},{"@type":"Organization","@id":"https:\/\/sfhera.com.br\/blog\/#organization","name":"Sfhera Software","url":"https:\/\/sfhera.com.br\/blog\/","logo":{"@type":"ImageObject","inLanguage":"pt-BR","@id":"https:\/\/sfhera.com.br\/blog\/#\/schema\/logo\/image\/","url":"https:\/\/www.sfhera.com.br\/blog\/wp-content\/uploads\/2017\/06\/logo.png","contentUrl":"https:\/\/www.sfhera.com.br\/blog\/wp-content\/uploads\/2017\/06\/logo.png","width":200,"height":65,"caption":"Sfhera Software"},"image":{"@id":"https:\/\/sfhera.com.br\/blog\/#\/schema\/logo\/image\/"},"sameAs":["https:\/\/www.facebook.com\/sfhera","https:\/\/x.com\/sfhera","https:\/\/br.linkedin.com\/company\/sfhera-software"]},{"@type":"Person","@id":"https:\/\/sfhera.com.br\/blog\/#\/schema\/person\/0a21d0c7b6b15bda9d9c072dde915f2a","name":"Sfhera Software","image":{"@type":"ImageObject","inLanguage":"pt-BR","@id":"https:\/\/secure.gravatar.com\/avatar\/b1d1b13f14dd2dc5b3fb21e60579548fa4f79040171567f49ae19080fb354524?s=96&d=mm&r=g","url":"https:\/\/secure.gravatar.com\/avatar\/b1d1b13f14dd2dc5b3fb21e60579548fa4f79040171567f49ae19080fb354524?s=96&d=mm&r=g","contentUrl":"https:\/\/secure.gravatar.com\/avatar\/b1d1b13f14dd2dc5b3fb21e60579548fa4f79040171567f49ae19080fb354524?s=96&d=mm&r=g","caption":"Sfhera Software"},"url":"https:\/\/sfhera.com.br\/blog\/author\/admin\/"}]}},"_links":{"self":[{"href":"https:\/\/sfhera.com.br\/blog\/wp-json\/wp\/v2\/posts\/790","targetHints":{"allow":["GET"]}}],"collection":[{"href":"https:\/\/sfhera.com.br\/blog\/wp-json\/wp\/v2\/posts"}],"about":[{"href":"https:\/\/sfhera.com.br\/blog\/wp-json\/wp\/v2\/types\/post"}],"author":[{"embeddable":true,"href":"https:\/\/sfhera.com.br\/blog\/wp-json\/wp\/v2\/users\/1"}],"replies":[{"embeddable":true,"href":"https:\/\/sfhera.com.br\/blog\/wp-json\/wp\/v2\/comments?post=790"}],"version-history":[{"count":2,"href":"https:\/\/sfhera.com.br\/blog\/wp-json\/wp\/v2\/posts\/790\/revisions"}],"predecessor-version":[{"id":793,"href":"https:\/\/sfhera.com.br\/blog\/wp-json\/wp\/v2\/posts\/790\/revisions\/793"}],"wp:featuredmedia":[{"embeddable":true,"href":"https:\/\/sfhera.com.br\/blog\/wp-json\/wp\/v2\/media\/791"}],"wp:attachment":[{"href":"https:\/\/sfhera.com.br\/blog\/wp-json\/wp\/v2\/media?parent=790"}],"wp:term":[{"taxonomy":"category","embeddable":true,"href":"https:\/\/sfhera.com.br\/blog\/wp-json\/wp\/v2\/categories?post=790"},{"taxonomy":"post_tag","embeddable":true,"href":"https:\/\/sfhera.com.br\/blog\/wp-json\/wp\/v2\/tags?post=790"}],"curies":[{"name":"wp","href":"https:\/\/api.w.org\/{rel}","templated":true}]}}