{"id":797,"date":"2018-04-19T10:54:07","date_gmt":"2018-04-19T13:54:07","guid":{"rendered":"https:\/\/sfhera.com.br\/blog\/?p=797"},"modified":"2018-04-19T10:54:54","modified_gmt":"2018-04-19T13:54:54","slug":"dia-do-indio-amazonense-que-fez-vaquinha-para-estudar-conta-trajetoria-ate-unb","status":"publish","type":"post","link":"https:\/\/sfhera.com.br\/blog\/dia-do-indio-amazonense-que-fez-vaquinha-para-estudar-conta-trajetoria-ate-unb\/","title":{"rendered":"Dia do \u00cdndio: amazonense que fez vaquinha para estudar conta trajet\u00f3ria at\u00e9 UnB"},"content":{"rendered":"<h4 class=\"content-head__subtitle\">Ingrid\u00a0Rodrigues \u00e9 1\u00aa ind\u00edgena do povo Paumari a ingressar em universidade. Estudante de direito espera por bolsa para permanecer no curso.<\/h4>\n<div class=\"mc-column content-text active-extra-styles active-capital-letter\" data-block-type=\"unstyled\" data-block-weight=\"41\" data-block-id=\"2\">\n<p class=\"content-text__container theme-color-primary-first-letter\" data-track-category=\"Link no Texto\" data-track-links=\"\">Primeira ind\u00edgena do povo Paumari \u2013 aldeia no sul do Amazonas \u2013 a entrar em uma universidade, a estudante de direito Ingrid Rodrigues, de 20 anos, tem sonhos ainda mais altos: ser a primeira ind\u00edgena do pa\u00eds a se tornar ju\u00edza.<\/p>\n<\/div>\n<div class=\"mc-column content-text active-extra-styles \" data-block-type=\"unstyled\" data-block-weight=\"70\" data-block-id=\"3\">\n<p class=\"content-text__container \" data-track-category=\"Link no Texto\" data-track-links=\"\">Cursando o primeiro semestre na Universidade de Bras\u00edlia (UnB), a jovem contou com o apoio de uma vaquinha na internet para juntar o dinheiro e, ent\u00e3o, pegar dois voos do Norte do pa\u00eds at\u00e9 Bras\u00edlia. N\u00e3o fosse a ajuda da rede de amigos, a op\u00e7\u00e3o seria encarar seis dias de barco pelo rio Purus at\u00e9 Manaus e, de l\u00e1, mais tr\u00eas horas de viagem a\u00e9rea at\u00e9 a capital do pa\u00eds.<\/p>\n<\/div>\n<div class=\"mc-column content-text active-extra-styles \" data-block-type=\"unstyled\" data-block-weight=\"29\" data-block-id=\"5\">\n<p class=\"content-text__container \" data-track-category=\"Link no Texto\" data-track-links=\"\">&#8220;Muitas pessoas ficaram impressionadas com minha aprova\u00e7\u00e3o, mas foi bom porque despertou uma coisa no meu povo, de que \u00e9 poss\u00edvel sonhar e realizar, tanto que eu estou aqui.&#8221;<\/p>\n<\/div>\n<div class=\"mc-column content-media content-media--normal content-photo\" data-block-type=\"backstage-photo\" data-block-id=\"6\">\n<div class=\"content-media__container\">\n<div class=\"content-media__image-centered\">\n<div class=\"progressive-img can-open-lightbox\" data-min-size=\"1008x756\" data-min-size-url=\"https:\/\/s2.glbimg.com\/bPmFSMLH1OsuAIKzZJAheP2g8Ec=\/0x0:4032x3024\/1008x0\/smart\/filters:strip_icc()\/i.s3.glbimg.com\/v1\/AUTH_59edd422c0c84a879bd37670ae4f538a\/internal_photos\/bs\/2018\/O\/k\/YHjpT4QJehhgVE0BAHLg\/ingrid-2.jpg\" data-max-size=\"1600x1200\" data-max-size-url=\"https:\/\/s2.glbimg.com\/y3sjXOjEz31c7GdKTYfFTOVigdc=\/0x0:4032x3024\/1600x0\/smart\/filters:strip_icc()\/i.s3.glbimg.com\/v1\/AUTH_59edd422c0c84a879bd37670ae4f538a\/internal_photos\/bs\/2018\/O\/k\/YHjpT4QJehhgVE0BAHLg\/ingrid-2.jpg\" data-media-index=\"0\">\n<div class=\"placeholder-container\"><\/div>\n<picture><img decoding=\"async\" class=\"image content-media__image progressive-loaded\" title=\"Estudante de aldeia ind\u00edgena no Amazonas Ingrid Rodrigues fez vaquinha online para viajar \u00e0 Bras\u00edlia (Foto: Mar\u00edlia Marques\/G1)\" src=\"https:\/\/s2.glbimg.com\/MxPKRMO7Y_dlxgRAcYnmJG2Gcyg=\/0x0:4032x3024\/984x0\/smart\/filters:strip_icc()\/i.s3.glbimg.com\/v1\/AUTH_59edd422c0c84a879bd37670ae4f538a\/internal_photos\/bs\/2018\/O\/k\/YHjpT4QJehhgVE0BAHLg\/ingrid-2.jpg\" alt=\"Estudante de aldeia ind\u00edgena no Amazonas Ingrid Rodrigues fez vaquinha online para viajar \u00e0 Bras\u00edlia (Foto: Mar\u00edlia Marques\/G1)\" data-src=\"https:\/\/s2.glbimg.com\/MxPKRMO7Y_dlxgRAcYnmJG2Gcyg=\/0x0:4032x3024\/984x0\/smart\/filters:strip_icc()\/i.s3.glbimg.com\/v1\/AUTH_59edd422c0c84a879bd37670ae4f538a\/internal_photos\/bs\/2018\/O\/k\/YHjpT4QJehhgVE0BAHLg\/ingrid-2.jpg\" \/><\/picture>\n<\/div>\n<\/div>\n<div class=\"content-media__description-centered \">\n<p class=\"content-media__description\"><i class=\"content-media__description__icon theme-color-primary\"><\/i><span class=\"content-media__description__caption\">Estudante de aldeia ind\u00edgena no Amazonas Ingrid Rodrigues fez vaquinha online para viajar \u00e0 Bras\u00edlia (Foto: Mar\u00edlia Marques\/G1)<\/span><\/p>\n<\/div>\n<\/div>\n<\/div>\n<div class=\"mc-column content-text active-extra-styles \" data-block-type=\"unstyled\" data-block-weight=\"52\" data-block-id=\"7\">\n<p class=\"content-text__container \" data-track-category=\"Link no Texto\" data-track-links=\"\">Na primeira viagem para fora de L\u00e1brea \u2013 cidade amazonense com 38 mil habitantes \u2013, e sem conhecer ningu\u00e9m na regi\u00e3o central do pa\u00eds, Ingrid diz ter trazido na mala um misto de vontade, sonhos e incertezas. Parte da aventura, ela contou ao\u00a0<strong>G1\u00a0<\/strong>na semana marcada pelo Dia do \u00cdndio (19).<span style=\"font-size: 1rem; font-family: inherit; font-style: inherit; font-variant-ligatures: inherit; font-variant-caps: inherit; font-weight: inherit; text-align: center;\">&#8220;Minha meta \u00e9 terminar o curso, mas n\u00e3o quero voltar para minha aldeia s\u00f3 como advogada. Quero algo com um peso maior, como uma ju\u00edza, vim com esse sonho.&#8221;<\/span><span style=\"font-size: 1rem; font-family: inherit; font-style: inherit; font-variant-ligatures: inherit; font-variant-caps: inherit; font-weight: inherit; text-align: center;\">Apesar do sucesso na primeira parte da jornada, a estudante conta que, em apenas um m\u00eas de aulas, as dificuldades j\u00e1 apareceram. Filha de um professor e de uma recepcionista, Ingrid diz ter dinheiro para se manter na universidade at\u00e9 o fim deste m\u00eas.<\/span><\/p>\n<\/div>\n<div class=\"mc-column content-text active-extra-styles \" data-block-type=\"unstyled\" data-block-weight=\"30\" data-block-id=\"11\">\n<p class=\"content-text__container \" data-track-category=\"Link no Texto\" data-track-links=\"\">Acolhida por uma outra estudante ind\u00edgena, ela aguarda o resultado de uma sele\u00e7\u00e3o para receber o aux\u00edlio-moradia da UnB. A lista de convocados deve ser publicada na pr\u00f3xima ter\u00e7a-feira (24).<\/p>\n<\/div>\n<div class=\"mc-column content-media content-media--normal content-photo\" data-block-type=\"backstage-photo\" data-block-id=\"12\">\n<div class=\"content-media__container\">\n<div class=\"content-media__image-centered\">\n<div class=\"progressive-img can-open-lightbox\" data-min-size=\"1008x756\" data-min-size-url=\"https:\/\/s2.glbimg.com\/yPj3viJyP4C5dstWW3mcMUuKq4A=\/0x0:4032x3024\/1008x0\/smart\/filters:strip_icc()\/i.s3.glbimg.com\/v1\/AUTH_59edd422c0c84a879bd37670ae4f538a\/internal_photos\/bs\/2018\/w\/K\/Zip2TASIeBhDkZcAfGdQ\/ingrid-5.jpg\" data-max-size=\"1600x1200\" data-max-size-url=\"https:\/\/s2.glbimg.com\/IvjEPU4b2UW4fL9pleDCrM0kE4Q=\/0x0:4032x3024\/1600x0\/smart\/filters:strip_icc()\/i.s3.glbimg.com\/v1\/AUTH_59edd422c0c84a879bd37670ae4f538a\/internal_photos\/bs\/2018\/w\/K\/Zip2TASIeBhDkZcAfGdQ\/ingrid-5.jpg\" data-media-index=\"1\">\n<div class=\"placeholder-container\"><\/div>\n<p><img decoding=\"async\" class=\"progressive-draft\" title=\"Indrig Rodrigues, 20, posa ao lado da placa do centro de conviv\u00eancia ind\u00edgena da UnB (Foto: Mar\u00edlia Marques\/G1)\" src=\"data:image\/jpeg;base64,\/9j\/4AAQSkZJRgABAQAAAQABAAD\/2wBDAAMCAgMCAgMDAwMEAwMEBQgFBQQEBQoHBwYIDAoMDAsKCwsNDhIQDQ4RDgsLEBYQERMUFRUVDA8XGBYUGBIUFRT\/2wBDAQMEBAUEBQkFBQkUDQsNFBQUFBQUFBQUFBQUFBQUFBQUFBQUFBQUFBQUFBQUFBQUFBQUFBQUFBQUFBQUFBQUFBT\/wgARCAATABkDASIAAhEBAxEB\/8QAGQAAAwADAAAAAAAAAAAAAAAAAAYHAwQI\/8QAFwEAAwEAAAAAAAAAAAAAAAAAAgMEBf\/aAAwDAQACEAMQAAABxt3P+0an91mzJK2PUkKkqdNDKv8A\/8QAHhAAAgICAgMAAAAAAAAAAAAAAgMEBQAGARQHFRb\/2gAIAQEAAQUC17ZptK3nyUZx2brbkn6uwyqg9yOlSgzV68BL18PKVQy5roiU194ZRL7qKz\/\/xAAaEQACAgMAAAAAAAAAAAAAAAAAARESAzFB\/9oACAEDAQE\/AbSUXDHohWZ\/\/8QAHhEAAgIABwAAAAAAAAAAAAAAAQIAAwQREiExQXH\/2gAIAQIBAT8BasjbVM3XuYrk+RmIrSf\/xAArEAABAwMBBAsBAAAAAAAAAAACAQMRAAQSISIxNOEFExQjMkJhkaGiwdH\/2gAIAQEABj8CcK5eubq2xhGtXIX8p5QtcCVO6yrrTfybnGcE1WuB+w\/yldcuHtlyFRD8sc0rGXLpyNyFpPrSduyeaJwYXcIFOvwtcIHuNJbuyTOJnhMa48qtgBtAFT1iujm2TJps8chEonarwV\/\/xAAeEAEAAgICAwEAAAAAAAAAAAABESEAQTFREGFxkf\/aAAgBAQABPyEvMSjYbsQOJgfkFiuXTDPWBaPmHZBBzHjFCde0GCX7OATtNqVdpjvc4DWXlGq1O3qfXgfiSMMJV18fmUkhqzkX6KQ4r7z0v1z\/2gAMAwEAAgADAAAAEL4vPf\/EABoRAQEBAAMBAAAAAAAAAAAAAAERADFBcdH\/2gAIAQMBAT8QA6GVB5d3Ej35iHN\/\/8QAHBEBAAICAwEAAAAAAAAAAAAAAQARMeEhQWHB\/9oACAECAQE\/EBVYeblShJ1TUbTfG0opcPyf\/8QAHBABAQADAQADAAAAAAAAAAAAAREAITFBYcHw\/9oACAEBAAE\/EAZ08CQo1ALYXmO8YEkwIDAUaQnRwFArDbXRiD5IB3Pl4F1oBAoSqk28i6zu7xaAgYA+OntYaJmRBQirYXgppXKKA9zKAVi70umKYMSzXYs2NwGyWikpHZNV3M\/Gfef\/2Q==\" alt=\"Indrig Rodrigues, 20, posa ao lado da placa do centro de conviv\u00eancia ind\u00edgena da UnB (Foto: Mar\u00edlia Marques\/G1)\" \/><picture><source srcset=\"https:\/\/s2.glbimg.com\/VbQD94yIL2Bg5BOsEEBsM4Gr3Zs=\/0x0:4032x3024\/600x0\/smart\/filters:strip_icc()\/i.s3.glbimg.com\/v1\/AUTH_59edd422c0c84a879bd37670ae4f538a\/internal_photos\/bs\/2018\/w\/K\/Zip2TASIeBhDkZcAfGdQ\/ingrid-5.jpg 1x, https:\/\/s2.glbimg.com\/-sRemoKu6YRmuI0m-8aHS5eRd20=\/0x0:4032x3024\/1200x0\/smart\/filters:strip_icc()\/i.s3.glbimg.com\/v1\/AUTH_59edd422c0c84a879bd37670ae4f538a\/internal_photos\/bs\/2018\/w\/K\/Zip2TASIeBhDkZcAfGdQ\/ingrid-5.jpg 2x\" media=\"(max-width: 1024px)\" data-src=\"https:\/\/s2.glbimg.com\/VbQD94yIL2Bg5BOsEEBsM4Gr3Zs=\/0x0:4032x3024\/600x0\/smart\/filters:strip_icc()\/i.s3.glbimg.com\/v1\/AUTH_59edd422c0c84a879bd37670ae4f538a\/internal_photos\/bs\/2018\/w\/K\/Zip2TASIeBhDkZcAfGdQ\/ingrid-5.jpg 1x, https:\/\/s2.glbimg.com\/-sRemoKu6YRmuI0m-8aHS5eRd20=\/0x0:4032x3024\/1200x0\/smart\/filters:strip_icc()\/i.s3.glbimg.com\/v1\/AUTH_59edd422c0c84a879bd37670ae4f538a\/internal_photos\/bs\/2018\/w\/K\/Zip2TASIeBhDkZcAfGdQ\/ingrid-5.jpg 2x\" \/><source srcset=\"https:\/\/s2.glbimg.com\/KZhIJIAG5IdpcxoNDWK-yUUSeXI=\/0x0:4032x3024\/640x0\/smart\/filters:strip_icc()\/i.s3.glbimg.com\/v1\/AUTH_59edd422c0c84a879bd37670ae4f538a\/internal_photos\/bs\/2018\/w\/K\/Zip2TASIeBhDkZcAfGdQ\/ingrid-5.jpg 1x, https:\/\/s2.glbimg.com\/Ubv84uAy7GwZgZJGDvjTbhyIkeY=\/0x0:4032x3024\/1280x0\/smart\/filters:strip_icc()\/i.s3.glbimg.com\/v1\/AUTH_59edd422c0c84a879bd37670ae4f538a\/internal_photos\/bs\/2018\/w\/K\/Zip2TASIeBhDkZcAfGdQ\/ingrid-5.jpg 2x\" media=\"(max-width: 1280px)\" data-src=\"https:\/\/s2.glbimg.com\/KZhIJIAG5IdpcxoNDWK-yUUSeXI=\/0x0:4032x3024\/640x0\/smart\/filters:strip_icc()\/i.s3.glbimg.com\/v1\/AUTH_59edd422c0c84a879bd37670ae4f538a\/internal_photos\/bs\/2018\/w\/K\/Zip2TASIeBhDkZcAfGdQ\/ingrid-5.jpg 1x, https:\/\/s2.glbimg.com\/Ubv84uAy7GwZgZJGDvjTbhyIkeY=\/0x0:4032x3024\/1280x0\/smart\/filters:strip_icc()\/i.s3.glbimg.com\/v1\/AUTH_59edd422c0c84a879bd37670ae4f538a\/internal_photos\/bs\/2018\/w\/K\/Zip2TASIeBhDkZcAfGdQ\/ingrid-5.jpg 2x\" \/><source srcset=\"https:\/\/s2.glbimg.com\/_q2RY9k0VFhCORndKWpbYvtKYY8=\/0x0:4032x3024\/984x0\/smart\/filters:strip_icc()\/i.s3.glbimg.com\/v1\/AUTH_59edd422c0c84a879bd37670ae4f538a\/internal_photos\/bs\/2018\/w\/K\/Zip2TASIeBhDkZcAfGdQ\/ingrid-5.jpg 1x, https:\/\/s2.glbimg.com\/tgWbFppIhdG0ZmQqTp5PJGoZSco=\/0x0:4032x3024\/1968x0\/smart\/filters:strip_icc()\/i.s3.glbimg.com\/v1\/AUTH_59edd422c0c84a879bd37670ae4f538a\/internal_photos\/bs\/2018\/w\/K\/Zip2TASIeBhDkZcAfGdQ\/ingrid-5.jpg 2x\" media=\"(max-width: 1360px)\" data-src=\"https:\/\/s2.glbimg.com\/_q2RY9k0VFhCORndKWpbYvtKYY8=\/0x0:4032x3024\/984x0\/smart\/filters:strip_icc()\/i.s3.glbimg.com\/v1\/AUTH_59edd422c0c84a879bd37670ae4f538a\/internal_photos\/bs\/2018\/w\/K\/Zip2TASIeBhDkZcAfGdQ\/ingrid-5.jpg 1x, https:\/\/s2.glbimg.com\/tgWbFppIhdG0ZmQqTp5PJGoZSco=\/0x0:4032x3024\/1968x0\/smart\/filters:strip_icc()\/i.s3.glbimg.com\/v1\/AUTH_59edd422c0c84a879bd37670ae4f538a\/internal_photos\/bs\/2018\/w\/K\/Zip2TASIeBhDkZcAfGdQ\/ingrid-5.jpg 2x\" \/><source srcset=\"https:\/\/s2.glbimg.com\/xmlbdPktBjV-FeVAQyX5OLx0jRw=\/0x0:4032x3024\/1000x0\/smart\/filters:strip_icc()\/i.s3.glbimg.com\/v1\/AUTH_59edd422c0c84a879bd37670ae4f538a\/internal_photos\/bs\/2018\/w\/K\/Zip2TASIeBhDkZcAfGdQ\/ingrid-5.jpg 1x, https:\/\/s2.glbimg.com\/nYIifY5xjlNi6c9Jo1vEME5Dnd8=\/0x0:4032x3024\/2000x0\/smart\/filters:strip_icc()\/i.s3.glbimg.com\/v1\/AUTH_59edd422c0c84a879bd37670ae4f538a\/internal_photos\/bs\/2018\/w\/K\/Zip2TASIeBhDkZcAfGdQ\/ingrid-5.jpg 2x\" media=\"(min-width: 1361px)\" data-src=\"https:\/\/s2.glbimg.com\/xmlbdPktBjV-FeVAQyX5OLx0jRw=\/0x0:4032x3024\/1000x0\/smart\/filters:strip_icc()\/i.s3.glbimg.com\/v1\/AUTH_59edd422c0c84a879bd37670ae4f538a\/internal_photos\/bs\/2018\/w\/K\/Zip2TASIeBhDkZcAfGdQ\/ingrid-5.jpg 1x, https:\/\/s2.glbimg.com\/nYIifY5xjlNi6c9Jo1vEME5Dnd8=\/0x0:4032x3024\/2000x0\/smart\/filters:strip_icc()\/i.s3.glbimg.com\/v1\/AUTH_59edd422c0c84a879bd37670ae4f538a\/internal_photos\/bs\/2018\/w\/K\/Zip2TASIeBhDkZcAfGdQ\/ingrid-5.jpg 2x\" \/><source srcset=\"https:\/\/s2.glbimg.com\/_q2RY9k0VFhCORndKWpbYvtKYY8=\/0x0:4032x3024\/984x0\/smart\/filters:strip_icc()\/i.s3.glbimg.com\/v1\/AUTH_59edd422c0c84a879bd37670ae4f538a\/internal_photos\/bs\/2018\/w\/K\/Zip2TASIeBhDkZcAfGdQ\/ingrid-5.jpg\" data-src=\"https:\/\/s2.glbimg.com\/_q2RY9k0VFhCORndKWpbYvtKYY8=\/0x0:4032x3024\/984x0\/smart\/filters:strip_icc()\/i.s3.glbimg.com\/v1\/AUTH_59edd422c0c84a879bd37670ae4f538a\/internal_photos\/bs\/2018\/w\/K\/Zip2TASIeBhDkZcAfGdQ\/ingrid-5.jpg\" \/><img decoding=\"async\" class=\"image content-media__image progressive-loaded\" title=\"Indrig Rodrigues, 20, posa ao lado da placa do centro de conviv\u00eancia ind\u00edgena da UnB (Foto: Mar\u00edlia Marques\/G1)\" src=\"https:\/\/s2.glbimg.com\/_q2RY9k0VFhCORndKWpbYvtKYY8=\/0x0:4032x3024\/984x0\/smart\/filters:strip_icc()\/i.s3.glbimg.com\/v1\/AUTH_59edd422c0c84a879bd37670ae4f538a\/internal_photos\/bs\/2018\/w\/K\/Zip2TASIeBhDkZcAfGdQ\/ingrid-5.jpg\" alt=\"Indrig Rodrigues, 20, posa ao lado da placa do centro de conviv\u00eancia ind\u00edgena da UnB (Foto: Mar\u00edlia Marques\/G1)\" data-src=\"https:\/\/s2.glbimg.com\/_q2RY9k0VFhCORndKWpbYvtKYY8=\/0x0:4032x3024\/984x0\/smart\/filters:strip_icc()\/i.s3.glbimg.com\/v1\/AUTH_59edd422c0c84a879bd37670ae4f538a\/internal_photos\/bs\/2018\/w\/K\/Zip2TASIeBhDkZcAfGdQ\/ingrid-5.jpg\" \/><\/picture>\n<\/div>\n<\/div>\n<div class=\"content-media__description-centered \">\n<p class=\"content-media__description\"><i class=\"content-media__description__icon theme-color-primary\"><\/i><span class=\"content-media__description__caption\">Indrig Rodrigues, 20, posa ao lado da placa do centro de conviv\u00eancia ind\u00edgena da UnB (Foto: Mar\u00edlia Marques\/G1)<\/span><\/p>\n<\/div>\n<\/div>\n<\/div>\n<div class=\"mc-column content-text active-extra-styles\" data-block-type=\"raw\" data-block-weight=\"4\" data-block-id=\"13\">\n<div class=\"content-intertitle\">\n<h2>Uma paumari na UnB<\/h2>\n<\/div>\n<\/div>\n<div class=\"mc-column content-text active-extra-styles \" data-block-type=\"unstyled\" data-block-weight=\"37\" data-block-id=\"14\">\n<p class=\"content-text__container \" data-track-category=\"Link no Texto\" data-track-links=\"\">A dificuldade em se manter na universidade \u00e9 apenas mais uma na jornada da jovem dedicada a concluir o curso de direito. Para ela, se tornar ju\u00edza e voltar para aldeia onde vivia \u00e9 a meta principal.<\/p>\n<\/div>\n<div class=\"mc-column content-text active-extra-styles\" style=\"text-align: left;\" data-block-type=\"raw\" data-block-weight=\"13\" data-block-id=\"15\">\n<blockquote class=\"content-blockquote theme-border-color-primary-before\"><p>&#8220;Desistir de tudo isso seria como fracassar, mas vou entrar para a hist\u00f3ria.&#8221;<\/p><\/blockquote>\n<\/div>\n<div class=\"mc-column content-text active-extra-styles \" data-block-type=\"unstyled\" data-block-weight=\"39\" data-block-id=\"16\">\n<p class=\"content-text__container \" data-track-category=\"Link no Texto\" data-track-links=\"\">&#8220;Meu povo est\u00e1 muito feliz por ter a primeira estudante ind\u00edgena paumari na universidade. At\u00e9 ent\u00e3o \u00e9ramos um povo desconhecido, sem muitas refer\u00eancias&#8221;, explica. &#8220;Os jovens agora est\u00e3o motivados a estudar e a come\u00e7ar a sonhar mais&#8221;, afirma Ingrid.<\/p>\n<\/div>\n<div class=\"mc-column content-text active-extra-styles \" data-block-type=\"unstyled\" data-block-weight=\"61\" data-block-id=\"17\">\n<p class=\"content-text__container \" data-track-category=\"Link no Texto\" data-track-links=\"\">Sobre ser uma estudante ind\u00edgena na UnB, Ingrid conta que, em apenas um m\u00eas, aprendeu a conviver com os olhares e as perguntas curiosas dos colegas. Em meio \u00e0 sala de estudos da Faculdade de Direito, ela passaria como mais uma aluna que usa o pr\u00f3prio notebook, livros e o celular para estudar. Os tra\u00e7os ind\u00edgenas, conforme conta, chamam a aten\u00e7\u00e3o.<\/p>\n<\/div>\n<div class=\"content-ads content-ads--reveal\" data-block-type=\"ads\" data-block-id=\"18\">\n<div id=\"banner_materia__493ad6015eeb4a7fb6004fd7653b2cc7\" class=\"tag-manager-publicidade-container has-reveal has-ad-lazyload tag-manager-publicidade-banner_materia__493ad6015eeb4a7fb6004fd7653b2cc7 tag-manager-publicidade-container--carregado tag-manager-publicidade-container--visivel\" data-id=\"banner_materia__493ad6015eeb4a7fb6004fd7653b2cc7\" data-google-query-id=\"CKTC06a6xtoCFUf14QodwqsH4g\" data-cid=\"138211835120\" data-lid=\"4432655459\">\n<div id=\"google_ads_iframe_\/95377733\/tvg_G1\/Sua_Regiao&gt;Centro_Oeste&gt;Distrito_Federal_3__container__\" style=\"box-sizing: inherit; margin: auto; padding: 0px; border: 0pt none; font-style: inherit; font-variant: inherit; font-weight: inherit; font-stretch: inherit; font-size: inherit; line-height: inherit; font-family: inherit; vertical-align: baseline; width: 970px; max-width: 100%; height: 90px; text-align: left;\"><span style=\"font-size: 1rem;\">&#8220;Ser estudante ind\u00edgena na UnB \u00e9 saber enfrentar os obst\u00e1culos, porque tem pessoas que olham com curiosidade boa, mas tem aqueles, da sociedade n\u00e3o ind\u00edgena, que idealizam o \u00edndio de uma forma que ele n\u00e3o \u00e9&#8221;, afirma. &#8220;\u00c0s vezes, \u00e9 por falta de conhecimento e uma certa ignor\u00e2ncia em rela\u00e7\u00e3o a n\u00f3s&#8221;.<\/span><\/div>\n<div><\/div>\n<div style=\"box-sizing: inherit; margin: auto; padding: 0px; border: 0pt none; font-style: inherit; font-variant: inherit; font-weight: inherit; font-stretch: inherit; font-size: inherit; line-height: inherit; font-family: inherit; vertical-align: baseline; width: 970px; max-width: 100%; height: 90px; text-align: left;\"><span style=\"font-size: 1rem;\">&#8220;Acham que o ind\u00edgena s\u00f3 vive em maloca e anda nu. <\/span><span style=\"font-size: 1rem;\">&#8220;Tem pessoas que veem o ind\u00edgena somente da forma que elas idealizam: que n\u00e3o tem internet e n\u00e3o \u00e9 civilizado. Se o ind\u00edgena sai da sua aldeia, ele continua como ind\u00edgena, tendo que se adaptar, mas continua sendo&#8221;, afirma.<\/span><\/div>\n<\/div>\n<\/div>\n<div class=\"mc-column content-text active-extra-styles \" data-block-type=\"unstyled\" data-block-weight=\"39\" data-block-id=\"22\"><\/div>\n<div class=\"mc-column content-text active-extra-styles \" data-block-type=\"unstyled\" data-block-weight=\"44\" data-block-id=\"23\">\n<p class=\"content-text__container \" data-track-category=\"Link no Texto\" data-track-links=\"\">Apesar dos olhares, a estudante paumari conta que j\u00e1 se sente tranquila em ver outros alunos que tamb\u00e9m vieram de aldeias para estudar na UnB. Neste semestre, 64 ind\u00edgenas se matricularam na institui\u00e7\u00e3o. No ano passado, a universidade contabilizava 167 alunos com essa etnia.<span style=\"font-size: 1rem;\">&#8220;Isso d\u00e1 uma tranquilidade, n\u00e3o me sinto t\u00e3o estranha. Mas, na minha turma, como sou a \u00fanica, a realidade volta, como se me sentisse sempre diferente.&#8221;<\/span><\/p>\n<\/div>\n<div class=\"mc-column content-text active-extra-styles\" data-block-type=\"raw\" data-block-weight=\"3\" data-block-id=\"25\">\n<div class=\"content-intertitle\">\n<h2>\u00cdndio x tecnologia?<\/h2>\n<\/div>\n<\/div>\n<div class=\"mc-column content-text active-extra-styles \" data-block-type=\"unstyled\" data-block-weight=\"39\" data-block-id=\"26\">\n<p class=\"content-text__container \" data-track-category=\"Link no Texto\" data-track-links=\"\">Como qualquer jovem estudante que gosta e abusa das tecnologias, Ingrid faz cada vez mais uso da internet e conte\u00fados online para estudar e &#8220;correr atr\u00e1s&#8221; das leituras \u2013 um acesso que n\u00e3o foi poss\u00edvel na \u00e9poca do col\u00e9gio.<\/p>\n<\/div>\n<div class=\"content-ads content-ads--reveal\" data-block-type=\"ads\" data-block-id=\"27\">\n<div id=\"banner_materia__2604e651251e42e1891f1f1eb1ae78a2\" class=\"tag-manager-publicidade-container has-reveal has-ad-lazyload tag-manager-publicidade-banner_materia__2604e651251e42e1891f1f1eb1ae78a2 tag-manager-publicidade-container--carregado tag-manager-publicidade-container--visivel\" data-id=\"banner_materia__2604e651251e42e1891f1f1eb1ae78a2\" data-google-query-id=\"CIPR8YW8xtoCFUgShwodYtUMGg\" data-cid=\"138211835120\" data-lid=\"4432655459\">\n<div id=\"google_ads_iframe_\/95377733\/tvg_G1\/Sua_Regiao&gt;Centro_Oeste&gt;Distrito_Federal_4__container__\" style=\"box-sizing: inherit; margin: auto; padding: 0px; border: 0pt none; font-style: inherit; font-variant: inherit; font-weight: inherit; font-stretch: inherit; font-size: inherit; line-height: inherit; font-family: inherit; vertical-align: baseline; width: 970px; max-width: 100%; height: 250px; text-align: left;\"><span style=\"font-size: 1rem;\">A aldeia Paumari, onde vivem cerca de 5 mil ind\u00edgenas, tem apenas escolas do ensino fundamental, do 1\u00ba ao 9\u00ba ano. Para continuar os estudos, no ensino m\u00e9dio, o estudante ind\u00edgena precisa se descolar para cidades vizinhas como L\u00e1brea, onde Ingrid morou nos \u00faltimos anos.<\/span><span style=\"font-size: 1rem;\">Motivada pela divulga\u00e7\u00e3o da cultura do pr\u00f3prio povo, a estudante conta que usa a tecnologia a seu favor \u2013 instrumentos que &#8220;s\u00f3 vieram para ampliar o conhecimento&#8221;. \u00c9 atrav\u00e9s dela [internet], que o ind\u00edgena pode mostrar sua cultura e sua dan\u00e7a&#8221;.<\/span><span style=\"font-size: 1rem;\">&#8220;\u00c9 algo natural, t\u00eam aldeias que t\u00eam at\u00e9 internet.&#8221;<\/span><\/div>\n<\/div>\n<\/div>\n<div class=\"mc-column content-text active-extra-styles\" data-block-type=\"raw\" data-block-weight=\"2\" data-block-id=\"31\">\n<div class=\"content-intertitle\">\n<h2>Data especial<\/h2>\n<\/div>\n<\/div>\n<div class=\"mc-column content-text active-extra-styles \" data-block-type=\"unstyled\" data-block-weight=\"53\" data-block-id=\"32\">\n<p class=\"content-text__container \" data-track-category=\"Link no Texto\" data-track-links=\"\">O Dia do \u00cdndio \u00e9 celebrado em 19 de abril. A data comemorativa foi instaurada no Brasil pelo ex-presidente Get\u00falio Vargas, em 1943. Ela remete a um congresso interamericano, realizado no M\u00e9xico tr\u00eas anos antes, que reuniu as principais lideran\u00e7as ind\u00edgenas do continente. Foram elas que propuseram este dia de comemora\u00e7\u00e3o no calend\u00e1rio.<\/p>\n<p data-track-category=\"Link no Texto\" data-track-links=\"\">Fonte: G1.com<\/p>\n<\/div>\n","protected":false},"excerpt":{"rendered":"<p>Ingrid\u00a0Rodrigues \u00e9 1\u00aa ind\u00edgena do povo Paumari a ingressar em universidade. Estudante de direito espera por bolsa para permanecer no curso. Primeira&hellip;<\/p>\n","protected":false},"author":1,"featured_media":798,"comment_status":"closed","ping_status":"open","sticky":false,"template":"","format":"standard","meta":{"footnotes":""},"categories":[1,4],"tags":[334,335],"class_list":["post-797","post","type-post","status-publish","format-standard","has-post-thumbnail","hentry","category-novidades","category-gestaoenegocios","tag-dia-do-indio","tag-indio-x-tecnologia"],"yoast_head":"<!-- This site is optimized with the Yoast SEO plugin v27.5 - https:\/\/yoast.com\/product\/yoast-seo-wordpress\/ -->\n<title>Dia do \u00cdndio: amazonense que fez vaquinha para estudar conta trajet\u00f3ria at\u00e9 UnB - Sfhera Software<\/title>\n<meta name=\"robots\" content=\"index, follow, max-snippet:-1, max-image-preview:large, max-video-preview:-1\" \/>\n<link rel=\"canonical\" href=\"https:\/\/sfhera.com.br\/blog\/dia-do-indio-amazonense-que-fez-vaquinha-para-estudar-conta-trajetoria-ate-unb\/\" \/>\n<meta property=\"og:locale\" content=\"pt_BR\" \/>\n<meta property=\"og:type\" content=\"article\" \/>\n<meta property=\"og:title\" content=\"Dia do \u00cdndio: amazonense que fez vaquinha para estudar conta trajet\u00f3ria at\u00e9 UnB - Sfhera Software\" \/>\n<meta property=\"og:description\" content=\"Ingrid\u00a0Rodrigues \u00e9 1\u00aa ind\u00edgena do povo Paumari a ingressar em universidade. Estudante de direito espera por bolsa para permanecer no curso. Primeira&hellip;\" \/>\n<meta property=\"og:url\" content=\"https:\/\/sfhera.com.br\/blog\/dia-do-indio-amazonense-que-fez-vaquinha-para-estudar-conta-trajetoria-ate-unb\/\" \/>\n<meta property=\"og:site_name\" content=\"Sfhera Software\" \/>\n<meta property=\"article:publisher\" content=\"https:\/\/www.facebook.com\/sfhera\" \/>\n<meta property=\"article:published_time\" content=\"2018-04-19T13:54:07+00:00\" \/>\n<meta property=\"article:modified_time\" content=\"2018-04-19T13:54:54+00:00\" \/>\n<meta property=\"og:image\" content=\"https:\/\/sfhera.com.br\/blog\/wp-content\/uploads\/2018\/04\/ingrid-6.jpg\" \/>\n\t<meta property=\"og:image:width\" content=\"600\" \/>\n\t<meta property=\"og:image:height\" content=\"450\" \/>\n\t<meta property=\"og:image:type\" content=\"image\/jpeg\" \/>\n<meta name=\"author\" content=\"Sfhera Software\" \/>\n<meta name=\"twitter:card\" content=\"summary_large_image\" \/>\n<meta name=\"twitter:creator\" content=\"@sfhera\" \/>\n<meta name=\"twitter:site\" content=\"@sfhera\" \/>\n<meta name=\"twitter:label1\" content=\"Escrito por\" \/>\n\t<meta name=\"twitter:data1\" content=\"Sfhera Software\" \/>\n\t<meta name=\"twitter:label2\" content=\"Est. tempo de leitura\" \/>\n\t<meta name=\"twitter:data2\" content=\"5 minutos\" \/>\n<script type=\"application\/ld+json\" class=\"yoast-schema-graph\">{\"@context\":\"https:\\\/\\\/schema.org\",\"@graph\":[{\"@type\":\"Article\",\"@id\":\"https:\\\/\\\/sfhera.com.br\\\/blog\\\/dia-do-indio-amazonense-que-fez-vaquinha-para-estudar-conta-trajetoria-ate-unb\\\/#article\",\"isPartOf\":{\"@id\":\"https:\\\/\\\/sfhera.com.br\\\/blog\\\/dia-do-indio-amazonense-que-fez-vaquinha-para-estudar-conta-trajetoria-ate-unb\\\/\"},\"author\":{\"name\":\"Sfhera Software\",\"@id\":\"https:\\\/\\\/sfhera.com.br\\\/blog\\\/#\\\/schema\\\/person\\\/0a21d0c7b6b15bda9d9c072dde915f2a\"},\"headline\":\"Dia do \u00cdndio: amazonense que fez vaquinha para estudar conta trajet\u00f3ria at\u00e9 UnB\",\"datePublished\":\"2018-04-19T13:54:07+00:00\",\"dateModified\":\"2018-04-19T13:54:54+00:00\",\"mainEntityOfPage\":{\"@id\":\"https:\\\/\\\/sfhera.com.br\\\/blog\\\/dia-do-indio-amazonense-que-fez-vaquinha-para-estudar-conta-trajetoria-ate-unb\\\/\"},\"wordCount\":947,\"publisher\":{\"@id\":\"https:\\\/\\\/sfhera.com.br\\\/blog\\\/#organization\"},\"image\":{\"@id\":\"https:\\\/\\\/sfhera.com.br\\\/blog\\\/dia-do-indio-amazonense-que-fez-vaquinha-para-estudar-conta-trajetoria-ate-unb\\\/#primaryimage\"},\"thumbnailUrl\":\"https:\\\/\\\/sfhera.com.br\\\/blog\\\/wp-content\\\/uploads\\\/2018\\\/04\\\/ingrid-6.jpg\",\"keywords\":[\"dia do \u00edndio\",\"\u00edndio x tecnologia\"],\"articleSection\":[\"Novidades\",\"Gest\u00e3o e Neg\u00f3cios\"],\"inLanguage\":\"pt-BR\"},{\"@type\":\"WebPage\",\"@id\":\"https:\\\/\\\/sfhera.com.br\\\/blog\\\/dia-do-indio-amazonense-que-fez-vaquinha-para-estudar-conta-trajetoria-ate-unb\\\/\",\"url\":\"https:\\\/\\\/sfhera.com.br\\\/blog\\\/dia-do-indio-amazonense-que-fez-vaquinha-para-estudar-conta-trajetoria-ate-unb\\\/\",\"name\":\"Dia do \u00cdndio: amazonense que fez vaquinha para estudar conta trajet\u00f3ria at\u00e9 UnB - Sfhera Software\",\"isPartOf\":{\"@id\":\"https:\\\/\\\/sfhera.com.br\\\/blog\\\/#website\"},\"primaryImageOfPage\":{\"@id\":\"https:\\\/\\\/sfhera.com.br\\\/blog\\\/dia-do-indio-amazonense-que-fez-vaquinha-para-estudar-conta-trajetoria-ate-unb\\\/#primaryimage\"},\"image\":{\"@id\":\"https:\\\/\\\/sfhera.com.br\\\/blog\\\/dia-do-indio-amazonense-que-fez-vaquinha-para-estudar-conta-trajetoria-ate-unb\\\/#primaryimage\"},\"thumbnailUrl\":\"https:\\\/\\\/sfhera.com.br\\\/blog\\\/wp-content\\\/uploads\\\/2018\\\/04\\\/ingrid-6.jpg\",\"datePublished\":\"2018-04-19T13:54:07+00:00\",\"dateModified\":\"2018-04-19T13:54:54+00:00\",\"breadcrumb\":{\"@id\":\"https:\\\/\\\/sfhera.com.br\\\/blog\\\/dia-do-indio-amazonense-que-fez-vaquinha-para-estudar-conta-trajetoria-ate-unb\\\/#breadcrumb\"},\"inLanguage\":\"pt-BR\",\"potentialAction\":[{\"@type\":\"ReadAction\",\"target\":[\"https:\\\/\\\/sfhera.com.br\\\/blog\\\/dia-do-indio-amazonense-que-fez-vaquinha-para-estudar-conta-trajetoria-ate-unb\\\/\"]}]},{\"@type\":\"ImageObject\",\"inLanguage\":\"pt-BR\",\"@id\":\"https:\\\/\\\/sfhera.com.br\\\/blog\\\/dia-do-indio-amazonense-que-fez-vaquinha-para-estudar-conta-trajetoria-ate-unb\\\/#primaryimage\",\"url\":\"https:\\\/\\\/sfhera.com.br\\\/blog\\\/wp-content\\\/uploads\\\/2018\\\/04\\\/ingrid-6.jpg\",\"contentUrl\":\"https:\\\/\\\/sfhera.com.br\\\/blog\\\/wp-content\\\/uploads\\\/2018\\\/04\\\/ingrid-6.jpg\",\"width\":600,\"height\":450,\"caption\":\"dia do \u00edndio\"},{\"@type\":\"BreadcrumbList\",\"@id\":\"https:\\\/\\\/sfhera.com.br\\\/blog\\\/dia-do-indio-amazonense-que-fez-vaquinha-para-estudar-conta-trajetoria-ate-unb\\\/#breadcrumb\",\"itemListElement\":[{\"@type\":\"ListItem\",\"position\":1,\"name\":\"In\u00edcio\",\"item\":\"https:\\\/\\\/sfhera.com.br\\\/blog\\\/\"},{\"@type\":\"ListItem\",\"position\":2,\"name\":\"Dia do \u00cdndio: amazonense que fez vaquinha para estudar conta trajet\u00f3ria at\u00e9 UnB\"}]},{\"@type\":\"WebSite\",\"@id\":\"https:\\\/\\\/sfhera.com.br\\\/blog\\\/#website\",\"url\":\"https:\\\/\\\/sfhera.com.br\\\/blog\\\/\",\"name\":\"Sfhera Software\",\"description\":\"Aplicativos de Gest\u00e3o para o Varejo\",\"publisher\":{\"@id\":\"https:\\\/\\\/sfhera.com.br\\\/blog\\\/#organization\"},\"potentialAction\":[{\"@type\":\"SearchAction\",\"target\":{\"@type\":\"EntryPoint\",\"urlTemplate\":\"https:\\\/\\\/sfhera.com.br\\\/blog\\\/?s={search_term_string}\"},\"query-input\":{\"@type\":\"PropertyValueSpecification\",\"valueRequired\":true,\"valueName\":\"search_term_string\"}}],\"inLanguage\":\"pt-BR\"},{\"@type\":\"Organization\",\"@id\":\"https:\\\/\\\/sfhera.com.br\\\/blog\\\/#organization\",\"name\":\"Sfhera Software\",\"url\":\"https:\\\/\\\/sfhera.com.br\\\/blog\\\/\",\"logo\":{\"@type\":\"ImageObject\",\"inLanguage\":\"pt-BR\",\"@id\":\"https:\\\/\\\/sfhera.com.br\\\/blog\\\/#\\\/schema\\\/logo\\\/image\\\/\",\"url\":\"https:\\\/\\\/www.sfhera.com.br\\\/blog\\\/wp-content\\\/uploads\\\/2017\\\/06\\\/logo.png\",\"contentUrl\":\"https:\\\/\\\/www.sfhera.com.br\\\/blog\\\/wp-content\\\/uploads\\\/2017\\\/06\\\/logo.png\",\"width\":200,\"height\":65,\"caption\":\"Sfhera Software\"},\"image\":{\"@id\":\"https:\\\/\\\/sfhera.com.br\\\/blog\\\/#\\\/schema\\\/logo\\\/image\\\/\"},\"sameAs\":[\"https:\\\/\\\/www.facebook.com\\\/sfhera\",\"https:\\\/\\\/x.com\\\/sfhera\",\"https:\\\/\\\/br.linkedin.com\\\/company\\\/sfhera-software\"]},{\"@type\":\"Person\",\"@id\":\"https:\\\/\\\/sfhera.com.br\\\/blog\\\/#\\\/schema\\\/person\\\/0a21d0c7b6b15bda9d9c072dde915f2a\",\"name\":\"Sfhera Software\",\"image\":{\"@type\":\"ImageObject\",\"inLanguage\":\"pt-BR\",\"@id\":\"https:\\\/\\\/secure.gravatar.com\\\/avatar\\\/b1d1b13f14dd2dc5b3fb21e60579548fa4f79040171567f49ae19080fb354524?s=96&d=mm&r=g\",\"url\":\"https:\\\/\\\/secure.gravatar.com\\\/avatar\\\/b1d1b13f14dd2dc5b3fb21e60579548fa4f79040171567f49ae19080fb354524?s=96&d=mm&r=g\",\"contentUrl\":\"https:\\\/\\\/secure.gravatar.com\\\/avatar\\\/b1d1b13f14dd2dc5b3fb21e60579548fa4f79040171567f49ae19080fb354524?s=96&d=mm&r=g\",\"caption\":\"Sfhera Software\"},\"url\":\"https:\\\/\\\/sfhera.com.br\\\/blog\\\/author\\\/admin\\\/\"}]}<\/script>\n<!-- \/ Yoast SEO plugin. -->","yoast_head_json":{"title":"Dia do \u00cdndio: amazonense que fez vaquinha para estudar conta trajet\u00f3ria at\u00e9 UnB - Sfhera Software","robots":{"index":"index","follow":"follow","max-snippet":"max-snippet:-1","max-image-preview":"max-image-preview:large","max-video-preview":"max-video-preview:-1"},"canonical":"https:\/\/sfhera.com.br\/blog\/dia-do-indio-amazonense-que-fez-vaquinha-para-estudar-conta-trajetoria-ate-unb\/","og_locale":"pt_BR","og_type":"article","og_title":"Dia do \u00cdndio: amazonense que fez vaquinha para estudar conta trajet\u00f3ria at\u00e9 UnB - Sfhera Software","og_description":"Ingrid\u00a0Rodrigues \u00e9 1\u00aa ind\u00edgena do povo Paumari a ingressar em universidade. Estudante de direito espera por bolsa para permanecer no curso. Primeira&hellip;","og_url":"https:\/\/sfhera.com.br\/blog\/dia-do-indio-amazonense-que-fez-vaquinha-para-estudar-conta-trajetoria-ate-unb\/","og_site_name":"Sfhera Software","article_publisher":"https:\/\/www.facebook.com\/sfhera","article_published_time":"2018-04-19T13:54:07+00:00","article_modified_time":"2018-04-19T13:54:54+00:00","og_image":[{"width":600,"height":450,"url":"https:\/\/sfhera.com.br\/blog\/wp-content\/uploads\/2018\/04\/ingrid-6.jpg","type":"image\/jpeg"}],"author":"Sfhera Software","twitter_card":"summary_large_image","twitter_creator":"@sfhera","twitter_site":"@sfhera","twitter_misc":{"Escrito por":"Sfhera Software","Est. tempo de leitura":"5 minutos"},"schema":{"@context":"https:\/\/schema.org","@graph":[{"@type":"Article","@id":"https:\/\/sfhera.com.br\/blog\/dia-do-indio-amazonense-que-fez-vaquinha-para-estudar-conta-trajetoria-ate-unb\/#article","isPartOf":{"@id":"https:\/\/sfhera.com.br\/blog\/dia-do-indio-amazonense-que-fez-vaquinha-para-estudar-conta-trajetoria-ate-unb\/"},"author":{"name":"Sfhera Software","@id":"https:\/\/sfhera.com.br\/blog\/#\/schema\/person\/0a21d0c7b6b15bda9d9c072dde915f2a"},"headline":"Dia do \u00cdndio: amazonense que fez vaquinha para estudar conta trajet\u00f3ria at\u00e9 UnB","datePublished":"2018-04-19T13:54:07+00:00","dateModified":"2018-04-19T13:54:54+00:00","mainEntityOfPage":{"@id":"https:\/\/sfhera.com.br\/blog\/dia-do-indio-amazonense-que-fez-vaquinha-para-estudar-conta-trajetoria-ate-unb\/"},"wordCount":947,"publisher":{"@id":"https:\/\/sfhera.com.br\/blog\/#organization"},"image":{"@id":"https:\/\/sfhera.com.br\/blog\/dia-do-indio-amazonense-que-fez-vaquinha-para-estudar-conta-trajetoria-ate-unb\/#primaryimage"},"thumbnailUrl":"https:\/\/sfhera.com.br\/blog\/wp-content\/uploads\/2018\/04\/ingrid-6.jpg","keywords":["dia do \u00edndio","\u00edndio x tecnologia"],"articleSection":["Novidades","Gest\u00e3o e Neg\u00f3cios"],"inLanguage":"pt-BR"},{"@type":"WebPage","@id":"https:\/\/sfhera.com.br\/blog\/dia-do-indio-amazonense-que-fez-vaquinha-para-estudar-conta-trajetoria-ate-unb\/","url":"https:\/\/sfhera.com.br\/blog\/dia-do-indio-amazonense-que-fez-vaquinha-para-estudar-conta-trajetoria-ate-unb\/","name":"Dia do \u00cdndio: amazonense que fez vaquinha para estudar conta trajet\u00f3ria at\u00e9 UnB - Sfhera Software","isPartOf":{"@id":"https:\/\/sfhera.com.br\/blog\/#website"},"primaryImageOfPage":{"@id":"https:\/\/sfhera.com.br\/blog\/dia-do-indio-amazonense-que-fez-vaquinha-para-estudar-conta-trajetoria-ate-unb\/#primaryimage"},"image":{"@id":"https:\/\/sfhera.com.br\/blog\/dia-do-indio-amazonense-que-fez-vaquinha-para-estudar-conta-trajetoria-ate-unb\/#primaryimage"},"thumbnailUrl":"https:\/\/sfhera.com.br\/blog\/wp-content\/uploads\/2018\/04\/ingrid-6.jpg","datePublished":"2018-04-19T13:54:07+00:00","dateModified":"2018-04-19T13:54:54+00:00","breadcrumb":{"@id":"https:\/\/sfhera.com.br\/blog\/dia-do-indio-amazonense-que-fez-vaquinha-para-estudar-conta-trajetoria-ate-unb\/#breadcrumb"},"inLanguage":"pt-BR","potentialAction":[{"@type":"ReadAction","target":["https:\/\/sfhera.com.br\/blog\/dia-do-indio-amazonense-que-fez-vaquinha-para-estudar-conta-trajetoria-ate-unb\/"]}]},{"@type":"ImageObject","inLanguage":"pt-BR","@id":"https:\/\/sfhera.com.br\/blog\/dia-do-indio-amazonense-que-fez-vaquinha-para-estudar-conta-trajetoria-ate-unb\/#primaryimage","url":"https:\/\/sfhera.com.br\/blog\/wp-content\/uploads\/2018\/04\/ingrid-6.jpg","contentUrl":"https:\/\/sfhera.com.br\/blog\/wp-content\/uploads\/2018\/04\/ingrid-6.jpg","width":600,"height":450,"caption":"dia do \u00edndio"},{"@type":"BreadcrumbList","@id":"https:\/\/sfhera.com.br\/blog\/dia-do-indio-amazonense-que-fez-vaquinha-para-estudar-conta-trajetoria-ate-unb\/#breadcrumb","itemListElement":[{"@type":"ListItem","position":1,"name":"In\u00edcio","item":"https:\/\/sfhera.com.br\/blog\/"},{"@type":"ListItem","position":2,"name":"Dia do \u00cdndio: amazonense que fez vaquinha para estudar conta trajet\u00f3ria at\u00e9 UnB"}]},{"@type":"WebSite","@id":"https:\/\/sfhera.com.br\/blog\/#website","url":"https:\/\/sfhera.com.br\/blog\/","name":"Sfhera Software","description":"Aplicativos de Gest\u00e3o para o Varejo","publisher":{"@id":"https:\/\/sfhera.com.br\/blog\/#organization"},"potentialAction":[{"@type":"SearchAction","target":{"@type":"EntryPoint","urlTemplate":"https:\/\/sfhera.com.br\/blog\/?s={search_term_string}"},"query-input":{"@type":"PropertyValueSpecification","valueRequired":true,"valueName":"search_term_string"}}],"inLanguage":"pt-BR"},{"@type":"Organization","@id":"https:\/\/sfhera.com.br\/blog\/#organization","name":"Sfhera Software","url":"https:\/\/sfhera.com.br\/blog\/","logo":{"@type":"ImageObject","inLanguage":"pt-BR","@id":"https:\/\/sfhera.com.br\/blog\/#\/schema\/logo\/image\/","url":"https:\/\/www.sfhera.com.br\/blog\/wp-content\/uploads\/2017\/06\/logo.png","contentUrl":"https:\/\/www.sfhera.com.br\/blog\/wp-content\/uploads\/2017\/06\/logo.png","width":200,"height":65,"caption":"Sfhera Software"},"image":{"@id":"https:\/\/sfhera.com.br\/blog\/#\/schema\/logo\/image\/"},"sameAs":["https:\/\/www.facebook.com\/sfhera","https:\/\/x.com\/sfhera","https:\/\/br.linkedin.com\/company\/sfhera-software"]},{"@type":"Person","@id":"https:\/\/sfhera.com.br\/blog\/#\/schema\/person\/0a21d0c7b6b15bda9d9c072dde915f2a","name":"Sfhera Software","image":{"@type":"ImageObject","inLanguage":"pt-BR","@id":"https:\/\/secure.gravatar.com\/avatar\/b1d1b13f14dd2dc5b3fb21e60579548fa4f79040171567f49ae19080fb354524?s=96&d=mm&r=g","url":"https:\/\/secure.gravatar.com\/avatar\/b1d1b13f14dd2dc5b3fb21e60579548fa4f79040171567f49ae19080fb354524?s=96&d=mm&r=g","contentUrl":"https:\/\/secure.gravatar.com\/avatar\/b1d1b13f14dd2dc5b3fb21e60579548fa4f79040171567f49ae19080fb354524?s=96&d=mm&r=g","caption":"Sfhera Software"},"url":"https:\/\/sfhera.com.br\/blog\/author\/admin\/"}]}},"_links":{"self":[{"href":"https:\/\/sfhera.com.br\/blog\/wp-json\/wp\/v2\/posts\/797","targetHints":{"allow":["GET"]}}],"collection":[{"href":"https:\/\/sfhera.com.br\/blog\/wp-json\/wp\/v2\/posts"}],"about":[{"href":"https:\/\/sfhera.com.br\/blog\/wp-json\/wp\/v2\/types\/post"}],"author":[{"embeddable":true,"href":"https:\/\/sfhera.com.br\/blog\/wp-json\/wp\/v2\/users\/1"}],"replies":[{"embeddable":true,"href":"https:\/\/sfhera.com.br\/blog\/wp-json\/wp\/v2\/comments?post=797"}],"version-history":[{"count":2,"href":"https:\/\/sfhera.com.br\/blog\/wp-json\/wp\/v2\/posts\/797\/revisions"}],"predecessor-version":[{"id":800,"href":"https:\/\/sfhera.com.br\/blog\/wp-json\/wp\/v2\/posts\/797\/revisions\/800"}],"wp:featuredmedia":[{"embeddable":true,"href":"https:\/\/sfhera.com.br\/blog\/wp-json\/wp\/v2\/media\/798"}],"wp:attachment":[{"href":"https:\/\/sfhera.com.br\/blog\/wp-json\/wp\/v2\/media?parent=797"}],"wp:term":[{"taxonomy":"category","embeddable":true,"href":"https:\/\/sfhera.com.br\/blog\/wp-json\/wp\/v2\/categories?post=797"},{"taxonomy":"post_tag","embeddable":true,"href":"https:\/\/sfhera.com.br\/blog\/wp-json\/wp\/v2\/tags?post=797"}],"curies":[{"name":"wp","href":"https:\/\/api.w.org\/{rel}","templated":true}]}}