{"id":853,"date":"2018-10-23T17:46:09","date_gmt":"2018-10-23T20:46:09","guid":{"rendered":"https:\/\/sfhera.com.br\/blog\/?p=853"},"modified":"2018-10-23T17:46:09","modified_gmt":"2018-10-23T20:46:09","slug":"pequenos-negocios-estao-aderindo-a-sustentabilidade-segundo-pesquisa-do-sebrae","status":"publish","type":"post","link":"https:\/\/sfhera.com.br\/blog\/pequenos-negocios-estao-aderindo-a-sustentabilidade-segundo-pesquisa-do-sebrae\/","title":{"rendered":"Pequenos neg\u00f3cios est\u00e3o aderindo \u00e0 sustentabilidade, segundo pesquisa do Sebrae"},"content":{"rendered":"<h4 class=\"summary\">1.887 empres\u00e1rios de micro e pequenas empresas do pa\u00eds foram entrevistados pelo Centro Sebrae de Sustentabilidade<\/h4>\n<p>Pr\u00e1ticas que reduzem o consumo de energia e \u00e1gua, de separa\u00e7\u00e3o e destina\u00e7\u00e3o correta dos res\u00edduos s\u00f3lidos, contrata\u00e7\u00e3o de m\u00e3o de obra e fornecedores locais, apoio \u00e0s comunidades no entorno da empresa e comprometimento com a sustentabilidade s\u00e3o algumas das a\u00e7\u00f5es sustent\u00e1veis que os pequenos neg\u00f3cios est\u00e3o adotando, em sil\u00eancio, em todo o pa\u00eds, segundo pesquisa in\u00e9dita realizada pelo Centro Sebrae de Sustentabilidade.<\/p>\n<p>A vers\u00e3o integral do estudo Engajamento dos Pequenos Neg\u00f3cios em Sustentabilidade e aos Objetivos do Desenvolvimento Sustent\u00e1vel (ODS) est\u00e1 acess\u00edvel no link:\u00a0<a href=\"http:\/\/sustentabilidade.sebrae.com.br\/sites\/Sustentabilidade\/Para%E2%80%93sua%E2%80%93Empresa\/Nucleo-Inteligencia\/Pesquisa-Engajamento-dos-Pequenos-Neg%C3%B3cios-Brasileiros-em-Sustentabilidade-e-aos-ODS\" target=\"_blank\" rel=\"noopener\">http:\/\/bit.ly\/PesquisaCSS<\/a>.<\/p>\n<p>Esta \u00e9 a primeira pesquisa nacional sobre o comportamento dos pequenos neg\u00f3cios em sustentabilidade.<\/p>\n<p>O Centro Sebrae de Sustentabilidade (CSS) \u00e9 a unidade de refer\u00eancia nacional da institui\u00e7\u00e3o neste tema e est\u00e1 em atividade h\u00e1 mais de sete anos. Localizado junto ao Sebrae Mato Grosso em Cuiab\u00e1 (MT) tem como miss\u00e3o produzir e disseminar conhecimento sobre sustentabilidade para os pequenos neg\u00f3cios, visando a inclus\u00e3o deste segmento na \u2018nova economia\u2019, que prioriza os princ\u00edpios sustent\u00e1veis.(www.sustentabilidade.sebrae.com.br )<\/p>\n<p>Segundo a pesquisa, os motivos que os levam a adotarem pr\u00e1ticas sustent\u00e1veis &#8211; tais como efici\u00eancia energ\u00e9tica, uso eficiente de \u00e1gua, gest\u00e3o de res\u00edduos, apoio \u00e0 comunidade local, entre outras &#8211; s\u00e3o: preserva\u00e7\u00e3o ambiental (67%); redu\u00e7\u00e3o de custos (20%); marketing e propaganda (3%); exclusivamente para cumprir a legisla\u00e7\u00e3o (2%); e outros motivos (7%).<\/p>\n<p>O conceito de sustentabilidade est\u00e1 baseado no trip\u00e9 que busca conciliar lucro e rentabilidade com respeito ambiental e alto valor sociocultural.<\/p>\n<p>Entrevistas por telefone<br \/>\nOs pequenos neg\u00f3cios s\u00e3o a grande maioria das empresas no Brasil: 98,5% dos empreendimentos s\u00e3o microempresas (com faturamento at\u00e9 R$ 360 mil\/ano); Empresas de Pequeno Porte (EPP, com faturamento acima de R$ 360 mil at\u00e9 R$ 4,8 milh\u00f5es\/ano) e Microempreendedores Individuais (MEI, com faturamento de R$ 81 mil\/ano). Juntos geram 55% dos empregos formais e 45% da massa salarial e s\u00e3o respons\u00e1veis por 27% do Produto Interno Bruto (PIB) brasileiro (DataSebrae e Anu\u00e1rio do Trabalho 2016).<\/p>\n<p>A metodologia adotada nesta pesquisa foi quantitativa e a amostragem aleat\u00f3ria e estratificada foi baseada no cadastro de atendimento do Sebrae Nacional. Ao todo foram entrevistados 1.887 empres\u00e1rios de Microempresas (ME) e Empresas de Pequeno Porte (EPP) dos quatro principais setores econ\u00f4micos (agropecu\u00e1ria, ind\u00fastria, com\u00e9rcio e servi\u00e7os) em todos os estados e no Distrito Federal, no per\u00edodo de 24.11.17 a 15.12.2017.<\/p>\n<p>Foram abordados os seguintes temas junto aos empres\u00e1rios entrevistados: sustentabilidade; uso eficiente de energia; uso eficiente da \u00e1gua; gerenciamento de res\u00edduos s\u00f3lidos; desenvolvimento social; pol\u00edtica de compras; comprometimento; e oportunidades. As respostas por setor tamb\u00e9m s\u00e3o apresentadas em cada quest\u00e3o na pesquisa.<\/p>\n<p><strong>Objetivos<\/strong><\/p>\n<p>Em cada quest\u00e3o, os resultados foram analisados para tamb\u00e9m apontar com qual dos 17 Objetivos do Desenvolvimento Sustent\u00e1vel (ODS) os pequenos neg\u00f3cios brasileiros est\u00e3o contribuindo para seu cumprimento no Brasil. Os ODS comp\u00f5em a Agenda 2030 das Na\u00e7\u00f5es Unidas (ONU), assumida por 193 pa\u00edses-membros, em 2015, em Nova Iorque. O Brasil \u00e9 signat\u00e1rio da Agenda 2030. Os 17 ODS s\u00e3o divididos em 169 metas.<\/p>\n<p>Ao adotarem pr\u00e1ticas sustent\u00e1veis os pequenos neg\u00f3cios brasileiros est\u00e3o contribuindo principalmente com os ODS: 8 (Trabalho decente e crescimento econ\u00f4mico); 10 (Redu\u00e7\u00e3o das desigualdades); e 12 (Consumo e produ\u00e7\u00e3o respons\u00e1veis).<\/p>\n<p>V\u00e1rias pr\u00e1ticas tamb\u00e9m dialogam com outros ODS, sendo eles: 1 (Erradica\u00e7\u00e3o da pobreza); 3 (Sa\u00fade e Bem-estar); 6 (\u00c1gua e Saneamento); 7 (Energia limpa); 9 (Ind\u00fastria e Renova\u00e7\u00e3o); 11 (Cidades e comunidades sustent\u00e1veis; 14 (Vida sob a \u00e1gua); 15 (Vida sobre a terra); e 17 (Parcerias pelas metas).<\/p>\n<p>Economia em transi\u00e7\u00e3o<br \/>\nGrandes transforma\u00e7\u00f5es est\u00e3o ocorrendo na economia brasileira e global em decorr\u00eancia da ado\u00e7\u00e3o dos princ\u00edpios da sustentabilidade, que deve ser estudada e acompanhada, de acordo com Su\u00eania Sousa, gerente do Centro Sebrae de Sustentabilidade. \u201cCom esta pesquisa queremos mostrar que o movimento em busca da sustentabilidade tamb\u00e9m est\u00e1 presente neste segmento pouco vis\u00edvel e silencioso, apesar de numeroso, composto pelos pequenos neg\u00f3cios. Eles tamb\u00e9m protagonizam o processo de transi\u00e7\u00e3o da economia, movidos por novos valores e atitudes sustent\u00e1veis\u201d, ressalta.<\/p>\n<p>Os pequenos neg\u00f3cios s\u00e3o mais flex\u00edveis e \u00e1geis para se adequarem \u00e0s mudan\u00e7as do que grandes empresas. \u201dOs resultados desta pesquisa comprovam a capacidade de adapta\u00e7\u00e3o deste segmento t\u00e3o importante\u201d, diz a gerente.<\/p>\n<p>Este robusto segmento est\u00e1 presente em todos os biomas brasileiros (Amaz\u00f4nia, Mata Atl\u00e2ntica, Cerrado, Pantanal, Caatinga e Pampas). Nem sempre grandes empresas est\u00e3o neles, argumenta. \u201cEles permeiam todo o pa\u00eds e s\u00e3o o carro-chefe das economias locais e regionais e tamb\u00e9m integram as cadeias de valor de grandes empresas e corpora\u00e7\u00f5es\u201d.<\/p>\n<p>Principais resultados<br \/>\nEntre os resultados da pesquisa Engajamento dos Pequenos Neg\u00f3cios Brasileiros em Sustentabilidade e aos ODS, destacam-se:<\/p>\n<p>Sustentabilidade<br \/>\n. 93% est\u00e3o comprometidos com a sustentabilidade<br \/>\n.54% aplicam a\u00e7\u00f5es isoladas, esporadicamente, sem planejamento<br \/>\n. 29% t\u00eam algumas pr\u00e1ticas sustent\u00e1veis planejadas<br \/>\n. 8% a sustentabilidade \u00e9 o cora\u00e7\u00e3o da empresa<br \/>\n. 8% possuem projeto com pr\u00e1ticas estruturadas e acompanhamento dos resultados<br \/>\n. 1% n\u00e3o aplica sustentabilidade no neg\u00f3cio<\/p>\n<p>Desenvolvimento Social<br \/>\n. 85% apoiam comunidade local<br \/>\n. 93% contratam m\u00e3o de obra local<br \/>\n. 80% d\u00e3o prefer\u00eancia aos fornecedores locais<br \/>\n. 54% incentivam funcion\u00e1rios a terem atitudes volunt\u00e1rios para projetos filantr\u00f3picos e sociais<br \/>\n. 52% participam\/ apoiam atividades culturais\/educacionais da comunidade<br \/>\n. 25% investem em preserva\u00e7\u00e3o de pra\u00e7as e espa\u00e7os p\u00fablicos<\/p>\n<p>Uso eficiente de energia<br \/>\n. 97% dos entrevistados substitu\u00edram l\u00e2mpadas incandescentes por fluorescentes econ\u00f4micas e LED<br \/>\n. 74% possuem hor\u00e1rios definidos para ligar e desligar equipamentos<br \/>\n. 68% trocam equipamentos ou maquin\u00e1rios por outros mais eficientes<br \/>\n. 28% implantaram sensores de presen\u00e7a nos ambientes<br \/>\n. 7% uso de energias renov\u00e1veis\/limpas (solar, e\u00f3lica, biomassa e outras)<\/p>\n<p>Uso eficiente da \u00e1gua<br \/>\n. 60% declararam ter alguma pr\u00e1tica para economizar o uso de \u00e1gua<br \/>\n. 48% instalaram vasos sanit\u00e1rios acoplados com descarga de duplo acionamento<br \/>\n. 45% fazem reaproveitamento de \u00e1gua (pias, chuveiro, etc) para fins n\u00e3o pot\u00e1veis (lavar pisos, regar plantas e jardins, lavar autom\u00f3veis, etc)<br \/>\n. 29% fazem capta\u00e7\u00e3o de \u00e1gua da chuva<br \/>\n. 25% instalaram torneiras com acionamento autom\u00e1tico<br \/>\n. 13% tratam e reusam \u00e1gua de efluentes<\/p>\n<p>Gerenciamento de res\u00edduos s\u00f3lidos<br \/>\n. 81% adotam alguma iniciativa para separa\u00e7\u00e3o e destina\u00e7\u00e3o correta dos res\u00edduos<br \/>\n. 87% separam res\u00edduos n\u00e3o recicl\u00e1veis (\u00famidos) dos recicl\u00e1veis (secos) para encaminhar \u00e0 reciclagem<br \/>\n. 71% separam res\u00edduos perigosos (l\u00e2mpadas, \u00f3leo, pilhas e baterias, eletr\u00f4nicos) para colega por empresa especializada<br \/>\n. 56% doam alguns tipos de res\u00edduos para grupos de artes\u00e3os<br \/>\n. 31% possuem pol\u00edtica integrada de gerenciamento de res\u00edduos da empresa<br \/>\n. 23% fazem compostagem dos res\u00edduos org\u00e2nicos (adubo)<\/p>\n<p>Compras<br \/>\n. 42% buscam materiais mais sustent\u00e1veis e compram somente se n\u00e3o afetar os custos da empresa<br \/>\n. 28% o pre\u00e7o \u00e9 fator mais importante na hora da compra<br \/>\n. 24% desconhecem fornecedores de produtos sustent\u00e1veis na regi\u00e3o<br \/>\n. 6% compram somente materiais sustent\u00e1veis<\/p>\n<p>Comprometimento e motiva\u00e7\u00e3o<br \/>\n. 93% se declararam comprometidos com o conceito de sustentabilidade<br \/>\n. 67% buscam a preserva\u00e7\u00e3o do meio ambiente e justi\u00e7a social<br \/>\n. 20% para economizar\/ reduzir custos<br \/>\n. 7% outros motivos<br \/>\n. 4% para divulgar a empresa (marketing e propaganda)<br \/>\n. 2% exclusivamente para cumprir a legisla\u00e7\u00e3o<\/p>\n<p>Oportunidades<br \/>\n. 91% consideram que novas oportunidades e modelos de neg\u00f3cio est\u00e3o surgindo da sustentabilidade.<\/p>\n<p>Fonte: Administradores.com<\/p>\n","protected":false},"excerpt":{"rendered":"<p>1.887 empres\u00e1rios de micro e pequenas empresas do pa\u00eds foram entrevistados pelo Centro Sebrae de Sustentabilidade Pr\u00e1ticas que reduzem o consumo de&hellip;<\/p>\n","protected":false},"author":1,"featured_media":854,"comment_status":"closed","ping_status":"open","sticky":false,"template":"","format":"standard","meta":{"footnotes":""},"categories":[4],"tags":[359,360],"class_list":["post-853","post","type-post","status-publish","format-standard","has-post-thumbnail","hentry","category-gestaoenegocios","tag-empresas-sustentaveis","tag-sustentabilidade"],"yoast_head":"<!-- This site is optimized with the Yoast SEO plugin v27.5 - https:\/\/yoast.com\/product\/yoast-seo-wordpress\/ -->\n<title>Pequenos neg\u00f3cios est\u00e3o aderindo \u00e0 sustentabilidade, segundo pesquisa do Sebrae - Sfhera Software<\/title>\n<meta name=\"robots\" content=\"index, follow, max-snippet:-1, max-image-preview:large, max-video-preview:-1\" \/>\n<link rel=\"canonical\" href=\"https:\/\/sfhera.com.br\/blog\/pequenos-negocios-estao-aderindo-a-sustentabilidade-segundo-pesquisa-do-sebrae\/\" \/>\n<meta property=\"og:locale\" content=\"pt_BR\" \/>\n<meta property=\"og:type\" content=\"article\" \/>\n<meta property=\"og:title\" content=\"Pequenos neg\u00f3cios est\u00e3o aderindo \u00e0 sustentabilidade, segundo pesquisa do Sebrae - Sfhera Software\" \/>\n<meta property=\"og:description\" content=\"1.887 empres\u00e1rios de micro e pequenas empresas do pa\u00eds foram entrevistados pelo Centro Sebrae de Sustentabilidade Pr\u00e1ticas que reduzem o consumo de&hellip;\" \/>\n<meta property=\"og:url\" content=\"https:\/\/sfhera.com.br\/blog\/pequenos-negocios-estao-aderindo-a-sustentabilidade-segundo-pesquisa-do-sebrae\/\" \/>\n<meta property=\"og:site_name\" content=\"Sfhera Software\" \/>\n<meta property=\"article:publisher\" content=\"https:\/\/www.facebook.com\/sfhera\" \/>\n<meta property=\"article:published_time\" content=\"2018-10-23T20:46:09+00:00\" \/>\n<meta property=\"og:image\" content=\"https:\/\/sfhera.com.br\/blog\/wp-content\/uploads\/2018\/10\/reducao-impostos-empresas-sustentaveis-01.jpg\" \/>\n\t<meta property=\"og:image:width\" content=\"800\" \/>\n\t<meta property=\"og:image:height\" content=\"400\" \/>\n\t<meta property=\"og:image:type\" content=\"image\/jpeg\" \/>\n<meta name=\"author\" content=\"Sfhera Software\" \/>\n<meta name=\"twitter:card\" content=\"summary_large_image\" \/>\n<meta name=\"twitter:creator\" content=\"@sfhera\" \/>\n<meta name=\"twitter:site\" content=\"@sfhera\" \/>\n<meta name=\"twitter:label1\" content=\"Escrito por\" \/>\n\t<meta name=\"twitter:data1\" content=\"Sfhera Software\" \/>\n\t<meta name=\"twitter:label2\" content=\"Est. tempo de leitura\" \/>\n\t<meta name=\"twitter:data2\" content=\"6 minutos\" \/>\n<script type=\"application\/ld+json\" class=\"yoast-schema-graph\">{\"@context\":\"https:\\\/\\\/schema.org\",\"@graph\":[{\"@type\":\"Article\",\"@id\":\"https:\\\/\\\/sfhera.com.br\\\/blog\\\/pequenos-negocios-estao-aderindo-a-sustentabilidade-segundo-pesquisa-do-sebrae\\\/#article\",\"isPartOf\":{\"@id\":\"https:\\\/\\\/sfhera.com.br\\\/blog\\\/pequenos-negocios-estao-aderindo-a-sustentabilidade-segundo-pesquisa-do-sebrae\\\/\"},\"author\":{\"name\":\"Sfhera Software\",\"@id\":\"https:\\\/\\\/sfhera.com.br\\\/blog\\\/#\\\/schema\\\/person\\\/0a21d0c7b6b15bda9d9c072dde915f2a\"},\"headline\":\"Pequenos neg\u00f3cios est\u00e3o aderindo \u00e0 sustentabilidade, segundo pesquisa do Sebrae\",\"datePublished\":\"2018-10-23T20:46:09+00:00\",\"mainEntityOfPage\":{\"@id\":\"https:\\\/\\\/sfhera.com.br\\\/blog\\\/pequenos-negocios-estao-aderindo-a-sustentabilidade-segundo-pesquisa-do-sebrae\\\/\"},\"wordCount\":1254,\"publisher\":{\"@id\":\"https:\\\/\\\/sfhera.com.br\\\/blog\\\/#organization\"},\"image\":{\"@id\":\"https:\\\/\\\/sfhera.com.br\\\/blog\\\/pequenos-negocios-estao-aderindo-a-sustentabilidade-segundo-pesquisa-do-sebrae\\\/#primaryimage\"},\"thumbnailUrl\":\"https:\\\/\\\/sfhera.com.br\\\/blog\\\/wp-content\\\/uploads\\\/2018\\\/10\\\/reducao-impostos-empresas-sustentaveis-01.jpg\",\"keywords\":[\"empresas sustent\u00e1veis\",\"sustentabilidade\"],\"articleSection\":[\"Gest\u00e3o e Neg\u00f3cios\"],\"inLanguage\":\"pt-BR\"},{\"@type\":\"WebPage\",\"@id\":\"https:\\\/\\\/sfhera.com.br\\\/blog\\\/pequenos-negocios-estao-aderindo-a-sustentabilidade-segundo-pesquisa-do-sebrae\\\/\",\"url\":\"https:\\\/\\\/sfhera.com.br\\\/blog\\\/pequenos-negocios-estao-aderindo-a-sustentabilidade-segundo-pesquisa-do-sebrae\\\/\",\"name\":\"Pequenos neg\u00f3cios est\u00e3o aderindo \u00e0 sustentabilidade, segundo pesquisa do Sebrae - Sfhera Software\",\"isPartOf\":{\"@id\":\"https:\\\/\\\/sfhera.com.br\\\/blog\\\/#website\"},\"primaryImageOfPage\":{\"@id\":\"https:\\\/\\\/sfhera.com.br\\\/blog\\\/pequenos-negocios-estao-aderindo-a-sustentabilidade-segundo-pesquisa-do-sebrae\\\/#primaryimage\"},\"image\":{\"@id\":\"https:\\\/\\\/sfhera.com.br\\\/blog\\\/pequenos-negocios-estao-aderindo-a-sustentabilidade-segundo-pesquisa-do-sebrae\\\/#primaryimage\"},\"thumbnailUrl\":\"https:\\\/\\\/sfhera.com.br\\\/blog\\\/wp-content\\\/uploads\\\/2018\\\/10\\\/reducao-impostos-empresas-sustentaveis-01.jpg\",\"datePublished\":\"2018-10-23T20:46:09+00:00\",\"breadcrumb\":{\"@id\":\"https:\\\/\\\/sfhera.com.br\\\/blog\\\/pequenos-negocios-estao-aderindo-a-sustentabilidade-segundo-pesquisa-do-sebrae\\\/#breadcrumb\"},\"inLanguage\":\"pt-BR\",\"potentialAction\":[{\"@type\":\"ReadAction\",\"target\":[\"https:\\\/\\\/sfhera.com.br\\\/blog\\\/pequenos-negocios-estao-aderindo-a-sustentabilidade-segundo-pesquisa-do-sebrae\\\/\"]}]},{\"@type\":\"ImageObject\",\"inLanguage\":\"pt-BR\",\"@id\":\"https:\\\/\\\/sfhera.com.br\\\/blog\\\/pequenos-negocios-estao-aderindo-a-sustentabilidade-segundo-pesquisa-do-sebrae\\\/#primaryimage\",\"url\":\"https:\\\/\\\/sfhera.com.br\\\/blog\\\/wp-content\\\/uploads\\\/2018\\\/10\\\/reducao-impostos-empresas-sustentaveis-01.jpg\",\"contentUrl\":\"https:\\\/\\\/sfhera.com.br\\\/blog\\\/wp-content\\\/uploads\\\/2018\\\/10\\\/reducao-impostos-empresas-sustentaveis-01.jpg\",\"width\":800,\"height\":400,\"caption\":\"empresas sustent\u00e1veis\"},{\"@type\":\"BreadcrumbList\",\"@id\":\"https:\\\/\\\/sfhera.com.br\\\/blog\\\/pequenos-negocios-estao-aderindo-a-sustentabilidade-segundo-pesquisa-do-sebrae\\\/#breadcrumb\",\"itemListElement\":[{\"@type\":\"ListItem\",\"position\":1,\"name\":\"In\u00edcio\",\"item\":\"https:\\\/\\\/sfhera.com.br\\\/blog\\\/\"},{\"@type\":\"ListItem\",\"position\":2,\"name\":\"Pequenos neg\u00f3cios est\u00e3o aderindo \u00e0 sustentabilidade, segundo pesquisa do Sebrae\"}]},{\"@type\":\"WebSite\",\"@id\":\"https:\\\/\\\/sfhera.com.br\\\/blog\\\/#website\",\"url\":\"https:\\\/\\\/sfhera.com.br\\\/blog\\\/\",\"name\":\"Sfhera Software\",\"description\":\"Aplicativos de Gest\u00e3o para o Varejo\",\"publisher\":{\"@id\":\"https:\\\/\\\/sfhera.com.br\\\/blog\\\/#organization\"},\"potentialAction\":[{\"@type\":\"SearchAction\",\"target\":{\"@type\":\"EntryPoint\",\"urlTemplate\":\"https:\\\/\\\/sfhera.com.br\\\/blog\\\/?s={search_term_string}\"},\"query-input\":{\"@type\":\"PropertyValueSpecification\",\"valueRequired\":true,\"valueName\":\"search_term_string\"}}],\"inLanguage\":\"pt-BR\"},{\"@type\":\"Organization\",\"@id\":\"https:\\\/\\\/sfhera.com.br\\\/blog\\\/#organization\",\"name\":\"Sfhera Software\",\"url\":\"https:\\\/\\\/sfhera.com.br\\\/blog\\\/\",\"logo\":{\"@type\":\"ImageObject\",\"inLanguage\":\"pt-BR\",\"@id\":\"https:\\\/\\\/sfhera.com.br\\\/blog\\\/#\\\/schema\\\/logo\\\/image\\\/\",\"url\":\"https:\\\/\\\/www.sfhera.com.br\\\/blog\\\/wp-content\\\/uploads\\\/2017\\\/06\\\/logo.png\",\"contentUrl\":\"https:\\\/\\\/www.sfhera.com.br\\\/blog\\\/wp-content\\\/uploads\\\/2017\\\/06\\\/logo.png\",\"width\":200,\"height\":65,\"caption\":\"Sfhera Software\"},\"image\":{\"@id\":\"https:\\\/\\\/sfhera.com.br\\\/blog\\\/#\\\/schema\\\/logo\\\/image\\\/\"},\"sameAs\":[\"https:\\\/\\\/www.facebook.com\\\/sfhera\",\"https:\\\/\\\/x.com\\\/sfhera\",\"https:\\\/\\\/br.linkedin.com\\\/company\\\/sfhera-software\"]},{\"@type\":\"Person\",\"@id\":\"https:\\\/\\\/sfhera.com.br\\\/blog\\\/#\\\/schema\\\/person\\\/0a21d0c7b6b15bda9d9c072dde915f2a\",\"name\":\"Sfhera Software\",\"image\":{\"@type\":\"ImageObject\",\"inLanguage\":\"pt-BR\",\"@id\":\"https:\\\/\\\/secure.gravatar.com\\\/avatar\\\/b1d1b13f14dd2dc5b3fb21e60579548fa4f79040171567f49ae19080fb354524?s=96&d=mm&r=g\",\"url\":\"https:\\\/\\\/secure.gravatar.com\\\/avatar\\\/b1d1b13f14dd2dc5b3fb21e60579548fa4f79040171567f49ae19080fb354524?s=96&d=mm&r=g\",\"contentUrl\":\"https:\\\/\\\/secure.gravatar.com\\\/avatar\\\/b1d1b13f14dd2dc5b3fb21e60579548fa4f79040171567f49ae19080fb354524?s=96&d=mm&r=g\",\"caption\":\"Sfhera Software\"},\"url\":\"https:\\\/\\\/sfhera.com.br\\\/blog\\\/author\\\/admin\\\/\"}]}<\/script>\n<!-- \/ Yoast SEO plugin. -->","yoast_head_json":{"title":"Pequenos neg\u00f3cios est\u00e3o aderindo \u00e0 sustentabilidade, segundo pesquisa do Sebrae - Sfhera Software","robots":{"index":"index","follow":"follow","max-snippet":"max-snippet:-1","max-image-preview":"max-image-preview:large","max-video-preview":"max-video-preview:-1"},"canonical":"https:\/\/sfhera.com.br\/blog\/pequenos-negocios-estao-aderindo-a-sustentabilidade-segundo-pesquisa-do-sebrae\/","og_locale":"pt_BR","og_type":"article","og_title":"Pequenos neg\u00f3cios est\u00e3o aderindo \u00e0 sustentabilidade, segundo pesquisa do Sebrae - Sfhera Software","og_description":"1.887 empres\u00e1rios de micro e pequenas empresas do pa\u00eds foram entrevistados pelo Centro Sebrae de Sustentabilidade Pr\u00e1ticas que reduzem o consumo de&hellip;","og_url":"https:\/\/sfhera.com.br\/blog\/pequenos-negocios-estao-aderindo-a-sustentabilidade-segundo-pesquisa-do-sebrae\/","og_site_name":"Sfhera Software","article_publisher":"https:\/\/www.facebook.com\/sfhera","article_published_time":"2018-10-23T20:46:09+00:00","og_image":[{"width":800,"height":400,"url":"https:\/\/sfhera.com.br\/blog\/wp-content\/uploads\/2018\/10\/reducao-impostos-empresas-sustentaveis-01.jpg","type":"image\/jpeg"}],"author":"Sfhera Software","twitter_card":"summary_large_image","twitter_creator":"@sfhera","twitter_site":"@sfhera","twitter_misc":{"Escrito por":"Sfhera Software","Est. tempo de leitura":"6 minutos"},"schema":{"@context":"https:\/\/schema.org","@graph":[{"@type":"Article","@id":"https:\/\/sfhera.com.br\/blog\/pequenos-negocios-estao-aderindo-a-sustentabilidade-segundo-pesquisa-do-sebrae\/#article","isPartOf":{"@id":"https:\/\/sfhera.com.br\/blog\/pequenos-negocios-estao-aderindo-a-sustentabilidade-segundo-pesquisa-do-sebrae\/"},"author":{"name":"Sfhera Software","@id":"https:\/\/sfhera.com.br\/blog\/#\/schema\/person\/0a21d0c7b6b15bda9d9c072dde915f2a"},"headline":"Pequenos neg\u00f3cios est\u00e3o aderindo \u00e0 sustentabilidade, segundo pesquisa do Sebrae","datePublished":"2018-10-23T20:46:09+00:00","mainEntityOfPage":{"@id":"https:\/\/sfhera.com.br\/blog\/pequenos-negocios-estao-aderindo-a-sustentabilidade-segundo-pesquisa-do-sebrae\/"},"wordCount":1254,"publisher":{"@id":"https:\/\/sfhera.com.br\/blog\/#organization"},"image":{"@id":"https:\/\/sfhera.com.br\/blog\/pequenos-negocios-estao-aderindo-a-sustentabilidade-segundo-pesquisa-do-sebrae\/#primaryimage"},"thumbnailUrl":"https:\/\/sfhera.com.br\/blog\/wp-content\/uploads\/2018\/10\/reducao-impostos-empresas-sustentaveis-01.jpg","keywords":["empresas sustent\u00e1veis","sustentabilidade"],"articleSection":["Gest\u00e3o e Neg\u00f3cios"],"inLanguage":"pt-BR"},{"@type":"WebPage","@id":"https:\/\/sfhera.com.br\/blog\/pequenos-negocios-estao-aderindo-a-sustentabilidade-segundo-pesquisa-do-sebrae\/","url":"https:\/\/sfhera.com.br\/blog\/pequenos-negocios-estao-aderindo-a-sustentabilidade-segundo-pesquisa-do-sebrae\/","name":"Pequenos neg\u00f3cios est\u00e3o aderindo \u00e0 sustentabilidade, segundo pesquisa do Sebrae - Sfhera Software","isPartOf":{"@id":"https:\/\/sfhera.com.br\/blog\/#website"},"primaryImageOfPage":{"@id":"https:\/\/sfhera.com.br\/blog\/pequenos-negocios-estao-aderindo-a-sustentabilidade-segundo-pesquisa-do-sebrae\/#primaryimage"},"image":{"@id":"https:\/\/sfhera.com.br\/blog\/pequenos-negocios-estao-aderindo-a-sustentabilidade-segundo-pesquisa-do-sebrae\/#primaryimage"},"thumbnailUrl":"https:\/\/sfhera.com.br\/blog\/wp-content\/uploads\/2018\/10\/reducao-impostos-empresas-sustentaveis-01.jpg","datePublished":"2018-10-23T20:46:09+00:00","breadcrumb":{"@id":"https:\/\/sfhera.com.br\/blog\/pequenos-negocios-estao-aderindo-a-sustentabilidade-segundo-pesquisa-do-sebrae\/#breadcrumb"},"inLanguage":"pt-BR","potentialAction":[{"@type":"ReadAction","target":["https:\/\/sfhera.com.br\/blog\/pequenos-negocios-estao-aderindo-a-sustentabilidade-segundo-pesquisa-do-sebrae\/"]}]},{"@type":"ImageObject","inLanguage":"pt-BR","@id":"https:\/\/sfhera.com.br\/blog\/pequenos-negocios-estao-aderindo-a-sustentabilidade-segundo-pesquisa-do-sebrae\/#primaryimage","url":"https:\/\/sfhera.com.br\/blog\/wp-content\/uploads\/2018\/10\/reducao-impostos-empresas-sustentaveis-01.jpg","contentUrl":"https:\/\/sfhera.com.br\/blog\/wp-content\/uploads\/2018\/10\/reducao-impostos-empresas-sustentaveis-01.jpg","width":800,"height":400,"caption":"empresas sustent\u00e1veis"},{"@type":"BreadcrumbList","@id":"https:\/\/sfhera.com.br\/blog\/pequenos-negocios-estao-aderindo-a-sustentabilidade-segundo-pesquisa-do-sebrae\/#breadcrumb","itemListElement":[{"@type":"ListItem","position":1,"name":"In\u00edcio","item":"https:\/\/sfhera.com.br\/blog\/"},{"@type":"ListItem","position":2,"name":"Pequenos neg\u00f3cios est\u00e3o aderindo \u00e0 sustentabilidade, segundo pesquisa do Sebrae"}]},{"@type":"WebSite","@id":"https:\/\/sfhera.com.br\/blog\/#website","url":"https:\/\/sfhera.com.br\/blog\/","name":"Sfhera Software","description":"Aplicativos de Gest\u00e3o para o Varejo","publisher":{"@id":"https:\/\/sfhera.com.br\/blog\/#organization"},"potentialAction":[{"@type":"SearchAction","target":{"@type":"EntryPoint","urlTemplate":"https:\/\/sfhera.com.br\/blog\/?s={search_term_string}"},"query-input":{"@type":"PropertyValueSpecification","valueRequired":true,"valueName":"search_term_string"}}],"inLanguage":"pt-BR"},{"@type":"Organization","@id":"https:\/\/sfhera.com.br\/blog\/#organization","name":"Sfhera Software","url":"https:\/\/sfhera.com.br\/blog\/","logo":{"@type":"ImageObject","inLanguage":"pt-BR","@id":"https:\/\/sfhera.com.br\/blog\/#\/schema\/logo\/image\/","url":"https:\/\/www.sfhera.com.br\/blog\/wp-content\/uploads\/2017\/06\/logo.png","contentUrl":"https:\/\/www.sfhera.com.br\/blog\/wp-content\/uploads\/2017\/06\/logo.png","width":200,"height":65,"caption":"Sfhera Software"},"image":{"@id":"https:\/\/sfhera.com.br\/blog\/#\/schema\/logo\/image\/"},"sameAs":["https:\/\/www.facebook.com\/sfhera","https:\/\/x.com\/sfhera","https:\/\/br.linkedin.com\/company\/sfhera-software"]},{"@type":"Person","@id":"https:\/\/sfhera.com.br\/blog\/#\/schema\/person\/0a21d0c7b6b15bda9d9c072dde915f2a","name":"Sfhera Software","image":{"@type":"ImageObject","inLanguage":"pt-BR","@id":"https:\/\/secure.gravatar.com\/avatar\/b1d1b13f14dd2dc5b3fb21e60579548fa4f79040171567f49ae19080fb354524?s=96&d=mm&r=g","url":"https:\/\/secure.gravatar.com\/avatar\/b1d1b13f14dd2dc5b3fb21e60579548fa4f79040171567f49ae19080fb354524?s=96&d=mm&r=g","contentUrl":"https:\/\/secure.gravatar.com\/avatar\/b1d1b13f14dd2dc5b3fb21e60579548fa4f79040171567f49ae19080fb354524?s=96&d=mm&r=g","caption":"Sfhera Software"},"url":"https:\/\/sfhera.com.br\/blog\/author\/admin\/"}]}},"_links":{"self":[{"href":"https:\/\/sfhera.com.br\/blog\/wp-json\/wp\/v2\/posts\/853","targetHints":{"allow":["GET"]}}],"collection":[{"href":"https:\/\/sfhera.com.br\/blog\/wp-json\/wp\/v2\/posts"}],"about":[{"href":"https:\/\/sfhera.com.br\/blog\/wp-json\/wp\/v2\/types\/post"}],"author":[{"embeddable":true,"href":"https:\/\/sfhera.com.br\/blog\/wp-json\/wp\/v2\/users\/1"}],"replies":[{"embeddable":true,"href":"https:\/\/sfhera.com.br\/blog\/wp-json\/wp\/v2\/comments?post=853"}],"version-history":[{"count":1,"href":"https:\/\/sfhera.com.br\/blog\/wp-json\/wp\/v2\/posts\/853\/revisions"}],"predecessor-version":[{"id":855,"href":"https:\/\/sfhera.com.br\/blog\/wp-json\/wp\/v2\/posts\/853\/revisions\/855"}],"wp:featuredmedia":[{"embeddable":true,"href":"https:\/\/sfhera.com.br\/blog\/wp-json\/wp\/v2\/media\/854"}],"wp:attachment":[{"href":"https:\/\/sfhera.com.br\/blog\/wp-json\/wp\/v2\/media?parent=853"}],"wp:term":[{"taxonomy":"category","embeddable":true,"href":"https:\/\/sfhera.com.br\/blog\/wp-json\/wp\/v2\/categories?post=853"},{"taxonomy":"post_tag","embeddable":true,"href":"https:\/\/sfhera.com.br\/blog\/wp-json\/wp\/v2\/tags?post=853"}],"curies":[{"name":"wp","href":"https:\/\/api.w.org\/{rel}","templated":true}]}}