{"id":87,"date":"2017-05-31T11:50:53","date_gmt":"2017-05-31T14:50:53","guid":{"rendered":"https:\/\/sfhera.com.br\/blog\/?p=87"},"modified":"2017-06-27T17:40:04","modified_gmt":"2017-06-27T20:40:04","slug":"cest-sera-exigido-do-comercio-em-abril-de-2018","status":"publish","type":"post","link":"https:\/\/sfhera.com.br\/blog\/cest-sera-exigido-do-comercio-em-abril-de-2018\/","title":{"rendered":"Cest ser\u00e1 exigido do com\u00e9rcio em abril de 2018"},"content":{"rendered":"<p><img loading=\"lazy\" decoding=\"async\" class=\"wp-image-89 aligncenter\" src=\"https:\/\/www.sfhera.com.br\/blog\/wp-content\/uploads\/2017\/06\/001-CEST-300x176.jpg\" alt=\"\" width=\"356\" height=\"209\" srcset=\"https:\/\/sfhera.com.br\/blog\/wp-content\/uploads\/2017\/06\/001-CEST-300x176.jpg 300w, https:\/\/sfhera.com.br\/blog\/wp-content\/uploads\/2017\/06\/001-CEST.jpg 680w\" sizes=\"auto, (max-width: 356px) 100vw, 356px\" \/><\/p>\n<p class=\"abre\">O uso obrigat\u00f3rio do novo c\u00f3digo nas notas fiscais come\u00e7a pela ind\u00fastria, passa pelo atacado e, por \u00faltimo, o varejo.<\/p>\n<p>Os varejistas ganharam quase um ano de prazo at\u00e9 se adaptarem ao uso do <strong>Cest<\/strong> (C\u00f3digo Especificador da Substitui\u00e7\u00e3o Tribut\u00e1ria). O Conv\u00eanio ICMS 60\/17, publicado na \u00faltima quinta-feira, 25\/05, fragmentou o calend\u00e1rio de entrega da exig\u00eancia e colocou o com\u00e9rcio por \u00faltimo, atr\u00e1s dos atacadistas, das ind\u00fastrias e dos importadores.<\/p>\n<p>Inicialmente, a exig\u00eancia estava prevista para julho deste ano para todos os segmentos.<\/p>\n<p>Com a mudan\u00e7a, a exig\u00eancia de usar o c\u00f3digo no documento fiscal come\u00e7a a partir do dia 1\u00ba de abril de 2018 para o com\u00e9rcio. Os primeiros da lista a estrear o sistema s\u00e3o as empresas industrias e os importadores, a partir do dia 1\u00ba de julho deste ano. A obriga\u00e7\u00e3o do uso pelas empresas que atuam no ramo atacadista tem in\u00edcio no dia 1\u00ba de outubro deste ano.<\/p>\n<p>Na pr\u00e1tica, o <strong>fisco <\/strong>optou por cronograma semelhante ao usado na implanta\u00e7\u00e3o da <strong>Nota Fiscal Eletr\u00f4nica (NF-e)<\/strong>, com exig\u00eancia gradual come\u00e7ando pelo primeiro elo da cadeia produtiva.<\/p>\n<p>O objetivo do fisco com o Cest \u00e9 uniformizar nacionalmente as regras de identifica\u00e7\u00e3o das mercadorias com uma nomenclatura pr\u00f3pria de sete d\u00edgitos para uma nova classifica\u00e7\u00e3o dos produtos sujeitos ao regime de substitui\u00e7\u00e3o tribut\u00e1ria (que concentra o recolhimento do Imposto sobre Circula\u00e7\u00e3o de Mercadorias (ICMS) em apenas um elo da cadeia produtiva).<\/p>\n<p>A prorroga\u00e7\u00e3o do prazo para o in\u00edcio do uso obrigat\u00f3rio do c\u00f3digo\u00a0atende a pedidos feitos pela Associa\u00e7\u00e3o Comercial de S\u00e3o Paulo (ACSP) e Associa\u00e7\u00e3o Brasileira de Automa\u00e7\u00e3o para o Com\u00e9rcio (Afrac).<\/p>\n<p>Para a coordenadora jur\u00eddica da Afrac, L\u00facia Correia, os varejistas precisavam de um tempo maior para se adequarem \u00e0 exig\u00eancia, que \u00e9 complexa e imp\u00f5e custos, porque s\u00e3o mais vulner\u00e1veis a um\u00a0enquadramento errado e, portanto, mais expostos a uma fiscaliza\u00e7\u00e3o.<\/p>\n<p>\u201cO comerciante precisava de um exemplo, de uma informa\u00e7\u00e3o que j\u00e1 vem pronta de quem est\u00e1 no meio (atacado) ou no\u00a0final da cadeia, que \u00e9 a ind\u00fastria, a primeira a se adaptar\u201d, explica.<\/p>\n<p>Pol\u00eamica, a nova exig\u00eancia fiscal \u00e9 debatida desde o ano passado por um grupo de trabalho formado por representantes da ACSP, Afrac, Federa\u00e7\u00e3o do Com\u00e9rcio ( Fecomercio), Sindicato das Empresas de Servi\u00e7os Cont\u00e1beis no Estado de S\u00e3o Paulo (Sescon-SP) e Federa\u00e7\u00e3o das Ind\u00fastrias do Estado de S\u00e3o Paulo (Fiesp).<\/p>\n<p>Entre os obst\u00e1culos para a adapta\u00e7\u00e3o ao Cest,\u00a0principalmente pelas empresas menores, est\u00e3o a necessidade de investimentos na contrata\u00e7\u00e3o de servi\u00e7os de automa\u00e7\u00e3o para a atualiza\u00e7\u00e3o de sistemas de cadastro de mercadorias.<\/p>\n<p><span style=\"color: #003366;\"><strong>CRONOGRAMA<\/strong><\/span><\/p>\n<ul>\n<li><span style=\"color: #003366;\"><strong>1\u00ba de julho de 2017, para a ind\u00fastria e o importador;<\/strong><\/span><\/li>\n<li><span style=\"color: #003366;\"><strong>1\u00ba de outubro de 2017, para o atacadista;<\/strong><\/span><\/li>\n<li><span style=\"color: #003366;\"><strong>1\u00ba de abril de 2018, para os demais segmentos econ\u00f4micos.<\/strong><\/span><\/li>\n<\/ul>\n<p style=\"text-align: right;\">Fonte: Di\u00e1rio do Com\u00e9rcio, apud Jornal Cont\u00e1bil.<\/p>\n","protected":false},"excerpt":{"rendered":"<p>O uso obrigat\u00f3rio do novo c\u00f3digo nas notas fiscais come\u00e7a pela ind\u00fastria, passa pelo atacado e, por \u00faltimo, o varejo. Os varejistas&hellip;<\/p>\n","protected":false},"author":1,"featured_media":88,"comment_status":"closed","ping_status":"open","sticky":false,"template":"","format":"standard","meta":{"footnotes":""},"categories":[6,4],"tags":[11,25,26,27],"class_list":["post-87","post","type-post","status-publish","format-standard","has-post-thumbnail","hentry","category-legislacao-fiscal","category-gestaoenegocios","tag-nf-e","tag-cest-2018","tag-cest","tag-tributacao"],"yoast_head":"<!-- This site is optimized with the Yoast SEO plugin v27.5 - https:\/\/yoast.com\/product\/yoast-seo-wordpress\/ -->\n<title>Cest ser\u00e1 exigido do com\u00e9rcio em abril de 2018 - Sfhera Software<\/title>\n<meta name=\"robots\" content=\"index, follow, max-snippet:-1, max-image-preview:large, max-video-preview:-1\" \/>\n<link rel=\"canonical\" href=\"https:\/\/sfhera.com.br\/blog\/cest-sera-exigido-do-comercio-em-abril-de-2018\/\" \/>\n<meta property=\"og:locale\" content=\"pt_BR\" \/>\n<meta property=\"og:type\" content=\"article\" \/>\n<meta property=\"og:title\" content=\"Cest ser\u00e1 exigido do com\u00e9rcio em abril de 2018 - Sfhera Software\" \/>\n<meta property=\"og:description\" content=\"O uso obrigat\u00f3rio do novo c\u00f3digo nas notas fiscais come\u00e7a pela ind\u00fastria, passa pelo atacado e, por \u00faltimo, o varejo. Os varejistas&hellip;\" \/>\n<meta property=\"og:url\" content=\"https:\/\/sfhera.com.br\/blog\/cest-sera-exigido-do-comercio-em-abril-de-2018\/\" \/>\n<meta property=\"og:site_name\" content=\"Sfhera Software\" \/>\n<meta property=\"article:publisher\" content=\"https:\/\/www.facebook.com\/sfhera\" \/>\n<meta property=\"article:published_time\" content=\"2017-05-31T14:50:53+00:00\" \/>\n<meta property=\"article:modified_time\" content=\"2017-06-27T20:40:04+00:00\" \/>\n<meta property=\"og:image\" content=\"https:\/\/sfhera.com.br\/blog\/wp-content\/uploads\/2017\/06\/cest.jpg\" \/>\n\t<meta property=\"og:image:width\" content=\"802\" \/>\n\t<meta property=\"og:image:height\" content=\"452\" \/>\n\t<meta property=\"og:image:type\" content=\"image\/jpeg\" \/>\n<meta name=\"author\" content=\"Sfhera Software\" \/>\n<meta name=\"twitter:card\" content=\"summary_large_image\" \/>\n<meta name=\"twitter:creator\" content=\"@sfhera\" \/>\n<meta name=\"twitter:site\" content=\"@sfhera\" \/>\n<meta name=\"twitter:label1\" content=\"Escrito por\" \/>\n\t<meta name=\"twitter:data1\" content=\"Sfhera Software\" \/>\n\t<meta name=\"twitter:label2\" content=\"Est. tempo de leitura\" \/>\n\t<meta name=\"twitter:data2\" content=\"3 minutos\" \/>\n<script type=\"application\/ld+json\" class=\"yoast-schema-graph\">{\"@context\":\"https:\\\/\\\/schema.org\",\"@graph\":[{\"@type\":\"Article\",\"@id\":\"https:\\\/\\\/sfhera.com.br\\\/blog\\\/cest-sera-exigido-do-comercio-em-abril-de-2018\\\/#article\",\"isPartOf\":{\"@id\":\"https:\\\/\\\/sfhera.com.br\\\/blog\\\/cest-sera-exigido-do-comercio-em-abril-de-2018\\\/\"},\"author\":{\"name\":\"Sfhera Software\",\"@id\":\"https:\\\/\\\/sfhera.com.br\\\/blog\\\/#\\\/schema\\\/person\\\/0a21d0c7b6b15bda9d9c072dde915f2a\"},\"headline\":\"Cest ser\u00e1 exigido do com\u00e9rcio em abril de 2018\",\"datePublished\":\"2017-05-31T14:50:53+00:00\",\"dateModified\":\"2017-06-27T20:40:04+00:00\",\"mainEntityOfPage\":{\"@id\":\"https:\\\/\\\/sfhera.com.br\\\/blog\\\/cest-sera-exigido-do-comercio-em-abril-de-2018\\\/\"},\"wordCount\":522,\"publisher\":{\"@id\":\"https:\\\/\\\/sfhera.com.br\\\/blog\\\/#organization\"},\"image\":{\"@id\":\"https:\\\/\\\/sfhera.com.br\\\/blog\\\/cest-sera-exigido-do-comercio-em-abril-de-2018\\\/#primaryimage\"},\"thumbnailUrl\":\"https:\\\/\\\/sfhera.com.br\\\/blog\\\/wp-content\\\/uploads\\\/2017\\\/06\\\/cest.jpg\",\"keywords\":[\"NF-e\",\"cest 2018\",\"cest\",\"tributa\u00e7\u00e3o\"],\"articleSection\":[\"Legisla\u00e7\u00e3o Fiscal\",\"Gest\u00e3o e Neg\u00f3cios\"],\"inLanguage\":\"pt-BR\"},{\"@type\":\"WebPage\",\"@id\":\"https:\\\/\\\/sfhera.com.br\\\/blog\\\/cest-sera-exigido-do-comercio-em-abril-de-2018\\\/\",\"url\":\"https:\\\/\\\/sfhera.com.br\\\/blog\\\/cest-sera-exigido-do-comercio-em-abril-de-2018\\\/\",\"name\":\"Cest ser\u00e1 exigido do com\u00e9rcio em abril de 2018 - Sfhera Software\",\"isPartOf\":{\"@id\":\"https:\\\/\\\/sfhera.com.br\\\/blog\\\/#website\"},\"primaryImageOfPage\":{\"@id\":\"https:\\\/\\\/sfhera.com.br\\\/blog\\\/cest-sera-exigido-do-comercio-em-abril-de-2018\\\/#primaryimage\"},\"image\":{\"@id\":\"https:\\\/\\\/sfhera.com.br\\\/blog\\\/cest-sera-exigido-do-comercio-em-abril-de-2018\\\/#primaryimage\"},\"thumbnailUrl\":\"https:\\\/\\\/sfhera.com.br\\\/blog\\\/wp-content\\\/uploads\\\/2017\\\/06\\\/cest.jpg\",\"datePublished\":\"2017-05-31T14:50:53+00:00\",\"dateModified\":\"2017-06-27T20:40:04+00:00\",\"breadcrumb\":{\"@id\":\"https:\\\/\\\/sfhera.com.br\\\/blog\\\/cest-sera-exigido-do-comercio-em-abril-de-2018\\\/#breadcrumb\"},\"inLanguage\":\"pt-BR\",\"potentialAction\":[{\"@type\":\"ReadAction\",\"target\":[\"https:\\\/\\\/sfhera.com.br\\\/blog\\\/cest-sera-exigido-do-comercio-em-abril-de-2018\\\/\"]}]},{\"@type\":\"ImageObject\",\"inLanguage\":\"pt-BR\",\"@id\":\"https:\\\/\\\/sfhera.com.br\\\/blog\\\/cest-sera-exigido-do-comercio-em-abril-de-2018\\\/#primaryimage\",\"url\":\"https:\\\/\\\/sfhera.com.br\\\/blog\\\/wp-content\\\/uploads\\\/2017\\\/06\\\/cest.jpg\",\"contentUrl\":\"https:\\\/\\\/sfhera.com.br\\\/blog\\\/wp-content\\\/uploads\\\/2017\\\/06\\\/cest.jpg\",\"width\":802,\"height\":452,\"caption\":\"cest\"},{\"@type\":\"BreadcrumbList\",\"@id\":\"https:\\\/\\\/sfhera.com.br\\\/blog\\\/cest-sera-exigido-do-comercio-em-abril-de-2018\\\/#breadcrumb\",\"itemListElement\":[{\"@type\":\"ListItem\",\"position\":1,\"name\":\"In\u00edcio\",\"item\":\"https:\\\/\\\/sfhera.com.br\\\/blog\\\/\"},{\"@type\":\"ListItem\",\"position\":2,\"name\":\"Cest ser\u00e1 exigido do com\u00e9rcio em abril de 2018\"}]},{\"@type\":\"WebSite\",\"@id\":\"https:\\\/\\\/sfhera.com.br\\\/blog\\\/#website\",\"url\":\"https:\\\/\\\/sfhera.com.br\\\/blog\\\/\",\"name\":\"Sfhera Software\",\"description\":\"Aplicativos de Gest\u00e3o para o Varejo\",\"publisher\":{\"@id\":\"https:\\\/\\\/sfhera.com.br\\\/blog\\\/#organization\"},\"potentialAction\":[{\"@type\":\"SearchAction\",\"target\":{\"@type\":\"EntryPoint\",\"urlTemplate\":\"https:\\\/\\\/sfhera.com.br\\\/blog\\\/?s={search_term_string}\"},\"query-input\":{\"@type\":\"PropertyValueSpecification\",\"valueRequired\":true,\"valueName\":\"search_term_string\"}}],\"inLanguage\":\"pt-BR\"},{\"@type\":\"Organization\",\"@id\":\"https:\\\/\\\/sfhera.com.br\\\/blog\\\/#organization\",\"name\":\"Sfhera Software\",\"url\":\"https:\\\/\\\/sfhera.com.br\\\/blog\\\/\",\"logo\":{\"@type\":\"ImageObject\",\"inLanguage\":\"pt-BR\",\"@id\":\"https:\\\/\\\/sfhera.com.br\\\/blog\\\/#\\\/schema\\\/logo\\\/image\\\/\",\"url\":\"https:\\\/\\\/www.sfhera.com.br\\\/blog\\\/wp-content\\\/uploads\\\/2017\\\/06\\\/logo.png\",\"contentUrl\":\"https:\\\/\\\/www.sfhera.com.br\\\/blog\\\/wp-content\\\/uploads\\\/2017\\\/06\\\/logo.png\",\"width\":200,\"height\":65,\"caption\":\"Sfhera Software\"},\"image\":{\"@id\":\"https:\\\/\\\/sfhera.com.br\\\/blog\\\/#\\\/schema\\\/logo\\\/image\\\/\"},\"sameAs\":[\"https:\\\/\\\/www.facebook.com\\\/sfhera\",\"https:\\\/\\\/x.com\\\/sfhera\",\"https:\\\/\\\/br.linkedin.com\\\/company\\\/sfhera-software\"]},{\"@type\":\"Person\",\"@id\":\"https:\\\/\\\/sfhera.com.br\\\/blog\\\/#\\\/schema\\\/person\\\/0a21d0c7b6b15bda9d9c072dde915f2a\",\"name\":\"Sfhera Software\",\"image\":{\"@type\":\"ImageObject\",\"inLanguage\":\"pt-BR\",\"@id\":\"https:\\\/\\\/secure.gravatar.com\\\/avatar\\\/b1d1b13f14dd2dc5b3fb21e60579548fa4f79040171567f49ae19080fb354524?s=96&d=mm&r=g\",\"url\":\"https:\\\/\\\/secure.gravatar.com\\\/avatar\\\/b1d1b13f14dd2dc5b3fb21e60579548fa4f79040171567f49ae19080fb354524?s=96&d=mm&r=g\",\"contentUrl\":\"https:\\\/\\\/secure.gravatar.com\\\/avatar\\\/b1d1b13f14dd2dc5b3fb21e60579548fa4f79040171567f49ae19080fb354524?s=96&d=mm&r=g\",\"caption\":\"Sfhera Software\"},\"url\":\"https:\\\/\\\/sfhera.com.br\\\/blog\\\/author\\\/admin\\\/\"}]}<\/script>\n<!-- \/ Yoast SEO plugin. -->","yoast_head_json":{"title":"Cest ser\u00e1 exigido do com\u00e9rcio em abril de 2018 - Sfhera Software","robots":{"index":"index","follow":"follow","max-snippet":"max-snippet:-1","max-image-preview":"max-image-preview:large","max-video-preview":"max-video-preview:-1"},"canonical":"https:\/\/sfhera.com.br\/blog\/cest-sera-exigido-do-comercio-em-abril-de-2018\/","og_locale":"pt_BR","og_type":"article","og_title":"Cest ser\u00e1 exigido do com\u00e9rcio em abril de 2018 - Sfhera Software","og_description":"O uso obrigat\u00f3rio do novo c\u00f3digo nas notas fiscais come\u00e7a pela ind\u00fastria, passa pelo atacado e, por \u00faltimo, o varejo. Os varejistas&hellip;","og_url":"https:\/\/sfhera.com.br\/blog\/cest-sera-exigido-do-comercio-em-abril-de-2018\/","og_site_name":"Sfhera Software","article_publisher":"https:\/\/www.facebook.com\/sfhera","article_published_time":"2017-05-31T14:50:53+00:00","article_modified_time":"2017-06-27T20:40:04+00:00","og_image":[{"width":802,"height":452,"url":"https:\/\/sfhera.com.br\/blog\/wp-content\/uploads\/2017\/06\/cest.jpg","type":"image\/jpeg"}],"author":"Sfhera Software","twitter_card":"summary_large_image","twitter_creator":"@sfhera","twitter_site":"@sfhera","twitter_misc":{"Escrito por":"Sfhera Software","Est. tempo de leitura":"3 minutos"},"schema":{"@context":"https:\/\/schema.org","@graph":[{"@type":"Article","@id":"https:\/\/sfhera.com.br\/blog\/cest-sera-exigido-do-comercio-em-abril-de-2018\/#article","isPartOf":{"@id":"https:\/\/sfhera.com.br\/blog\/cest-sera-exigido-do-comercio-em-abril-de-2018\/"},"author":{"name":"Sfhera Software","@id":"https:\/\/sfhera.com.br\/blog\/#\/schema\/person\/0a21d0c7b6b15bda9d9c072dde915f2a"},"headline":"Cest ser\u00e1 exigido do com\u00e9rcio em abril de 2018","datePublished":"2017-05-31T14:50:53+00:00","dateModified":"2017-06-27T20:40:04+00:00","mainEntityOfPage":{"@id":"https:\/\/sfhera.com.br\/blog\/cest-sera-exigido-do-comercio-em-abril-de-2018\/"},"wordCount":522,"publisher":{"@id":"https:\/\/sfhera.com.br\/blog\/#organization"},"image":{"@id":"https:\/\/sfhera.com.br\/blog\/cest-sera-exigido-do-comercio-em-abril-de-2018\/#primaryimage"},"thumbnailUrl":"https:\/\/sfhera.com.br\/blog\/wp-content\/uploads\/2017\/06\/cest.jpg","keywords":["NF-e","cest 2018","cest","tributa\u00e7\u00e3o"],"articleSection":["Legisla\u00e7\u00e3o Fiscal","Gest\u00e3o e Neg\u00f3cios"],"inLanguage":"pt-BR"},{"@type":"WebPage","@id":"https:\/\/sfhera.com.br\/blog\/cest-sera-exigido-do-comercio-em-abril-de-2018\/","url":"https:\/\/sfhera.com.br\/blog\/cest-sera-exigido-do-comercio-em-abril-de-2018\/","name":"Cest ser\u00e1 exigido do com\u00e9rcio em abril de 2018 - Sfhera Software","isPartOf":{"@id":"https:\/\/sfhera.com.br\/blog\/#website"},"primaryImageOfPage":{"@id":"https:\/\/sfhera.com.br\/blog\/cest-sera-exigido-do-comercio-em-abril-de-2018\/#primaryimage"},"image":{"@id":"https:\/\/sfhera.com.br\/blog\/cest-sera-exigido-do-comercio-em-abril-de-2018\/#primaryimage"},"thumbnailUrl":"https:\/\/sfhera.com.br\/blog\/wp-content\/uploads\/2017\/06\/cest.jpg","datePublished":"2017-05-31T14:50:53+00:00","dateModified":"2017-06-27T20:40:04+00:00","breadcrumb":{"@id":"https:\/\/sfhera.com.br\/blog\/cest-sera-exigido-do-comercio-em-abril-de-2018\/#breadcrumb"},"inLanguage":"pt-BR","potentialAction":[{"@type":"ReadAction","target":["https:\/\/sfhera.com.br\/blog\/cest-sera-exigido-do-comercio-em-abril-de-2018\/"]}]},{"@type":"ImageObject","inLanguage":"pt-BR","@id":"https:\/\/sfhera.com.br\/blog\/cest-sera-exigido-do-comercio-em-abril-de-2018\/#primaryimage","url":"https:\/\/sfhera.com.br\/blog\/wp-content\/uploads\/2017\/06\/cest.jpg","contentUrl":"https:\/\/sfhera.com.br\/blog\/wp-content\/uploads\/2017\/06\/cest.jpg","width":802,"height":452,"caption":"cest"},{"@type":"BreadcrumbList","@id":"https:\/\/sfhera.com.br\/blog\/cest-sera-exigido-do-comercio-em-abril-de-2018\/#breadcrumb","itemListElement":[{"@type":"ListItem","position":1,"name":"In\u00edcio","item":"https:\/\/sfhera.com.br\/blog\/"},{"@type":"ListItem","position":2,"name":"Cest ser\u00e1 exigido do com\u00e9rcio em abril de 2018"}]},{"@type":"WebSite","@id":"https:\/\/sfhera.com.br\/blog\/#website","url":"https:\/\/sfhera.com.br\/blog\/","name":"Sfhera Software","description":"Aplicativos de Gest\u00e3o para o Varejo","publisher":{"@id":"https:\/\/sfhera.com.br\/blog\/#organization"},"potentialAction":[{"@type":"SearchAction","target":{"@type":"EntryPoint","urlTemplate":"https:\/\/sfhera.com.br\/blog\/?s={search_term_string}"},"query-input":{"@type":"PropertyValueSpecification","valueRequired":true,"valueName":"search_term_string"}}],"inLanguage":"pt-BR"},{"@type":"Organization","@id":"https:\/\/sfhera.com.br\/blog\/#organization","name":"Sfhera Software","url":"https:\/\/sfhera.com.br\/blog\/","logo":{"@type":"ImageObject","inLanguage":"pt-BR","@id":"https:\/\/sfhera.com.br\/blog\/#\/schema\/logo\/image\/","url":"https:\/\/www.sfhera.com.br\/blog\/wp-content\/uploads\/2017\/06\/logo.png","contentUrl":"https:\/\/www.sfhera.com.br\/blog\/wp-content\/uploads\/2017\/06\/logo.png","width":200,"height":65,"caption":"Sfhera Software"},"image":{"@id":"https:\/\/sfhera.com.br\/blog\/#\/schema\/logo\/image\/"},"sameAs":["https:\/\/www.facebook.com\/sfhera","https:\/\/x.com\/sfhera","https:\/\/br.linkedin.com\/company\/sfhera-software"]},{"@type":"Person","@id":"https:\/\/sfhera.com.br\/blog\/#\/schema\/person\/0a21d0c7b6b15bda9d9c072dde915f2a","name":"Sfhera Software","image":{"@type":"ImageObject","inLanguage":"pt-BR","@id":"https:\/\/secure.gravatar.com\/avatar\/b1d1b13f14dd2dc5b3fb21e60579548fa4f79040171567f49ae19080fb354524?s=96&d=mm&r=g","url":"https:\/\/secure.gravatar.com\/avatar\/b1d1b13f14dd2dc5b3fb21e60579548fa4f79040171567f49ae19080fb354524?s=96&d=mm&r=g","contentUrl":"https:\/\/secure.gravatar.com\/avatar\/b1d1b13f14dd2dc5b3fb21e60579548fa4f79040171567f49ae19080fb354524?s=96&d=mm&r=g","caption":"Sfhera Software"},"url":"https:\/\/sfhera.com.br\/blog\/author\/admin\/"}]}},"_links":{"self":[{"href":"https:\/\/sfhera.com.br\/blog\/wp-json\/wp\/v2\/posts\/87","targetHints":{"allow":["GET"]}}],"collection":[{"href":"https:\/\/sfhera.com.br\/blog\/wp-json\/wp\/v2\/posts"}],"about":[{"href":"https:\/\/sfhera.com.br\/blog\/wp-json\/wp\/v2\/types\/post"}],"author":[{"embeddable":true,"href":"https:\/\/sfhera.com.br\/blog\/wp-json\/wp\/v2\/users\/1"}],"replies":[{"embeddable":true,"href":"https:\/\/sfhera.com.br\/blog\/wp-json\/wp\/v2\/comments?post=87"}],"version-history":[{"count":1,"href":"https:\/\/sfhera.com.br\/blog\/wp-json\/wp\/v2\/posts\/87\/revisions"}],"predecessor-version":[{"id":90,"href":"https:\/\/sfhera.com.br\/blog\/wp-json\/wp\/v2\/posts\/87\/revisions\/90"}],"wp:featuredmedia":[{"embeddable":true,"href":"https:\/\/sfhera.com.br\/blog\/wp-json\/wp\/v2\/media\/88"}],"wp:attachment":[{"href":"https:\/\/sfhera.com.br\/blog\/wp-json\/wp\/v2\/media?parent=87"}],"wp:term":[{"taxonomy":"category","embeddable":true,"href":"https:\/\/sfhera.com.br\/blog\/wp-json\/wp\/v2\/categories?post=87"},{"taxonomy":"post_tag","embeddable":true,"href":"https:\/\/sfhera.com.br\/blog\/wp-json\/wp\/v2\/tags?post=87"}],"curies":[{"name":"wp","href":"https:\/\/api.w.org\/{rel}","templated":true}]}}